{"id":136278,"date":"2026-09-01T17:40:48","date_gmt":"2026-09-01T16:40:48","guid":{"rendered":"https:\/\/www.altominho.tv\/site\/?p=136278"},"modified":"2026-09-01T17:40:49","modified_gmt":"2026-09-01T16:40:49","slug":"12-meses-12-caminhadas-trilho-da-bouca-dos-homens-a-13-de-setembro","status":"publish","type":"post","link":"https:\/\/www.altominho.tv\/site\/2026\/09\/01\/12-meses-12-caminhadas-trilho-da-bouca-dos-homens-a-13-de-setembro\/","title":{"rendered":"12 Meses 12 Caminhadas &#8211; Trilho da Bou\u00e7a dos Homens a 13 de setembro"},"content":{"rendered":"\n<p class=\"wp-block-paragraph\">A iniciativa &#8220;12 Meses 12 Caminhadas&#8221; apresenta, no dia 13 de setembro, o Trilho da Bou\u00e7a dos Homens.<\/p>\n\n\n\n<p class=\"wp-block-paragraph\">Este trilho convida os participantes a descobrir uma paisagem onde os grandes afloramentos gran\u00edticos, as antigas brandas e os caminhos de montanha testemunham a rela\u00e7\u00e3o ancestral entre o homem e a Serra da Peneda.<\/p>\n\n\n\n<p class=\"wp-block-paragraph\">O percurso tem in\u00edcio na Branda da Bou\u00e7a dos Homens, situada numa das zonas mais elevadas da serra, e que constitui um importante testemunho do sistema tradicional de ocupa\u00e7\u00e3o sazonal da montanha.<\/p>\n\n\n\n<p class=\"wp-block-paragraph\">A partir daqui, o percurso segue por uma paisagem marcada por imponentes forma\u00e7\u00f5es gran\u00edticas, vales profundos, linhas de \u00e1gua e prados tradicionalmente utilizados para a produ\u00e7\u00e3o de forragem.<\/p>\n\n\n\n<p class=\"wp-block-paragraph\">Ao longo do caminho, vai ser poss\u00edvel encontrar o Fojo do Lobo e antigos trilhos de montanha, outrora percorridos por pastores e, nesta \u00e9poca do ano, pelos romeiros que, movidos pela f\u00e9, rumavam ao Santu\u00e1rio de Nossa Senhora da Peneda.<\/p>\n\n\n\n<p class=\"wp-block-paragraph\">Com aproximadamente 5km, o ponto de encontro est\u00e1 marcado para as 9h00 na Capela da Branda da Bou\u00e7a dos Homens.<\/p>\n\n\n\n<p class=\"wp-block-paragraph\">As inscri\u00e7\u00f5es s\u00e3o obrigat\u00f3rias, at\u00e9 ao dia 11 de setembro.<\/p>\n\n\n\n<p class=\"wp-block-paragraph\">Fotografia: <strong>DR<\/strong><\/p>\n","protected":false},"excerpt":{"rendered":"<p>A iniciativa &#8220;12 Meses 12 Caminhadas&#8221; apresenta, no dia 13 de setembro, o Trilho da Bou\u00e7a dos Homens. Este trilho convida os participantes a descobrir uma paisagem onde os grandes afloramentos gran\u00edticos, as antigas brandas e os caminhos de montanha testemunham a rela\u00e7\u00e3o ancestral entre o homem e a Serra da Peneda. O percurso tem [&hellip;]<\/p>\n","protected":false},"author":7,"featured_media":136280,"comment_status":"closed","ping_status":"closed","sticky":false,"template":"","format":"standard","meta":{"_exactmetrics_skip_tracking":false,"footnotes":""},"categories":[2],"tags":[24],"class_list":["post-136278","post","type-post","status-publish","format-standard","has-post-thumbnail","hentry","category-arcos-de-valdevez","tag-lazer"],"yoast_head":"<!-- This site is optimized with the Yoast SEO Premium plugin v28.3 (Yoast SEO v28.3) - https:\/\/yoast.com\/product\/yoast-seo-premium-wordpress\/ -->\n<title>12 Meses 12 Caminhadas - Trilho da Bou\u00e7a dos Homens a 13 de setembro<\/title>\n<meta name=\"robots\" content=\"index, follow, max-snippet:-1, max-image-preview:large, max-video-preview:-1\" \/>\n<link rel=\"canonical\" href=\"https:\/\/www.altominho.tv\/site\/2026\/09\/01\/12-meses-12-caminhadas-trilho-da-bouca-dos-homens-a-13-de-setembro\/\" \/>\n<meta property=\"og:locale\" content=\"pt_PT\" \/>\n<meta property=\"og:type\" content=\"article\" \/>\n<meta property=\"og:title\" content=\"12 Meses 12 Caminhadas - Trilho da Bou\u00e7a dos Homens a 13 de setembro\" \/>\n<meta property=\"og:description\" content=\"A iniciativa &#8220;12 Meses 12 Caminhadas&#8221; apresenta, no dia 13 de setembro, o Trilho da Bou\u00e7a dos Homens. Este trilho convida os participantes a descobrir uma paisagem onde os grandes afloramentos gran\u00edticos, as antigas brandas e os caminhos de montanha testemunham a rela\u00e7\u00e3o ancestral entre o homem e a Serra da Peneda. O percurso tem [&hellip;]\" \/>\n<meta property=\"og:url\" content=\"https:\/\/www.altominho.tv\/site\/2026\/09\/01\/12-meses-12-caminhadas-trilho-da-bouca-dos-homens-a-13-de-setembro\/\" \/>\n<meta property=\"og:site_name\" content=\"Altominho.tv\" \/>\n<meta property=\"article:publisher\" content=\"https:\/\/www.facebook.com\/altominhotv\" \/>\n<meta property=\"article:published_time\" content=\"2026-09-01T16:40:48+00:00\" \/>\n<meta property=\"article:modified_time\" content=\"2026-09-01T16:40:49+00:00\" \/>\n<meta property=\"og:image\" content=\"https:\/\/www.altominho.tv\/site\/wp-content\/uploads\/2026\/09\/bouca-dos-homens.png\" \/>\n\t<meta property=\"og:image:width\" content=\"1200\" \/>\n\t<meta property=\"og:image:height\" content=\"630\" \/>\n\t<meta property=\"og:image:type\" content=\"image\/png\" \/>\n<meta name=\"author\" content=\"Andreia Cunha\" \/>\n<meta name=\"twitter:card\" content=\"summary_large_image\" \/>\n<meta name=\"twitter:creator\" content=\"@altominhoTV\" \/>\n<meta name=\"twitter:site\" content=\"@altominhoTV\" \/>\n<meta name=\"twitter:label1\" content=\"Escrito por\" \/>\n\t<meta name=\"twitter:data1\" content=\"Andreia Cunha\" \/>\n\t<meta name=\"twitter:label2\" content=\"Tempo estimado de leitura\" \/>\n\t<meta name=\"twitter:data2\" content=\"2 minutos\" \/>\n<script type=\"application\/ld+json\" class=\"yoast-schema-graph\">{\"@context\":\"https:\\\/\\\/schema.org\",\"@graph\":[{\"@type\":\"Article\",\"@id\":\"https:\\\/\\\/www.altominho.tv\\\/site\\\/2026\\\/09\\\/01\\\/12-meses-12-caminhadas-trilho-da-bouca-dos-homens-a-13-de-setembro\\\/#article\",\"isPartOf\":{\"@id\":\"https:\\\/\\\/www.altominho.tv\\\/site\\\/2026\\\/09\\\/01\\\/12-meses-12-caminhadas-trilho-da-bouca-dos-homens-a-13-de-setembro\\\/\"},\"author\":{\"name\":\"Andreia Cunha\",\"@id\":\"https:\\\/\\\/www.altominho.tv\\\/site\\\/#\\\/schema\\\/person\\\/a0e4ef6d041f98ca284393d8f1d97153\"},\"headline\":\"12 Meses 12 Caminhadas &#8211; Trilho da Bou\u00e7a dos Homens a 13 de setembro\",\"datePublished\":\"2026-09-01T16:40:48+00:00\",\"dateModified\":\"2026-09-01T16:40:49+00:00\",\"mainEntityOfPage\":{\"@id\":\"https:\\\/\\\/www.altominho.tv\\\/site\\\/2026\\\/09\\\/01\\\/12-meses-12-caminhadas-trilho-da-bouca-dos-homens-a-13-de-setembro\\\/\"},\"wordCount\":207,\"image\":{\"@id\":\"https:\\\/\\\/www.altominho.tv\\\/site\\\/2026\\\/09\\\/01\\\/12-meses-12-caminhadas-trilho-da-bouca-dos-homens-a-13-de-setembro\\\/#primaryimage\"},\"thumbnailUrl\":\"https:\\\/\\\/www.altominho.tv\\\/site\\\/wp-content\\\/uploads\\\/2026\\\/09\\\/bouca-dos-homens.png\",\"keywords\":[\"Lazer\"],\"articleSection\":[\"Arcos de Valdevez\"],\"inLanguage\":\"pt-PT\",\"copyrightYear\":\"2026\",\"copyrightHolder\":{\"@id\":\"https:\\\/\\\/www.altominho.tv\\\/site\\\/#organization\"}},{\"@type\":\"WebPage\",\"@id\":\"https:\\\/\\\/www.altominho.tv\\\/site\\\/2026\\\/09\\\/01\\\/12-meses-12-caminhadas-trilho-da-bouca-dos-homens-a-13-de-setembro\\\/\",\"url\":\"https:\\\/\\\/www.altominho.tv\\\/site\\\/2026\\\/09\\\/01\\\/12-meses-12-caminhadas-trilho-da-bouca-dos-homens-a-13-de-setembro\\\/\",\"name\":\"12 Meses 12 Caminhadas - Trilho da Bou\u00e7a dos Homens a 13 de setembro\",\"isPartOf\":{\"@id\":\"https:\\\/\\\/www.altominho.tv\\\/site\\\/#website\"},\"primaryImageOfPage\":{\"@id\":\"https:\\\/\\\/www.altominho.tv\\\/site\\\/2026\\\/09\\\/01\\\/12-meses-12-caminhadas-trilho-da-bouca-dos-homens-a-13-de-setembro\\\/#primaryimage\"},\"image\":{\"@id\":\"https:\\\/\\\/www.altominho.tv\\\/site\\\/2026\\\/09\\\/01\\\/12-meses-12-caminhadas-trilho-da-bouca-dos-homens-a-13-de-setembro\\\/#primaryimage\"},\"thumbnailUrl\":\"https:\\\/\\\/www.altominho.tv\\\/site\\\/wp-content\\\/uploads\\\/2026\\\/09\\\/bouca-dos-homens.png\",\"datePublished\":\"2026-09-01T16:40:48+00:00\",\"dateModified\":\"2026-09-01T16:40:49+00:00\",\"author\":{\"@id\":\"https:\\\/\\\/www.altominho.tv\\\/site\\\/#\\\/schema\\\/person\\\/a0e4ef6d041f98ca284393d8f1d97153\"},\"breadcrumb\":{\"@id\":\"https:\\\/\\\/www.altominho.tv\\\/site\\\/2026\\\/09\\\/01\\\/12-meses-12-caminhadas-trilho-da-bouca-dos-homens-a-13-de-setembro\\\/#breadcrumb\"},\"inLanguage\":\"pt-PT\",\"potentialAction\":[{\"@type\":\"ReadAction\",\"target\":[\"https:\\\/\\\/www.altominho.tv\\\/site\\\/2026\\\/09\\\/01\\\/12-meses-12-caminhadas-trilho-da-bouca-dos-homens-a-13-de-setembro\\\/\"]}]},{\"@type\":\"ImageObject\",\"inLanguage\":\"pt-PT\",\"@id\":\"https:\\\/\\\/www.altominho.tv\\\/site\\\/2026\\\/09\\\/01\\\/12-meses-12-caminhadas-trilho-da-bouca-dos-homens-a-13-de-setembro\\\/#primaryimage\",\"url\":\"https:\\\/\\\/www.altominho.tv\\\/site\\\/wp-content\\\/uploads\\\/2026\\\/09\\\/bouca-dos-homens.png\",\"contentUrl\":\"https:\\\/\\\/www.altominho.tv\\\/site\\\/wp-content\\\/uploads\\\/2026\\\/09\\\/bouca-dos-homens.png\",\"width\":1200,\"height\":630},{\"@type\":\"BreadcrumbList\",\"@id\":\"https:\\\/\\\/www.altominho.tv\\\/site\\\/2026\\\/09\\\/01\\\/12-meses-12-caminhadas-trilho-da-bouca-dos-homens-a-13-de-setembro\\\/#breadcrumb\",\"itemListElement\":[{\"@type\":\"ListItem\",\"position\":1,\"name\":\"In\u00edcio\",\"item\":\"https:\\\/\\\/www.altominho.tv\\\/site\\\/\"},{\"@type\":\"ListItem\",\"position\":2,\"name\":\"12 Meses 12 Caminhadas &#8211; Trilho da Bou\u00e7a dos Homens a 13 de setembro\"}]},{\"@type\":\"WebSite\",\"@id\":\"https:\\\/\\\/www.altominho.tv\\\/site\\\/#website\",\"url\":\"https:\\\/\\\/www.altominho.tv\\\/site\\\/\",\"name\":\"Altominho.tv\",\"description\":\"A sua regi\u00e3o \u00e0 dist\u00e2ncia de um clique...\",\"potentialAction\":[{\"@type\":\"SearchAction\",\"target\":{\"@type\":\"EntryPoint\",\"urlTemplate\":\"https:\\\/\\\/www.altominho.tv\\\/site\\\/?s={search_term_string}\"},\"query-input\":{\"@type\":\"PropertyValueSpecification\",\"valueRequired\":true,\"valueName\":\"search_term_string\"}}],\"inLanguage\":\"pt-PT\"},{\"@type\":\"Person\",\"@id\":\"https:\\\/\\\/www.altominho.tv\\\/site\\\/#\\\/schema\\\/person\\\/a0e4ef6d041f98ca284393d8f1d97153\",\"name\":\"Andreia Cunha\",\"image\":{\"@type\":\"ImageObject\",\"inLanguage\":\"pt-PT\",\"@id\":\"https:\\\/\\\/www.altominho.tv\\\/site\\\/wp-content\\\/uploads\\\/2017\\\/11\\\/Andreia_Cunha-1-150x150.jpg\",\"url\":\"https:\\\/\\\/www.altominho.tv\\\/site\\\/wp-content\\\/uploads\\\/2017\\\/11\\\/Andreia_Cunha-1-150x150.jpg\",\"contentUrl\":\"https:\\\/\\\/www.altominho.tv\\\/site\\\/wp-content\\\/uploads\\\/2017\\\/11\\\/Andreia_Cunha-1-150x150.jpg\",\"caption\":\"Andreia Cunha\"},\"url\":\"https:\\\/\\\/www.altominho.tv\\\/site\\\/author\\\/andreiacunha\\\/\"}]}<\/script>\n<!-- \/ Yoast SEO Premium plugin. -->","yoast_head_json":{"title":"12 Meses 12 Caminhadas - Trilho da Bou\u00e7a dos Homens a 13 de setembro","robots":{"index":"index","follow":"follow","max-snippet":"max-snippet:-1","max-image-preview":"max-image-preview:large","max-video-preview":"max-video-preview:-1"},"canonical":"https:\/\/www.altominho.tv\/site\/2026\/09\/01\/12-meses-12-caminhadas-trilho-da-bouca-dos-homens-a-13-de-setembro\/","og_locale":"pt_PT","og_type":"article","og_title":"12 Meses 12 Caminhadas - Trilho da Bou\u00e7a dos Homens a 13 de setembro","og_description":"A iniciativa &#8220;12 Meses 12 Caminhadas&#8221; apresenta, no dia 13 de setembro, o Trilho da Bou\u00e7a dos Homens. Este trilho convida os participantes a descobrir uma paisagem onde os grandes afloramentos gran\u00edticos, as antigas brandas e os caminhos de montanha testemunham a rela\u00e7\u00e3o ancestral entre o homem e a Serra da Peneda. O percurso tem [&hellip;]","og_url":"https:\/\/www.altominho.tv\/site\/2026\/09\/01\/12-meses-12-caminhadas-trilho-da-bouca-dos-homens-a-13-de-setembro\/","og_site_name":"Altominho.tv","article_publisher":"https:\/\/www.facebook.com\/altominhotv","article_published_time":"2026-09-01T16:40:48+00:00","article_modified_time":"2026-09-01T16:40:49+00:00","og_image":[{"width":1200,"height":630,"url":"https:\/\/www.altominho.tv\/site\/wp-content\/uploads\/2026\/09\/bouca-dos-homens.png","type":"image\/png"}],"author":"Andreia Cunha","twitter_card":"summary_large_image","twitter_creator":"@altominhoTV","twitter_site":"@altominhoTV","twitter_misc":{"Escrito por":"Andreia Cunha","Tempo estimado de leitura":"2 minutos"},"schema":{"@context":"https:\/\/schema.org","@graph":[{"@type":"Article","@id":"https:\/\/www.altominho.tv\/site\/2026\/09\/01\/12-meses-12-caminhadas-trilho-da-bouca-dos-homens-a-13-de-setembro\/#article","isPartOf":{"@id":"https:\/\/www.altominho.tv\/site\/2026\/09\/01\/12-meses-12-caminhadas-trilho-da-bouca-dos-homens-a-13-de-setembro\/"},"author":{"name":"Andreia Cunha","@id":"https:\/\/www.altominho.tv\/site\/#\/schema\/person\/a0e4ef6d041f98ca284393d8f1d97153"},"headline":"12 Meses 12 Caminhadas &#8211; Trilho da Bou\u00e7a dos Homens a 13 de setembro","datePublished":"2026-09-01T16:40:48+00:00","dateModified":"2026-09-01T16:40:49+00:00","mainEntityOfPage":{"@id":"https:\/\/www.altominho.tv\/site\/2026\/09\/01\/12-meses-12-caminhadas-trilho-da-bouca-dos-homens-a-13-de-setembro\/"},"wordCount":207,"image":{"@id":"https:\/\/www.altominho.tv\/site\/2026\/09\/01\/12-meses-12-caminhadas-trilho-da-bouca-dos-homens-a-13-de-setembro\/#primaryimage"},"thumbnailUrl":"https:\/\/www.altominho.tv\/site\/wp-content\/uploads\/2026\/09\/bouca-dos-homens.png","keywords":["Lazer"],"articleSection":["Arcos de Valdevez"],"inLanguage":"pt-PT","copyrightYear":"2026","copyrightHolder":{"@id":"https:\/\/www.altominho.tv\/site\/#organization"}},{"@type":"WebPage","@id":"https:\/\/www.altominho.tv\/site\/2026\/09\/01\/12-meses-12-caminhadas-trilho-da-bouca-dos-homens-a-13-de-setembro\/","url":"https:\/\/www.altominho.tv\/site\/2026\/09\/01\/12-meses-12-caminhadas-trilho-da-bouca-dos-homens-a-13-de-setembro\/","name":"12 Meses 12 Caminhadas - Trilho da Bou\u00e7a dos Homens a 13 de setembro","isPartOf":{"@id":"https:\/\/www.altominho.tv\/site\/#website"},"primaryImageOfPage":{"@id":"https:\/\/www.altominho.tv\/site\/2026\/09\/01\/12-meses-12-caminhadas-trilho-da-bouca-dos-homens-a-13-de-setembro\/#primaryimage"},"image":{"@id":"https:\/\/www.altominho.tv\/site\/2026\/09\/01\/12-meses-12-caminhadas-trilho-da-bouca-dos-homens-a-13-de-setembro\/#primaryimage"},"thumbnailUrl":"https:\/\/www.altominho.tv\/site\/wp-content\/uploads\/2026\/09\/bouca-dos-homens.png","datePublished":"2026-09-01T16:40:48+00:00","dateModified":"2026-09-01T16:40:49+00:00","author":{"@id":"https:\/\/www.altominho.tv\/site\/#\/schema\/person\/a0e4ef6d041f98ca284393d8f1d97153"},"breadcrumb":{"@id":"https:\/\/www.altominho.tv\/site\/2026\/09\/01\/12-meses-12-caminhadas-trilho-da-bouca-dos-homens-a-13-de-setembro\/#breadcrumb"},"inLanguage":"pt-PT","potentialAction":[{"@type":"ReadAction","target":["https:\/\/www.altominho.tv\/site\/2026\/09\/01\/12-meses-12-caminhadas-trilho-da-bouca-dos-homens-a-13-de-setembro\/"]}]},{"@type":"ImageObject","inLanguage":"pt-PT","@id":"https:\/\/www.altominho.tv\/site\/2026\/09\/01\/12-meses-12-caminhadas-trilho-da-bouca-dos-homens-a-13-de-setembro\/#primaryimage","url":"https:\/\/www.altominho.tv\/site\/wp-content\/uploads\/2026\/09\/bouca-dos-homens.png","contentUrl":"https:\/\/www.altominho.tv\/site\/wp-content\/uploads\/2026\/09\/bouca-dos-homens.png","width":1200,"height":630},{"@type":"BreadcrumbList","@id":"https:\/\/www.altominho.tv\/site\/2026\/09\/01\/12-meses-12-caminhadas-trilho-da-bouca-dos-homens-a-13-de-setembro\/#breadcrumb","itemListElement":[{"@type":"ListItem","position":1,"name":"In\u00edcio","item":"https:\/\/www.altominho.tv\/site\/"},{"@type":"ListItem","position":2,"name":"12 Meses 12 Caminhadas &#8211; Trilho da Bou\u00e7a dos Homens a 13 de setembro"}]},{"@type":"WebSite","@id":"https:\/\/www.altominho.tv\/site\/#website","url":"https:\/\/www.altominho.tv\/site\/","name":"Altominho.tv","description":"A sua regi\u00e3o \u00e0 dist\u00e2ncia de um clique...","potentialAction":[{"@type":"SearchAction","target":{"@type":"EntryPoint","urlTemplate":"https:\/\/www.altominho.tv\/site\/?s={search_term_string}"},"query-input":{"@type":"PropertyValueSpecification","valueRequired":true,"valueName":"search_term_string"}}],"inLanguage":"pt-PT"},{"@type":"Person","@id":"https:\/\/www.altominho.tv\/site\/#\/schema\/person\/a0e4ef6d041f98ca284393d8f1d97153","name":"Andreia Cunha","image":{"@type":"ImageObject","inLanguage":"pt-PT","@id":"https:\/\/www.altominho.tv\/site\/wp-content\/uploads\/2017\/11\/Andreia_Cunha-1-150x150.jpg","url":"https:\/\/www.altominho.tv\/site\/wp-content\/uploads\/2017\/11\/Andreia_Cunha-1-150x150.jpg","contentUrl":"https:\/\/www.altominho.tv\/site\/wp-content\/uploads\/2017\/11\/Andreia_Cunha-1-150x150.jpg","caption":"Andreia Cunha"},"url":"https:\/\/www.altominho.tv\/site\/author\/andreiacunha\/"}]}},"_links":{"self":[{"href":"https:\/\/www.altominho.tv\/site\/wp-json\/wp\/v2\/posts\/136278","targetHints":{"allow":["GET"]}}],"collection":[{"href":"https:\/\/www.altominho.tv\/site\/wp-json\/wp\/v2\/posts"}],"about":[{"href":"https:\/\/www.altominho.tv\/site\/wp-json\/wp\/v2\/types\/post"}],"author":[{"embeddable":true,"href":"https:\/\/www.altominho.tv\/site\/wp-json\/wp\/v2\/users\/7"}],"replies":[{"embeddable":true,"href":"https:\/\/www.altominho.tv\/site\/wp-json\/wp\/v2\/comments?post=136278"}],"version-history":[{"count":2,"href":"https:\/\/www.altominho.tv\/site\/wp-json\/wp\/v2\/posts\/136278\/revisions"}],"predecessor-version":[{"id":136282,"href":"https:\/\/www.altominho.tv\/site\/wp-json\/wp\/v2\/posts\/136278\/revisions\/136282"}],"wp:featuredmedia":[{"embeddable":true,"href":"https:\/\/www.altominho.tv\/site\/wp-json\/wp\/v2\/media\/136280"}],"wp:attachment":[{"href":"https:\/\/www.altominho.tv\/site\/wp-json\/wp\/v2\/media?parent=136278"}],"wp:term":[{"taxonomy":"category","embeddable":true,"href":"https:\/\/www.altominho.tv\/site\/wp-json\/wp\/v2\/categories?post=136278"},{"taxonomy":"post_tag","embeddable":true,"href":"https:\/\/www.altominho.tv\/site\/wp-json\/wp\/v2\/tags?post=136278"}],"curies":[{"name":"wp","href":"https:\/\/api.w.org\/{rel}","templated":true}]}}