{"id":136270,"date":"2026-09-01T16:18:53","date_gmt":"2026-09-01T15:18:53","guid":{"rendered":"https:\/\/www.altominho.tv\/site\/?p=136270"},"modified":"2026-09-01T16:18:55","modified_gmt":"2026-09-01T15:18:55","slug":"caminha-iluminacao-publica-na-rua-de-santo-antonio-e-na-rua-da-igreja-velha","status":"publish","type":"post","link":"https:\/\/www.altominho.tv\/site\/2026\/09\/01\/caminha-iluminacao-publica-na-rua-de-santo-antonio-e-na-rua-da-igreja-velha\/","title":{"rendered":"Caminha vai melhorar ilumina\u00e7\u00e3o p\u00fablica na Rua de Santo Ant\u00f3nio e na Rua da Igreja Velha\u00a0"},"content":{"rendered":"\n<p class=\"p1 wp-block-paragraph\">O munic\u00edpio de Caminha deu in\u00edcio ao processo de melhoria da rede de ilumina\u00e7\u00e3o p\u00fablica na Rua de Santo Ant\u00f3nio e na Rua da Igreja Velha, na Uni\u00e3o das Freguesias de Caminha e Vilarelho, com a adjudica\u00e7\u00e3o da respetiva empreitada de repara\u00e7\u00e3o e beneficia\u00e7\u00e3o.<\/p>\n\n\n\n<p class=\"p1 wp-block-paragraph\">Esta empreitada junta-se a um conjunto alargado de interven\u00e7\u00f5es que o munic\u00edpio tem vindo a concretizar em todo o concelho, apostando na moderniza\u00e7\u00e3o da rede de ilumina\u00e7\u00e3o p\u00fablica, na efici\u00eancia energ\u00e9tica e na melhoria das condi\u00e7\u00f5es de seguran\u00e7a em espa\u00e7os urbanos e rurais.<\/p>\n\n\n\n<p class=\"p1 wp-block-paragraph\">Assim, esta interven\u00e7\u00e3o visa refor\u00e7ar a efici\u00eancia e fiabilidade da ilumina\u00e7\u00e3o nestas duas art\u00e9rias, contribuindo para melhores condi\u00e7\u00f5es de seguran\u00e7a, mobilidade e qualidade de vida para residentes e utilizadores destes espa\u00e7os p\u00fablicos.<\/p>\n\n\n\n<p class=\"p1 wp-block-paragraph\">O investimento municipal ascende a 36.164,43 euros, acrescido de IVA \u00e0 taxa legal em vigor, prevendo-se um prazo de execu\u00e7\u00e3o de 30 dias, contados a partir da consigna\u00e7\u00e3o dos trabalhos e da verifica\u00e7\u00e3o das restantes condi\u00e7\u00f5es legalmente previstas.<\/p>\n\n\n\n<p class=\"wp-block-paragraph\">Foto: <strong>Munic\u00edpio de Caminha<\/strong><\/p>\n","protected":false},"excerpt":{"rendered":"<p>O munic\u00edpio de Caminha deu in\u00edcio ao processo de melhoria da rede de ilumina\u00e7\u00e3o p\u00fablica na Rua de Santo Ant\u00f3nio e na Rua da Igreja Velha, na Uni\u00e3o das Freguesias de Caminha e Vilarelho, com a adjudica\u00e7\u00e3o da respetiva empreitada de repara\u00e7\u00e3o e beneficia\u00e7\u00e3o. Esta empreitada junta-se a um conjunto alargado de interven\u00e7\u00f5es que o [&hellip;]<\/p>\n","protected":false},"author":1,"featured_media":136272,"comment_status":"closed","ping_status":"closed","sticky":false,"template":"","format":"standard","meta":{"_exactmetrics_skip_tracking":false,"footnotes":""},"categories":[7],"tags":[27],"class_list":["post-136270","post","type-post","status-publish","format-standard","has-post-thumbnail","hentry","category-caminha","tag-sociedade"],"yoast_head":"<!-- This site is optimized with the Yoast SEO Premium plugin v28.3 (Yoast SEO v28.3) - https:\/\/yoast.com\/product\/yoast-seo-premium-wordpress\/ -->\n<title>Caminha vai melhorar ilumina\u00e7\u00e3o p\u00fablica na Rua de Santo Ant\u00f3nio e na Rua da Igreja Velha\u00a0<\/title>\n<meta name=\"description\" content=\"O munic\u00edpio de Caminha deu in\u00edcio ao processo de melhoria da rede de ilumina\u00e7\u00e3o p\u00fablica na Rua de Santo Ant\u00f3nio e na Rua da Igreja Velha, na Uni\u00e3o das Freguesias de Caminha e Vilarelho, com a adjudica\u00e7\u00e3o da respetiva empreitada de repara\u00e7\u00e3o e beneficia\u00e7\u00e3o.\" \/>\n<meta name=\"robots\" content=\"index, follow, max-snippet:-1, max-image-preview:large, max-video-preview:-1\" \/>\n<link rel=\"canonical\" href=\"https:\/\/www.altominho.tv\/site\/2026\/09\/01\/caminha-iluminacao-publica-na-rua-de-santo-antonio-e-na-rua-da-igreja-velha\/\" \/>\n<meta property=\"og:locale\" content=\"pt_PT\" \/>\n<meta property=\"og:type\" content=\"article\" \/>\n<meta property=\"og:title\" content=\"Caminha vai melhorar ilumina\u00e7\u00e3o p\u00fablica na Rua de Santo Ant\u00f3nio e na Rua da Igreja Velha\u00a0\" \/>\n<meta property=\"og:description\" content=\"O munic\u00edpio de Caminha deu in\u00edcio ao processo de melhoria da rede de ilumina\u00e7\u00e3o p\u00fablica na Rua de Santo Ant\u00f3nio e na Rua da Igreja Velha, na Uni\u00e3o das Freguesias de Caminha e Vilarelho, com a adjudica\u00e7\u00e3o da respetiva empreitada de repara\u00e7\u00e3o e beneficia\u00e7\u00e3o.\" \/>\n<meta property=\"og:url\" content=\"https:\/\/www.altominho.tv\/site\/2026\/09\/01\/caminha-iluminacao-publica-na-rua-de-santo-antonio-e-na-rua-da-igreja-velha\/\" \/>\n<meta property=\"og:site_name\" content=\"Altominho.tv\" \/>\n<meta property=\"article:publisher\" content=\"https:\/\/www.facebook.com\/altominhotv\" \/>\n<meta property=\"article:published_time\" content=\"2026-09-01T15:18:53+00:00\" \/>\n<meta property=\"article:modified_time\" content=\"2026-09-01T15:18:55+00:00\" \/>\n<meta property=\"og:image\" content=\"https:\/\/www.altominho.tv\/site\/wp-content\/uploads\/2026\/09\/Design-sem-nome-2026-09-01T161332.606.jpg\" \/>\n\t<meta property=\"og:image:width\" content=\"1200\" \/>\n\t<meta property=\"og:image:height\" content=\"630\" \/>\n\t<meta property=\"og:image:type\" content=\"image\/jpeg\" \/>\n<meta name=\"author\" content=\"Altominho.tv\" \/>\n<meta name=\"twitter:card\" content=\"summary_large_image\" \/>\n<meta name=\"twitter:creator\" content=\"@altominhoTV\" \/>\n<meta name=\"twitter:site\" content=\"@altominhoTV\" \/>\n<meta name=\"twitter:label1\" content=\"Escrito por\" \/>\n\t<meta name=\"twitter:data1\" content=\"Altominho.tv\" \/>\n\t<meta name=\"twitter:label2\" content=\"Tempo estimado de leitura\" \/>\n\t<meta name=\"twitter:data2\" content=\"2 minutos\" \/>\n<script type=\"application\/ld+json\" class=\"yoast-schema-graph\">{\"@context\":\"https:\\\/\\\/schema.org\",\"@graph\":[{\"@type\":\"Article\",\"@id\":\"https:\\\/\\\/www.altominho.tv\\\/site\\\/2026\\\/09\\\/01\\\/caminha-iluminacao-publica-na-rua-de-santo-antonio-e-na-rua-da-igreja-velha\\\/#article\",\"isPartOf\":{\"@id\":\"https:\\\/\\\/www.altominho.tv\\\/site\\\/2026\\\/09\\\/01\\\/caminha-iluminacao-publica-na-rua-de-santo-antonio-e-na-rua-da-igreja-velha\\\/\"},\"author\":{\"name\":\"Altominho.tv\",\"@id\":\"https:\\\/\\\/www.altominho.tv\\\/site\\\/#\\\/schema\\\/person\\\/4e536851627d7914baf3dac752b6af22\"},\"headline\":\"Caminha vai melhorar ilumina\u00e7\u00e3o p\u00fablica na Rua de Santo Ant\u00f3nio e na Rua da Igreja Velha\u00a0\",\"datePublished\":\"2026-09-01T15:18:53+00:00\",\"dateModified\":\"2026-09-01T15:18:55+00:00\",\"mainEntityOfPage\":{\"@id\":\"https:\\\/\\\/www.altominho.tv\\\/site\\\/2026\\\/09\\\/01\\\/caminha-iluminacao-publica-na-rua-de-santo-antonio-e-na-rua-da-igreja-velha\\\/\"},\"wordCount\":210,\"image\":{\"@id\":\"https:\\\/\\\/www.altominho.tv\\\/site\\\/2026\\\/09\\\/01\\\/caminha-iluminacao-publica-na-rua-de-santo-antonio-e-na-rua-da-igreja-velha\\\/#primaryimage\"},\"thumbnailUrl\":\"https:\\\/\\\/www.altominho.tv\\\/site\\\/wp-content\\\/uploads\\\/2026\\\/09\\\/Design-sem-nome-2026-09-01T161332.606.jpg\",\"keywords\":[\"Sociedade\"],\"articleSection\":[\"Caminha\"],\"inLanguage\":\"pt-PT\",\"copyrightYear\":\"2026\",\"copyrightHolder\":{\"@id\":\"https:\\\/\\\/www.altominho.tv\\\/site\\\/#organization\"}},{\"@type\":\"WebPage\",\"@id\":\"https:\\\/\\\/www.altominho.tv\\\/site\\\/2026\\\/09\\\/01\\\/caminha-iluminacao-publica-na-rua-de-santo-antonio-e-na-rua-da-igreja-velha\\\/\",\"url\":\"https:\\\/\\\/www.altominho.tv\\\/site\\\/2026\\\/09\\\/01\\\/caminha-iluminacao-publica-na-rua-de-santo-antonio-e-na-rua-da-igreja-velha\\\/\",\"name\":\"Caminha vai melhorar ilumina\u00e7\u00e3o p\u00fablica na Rua de Santo Ant\u00f3nio e na Rua da Igreja Velha\u00a0\",\"isPartOf\":{\"@id\":\"https:\\\/\\\/www.altominho.tv\\\/site\\\/#website\"},\"primaryImageOfPage\":{\"@id\":\"https:\\\/\\\/www.altominho.tv\\\/site\\\/2026\\\/09\\\/01\\\/caminha-iluminacao-publica-na-rua-de-santo-antonio-e-na-rua-da-igreja-velha\\\/#primaryimage\"},\"image\":{\"@id\":\"https:\\\/\\\/www.altominho.tv\\\/site\\\/2026\\\/09\\\/01\\\/caminha-iluminacao-publica-na-rua-de-santo-antonio-e-na-rua-da-igreja-velha\\\/#primaryimage\"},\"thumbnailUrl\":\"https:\\\/\\\/www.altominho.tv\\\/site\\\/wp-content\\\/uploads\\\/2026\\\/09\\\/Design-sem-nome-2026-09-01T161332.606.jpg\",\"datePublished\":\"2026-09-01T15:18:53+00:00\",\"dateModified\":\"2026-09-01T15:18:55+00:00\",\"author\":{\"@id\":\"https:\\\/\\\/www.altominho.tv\\\/site\\\/#\\\/schema\\\/person\\\/4e536851627d7914baf3dac752b6af22\"},\"description\":\"O munic\u00edpio de Caminha deu in\u00edcio ao processo de melhoria da rede de ilumina\u00e7\u00e3o p\u00fablica na Rua de Santo Ant\u00f3nio e na Rua da Igreja Velha, na Uni\u00e3o das Freguesias de Caminha e Vilarelho, com a adjudica\u00e7\u00e3o da respetiva empreitada de repara\u00e7\u00e3o e beneficia\u00e7\u00e3o.\",\"breadcrumb\":{\"@id\":\"https:\\\/\\\/www.altominho.tv\\\/site\\\/2026\\\/09\\\/01\\\/caminha-iluminacao-publica-na-rua-de-santo-antonio-e-na-rua-da-igreja-velha\\\/#breadcrumb\"},\"inLanguage\":\"pt-PT\",\"potentialAction\":[{\"@type\":\"ReadAction\",\"target\":[\"https:\\\/\\\/www.altominho.tv\\\/site\\\/2026\\\/09\\\/01\\\/caminha-iluminacao-publica-na-rua-de-santo-antonio-e-na-rua-da-igreja-velha\\\/\"]}]},{\"@type\":\"ImageObject\",\"inLanguage\":\"pt-PT\",\"@id\":\"https:\\\/\\\/www.altominho.tv\\\/site\\\/2026\\\/09\\\/01\\\/caminha-iluminacao-publica-na-rua-de-santo-antonio-e-na-rua-da-igreja-velha\\\/#primaryimage\",\"url\":\"https:\\\/\\\/www.altominho.tv\\\/site\\\/wp-content\\\/uploads\\\/2026\\\/09\\\/Design-sem-nome-2026-09-01T161332.606.jpg\",\"contentUrl\":\"https:\\\/\\\/www.altominho.tv\\\/site\\\/wp-content\\\/uploads\\\/2026\\\/09\\\/Design-sem-nome-2026-09-01T161332.606.jpg\",\"width\":1200,\"height\":630},{\"@type\":\"BreadcrumbList\",\"@id\":\"https:\\\/\\\/www.altominho.tv\\\/site\\\/2026\\\/09\\\/01\\\/caminha-iluminacao-publica-na-rua-de-santo-antonio-e-na-rua-da-igreja-velha\\\/#breadcrumb\",\"itemListElement\":[{\"@type\":\"ListItem\",\"position\":1,\"name\":\"In\u00edcio\",\"item\":\"https:\\\/\\\/www.altominho.tv\\\/site\\\/\"},{\"@type\":\"ListItem\",\"position\":2,\"name\":\"Caminha vai melhorar ilumina\u00e7\u00e3o p\u00fablica na Rua de Santo Ant\u00f3nio e na Rua da Igreja Velha\u00a0\"}]},{\"@type\":\"WebSite\",\"@id\":\"https:\\\/\\\/www.altominho.tv\\\/site\\\/#website\",\"url\":\"https:\\\/\\\/www.altominho.tv\\\/site\\\/\",\"name\":\"Altominho.tv\",\"description\":\"A sua regi\u00e3o \u00e0 dist\u00e2ncia de um clique...\",\"potentialAction\":[{\"@type\":\"SearchAction\",\"target\":{\"@type\":\"EntryPoint\",\"urlTemplate\":\"https:\\\/\\\/www.altominho.tv\\\/site\\\/?s={search_term_string}\"},\"query-input\":{\"@type\":\"PropertyValueSpecification\",\"valueRequired\":true,\"valueName\":\"search_term_string\"}}],\"inLanguage\":\"pt-PT\"},{\"@type\":\"Person\",\"@id\":\"https:\\\/\\\/www.altominho.tv\\\/site\\\/#\\\/schema\\\/person\\\/4e536851627d7914baf3dac752b6af22\",\"name\":\"Altominho.tv\",\"image\":{\"@type\":\"ImageObject\",\"inLanguage\":\"pt-PT\",\"@id\":\"https:\\\/\\\/www.altominho.tv\\\/site\\\/wp-content\\\/uploads\\\/2019\\\/11\\\/Logo_Avatar_2-150x150.jpg\",\"url\":\"https:\\\/\\\/www.altominho.tv\\\/site\\\/wp-content\\\/uploads\\\/2019\\\/11\\\/Logo_Avatar_2-150x150.jpg\",\"contentUrl\":\"https:\\\/\\\/www.altominho.tv\\\/site\\\/wp-content\\\/uploads\\\/2019\\\/11\\\/Logo_Avatar_2-150x150.jpg\",\"caption\":\"Altominho.tv\"},\"url\":\"https:\\\/\\\/www.altominho.tv\\\/site\\\/author\\\/altominhotv-tecnico\\\/\"}]}<\/script>\n<!-- \/ Yoast SEO Premium plugin. -->","yoast_head_json":{"title":"Caminha vai melhorar ilumina\u00e7\u00e3o p\u00fablica na Rua de Santo Ant\u00f3nio e na Rua da Igreja Velha\u00a0","description":"O munic\u00edpio de Caminha deu in\u00edcio ao processo de melhoria da rede de ilumina\u00e7\u00e3o p\u00fablica na Rua de Santo Ant\u00f3nio e na Rua da Igreja Velha, na Uni\u00e3o das Freguesias de Caminha e Vilarelho, com a adjudica\u00e7\u00e3o da respetiva empreitada de repara\u00e7\u00e3o e beneficia\u00e7\u00e3o.","robots":{"index":"index","follow":"follow","max-snippet":"max-snippet:-1","max-image-preview":"max-image-preview:large","max-video-preview":"max-video-preview:-1"},"canonical":"https:\/\/www.altominho.tv\/site\/2026\/09\/01\/caminha-iluminacao-publica-na-rua-de-santo-antonio-e-na-rua-da-igreja-velha\/","og_locale":"pt_PT","og_type":"article","og_title":"Caminha vai melhorar ilumina\u00e7\u00e3o p\u00fablica na Rua de Santo Ant\u00f3nio e na Rua da Igreja Velha\u00a0","og_description":"O munic\u00edpio de Caminha deu in\u00edcio ao processo de melhoria da rede de ilumina\u00e7\u00e3o p\u00fablica na Rua de Santo Ant\u00f3nio e na Rua da Igreja Velha, na Uni\u00e3o das Freguesias de Caminha e Vilarelho, com a adjudica\u00e7\u00e3o da respetiva empreitada de repara\u00e7\u00e3o e beneficia\u00e7\u00e3o.","og_url":"https:\/\/www.altominho.tv\/site\/2026\/09\/01\/caminha-iluminacao-publica-na-rua-de-santo-antonio-e-na-rua-da-igreja-velha\/","og_site_name":"Altominho.tv","article_publisher":"https:\/\/www.facebook.com\/altominhotv","article_published_time":"2026-09-01T15:18:53+00:00","article_modified_time":"2026-09-01T15:18:55+00:00","og_image":[{"width":1200,"height":630,"url":"https:\/\/www.altominho.tv\/site\/wp-content\/uploads\/2026\/09\/Design-sem-nome-2026-09-01T161332.606.jpg","type":"image\/jpeg"}],"author":"Altominho.tv","twitter_card":"summary_large_image","twitter_creator":"@altominhoTV","twitter_site":"@altominhoTV","twitter_misc":{"Escrito por":"Altominho.tv","Tempo estimado de leitura":"2 minutos"},"schema":{"@context":"https:\/\/schema.org","@graph":[{"@type":"Article","@id":"https:\/\/www.altominho.tv\/site\/2026\/09\/01\/caminha-iluminacao-publica-na-rua-de-santo-antonio-e-na-rua-da-igreja-velha\/#article","isPartOf":{"@id":"https:\/\/www.altominho.tv\/site\/2026\/09\/01\/caminha-iluminacao-publica-na-rua-de-santo-antonio-e-na-rua-da-igreja-velha\/"},"author":{"name":"Altominho.tv","@id":"https:\/\/www.altominho.tv\/site\/#\/schema\/person\/4e536851627d7914baf3dac752b6af22"},"headline":"Caminha vai melhorar ilumina\u00e7\u00e3o p\u00fablica na Rua de Santo Ant\u00f3nio e na Rua da Igreja Velha\u00a0","datePublished":"2026-09-01T15:18:53+00:00","dateModified":"2026-09-01T15:18:55+00:00","mainEntityOfPage":{"@id":"https:\/\/www.altominho.tv\/site\/2026\/09\/01\/caminha-iluminacao-publica-na-rua-de-santo-antonio-e-na-rua-da-igreja-velha\/"},"wordCount":210,"image":{"@id":"https:\/\/www.altominho.tv\/site\/2026\/09\/01\/caminha-iluminacao-publica-na-rua-de-santo-antonio-e-na-rua-da-igreja-velha\/#primaryimage"},"thumbnailUrl":"https:\/\/www.altominho.tv\/site\/wp-content\/uploads\/2026\/09\/Design-sem-nome-2026-09-01T161332.606.jpg","keywords":["Sociedade"],"articleSection":["Caminha"],"inLanguage":"pt-PT","copyrightYear":"2026","copyrightHolder":{"@id":"https:\/\/www.altominho.tv\/site\/#organization"}},{"@type":"WebPage","@id":"https:\/\/www.altominho.tv\/site\/2026\/09\/01\/caminha-iluminacao-publica-na-rua-de-santo-antonio-e-na-rua-da-igreja-velha\/","url":"https:\/\/www.altominho.tv\/site\/2026\/09\/01\/caminha-iluminacao-publica-na-rua-de-santo-antonio-e-na-rua-da-igreja-velha\/","name":"Caminha vai melhorar ilumina\u00e7\u00e3o p\u00fablica na Rua de Santo Ant\u00f3nio e na Rua da Igreja Velha\u00a0","isPartOf":{"@id":"https:\/\/www.altominho.tv\/site\/#website"},"primaryImageOfPage":{"@id":"https:\/\/www.altominho.tv\/site\/2026\/09\/01\/caminha-iluminacao-publica-na-rua-de-santo-antonio-e-na-rua-da-igreja-velha\/#primaryimage"},"image":{"@id":"https:\/\/www.altominho.tv\/site\/2026\/09\/01\/caminha-iluminacao-publica-na-rua-de-santo-antonio-e-na-rua-da-igreja-velha\/#primaryimage"},"thumbnailUrl":"https:\/\/www.altominho.tv\/site\/wp-content\/uploads\/2026\/09\/Design-sem-nome-2026-09-01T161332.606.jpg","datePublished":"2026-09-01T15:18:53+00:00","dateModified":"2026-09-01T15:18:55+00:00","author":{"@id":"https:\/\/www.altominho.tv\/site\/#\/schema\/person\/4e536851627d7914baf3dac752b6af22"},"description":"O munic\u00edpio de Caminha deu in\u00edcio ao processo de melhoria da rede de ilumina\u00e7\u00e3o p\u00fablica na Rua de Santo Ant\u00f3nio e na Rua da Igreja Velha, na Uni\u00e3o das Freguesias de Caminha e Vilarelho, com a adjudica\u00e7\u00e3o da respetiva empreitada de repara\u00e7\u00e3o e beneficia\u00e7\u00e3o.","breadcrumb":{"@id":"https:\/\/www.altominho.tv\/site\/2026\/09\/01\/caminha-iluminacao-publica-na-rua-de-santo-antonio-e-na-rua-da-igreja-velha\/#breadcrumb"},"inLanguage":"pt-PT","potentialAction":[{"@type":"ReadAction","target":["https:\/\/www.altominho.tv\/site\/2026\/09\/01\/caminha-iluminacao-publica-na-rua-de-santo-antonio-e-na-rua-da-igreja-velha\/"]}]},{"@type":"ImageObject","inLanguage":"pt-PT","@id":"https:\/\/www.altominho.tv\/site\/2026\/09\/01\/caminha-iluminacao-publica-na-rua-de-santo-antonio-e-na-rua-da-igreja-velha\/#primaryimage","url":"https:\/\/www.altominho.tv\/site\/wp-content\/uploads\/2026\/09\/Design-sem-nome-2026-09-01T161332.606.jpg","contentUrl":"https:\/\/www.altominho.tv\/site\/wp-content\/uploads\/2026\/09\/Design-sem-nome-2026-09-01T161332.606.jpg","width":1200,"height":630},{"@type":"BreadcrumbList","@id":"https:\/\/www.altominho.tv\/site\/2026\/09\/01\/caminha-iluminacao-publica-na-rua-de-santo-antonio-e-na-rua-da-igreja-velha\/#breadcrumb","itemListElement":[{"@type":"ListItem","position":1,"name":"In\u00edcio","item":"https:\/\/www.altominho.tv\/site\/"},{"@type":"ListItem","position":2,"name":"Caminha vai melhorar ilumina\u00e7\u00e3o p\u00fablica na Rua de Santo Ant\u00f3nio e na Rua da Igreja Velha\u00a0"}]},{"@type":"WebSite","@id":"https:\/\/www.altominho.tv\/site\/#website","url":"https:\/\/www.altominho.tv\/site\/","name":"Altominho.tv","description":"A sua regi\u00e3o \u00e0 dist\u00e2ncia de um clique...","potentialAction":[{"@type":"SearchAction","target":{"@type":"EntryPoint","urlTemplate":"https:\/\/www.altominho.tv\/site\/?s={search_term_string}"},"query-input":{"@type":"PropertyValueSpecification","valueRequired":true,"valueName":"search_term_string"}}],"inLanguage":"pt-PT"},{"@type":"Person","@id":"https:\/\/www.altominho.tv\/site\/#\/schema\/person\/4e536851627d7914baf3dac752b6af22","name":"Altominho.tv","image":{"@type":"ImageObject","inLanguage":"pt-PT","@id":"https:\/\/www.altominho.tv\/site\/wp-content\/uploads\/2019\/11\/Logo_Avatar_2-150x150.jpg","url":"https:\/\/www.altominho.tv\/site\/wp-content\/uploads\/2019\/11\/Logo_Avatar_2-150x150.jpg","contentUrl":"https:\/\/www.altominho.tv\/site\/wp-content\/uploads\/2019\/11\/Logo_Avatar_2-150x150.jpg","caption":"Altominho.tv"},"url":"https:\/\/www.altominho.tv\/site\/author\/altominhotv-tecnico\/"}]}},"_links":{"self":[{"href":"https:\/\/www.altominho.tv\/site\/wp-json\/wp\/v2\/posts\/136270","targetHints":{"allow":["GET"]}}],"collection":[{"href":"https:\/\/www.altominho.tv\/site\/wp-json\/wp\/v2\/posts"}],"about":[{"href":"https:\/\/www.altominho.tv\/site\/wp-json\/wp\/v2\/types\/post"}],"author":[{"embeddable":true,"href":"https:\/\/www.altominho.tv\/site\/wp-json\/wp\/v2\/users\/1"}],"replies":[{"embeddable":true,"href":"https:\/\/www.altominho.tv\/site\/wp-json\/wp\/v2\/comments?post=136270"}],"version-history":[{"count":1,"href":"https:\/\/www.altominho.tv\/site\/wp-json\/wp\/v2\/posts\/136270\/revisions"}],"predecessor-version":[{"id":136273,"href":"https:\/\/www.altominho.tv\/site\/wp-json\/wp\/v2\/posts\/136270\/revisions\/136273"}],"wp:featuredmedia":[{"embeddable":true,"href":"https:\/\/www.altominho.tv\/site\/wp-json\/wp\/v2\/media\/136272"}],"wp:attachment":[{"href":"https:\/\/www.altominho.tv\/site\/wp-json\/wp\/v2\/media?parent=136270"}],"wp:term":[{"taxonomy":"category","embeddable":true,"href":"https:\/\/www.altominho.tv\/site\/wp-json\/wp\/v2\/categories?post=136270"},{"taxonomy":"post_tag","embeddable":true,"href":"https:\/\/www.altominho.tv\/site\/wp-json\/wp\/v2\/tags?post=136270"}],"curies":[{"name":"wp","href":"https:\/\/api.w.org\/{rel}","templated":true}]}}