{"id":136266,"date":"2026-09-01T16:05:00","date_gmt":"2026-09-01T15:05:00","guid":{"rendered":"https:\/\/www.altominho.tv\/site\/?p=136266"},"modified":"2026-09-01T16:06:17","modified_gmt":"2026-09-01T15:06:17","slug":"mais-de-150-especialistas-participam-em-curso-internacional-de-radiologia","status":"publish","type":"post","link":"https:\/\/www.altominho.tv\/site\/2026\/09\/01\/mais-de-150-especialistas-participam-em-curso-internacional-de-radiologia\/","title":{"rendered":"Mais de 150 especialistas participam em curso internacional de radiologia"},"content":{"rendered":"\n<p class=\"wp-block-paragraph\">Mais de 150 especialistas nacionais e internacionais v\u00e3o participar, entre os dias 17 e 19, em Viana do Castelo, num encontro de forma\u00e7\u00e3o p\u00f3s-graduada em radiologia, revelou hoje a Sociedade Portuguesa de Radiologia e Medicina Nuclear (SPRMN).<\/p>\n\n\n\n<p class=\"wp-block-paragraph\">Segundo a SPRMN, o curso inclui \u201csess\u00f5es dedicadas a imagem gastrointestinal, geniturin\u00e1ria feminina e musculoesquel\u00e9tica, nomeadamente no \u00e2mbito dos tumores \u00f3sseos, contando com participa\u00e7\u00e3o de especialistas nacionais e internacionais\u201d.<\/p>\n\n\n\n<p class=\"wp-block-paragraph\">O curso \u201c\u00e9 reconhecido pela sua abordagem pedag\u00f3gica baseada em casos cl\u00ednicos e pela integra\u00e7\u00e3o entre Radiologia e Anatomia Patol\u00f3gica\u201d e, \u201co programa destina-se sobretudo a m\u00e9dicos internos e especialistas em radiologia, proporcionando oportunidades de atualiza\u00e7\u00e3o cient\u00edfica, discuss\u00e3o de casos complexos e contacto com especialistas de diferentes contextos\u201d.<\/p>\n\n\n\n<p class=\"wp-block-paragraph\">Para o diretor do servi\u00e7o de radiologia do hospital de Santa Luzia, Jos\u00e9 Traila Campos, citado na nota enviada \u00e0 ag\u00eancia Lusa, \u201ca realiza\u00e7\u00e3o deste evento representa uma oportunidade para aproximar a forma\u00e7\u00e3o m\u00e9dica de excel\u00eancia do territ\u00f3rio e, simultaneamente, para dar a conhecer Viana do Castelo enquanto cidade capaz de acolher encontros cient\u00edficos de grande qualidade\u201d.<\/p>\n\n\n\n<p class=\"wp-block-paragraph\">Fotografia: <strong>DR<\/strong><\/p>\n","protected":false},"excerpt":{"rendered":"<p>Mais de 150 especialistas nacionais e internacionais v\u00e3o participar, entre os dias 17 e 19, em Viana do Castelo, num encontro de forma\u00e7\u00e3o p\u00f3s-graduada em radiologia, revelou hoje a Sociedade Portuguesa de Radiologia e Medicina Nuclear (SPRMN). Segundo a SPRMN, o curso inclui \u201csess\u00f5es dedicadas a imagem gastrointestinal, geniturin\u00e1ria feminina e musculoesquel\u00e9tica, nomeadamente no \u00e2mbito [&hellip;]<\/p>\n","protected":false},"author":13,"featured_media":136268,"comment_status":"closed","ping_status":"closed","sticky":false,"template":"","format":"standard","meta":{"_exactmetrics_skip_tracking":false,"footnotes":""},"categories":[14],"tags":[26],"class_list":["post-136266","post","type-post","status-publish","format-standard","has-post-thumbnail","hentry","category-viana-do-castelo","tag-saude"],"yoast_head":"<!-- This site is optimized with the Yoast SEO Premium plugin v28.3 (Yoast SEO v28.3) - https:\/\/yoast.com\/product\/yoast-seo-premium-wordpress\/ -->\n<title>Mais de 150 especialistas participam em curso internacional de radiologia<\/title>\n<meta name=\"robots\" content=\"index, follow, max-snippet:-1, max-image-preview:large, max-video-preview:-1\" \/>\n<link rel=\"canonical\" href=\"https:\/\/www.altominho.tv\/site\/2026\/09\/01\/mais-de-150-especialistas-participam-em-curso-internacional-de-radiologia\/\" \/>\n<meta property=\"og:locale\" content=\"pt_PT\" \/>\n<meta property=\"og:type\" content=\"article\" \/>\n<meta property=\"og:title\" content=\"Mais de 150 especialistas participam em curso internacional de radiologia\" \/>\n<meta property=\"og:description\" content=\"Mais de 150 especialistas nacionais e internacionais v\u00e3o participar, entre os dias 17 e 19, em Viana do Castelo, num encontro de forma\u00e7\u00e3o p\u00f3s-graduada em radiologia, revelou hoje a Sociedade Portuguesa de Radiologia e Medicina Nuclear (SPRMN). Segundo a SPRMN, o curso inclui \u201csess\u00f5es dedicadas a imagem gastrointestinal, geniturin\u00e1ria feminina e musculoesquel\u00e9tica, nomeadamente no \u00e2mbito [&hellip;]\" \/>\n<meta property=\"og:url\" content=\"https:\/\/www.altominho.tv\/site\/2026\/09\/01\/mais-de-150-especialistas-participam-em-curso-internacional-de-radiologia\/\" \/>\n<meta property=\"og:site_name\" content=\"Altominho.tv\" \/>\n<meta property=\"article:publisher\" content=\"https:\/\/www.facebook.com\/altominhotv\" \/>\n<meta property=\"article:published_time\" content=\"2026-09-01T15:05:00+00:00\" \/>\n<meta property=\"article:modified_time\" content=\"2026-09-01T15:06:17+00:00\" \/>\n<meta property=\"og:image\" content=\"https:\/\/www.altominho.tv\/site\/wp-content\/uploads\/2026\/09\/radiologia.png\" \/>\n\t<meta property=\"og:image:width\" content=\"1200\" \/>\n\t<meta property=\"og:image:height\" content=\"630\" \/>\n\t<meta property=\"og:image:type\" content=\"image\/png\" \/>\n<meta name=\"author\" content=\"Lusa\" \/>\n<meta name=\"twitter:card\" content=\"summary_large_image\" \/>\n<meta name=\"twitter:creator\" content=\"@altominhoTV\" \/>\n<meta name=\"twitter:site\" content=\"@altominhoTV\" \/>\n<meta name=\"twitter:label1\" content=\"Escrito por\" \/>\n\t<meta name=\"twitter:data1\" content=\"Lusa\" \/>\n\t<meta name=\"twitter:label2\" content=\"Tempo estimado de leitura\" \/>\n\t<meta name=\"twitter:data2\" content=\"2 minutos\" \/>\n<script type=\"application\/ld+json\" class=\"yoast-schema-graph\">{\"@context\":\"https:\\\/\\\/schema.org\",\"@graph\":[{\"@type\":\"Article\",\"@id\":\"https:\\\/\\\/www.altominho.tv\\\/site\\\/2026\\\/09\\\/01\\\/mais-de-150-especialistas-participam-em-curso-internacional-de-radiologia\\\/#article\",\"isPartOf\":{\"@id\":\"https:\\\/\\\/www.altominho.tv\\\/site\\\/2026\\\/09\\\/01\\\/mais-de-150-especialistas-participam-em-curso-internacional-de-radiologia\\\/\"},\"author\":{\"name\":\"Lusa\",\"@id\":\"https:\\\/\\\/www.altominho.tv\\\/site\\\/#\\\/schema\\\/person\\\/63f693da3e1899361cbe955c46f3232e\"},\"headline\":\"Mais de 150 especialistas participam em curso internacional de radiologia\",\"datePublished\":\"2026-09-01T15:05:00+00:00\",\"dateModified\":\"2026-09-01T15:06:17+00:00\",\"mainEntityOfPage\":{\"@id\":\"https:\\\/\\\/www.altominho.tv\\\/site\\\/2026\\\/09\\\/01\\\/mais-de-150-especialistas-participam-em-curso-internacional-de-radiologia\\\/\"},\"wordCount\":200,\"image\":{\"@id\":\"https:\\\/\\\/www.altominho.tv\\\/site\\\/2026\\\/09\\\/01\\\/mais-de-150-especialistas-participam-em-curso-internacional-de-radiologia\\\/#primaryimage\"},\"thumbnailUrl\":\"https:\\\/\\\/www.altominho.tv\\\/site\\\/wp-content\\\/uploads\\\/2026\\\/09\\\/radiologia.png\",\"keywords\":[\"Sa\u00fade\"],\"articleSection\":[\"Viana do Castelo\"],\"inLanguage\":\"pt-PT\",\"copyrightYear\":\"2026\",\"copyrightHolder\":{\"@id\":\"https:\\\/\\\/www.altominho.tv\\\/site\\\/#organization\"}},{\"@type\":\"WebPage\",\"@id\":\"https:\\\/\\\/www.altominho.tv\\\/site\\\/2026\\\/09\\\/01\\\/mais-de-150-especialistas-participam-em-curso-internacional-de-radiologia\\\/\",\"url\":\"https:\\\/\\\/www.altominho.tv\\\/site\\\/2026\\\/09\\\/01\\\/mais-de-150-especialistas-participam-em-curso-internacional-de-radiologia\\\/\",\"name\":\"Mais de 150 especialistas participam em curso internacional de radiologia\",\"isPartOf\":{\"@id\":\"https:\\\/\\\/www.altominho.tv\\\/site\\\/#website\"},\"primaryImageOfPage\":{\"@id\":\"https:\\\/\\\/www.altominho.tv\\\/site\\\/2026\\\/09\\\/01\\\/mais-de-150-especialistas-participam-em-curso-internacional-de-radiologia\\\/#primaryimage\"},\"image\":{\"@id\":\"https:\\\/\\\/www.altominho.tv\\\/site\\\/2026\\\/09\\\/01\\\/mais-de-150-especialistas-participam-em-curso-internacional-de-radiologia\\\/#primaryimage\"},\"thumbnailUrl\":\"https:\\\/\\\/www.altominho.tv\\\/site\\\/wp-content\\\/uploads\\\/2026\\\/09\\\/radiologia.png\",\"datePublished\":\"2026-09-01T15:05:00+00:00\",\"dateModified\":\"2026-09-01T15:06:17+00:00\",\"author\":{\"@id\":\"https:\\\/\\\/www.altominho.tv\\\/site\\\/#\\\/schema\\\/person\\\/63f693da3e1899361cbe955c46f3232e\"},\"breadcrumb\":{\"@id\":\"https:\\\/\\\/www.altominho.tv\\\/site\\\/2026\\\/09\\\/01\\\/mais-de-150-especialistas-participam-em-curso-internacional-de-radiologia\\\/#breadcrumb\"},\"inLanguage\":\"pt-PT\",\"potentialAction\":[{\"@type\":\"ReadAction\",\"target\":[\"https:\\\/\\\/www.altominho.tv\\\/site\\\/2026\\\/09\\\/01\\\/mais-de-150-especialistas-participam-em-curso-internacional-de-radiologia\\\/\"]}]},{\"@type\":\"ImageObject\",\"inLanguage\":\"pt-PT\",\"@id\":\"https:\\\/\\\/www.altominho.tv\\\/site\\\/2026\\\/09\\\/01\\\/mais-de-150-especialistas-participam-em-curso-internacional-de-radiologia\\\/#primaryimage\",\"url\":\"https:\\\/\\\/www.altominho.tv\\\/site\\\/wp-content\\\/uploads\\\/2026\\\/09\\\/radiologia.png\",\"contentUrl\":\"https:\\\/\\\/www.altominho.tv\\\/site\\\/wp-content\\\/uploads\\\/2026\\\/09\\\/radiologia.png\",\"width\":1200,\"height\":630},{\"@type\":\"BreadcrumbList\",\"@id\":\"https:\\\/\\\/www.altominho.tv\\\/site\\\/2026\\\/09\\\/01\\\/mais-de-150-especialistas-participam-em-curso-internacional-de-radiologia\\\/#breadcrumb\",\"itemListElement\":[{\"@type\":\"ListItem\",\"position\":1,\"name\":\"In\u00edcio\",\"item\":\"https:\\\/\\\/www.altominho.tv\\\/site\\\/\"},{\"@type\":\"ListItem\",\"position\":2,\"name\":\"Mais de 150 especialistas participam em curso internacional de radiologia\"}]},{\"@type\":\"WebSite\",\"@id\":\"https:\\\/\\\/www.altominho.tv\\\/site\\\/#website\",\"url\":\"https:\\\/\\\/www.altominho.tv\\\/site\\\/\",\"name\":\"Altominho.tv\",\"description\":\"A sua regi\u00e3o \u00e0 dist\u00e2ncia de um clique...\",\"potentialAction\":[{\"@type\":\"SearchAction\",\"target\":{\"@type\":\"EntryPoint\",\"urlTemplate\":\"https:\\\/\\\/www.altominho.tv\\\/site\\\/?s={search_term_string}\"},\"query-input\":{\"@type\":\"PropertyValueSpecification\",\"valueRequired\":true,\"valueName\":\"search_term_string\"}}],\"inLanguage\":\"pt-PT\"},{\"@type\":\"Person\",\"@id\":\"https:\\\/\\\/www.altominho.tv\\\/site\\\/#\\\/schema\\\/person\\\/63f693da3e1899361cbe955c46f3232e\",\"name\":\"Lusa\",\"image\":{\"@type\":\"ImageObject\",\"inLanguage\":\"pt-PT\",\"@id\":\"https:\\\/\\\/www.altominho.tv\\\/site\\\/wp-content\\\/uploads\\\/2019\\\/08\\\/LUSA_Logo.gif\",\"url\":\"https:\\\/\\\/www.altominho.tv\\\/site\\\/wp-content\\\/uploads\\\/2019\\\/08\\\/LUSA_Logo.gif\",\"contentUrl\":\"https:\\\/\\\/www.altominho.tv\\\/site\\\/wp-content\\\/uploads\\\/2019\\\/08\\\/LUSA_Logo.gif\",\"caption\":\"Lusa\"},\"sameAs\":[\"http:\\\/\\\/\\\/\\\/www.altominho.tv\\\/site\"],\"url\":\"https:\\\/\\\/www.altominho.tv\\\/site\\\/author\\\/lusa\\\/\"}]}<\/script>\n<!-- \/ Yoast SEO Premium plugin. -->","yoast_head_json":{"title":"Mais de 150 especialistas participam em curso internacional de radiologia","robots":{"index":"index","follow":"follow","max-snippet":"max-snippet:-1","max-image-preview":"max-image-preview:large","max-video-preview":"max-video-preview:-1"},"canonical":"https:\/\/www.altominho.tv\/site\/2026\/09\/01\/mais-de-150-especialistas-participam-em-curso-internacional-de-radiologia\/","og_locale":"pt_PT","og_type":"article","og_title":"Mais de 150 especialistas participam em curso internacional de radiologia","og_description":"Mais de 150 especialistas nacionais e internacionais v\u00e3o participar, entre os dias 17 e 19, em Viana do Castelo, num encontro de forma\u00e7\u00e3o p\u00f3s-graduada em radiologia, revelou hoje a Sociedade Portuguesa de Radiologia e Medicina Nuclear (SPRMN). Segundo a SPRMN, o curso inclui \u201csess\u00f5es dedicadas a imagem gastrointestinal, geniturin\u00e1ria feminina e musculoesquel\u00e9tica, nomeadamente no \u00e2mbito [&hellip;]","og_url":"https:\/\/www.altominho.tv\/site\/2026\/09\/01\/mais-de-150-especialistas-participam-em-curso-internacional-de-radiologia\/","og_site_name":"Altominho.tv","article_publisher":"https:\/\/www.facebook.com\/altominhotv","article_published_time":"2026-09-01T15:05:00+00:00","article_modified_time":"2026-09-01T15:06:17+00:00","og_image":[{"width":1200,"height":630,"url":"https:\/\/www.altominho.tv\/site\/wp-content\/uploads\/2026\/09\/radiologia.png","type":"image\/png"}],"author":"Lusa","twitter_card":"summary_large_image","twitter_creator":"@altominhoTV","twitter_site":"@altominhoTV","twitter_misc":{"Escrito por":"Lusa","Tempo estimado de leitura":"2 minutos"},"schema":{"@context":"https:\/\/schema.org","@graph":[{"@type":"Article","@id":"https:\/\/www.altominho.tv\/site\/2026\/09\/01\/mais-de-150-especialistas-participam-em-curso-internacional-de-radiologia\/#article","isPartOf":{"@id":"https:\/\/www.altominho.tv\/site\/2026\/09\/01\/mais-de-150-especialistas-participam-em-curso-internacional-de-radiologia\/"},"author":{"name":"Lusa","@id":"https:\/\/www.altominho.tv\/site\/#\/schema\/person\/63f693da3e1899361cbe955c46f3232e"},"headline":"Mais de 150 especialistas participam em curso internacional de radiologia","datePublished":"2026-09-01T15:05:00+00:00","dateModified":"2026-09-01T15:06:17+00:00","mainEntityOfPage":{"@id":"https:\/\/www.altominho.tv\/site\/2026\/09\/01\/mais-de-150-especialistas-participam-em-curso-internacional-de-radiologia\/"},"wordCount":200,"image":{"@id":"https:\/\/www.altominho.tv\/site\/2026\/09\/01\/mais-de-150-especialistas-participam-em-curso-internacional-de-radiologia\/#primaryimage"},"thumbnailUrl":"https:\/\/www.altominho.tv\/site\/wp-content\/uploads\/2026\/09\/radiologia.png","keywords":["Sa\u00fade"],"articleSection":["Viana do Castelo"],"inLanguage":"pt-PT","copyrightYear":"2026","copyrightHolder":{"@id":"https:\/\/www.altominho.tv\/site\/#organization"}},{"@type":"WebPage","@id":"https:\/\/www.altominho.tv\/site\/2026\/09\/01\/mais-de-150-especialistas-participam-em-curso-internacional-de-radiologia\/","url":"https:\/\/www.altominho.tv\/site\/2026\/09\/01\/mais-de-150-especialistas-participam-em-curso-internacional-de-radiologia\/","name":"Mais de 150 especialistas participam em curso internacional de radiologia","isPartOf":{"@id":"https:\/\/www.altominho.tv\/site\/#website"},"primaryImageOfPage":{"@id":"https:\/\/www.altominho.tv\/site\/2026\/09\/01\/mais-de-150-especialistas-participam-em-curso-internacional-de-radiologia\/#primaryimage"},"image":{"@id":"https:\/\/www.altominho.tv\/site\/2026\/09\/01\/mais-de-150-especialistas-participam-em-curso-internacional-de-radiologia\/#primaryimage"},"thumbnailUrl":"https:\/\/www.altominho.tv\/site\/wp-content\/uploads\/2026\/09\/radiologia.png","datePublished":"2026-09-01T15:05:00+00:00","dateModified":"2026-09-01T15:06:17+00:00","author":{"@id":"https:\/\/www.altominho.tv\/site\/#\/schema\/person\/63f693da3e1899361cbe955c46f3232e"},"breadcrumb":{"@id":"https:\/\/www.altominho.tv\/site\/2026\/09\/01\/mais-de-150-especialistas-participam-em-curso-internacional-de-radiologia\/#breadcrumb"},"inLanguage":"pt-PT","potentialAction":[{"@type":"ReadAction","target":["https:\/\/www.altominho.tv\/site\/2026\/09\/01\/mais-de-150-especialistas-participam-em-curso-internacional-de-radiologia\/"]}]},{"@type":"ImageObject","inLanguage":"pt-PT","@id":"https:\/\/www.altominho.tv\/site\/2026\/09\/01\/mais-de-150-especialistas-participam-em-curso-internacional-de-radiologia\/#primaryimage","url":"https:\/\/www.altominho.tv\/site\/wp-content\/uploads\/2026\/09\/radiologia.png","contentUrl":"https:\/\/www.altominho.tv\/site\/wp-content\/uploads\/2026\/09\/radiologia.png","width":1200,"height":630},{"@type":"BreadcrumbList","@id":"https:\/\/www.altominho.tv\/site\/2026\/09\/01\/mais-de-150-especialistas-participam-em-curso-internacional-de-radiologia\/#breadcrumb","itemListElement":[{"@type":"ListItem","position":1,"name":"In\u00edcio","item":"https:\/\/www.altominho.tv\/site\/"},{"@type":"ListItem","position":2,"name":"Mais de 150 especialistas participam em curso internacional de radiologia"}]},{"@type":"WebSite","@id":"https:\/\/www.altominho.tv\/site\/#website","url":"https:\/\/www.altominho.tv\/site\/","name":"Altominho.tv","description":"A sua regi\u00e3o \u00e0 dist\u00e2ncia de um clique...","potentialAction":[{"@type":"SearchAction","target":{"@type":"EntryPoint","urlTemplate":"https:\/\/www.altominho.tv\/site\/?s={search_term_string}"},"query-input":{"@type":"PropertyValueSpecification","valueRequired":true,"valueName":"search_term_string"}}],"inLanguage":"pt-PT"},{"@type":"Person","@id":"https:\/\/www.altominho.tv\/site\/#\/schema\/person\/63f693da3e1899361cbe955c46f3232e","name":"Lusa","image":{"@type":"ImageObject","inLanguage":"pt-PT","@id":"https:\/\/www.altominho.tv\/site\/wp-content\/uploads\/2019\/08\/LUSA_Logo.gif","url":"https:\/\/www.altominho.tv\/site\/wp-content\/uploads\/2019\/08\/LUSA_Logo.gif","contentUrl":"https:\/\/www.altominho.tv\/site\/wp-content\/uploads\/2019\/08\/LUSA_Logo.gif","caption":"Lusa"},"sameAs":["http:\/\/\/\/www.altominho.tv\/site"],"url":"https:\/\/www.altominho.tv\/site\/author\/lusa\/"}]}},"_links":{"self":[{"href":"https:\/\/www.altominho.tv\/site\/wp-json\/wp\/v2\/posts\/136266","targetHints":{"allow":["GET"]}}],"collection":[{"href":"https:\/\/www.altominho.tv\/site\/wp-json\/wp\/v2\/posts"}],"about":[{"href":"https:\/\/www.altominho.tv\/site\/wp-json\/wp\/v2\/types\/post"}],"author":[{"embeddable":true,"href":"https:\/\/www.altominho.tv\/site\/wp-json\/wp\/v2\/users\/13"}],"replies":[{"embeddable":true,"href":"https:\/\/www.altominho.tv\/site\/wp-json\/wp\/v2\/comments?post=136266"}],"version-history":[{"count":2,"href":"https:\/\/www.altominho.tv\/site\/wp-json\/wp\/v2\/posts\/136266\/revisions"}],"predecessor-version":[{"id":136271,"href":"https:\/\/www.altominho.tv\/site\/wp-json\/wp\/v2\/posts\/136266\/revisions\/136271"}],"wp:featuredmedia":[{"embeddable":true,"href":"https:\/\/www.altominho.tv\/site\/wp-json\/wp\/v2\/media\/136268"}],"wp:attachment":[{"href":"https:\/\/www.altominho.tv\/site\/wp-json\/wp\/v2\/media?parent=136266"}],"wp:term":[{"taxonomy":"category","embeddable":true,"href":"https:\/\/www.altominho.tv\/site\/wp-json\/wp\/v2\/categories?post=136266"},{"taxonomy":"post_tag","embeddable":true,"href":"https:\/\/www.altominho.tv\/site\/wp-json\/wp\/v2\/tags?post=136266"}],"curies":[{"name":"wp","href":"https:\/\/api.w.org\/{rel}","templated":true}]}}