{"id":136258,"date":"2026-09-01T15:21:12","date_gmt":"2026-09-01T14:21:12","guid":{"rendered":"https:\/\/www.altominho.tv\/site\/?p=136258"},"modified":"2026-09-01T15:21:14","modified_gmt":"2026-09-01T14:21:14","slug":"mercado-medieval-regressa-a-fortaleza-de-valenca","status":"publish","type":"post","link":"https:\/\/www.altominho.tv\/site\/2026\/09\/01\/mercado-medieval-regressa-a-fortaleza-de-valenca\/","title":{"rendered":"Mercado Medieval regressa \u00e0 Fortaleza de Valen\u00e7a"},"content":{"rendered":"\n<p class=\"p1 wp-block-paragraph\">A Fortaleza de Valen\u00e7a transforma-se, entre os dias 4 e 6 de setembro, num cen\u00e1rio medieval, numa iniciativa que pretende recriar o ambiente e o quotidiano de outros tempos. Durante tr\u00eas dias, ruas e espa\u00e7os do centro hist\u00f3rico ser\u00e3o ocupados por mercadores, artes\u00e3os, m\u00fasicos, cavaleiros e personagens medievais, convidando visitantes e comunidade a uma viagem pela hist\u00f3ria e identidade do territ\u00f3rio.<\/p>\n\n\n\n<p class=\"p1 wp-block-paragraph\">A edi\u00e7\u00e3o deste ano ter\u00e1 como tema central a presen\u00e7a de Duarte de Armas em Valen\u00e7a, em 1509. Escudeiro da Casa do Rei D. Manuel I, Duarte de Armas percorreu, por determina\u00e7\u00e3o r\u00e9gia, as fortalezas da fronteira, registando atrav\u00e9s de desenhos e plantas o seu estado e configura\u00e7\u00e3o. Valen\u00e7a foi uma das pra\u00e7as-fortes representadas no c\u00e9lebre&nbsp;<i>Livro das Fortalezas<\/i>.<\/p>\n\n\n\n<p class=\"p1 wp-block-paragraph\">Ao longo dos tr\u00eas dias, o Mercado Medieval apresenta um programa diversificado, com artesanato, artes e of\u00edcios tradicionais, dan\u00e7as, m\u00fasica, teatro e gastronomia. A anima\u00e7\u00e3o inclui ainda espet\u00e1culos de fogo e torneios apeados e a cavalo, recriando diferentes dimens\u00f5es da vida e do entretenimento medieval e proporcionando uma experi\u00eancia imersiva para visitantes de todas as idades.<\/p>\n\n\n\n<p class=\"p1 wp-block-paragraph\">Entre hist\u00f3ria, cultura e anima\u00e7\u00e3o, o Mercado Medieval promete transformar a fortifica\u00e7\u00e3o num palco vivo do passado, proporcionando tr\u00eas dias de recria\u00e7\u00e3o hist\u00f3rica e de celebra\u00e7\u00e3o da identidade valenciana.<\/p>\n\n\n\n<p class=\"wp-block-paragraph\">&nbsp;<\/p>\n\n\n\n<p class=\"wp-block-paragraph\">Foto: <strong>Munic\u00edpio de Valen\u00e7a&nbsp;<\/strong><\/p>\n\n\n\n<figure class=\"wp-block-image size-large\"><img loading=\"lazy\" decoding=\"async\" width=\"1024\" height=\"537\" src=\"https:\/\/www.altominho.tv\/site\/wp-content\/uploads\/2026\/09\/791453493_1755761249086030_3467832911062244061_n-1024x537.jpeg\" alt=\"\" class=\"wp-image-136261\" srcset=\"https:\/\/www.altominho.tv\/site\/wp-content\/uploads\/2026\/09\/791453493_1755761249086030_3467832911062244061_n-1024x537.jpeg 1024w, https:\/\/www.altominho.tv\/site\/wp-content\/uploads\/2026\/09\/791453493_1755761249086030_3467832911062244061_n-770x403.jpeg 770w, https:\/\/www.altominho.tv\/site\/wp-content\/uploads\/2026\/09\/791453493_1755761249086030_3467832911062244061_n-768x402.jpeg 768w, https:\/\/www.altominho.tv\/site\/wp-content\/uploads\/2026\/09\/791453493_1755761249086030_3467832911062244061_n-1536x805.jpeg 1536w, https:\/\/www.altominho.tv\/site\/wp-content\/uploads\/2026\/09\/791453493_1755761249086030_3467832911062244061_n-370x194.jpeg 370w, https:\/\/www.altominho.tv\/site\/wp-content\/uploads\/2026\/09\/791453493_1755761249086030_3467832911062244061_n-270x141.jpeg 270w, https:\/\/www.altominho.tv\/site\/wp-content\/uploads\/2026\/09\/791453493_1755761249086030_3467832911062244061_n-570x299.jpeg 570w, https:\/\/www.altominho.tv\/site\/wp-content\/uploads\/2026\/09\/791453493_1755761249086030_3467832911062244061_n-740x388.jpeg 740w, https:\/\/www.altominho.tv\/site\/wp-content\/uploads\/2026\/09\/791453493_1755761249086030_3467832911062244061_n.jpeg 2048w\" sizes=\"auto, (max-width: 1024px) 100vw, 1024px\" \/><\/figure>\n","protected":false},"excerpt":{"rendered":"<p>A Fortaleza de Valen\u00e7a transforma-se, entre os dias 4 e 6 de setembro, num cen\u00e1rio medieval, numa iniciativa que pretende recriar o ambiente e o quotidiano de outros tempos. Durante tr\u00eas dias, ruas e espa\u00e7os do centro hist\u00f3rico ser\u00e3o ocupados por mercadores, artes\u00e3os, m\u00fasicos, cavaleiros e personagens medievais, convidando visitantes e comunidade a uma viagem [&hellip;]<\/p>\n","protected":false},"author":1,"featured_media":136259,"comment_status":"closed","ping_status":"closed","sticky":false,"template":"","format":"standard","meta":{"_exactmetrics_skip_tracking":false,"footnotes":""},"categories":[13],"tags":[19],"class_list":["post-136258","post","type-post","status-publish","format-standard","has-post-thumbnail","hentry","category-valenca","tag-cultura"],"yoast_head":"<!-- This site is optimized with the Yoast SEO Premium plugin v28.3 (Yoast SEO v28.3) - https:\/\/yoast.com\/product\/yoast-seo-premium-wordpress\/ -->\n<title>Mercado Medieval regressa \u00e0 Fortaleza de Valen\u00e7a<\/title>\n<meta name=\"description\" content=\"A Fortaleza de Valen\u00e7a transforma-se, entre os dias 4 e 6 de setembro, num cen\u00e1rio medieval, numa iniciativa que pretende recriar o ambiente e o quotidiano de outros tempos.\" \/>\n<meta name=\"robots\" content=\"index, follow, max-snippet:-1, max-image-preview:large, max-video-preview:-1\" \/>\n<link rel=\"canonical\" href=\"https:\/\/www.altominho.tv\/site\/2026\/09\/01\/mercado-medieval-regressa-a-fortaleza-de-valenca\/\" \/>\n<meta property=\"og:locale\" content=\"pt_PT\" \/>\n<meta property=\"og:type\" content=\"article\" \/>\n<meta property=\"og:title\" content=\"Mercado Medieval regressa \u00e0 Fortaleza de Valen\u00e7a\" \/>\n<meta property=\"og:description\" content=\"A Fortaleza de Valen\u00e7a transforma-se, entre os dias 4 e 6 de setembro, num cen\u00e1rio medieval, numa iniciativa que pretende recriar o ambiente e o quotidiano de outros tempos.\" \/>\n<meta property=\"og:url\" content=\"https:\/\/www.altominho.tv\/site\/2026\/09\/01\/mercado-medieval-regressa-a-fortaleza-de-valenca\/\" \/>\n<meta property=\"og:site_name\" content=\"Altominho.tv\" \/>\n<meta property=\"article:publisher\" content=\"https:\/\/www.facebook.com\/altominhotv\" \/>\n<meta property=\"article:published_time\" content=\"2026-09-01T14:21:12+00:00\" \/>\n<meta property=\"article:modified_time\" content=\"2026-09-01T14:21:14+00:00\" \/>\n<meta property=\"og:image\" content=\"https:\/\/www.altominho.tv\/site\/wp-content\/uploads\/2026\/09\/Mercado-Medieval-valenca.jpg\" \/>\n\t<meta property=\"og:image:width\" content=\"1200\" \/>\n\t<meta property=\"og:image:height\" content=\"630\" \/>\n\t<meta property=\"og:image:type\" content=\"image\/jpeg\" \/>\n<meta name=\"author\" content=\"Altominho.tv\" \/>\n<meta name=\"twitter:card\" content=\"summary_large_image\" \/>\n<meta name=\"twitter:creator\" content=\"@altominhoTV\" \/>\n<meta name=\"twitter:site\" content=\"@altominhoTV\" \/>\n<meta name=\"twitter:label1\" content=\"Escrito por\" \/>\n\t<meta name=\"twitter:data1\" content=\"Altominho.tv\" \/>\n\t<meta name=\"twitter:label2\" content=\"Tempo estimado de leitura\" \/>\n\t<meta name=\"twitter:data2\" content=\"2 minutos\" \/>\n<script type=\"application\/ld+json\" class=\"yoast-schema-graph\">{\"@context\":\"https:\\\/\\\/schema.org\",\"@graph\":[{\"@type\":\"Article\",\"@id\":\"https:\\\/\\\/www.altominho.tv\\\/site\\\/2026\\\/09\\\/01\\\/mercado-medieval-regressa-a-fortaleza-de-valenca\\\/#article\",\"isPartOf\":{\"@id\":\"https:\\\/\\\/www.altominho.tv\\\/site\\\/2026\\\/09\\\/01\\\/mercado-medieval-regressa-a-fortaleza-de-valenca\\\/\"},\"author\":{\"name\":\"Altominho.tv\",\"@id\":\"https:\\\/\\\/www.altominho.tv\\\/site\\\/#\\\/schema\\\/person\\\/4e536851627d7914baf3dac752b6af22\"},\"headline\":\"Mercado Medieval regressa \u00e0 Fortaleza de Valen\u00e7a\",\"datePublished\":\"2026-09-01T14:21:12+00:00\",\"dateModified\":\"2026-09-01T14:21:14+00:00\",\"mainEntityOfPage\":{\"@id\":\"https:\\\/\\\/www.altominho.tv\\\/site\\\/2026\\\/09\\\/01\\\/mercado-medieval-regressa-a-fortaleza-de-valenca\\\/\"},\"wordCount\":253,\"image\":{\"@id\":\"https:\\\/\\\/www.altominho.tv\\\/site\\\/2026\\\/09\\\/01\\\/mercado-medieval-regressa-a-fortaleza-de-valenca\\\/#primaryimage\"},\"thumbnailUrl\":\"https:\\\/\\\/www.altominho.tv\\\/site\\\/wp-content\\\/uploads\\\/2026\\\/09\\\/Mercado-Medieval-valenca.jpg\",\"keywords\":[\"Cultura\"],\"articleSection\":[\"Valen\u00e7a\"],\"inLanguage\":\"pt-PT\",\"copyrightYear\":\"2026\",\"copyrightHolder\":{\"@id\":\"https:\\\/\\\/www.altominho.tv\\\/site\\\/#organization\"}},{\"@type\":\"WebPage\",\"@id\":\"https:\\\/\\\/www.altominho.tv\\\/site\\\/2026\\\/09\\\/01\\\/mercado-medieval-regressa-a-fortaleza-de-valenca\\\/\",\"url\":\"https:\\\/\\\/www.altominho.tv\\\/site\\\/2026\\\/09\\\/01\\\/mercado-medieval-regressa-a-fortaleza-de-valenca\\\/\",\"name\":\"Mercado Medieval regressa \u00e0 Fortaleza de Valen\u00e7a\",\"isPartOf\":{\"@id\":\"https:\\\/\\\/www.altominho.tv\\\/site\\\/#website\"},\"primaryImageOfPage\":{\"@id\":\"https:\\\/\\\/www.altominho.tv\\\/site\\\/2026\\\/09\\\/01\\\/mercado-medieval-regressa-a-fortaleza-de-valenca\\\/#primaryimage\"},\"image\":{\"@id\":\"https:\\\/\\\/www.altominho.tv\\\/site\\\/2026\\\/09\\\/01\\\/mercado-medieval-regressa-a-fortaleza-de-valenca\\\/#primaryimage\"},\"thumbnailUrl\":\"https:\\\/\\\/www.altominho.tv\\\/site\\\/wp-content\\\/uploads\\\/2026\\\/09\\\/Mercado-Medieval-valenca.jpg\",\"datePublished\":\"2026-09-01T14:21:12+00:00\",\"dateModified\":\"2026-09-01T14:21:14+00:00\",\"author\":{\"@id\":\"https:\\\/\\\/www.altominho.tv\\\/site\\\/#\\\/schema\\\/person\\\/4e536851627d7914baf3dac752b6af22\"},\"description\":\"A Fortaleza de Valen\u00e7a transforma-se, entre os dias 4 e 6 de setembro, num cen\u00e1rio medieval, numa iniciativa que pretende recriar o ambiente e o quotidiano de outros tempos.\",\"breadcrumb\":{\"@id\":\"https:\\\/\\\/www.altominho.tv\\\/site\\\/2026\\\/09\\\/01\\\/mercado-medieval-regressa-a-fortaleza-de-valenca\\\/#breadcrumb\"},\"inLanguage\":\"pt-PT\",\"potentialAction\":[{\"@type\":\"ReadAction\",\"target\":[\"https:\\\/\\\/www.altominho.tv\\\/site\\\/2026\\\/09\\\/01\\\/mercado-medieval-regressa-a-fortaleza-de-valenca\\\/\"]}]},{\"@type\":\"ImageObject\",\"inLanguage\":\"pt-PT\",\"@id\":\"https:\\\/\\\/www.altominho.tv\\\/site\\\/2026\\\/09\\\/01\\\/mercado-medieval-regressa-a-fortaleza-de-valenca\\\/#primaryimage\",\"url\":\"https:\\\/\\\/www.altominho.tv\\\/site\\\/wp-content\\\/uploads\\\/2026\\\/09\\\/Mercado-Medieval-valenca.jpg\",\"contentUrl\":\"https:\\\/\\\/www.altominho.tv\\\/site\\\/wp-content\\\/uploads\\\/2026\\\/09\\\/Mercado-Medieval-valenca.jpg\",\"width\":1200,\"height\":630},{\"@type\":\"BreadcrumbList\",\"@id\":\"https:\\\/\\\/www.altominho.tv\\\/site\\\/2026\\\/09\\\/01\\\/mercado-medieval-regressa-a-fortaleza-de-valenca\\\/#breadcrumb\",\"itemListElement\":[{\"@type\":\"ListItem\",\"position\":1,\"name\":\"In\u00edcio\",\"item\":\"https:\\\/\\\/www.altominho.tv\\\/site\\\/\"},{\"@type\":\"ListItem\",\"position\":2,\"name\":\"Mercado Medieval regressa \u00e0 Fortaleza de Valen\u00e7a\"}]},{\"@type\":\"WebSite\",\"@id\":\"https:\\\/\\\/www.altominho.tv\\\/site\\\/#website\",\"url\":\"https:\\\/\\\/www.altominho.tv\\\/site\\\/\",\"name\":\"Altominho.tv\",\"description\":\"A sua regi\u00e3o \u00e0 dist\u00e2ncia de um clique...\",\"potentialAction\":[{\"@type\":\"SearchAction\",\"target\":{\"@type\":\"EntryPoint\",\"urlTemplate\":\"https:\\\/\\\/www.altominho.tv\\\/site\\\/?s={search_term_string}\"},\"query-input\":{\"@type\":\"PropertyValueSpecification\",\"valueRequired\":true,\"valueName\":\"search_term_string\"}}],\"inLanguage\":\"pt-PT\"},{\"@type\":\"Person\",\"@id\":\"https:\\\/\\\/www.altominho.tv\\\/site\\\/#\\\/schema\\\/person\\\/4e536851627d7914baf3dac752b6af22\",\"name\":\"Altominho.tv\",\"image\":{\"@type\":\"ImageObject\",\"inLanguage\":\"pt-PT\",\"@id\":\"https:\\\/\\\/www.altominho.tv\\\/site\\\/wp-content\\\/uploads\\\/2019\\\/11\\\/Logo_Avatar_2-150x150.jpg\",\"url\":\"https:\\\/\\\/www.altominho.tv\\\/site\\\/wp-content\\\/uploads\\\/2019\\\/11\\\/Logo_Avatar_2-150x150.jpg\",\"contentUrl\":\"https:\\\/\\\/www.altominho.tv\\\/site\\\/wp-content\\\/uploads\\\/2019\\\/11\\\/Logo_Avatar_2-150x150.jpg\",\"caption\":\"Altominho.tv\"},\"url\":\"https:\\\/\\\/www.altominho.tv\\\/site\\\/author\\\/altominhotv-tecnico\\\/\"}]}<\/script>\n<!-- \/ Yoast SEO Premium plugin. -->","yoast_head_json":{"title":"Mercado Medieval regressa \u00e0 Fortaleza de Valen\u00e7a","description":"A Fortaleza de Valen\u00e7a transforma-se, entre os dias 4 e 6 de setembro, num cen\u00e1rio medieval, numa iniciativa que pretende recriar o ambiente e o quotidiano de outros tempos.","robots":{"index":"index","follow":"follow","max-snippet":"max-snippet:-1","max-image-preview":"max-image-preview:large","max-video-preview":"max-video-preview:-1"},"canonical":"https:\/\/www.altominho.tv\/site\/2026\/09\/01\/mercado-medieval-regressa-a-fortaleza-de-valenca\/","og_locale":"pt_PT","og_type":"article","og_title":"Mercado Medieval regressa \u00e0 Fortaleza de Valen\u00e7a","og_description":"A Fortaleza de Valen\u00e7a transforma-se, entre os dias 4 e 6 de setembro, num cen\u00e1rio medieval, numa iniciativa que pretende recriar o ambiente e o quotidiano de outros tempos.","og_url":"https:\/\/www.altominho.tv\/site\/2026\/09\/01\/mercado-medieval-regressa-a-fortaleza-de-valenca\/","og_site_name":"Altominho.tv","article_publisher":"https:\/\/www.facebook.com\/altominhotv","article_published_time":"2026-09-01T14:21:12+00:00","article_modified_time":"2026-09-01T14:21:14+00:00","og_image":[{"width":1200,"height":630,"url":"https:\/\/www.altominho.tv\/site\/wp-content\/uploads\/2026\/09\/Mercado-Medieval-valenca.jpg","type":"image\/jpeg"}],"author":"Altominho.tv","twitter_card":"summary_large_image","twitter_creator":"@altominhoTV","twitter_site":"@altominhoTV","twitter_misc":{"Escrito por":"Altominho.tv","Tempo estimado de leitura":"2 minutos"},"schema":{"@context":"https:\/\/schema.org","@graph":[{"@type":"Article","@id":"https:\/\/www.altominho.tv\/site\/2026\/09\/01\/mercado-medieval-regressa-a-fortaleza-de-valenca\/#article","isPartOf":{"@id":"https:\/\/www.altominho.tv\/site\/2026\/09\/01\/mercado-medieval-regressa-a-fortaleza-de-valenca\/"},"author":{"name":"Altominho.tv","@id":"https:\/\/www.altominho.tv\/site\/#\/schema\/person\/4e536851627d7914baf3dac752b6af22"},"headline":"Mercado Medieval regressa \u00e0 Fortaleza de Valen\u00e7a","datePublished":"2026-09-01T14:21:12+00:00","dateModified":"2026-09-01T14:21:14+00:00","mainEntityOfPage":{"@id":"https:\/\/www.altominho.tv\/site\/2026\/09\/01\/mercado-medieval-regressa-a-fortaleza-de-valenca\/"},"wordCount":253,"image":{"@id":"https:\/\/www.altominho.tv\/site\/2026\/09\/01\/mercado-medieval-regressa-a-fortaleza-de-valenca\/#primaryimage"},"thumbnailUrl":"https:\/\/www.altominho.tv\/site\/wp-content\/uploads\/2026\/09\/Mercado-Medieval-valenca.jpg","keywords":["Cultura"],"articleSection":["Valen\u00e7a"],"inLanguage":"pt-PT","copyrightYear":"2026","copyrightHolder":{"@id":"https:\/\/www.altominho.tv\/site\/#organization"}},{"@type":"WebPage","@id":"https:\/\/www.altominho.tv\/site\/2026\/09\/01\/mercado-medieval-regressa-a-fortaleza-de-valenca\/","url":"https:\/\/www.altominho.tv\/site\/2026\/09\/01\/mercado-medieval-regressa-a-fortaleza-de-valenca\/","name":"Mercado Medieval regressa \u00e0 Fortaleza de Valen\u00e7a","isPartOf":{"@id":"https:\/\/www.altominho.tv\/site\/#website"},"primaryImageOfPage":{"@id":"https:\/\/www.altominho.tv\/site\/2026\/09\/01\/mercado-medieval-regressa-a-fortaleza-de-valenca\/#primaryimage"},"image":{"@id":"https:\/\/www.altominho.tv\/site\/2026\/09\/01\/mercado-medieval-regressa-a-fortaleza-de-valenca\/#primaryimage"},"thumbnailUrl":"https:\/\/www.altominho.tv\/site\/wp-content\/uploads\/2026\/09\/Mercado-Medieval-valenca.jpg","datePublished":"2026-09-01T14:21:12+00:00","dateModified":"2026-09-01T14:21:14+00:00","author":{"@id":"https:\/\/www.altominho.tv\/site\/#\/schema\/person\/4e536851627d7914baf3dac752b6af22"},"description":"A Fortaleza de Valen\u00e7a transforma-se, entre os dias 4 e 6 de setembro, num cen\u00e1rio medieval, numa iniciativa que pretende recriar o ambiente e o quotidiano de outros tempos.","breadcrumb":{"@id":"https:\/\/www.altominho.tv\/site\/2026\/09\/01\/mercado-medieval-regressa-a-fortaleza-de-valenca\/#breadcrumb"},"inLanguage":"pt-PT","potentialAction":[{"@type":"ReadAction","target":["https:\/\/www.altominho.tv\/site\/2026\/09\/01\/mercado-medieval-regressa-a-fortaleza-de-valenca\/"]}]},{"@type":"ImageObject","inLanguage":"pt-PT","@id":"https:\/\/www.altominho.tv\/site\/2026\/09\/01\/mercado-medieval-regressa-a-fortaleza-de-valenca\/#primaryimage","url":"https:\/\/www.altominho.tv\/site\/wp-content\/uploads\/2026\/09\/Mercado-Medieval-valenca.jpg","contentUrl":"https:\/\/www.altominho.tv\/site\/wp-content\/uploads\/2026\/09\/Mercado-Medieval-valenca.jpg","width":1200,"height":630},{"@type":"BreadcrumbList","@id":"https:\/\/www.altominho.tv\/site\/2026\/09\/01\/mercado-medieval-regressa-a-fortaleza-de-valenca\/#breadcrumb","itemListElement":[{"@type":"ListItem","position":1,"name":"In\u00edcio","item":"https:\/\/www.altominho.tv\/site\/"},{"@type":"ListItem","position":2,"name":"Mercado Medieval regressa \u00e0 Fortaleza de Valen\u00e7a"}]},{"@type":"WebSite","@id":"https:\/\/www.altominho.tv\/site\/#website","url":"https:\/\/www.altominho.tv\/site\/","name":"Altominho.tv","description":"A sua regi\u00e3o \u00e0 dist\u00e2ncia de um clique...","potentialAction":[{"@type":"SearchAction","target":{"@type":"EntryPoint","urlTemplate":"https:\/\/www.altominho.tv\/site\/?s={search_term_string}"},"query-input":{"@type":"PropertyValueSpecification","valueRequired":true,"valueName":"search_term_string"}}],"inLanguage":"pt-PT"},{"@type":"Person","@id":"https:\/\/www.altominho.tv\/site\/#\/schema\/person\/4e536851627d7914baf3dac752b6af22","name":"Altominho.tv","image":{"@type":"ImageObject","inLanguage":"pt-PT","@id":"https:\/\/www.altominho.tv\/site\/wp-content\/uploads\/2019\/11\/Logo_Avatar_2-150x150.jpg","url":"https:\/\/www.altominho.tv\/site\/wp-content\/uploads\/2019\/11\/Logo_Avatar_2-150x150.jpg","contentUrl":"https:\/\/www.altominho.tv\/site\/wp-content\/uploads\/2019\/11\/Logo_Avatar_2-150x150.jpg","caption":"Altominho.tv"},"url":"https:\/\/www.altominho.tv\/site\/author\/altominhotv-tecnico\/"}]}},"_links":{"self":[{"href":"https:\/\/www.altominho.tv\/site\/wp-json\/wp\/v2\/posts\/136258","targetHints":{"allow":["GET"]}}],"collection":[{"href":"https:\/\/www.altominho.tv\/site\/wp-json\/wp\/v2\/posts"}],"about":[{"href":"https:\/\/www.altominho.tv\/site\/wp-json\/wp\/v2\/types\/post"}],"author":[{"embeddable":true,"href":"https:\/\/www.altominho.tv\/site\/wp-json\/wp\/v2\/users\/1"}],"replies":[{"embeddable":true,"href":"https:\/\/www.altominho.tv\/site\/wp-json\/wp\/v2\/comments?post=136258"}],"version-history":[{"count":2,"href":"https:\/\/www.altominho.tv\/site\/wp-json\/wp\/v2\/posts\/136258\/revisions"}],"predecessor-version":[{"id":136263,"href":"https:\/\/www.altominho.tv\/site\/wp-json\/wp\/v2\/posts\/136258\/revisions\/136263"}],"wp:featuredmedia":[{"embeddable":true,"href":"https:\/\/www.altominho.tv\/site\/wp-json\/wp\/v2\/media\/136259"}],"wp:attachment":[{"href":"https:\/\/www.altominho.tv\/site\/wp-json\/wp\/v2\/media?parent=136258"}],"wp:term":[{"taxonomy":"category","embeddable":true,"href":"https:\/\/www.altominho.tv\/site\/wp-json\/wp\/v2\/categories?post=136258"},{"taxonomy":"post_tag","embeddable":true,"href":"https:\/\/www.altominho.tv\/site\/wp-json\/wp\/v2\/tags?post=136258"}],"curies":[{"name":"wp","href":"https:\/\/api.w.org\/{rel}","templated":true}]}}