{"id":136251,"date":"2026-09-01T14:34:33","date_gmt":"2026-09-01T13:34:33","guid":{"rendered":"https:\/\/www.altominho.tv\/site\/?p=136251"},"modified":"2026-09-01T14:34:35","modified_gmt":"2026-09-01T13:34:35","slug":"empresario-quer-estatua-de-fernando-pimenta-em-ponte-de-lima","status":"publish","type":"post","link":"https:\/\/www.altominho.tv\/site\/2026\/09\/01\/empresario-quer-estatua-de-fernando-pimenta-em-ponte-de-lima\/","title":{"rendered":"Empres\u00e1rio quer est\u00e1tua de Fernando Pimenta em Ponte de Lima"},"content":{"rendered":"\n<p class=\"wp-block-paragraph\">O empres\u00e1rio Diogo Freitas, natural de\u00a0Ponte de Lima, lan\u00e7ou nas redes sociais um apelo para que seja constru\u00edda uma est\u00e1tua em homenagem a Fernando Pimenta, ap\u00f3s a conquista de mais duas medalhas de ouro, durante o passado fim de semana.<\/p>\n\n\n\n<p class=\"wp-block-paragraph\">O empres\u00e1rio, dono da empresa Officetotal Food Brands, mostrou-se dispon\u00edvel para suportar os custos.<\/p>\n\n\n\n<p class=\"wp-block-paragraph\">Na publica\u00e7\u00e3o partilhada nas redes sociais, pode ler-se que \u201cFernando Pimenta j\u00e1 deu diversas provas da sua excepcionalidade. Este fim de semana voltou a fazer hist\u00f3ria, tornando-se o atleta mais medalhado de sempre nas dist\u00e2ncias de K1 1000 e K1 5000 metros em Campeonatos do Mundo\u201d.<\/p>\n\n\n\n<figure class=\"wp-block-image size-large\"><img loading=\"lazy\" decoding=\"async\" width=\"1024\" height=\"946\" src=\"https:\/\/www.altominho.tv\/site\/wp-content\/uploads\/2026\/09\/unnamed-1-1024x946.jpg\" alt=\"\" class=\"wp-image-136252\" srcset=\"https:\/\/www.altominho.tv\/site\/wp-content\/uploads\/2026\/09\/unnamed-1-1024x946.jpg 1024w, https:\/\/www.altominho.tv\/site\/wp-content\/uploads\/2026\/09\/unnamed-1-468x433.jpg 468w, https:\/\/www.altominho.tv\/site\/wp-content\/uploads\/2026\/09\/unnamed-1-767x709.jpg 767w, https:\/\/www.altominho.tv\/site\/wp-content\/uploads\/2026\/09\/unnamed-1-570x527.jpg 570w, https:\/\/www.altominho.tv\/site\/wp-content\/uploads\/2026\/09\/unnamed-1-740x684.jpg 740w, https:\/\/www.altominho.tv\/site\/wp-content\/uploads\/2026\/09\/unnamed-1.jpg 1242w\" sizes=\"auto, (max-width: 1024px) 100vw, 1024px\" \/><\/figure>\n\n\n\n<p class=\"wp-block-paragraph\">O empres\u00e1rio disse ainda que &#8220;o grupo empresarial que represento est\u00e1 dispon\u00edvel, com muito gosto e orgulho, a assumir o custo da obra de arte, bastando que a CM nos disponibilize o local apropriado para tal&#8221;.<\/p>\n\n\n\n<p class=\"wp-block-paragraph\">Rosa Pimenta, m\u00e3e do atleta, reagiu tamb\u00e9m nas redes sociais, ao apelo do empres\u00e1rio, agradecendo o gesto: \u201cAinda h\u00e1 pessoas boas e raras em Ponte de Lima que reconhecem o valor do Fernando Pimenta. Obrigado, Diogo Freitas\u201d.<\/p>\n\n\n\n<p class=\"wp-block-paragraph\">Fotografia: <strong>DR<\/strong><\/p>\n","protected":false},"excerpt":{"rendered":"<p>O empres\u00e1rio Diogo Freitas, natural de\u00a0Ponte de Lima, lan\u00e7ou nas redes sociais um apelo para que seja constru\u00edda uma est\u00e1tua em homenagem a Fernando Pimenta, ap\u00f3s a conquista de mais duas medalhas de ouro, durante o passado fim de semana. O empres\u00e1rio, dono da empresa Officetotal Food Brands, mostrou-se dispon\u00edvel para suportar os custos. Na [&hellip;]<\/p>\n","protected":false},"author":1,"featured_media":136256,"comment_status":"closed","ping_status":"closed","sticky":false,"template":"","format":"standard","meta":{"_exactmetrics_skip_tracking":false,"footnotes":""},"categories":[12],"tags":[20],"class_list":["post-136251","post","type-post","status-publish","format-standard","has-post-thumbnail","hentry","category-ponte-de-lima","tag-desporto"],"yoast_head":"<!-- This site is optimized with the Yoast SEO Premium plugin v28.3 (Yoast SEO v28.3) - https:\/\/yoast.com\/product\/yoast-seo-premium-wordpress\/ -->\n<title>Empres\u00e1rio quer est\u00e1tua de Fernando Pimenta em Ponte de Lima<\/title>\n<meta name=\"robots\" content=\"index, follow, max-snippet:-1, max-image-preview:large, max-video-preview:-1\" \/>\n<link rel=\"canonical\" href=\"https:\/\/www.altominho.tv\/site\/2026\/09\/01\/empresario-quer-estatua-de-fernando-pimenta-em-ponte-de-lima\/\" \/>\n<meta property=\"og:locale\" content=\"pt_PT\" \/>\n<meta property=\"og:type\" content=\"article\" \/>\n<meta property=\"og:title\" content=\"Empres\u00e1rio quer est\u00e1tua de Fernando Pimenta em Ponte de Lima\" \/>\n<meta property=\"og:description\" content=\"O empres\u00e1rio Diogo Freitas, natural de\u00a0Ponte de Lima, lan\u00e7ou nas redes sociais um apelo para que seja constru\u00edda uma est\u00e1tua em homenagem a Fernando Pimenta, ap\u00f3s a conquista de mais duas medalhas de ouro, durante o passado fim de semana. O empres\u00e1rio, dono da empresa Officetotal Food Brands, mostrou-se dispon\u00edvel para suportar os custos. Na [&hellip;]\" \/>\n<meta property=\"og:url\" content=\"https:\/\/www.altominho.tv\/site\/2026\/09\/01\/empresario-quer-estatua-de-fernando-pimenta-em-ponte-de-lima\/\" \/>\n<meta property=\"og:site_name\" content=\"Altominho.tv\" \/>\n<meta property=\"article:publisher\" content=\"https:\/\/www.facebook.com\/altominhotv\" \/>\n<meta property=\"article:published_time\" content=\"2026-09-01T13:34:33+00:00\" \/>\n<meta property=\"article:modified_time\" content=\"2026-09-01T13:34:35+00:00\" \/>\n<meta property=\"og:image\" content=\"https:\/\/www.altominho.tv\/site\/wp-content\/uploads\/2026\/09\/pimentadiogo.png\" \/>\n\t<meta property=\"og:image:width\" content=\"1200\" \/>\n\t<meta property=\"og:image:height\" content=\"630\" \/>\n\t<meta property=\"og:image:type\" content=\"image\/png\" \/>\n<meta name=\"author\" content=\"Altominho.tv\" \/>\n<meta name=\"twitter:card\" content=\"summary_large_image\" \/>\n<meta name=\"twitter:creator\" content=\"@altominhoTV\" \/>\n<meta name=\"twitter:site\" content=\"@altominhoTV\" \/>\n<meta name=\"twitter:label1\" content=\"Escrito por\" \/>\n\t<meta name=\"twitter:data1\" content=\"Altominho.tv\" \/>\n\t<meta name=\"twitter:label2\" content=\"Tempo estimado de leitura\" \/>\n\t<meta name=\"twitter:data2\" content=\"2 minutos\" \/>\n<script type=\"application\/ld+json\" class=\"yoast-schema-graph\">{\"@context\":\"https:\\\/\\\/schema.org\",\"@graph\":[{\"@type\":\"Article\",\"@id\":\"https:\\\/\\\/www.altominho.tv\\\/site\\\/2026\\\/09\\\/01\\\/empresario-quer-estatua-de-fernando-pimenta-em-ponte-de-lima\\\/#article\",\"isPartOf\":{\"@id\":\"https:\\\/\\\/www.altominho.tv\\\/site\\\/2026\\\/09\\\/01\\\/empresario-quer-estatua-de-fernando-pimenta-em-ponte-de-lima\\\/\"},\"author\":{\"name\":\"Altominho.tv\",\"@id\":\"https:\\\/\\\/www.altominho.tv\\\/site\\\/#\\\/schema\\\/person\\\/4e536851627d7914baf3dac752b6af22\"},\"headline\":\"Empres\u00e1rio quer est\u00e1tua de Fernando Pimenta em Ponte de Lima\",\"datePublished\":\"2026-09-01T13:34:33+00:00\",\"dateModified\":\"2026-09-01T13:34:35+00:00\",\"mainEntityOfPage\":{\"@id\":\"https:\\\/\\\/www.altominho.tv\\\/site\\\/2026\\\/09\\\/01\\\/empresario-quer-estatua-de-fernando-pimenta-em-ponte-de-lima\\\/\"},\"wordCount\":201,\"image\":{\"@id\":\"https:\\\/\\\/www.altominho.tv\\\/site\\\/2026\\\/09\\\/01\\\/empresario-quer-estatua-de-fernando-pimenta-em-ponte-de-lima\\\/#primaryimage\"},\"thumbnailUrl\":\"https:\\\/\\\/www.altominho.tv\\\/site\\\/wp-content\\\/uploads\\\/2026\\\/09\\\/pimentadiogo.png\",\"keywords\":[\"Desporto\"],\"articleSection\":[\"Ponte de Lima\"],\"inLanguage\":\"pt-PT\",\"copyrightYear\":\"2026\",\"copyrightHolder\":{\"@id\":\"https:\\\/\\\/www.altominho.tv\\\/site\\\/#organization\"}},{\"@type\":\"WebPage\",\"@id\":\"https:\\\/\\\/www.altominho.tv\\\/site\\\/2026\\\/09\\\/01\\\/empresario-quer-estatua-de-fernando-pimenta-em-ponte-de-lima\\\/\",\"url\":\"https:\\\/\\\/www.altominho.tv\\\/site\\\/2026\\\/09\\\/01\\\/empresario-quer-estatua-de-fernando-pimenta-em-ponte-de-lima\\\/\",\"name\":\"Empres\u00e1rio quer est\u00e1tua de Fernando Pimenta em Ponte de Lima\",\"isPartOf\":{\"@id\":\"https:\\\/\\\/www.altominho.tv\\\/site\\\/#website\"},\"primaryImageOfPage\":{\"@id\":\"https:\\\/\\\/www.altominho.tv\\\/site\\\/2026\\\/09\\\/01\\\/empresario-quer-estatua-de-fernando-pimenta-em-ponte-de-lima\\\/#primaryimage\"},\"image\":{\"@id\":\"https:\\\/\\\/www.altominho.tv\\\/site\\\/2026\\\/09\\\/01\\\/empresario-quer-estatua-de-fernando-pimenta-em-ponte-de-lima\\\/#primaryimage\"},\"thumbnailUrl\":\"https:\\\/\\\/www.altominho.tv\\\/site\\\/wp-content\\\/uploads\\\/2026\\\/09\\\/pimentadiogo.png\",\"datePublished\":\"2026-09-01T13:34:33+00:00\",\"dateModified\":\"2026-09-01T13:34:35+00:00\",\"author\":{\"@id\":\"https:\\\/\\\/www.altominho.tv\\\/site\\\/#\\\/schema\\\/person\\\/4e536851627d7914baf3dac752b6af22\"},\"breadcrumb\":{\"@id\":\"https:\\\/\\\/www.altominho.tv\\\/site\\\/2026\\\/09\\\/01\\\/empresario-quer-estatua-de-fernando-pimenta-em-ponte-de-lima\\\/#breadcrumb\"},\"inLanguage\":\"pt-PT\",\"potentialAction\":[{\"@type\":\"ReadAction\",\"target\":[\"https:\\\/\\\/www.altominho.tv\\\/site\\\/2026\\\/09\\\/01\\\/empresario-quer-estatua-de-fernando-pimenta-em-ponte-de-lima\\\/\"]}]},{\"@type\":\"ImageObject\",\"inLanguage\":\"pt-PT\",\"@id\":\"https:\\\/\\\/www.altominho.tv\\\/site\\\/2026\\\/09\\\/01\\\/empresario-quer-estatua-de-fernando-pimenta-em-ponte-de-lima\\\/#primaryimage\",\"url\":\"https:\\\/\\\/www.altominho.tv\\\/site\\\/wp-content\\\/uploads\\\/2026\\\/09\\\/pimentadiogo.png\",\"contentUrl\":\"https:\\\/\\\/www.altominho.tv\\\/site\\\/wp-content\\\/uploads\\\/2026\\\/09\\\/pimentadiogo.png\",\"width\":1200,\"height\":630},{\"@type\":\"BreadcrumbList\",\"@id\":\"https:\\\/\\\/www.altominho.tv\\\/site\\\/2026\\\/09\\\/01\\\/empresario-quer-estatua-de-fernando-pimenta-em-ponte-de-lima\\\/#breadcrumb\",\"itemListElement\":[{\"@type\":\"ListItem\",\"position\":1,\"name\":\"In\u00edcio\",\"item\":\"https:\\\/\\\/www.altominho.tv\\\/site\\\/\"},{\"@type\":\"ListItem\",\"position\":2,\"name\":\"Empres\u00e1rio quer est\u00e1tua de Fernando Pimenta em Ponte de Lima\"}]},{\"@type\":\"WebSite\",\"@id\":\"https:\\\/\\\/www.altominho.tv\\\/site\\\/#website\",\"url\":\"https:\\\/\\\/www.altominho.tv\\\/site\\\/\",\"name\":\"Altominho.tv\",\"description\":\"A sua regi\u00e3o \u00e0 dist\u00e2ncia de um clique...\",\"potentialAction\":[{\"@type\":\"SearchAction\",\"target\":{\"@type\":\"EntryPoint\",\"urlTemplate\":\"https:\\\/\\\/www.altominho.tv\\\/site\\\/?s={search_term_string}\"},\"query-input\":{\"@type\":\"PropertyValueSpecification\",\"valueRequired\":true,\"valueName\":\"search_term_string\"}}],\"inLanguage\":\"pt-PT\"},{\"@type\":\"Person\",\"@id\":\"https:\\\/\\\/www.altominho.tv\\\/site\\\/#\\\/schema\\\/person\\\/4e536851627d7914baf3dac752b6af22\",\"name\":\"Altominho.tv\",\"image\":{\"@type\":\"ImageObject\",\"inLanguage\":\"pt-PT\",\"@id\":\"https:\\\/\\\/www.altominho.tv\\\/site\\\/wp-content\\\/uploads\\\/2019\\\/11\\\/Logo_Avatar_2-150x150.jpg\",\"url\":\"https:\\\/\\\/www.altominho.tv\\\/site\\\/wp-content\\\/uploads\\\/2019\\\/11\\\/Logo_Avatar_2-150x150.jpg\",\"contentUrl\":\"https:\\\/\\\/www.altominho.tv\\\/site\\\/wp-content\\\/uploads\\\/2019\\\/11\\\/Logo_Avatar_2-150x150.jpg\",\"caption\":\"Altominho.tv\"},\"url\":\"https:\\\/\\\/www.altominho.tv\\\/site\\\/author\\\/altominhotv-tecnico\\\/\"}]}<\/script>\n<!-- \/ Yoast SEO Premium plugin. -->","yoast_head_json":{"title":"Empres\u00e1rio quer est\u00e1tua de Fernando Pimenta em Ponte de Lima","robots":{"index":"index","follow":"follow","max-snippet":"max-snippet:-1","max-image-preview":"max-image-preview:large","max-video-preview":"max-video-preview:-1"},"canonical":"https:\/\/www.altominho.tv\/site\/2026\/09\/01\/empresario-quer-estatua-de-fernando-pimenta-em-ponte-de-lima\/","og_locale":"pt_PT","og_type":"article","og_title":"Empres\u00e1rio quer est\u00e1tua de Fernando Pimenta em Ponte de Lima","og_description":"O empres\u00e1rio Diogo Freitas, natural de\u00a0Ponte de Lima, lan\u00e7ou nas redes sociais um apelo para que seja constru\u00edda uma est\u00e1tua em homenagem a Fernando Pimenta, ap\u00f3s a conquista de mais duas medalhas de ouro, durante o passado fim de semana. O empres\u00e1rio, dono da empresa Officetotal Food Brands, mostrou-se dispon\u00edvel para suportar os custos. Na [&hellip;]","og_url":"https:\/\/www.altominho.tv\/site\/2026\/09\/01\/empresario-quer-estatua-de-fernando-pimenta-em-ponte-de-lima\/","og_site_name":"Altominho.tv","article_publisher":"https:\/\/www.facebook.com\/altominhotv","article_published_time":"2026-09-01T13:34:33+00:00","article_modified_time":"2026-09-01T13:34:35+00:00","og_image":[{"width":1200,"height":630,"url":"https:\/\/www.altominho.tv\/site\/wp-content\/uploads\/2026\/09\/pimentadiogo.png","type":"image\/png"}],"author":"Altominho.tv","twitter_card":"summary_large_image","twitter_creator":"@altominhoTV","twitter_site":"@altominhoTV","twitter_misc":{"Escrito por":"Altominho.tv","Tempo estimado de leitura":"2 minutos"},"schema":{"@context":"https:\/\/schema.org","@graph":[{"@type":"Article","@id":"https:\/\/www.altominho.tv\/site\/2026\/09\/01\/empresario-quer-estatua-de-fernando-pimenta-em-ponte-de-lima\/#article","isPartOf":{"@id":"https:\/\/www.altominho.tv\/site\/2026\/09\/01\/empresario-quer-estatua-de-fernando-pimenta-em-ponte-de-lima\/"},"author":{"name":"Altominho.tv","@id":"https:\/\/www.altominho.tv\/site\/#\/schema\/person\/4e536851627d7914baf3dac752b6af22"},"headline":"Empres\u00e1rio quer est\u00e1tua de Fernando Pimenta em Ponte de Lima","datePublished":"2026-09-01T13:34:33+00:00","dateModified":"2026-09-01T13:34:35+00:00","mainEntityOfPage":{"@id":"https:\/\/www.altominho.tv\/site\/2026\/09\/01\/empresario-quer-estatua-de-fernando-pimenta-em-ponte-de-lima\/"},"wordCount":201,"image":{"@id":"https:\/\/www.altominho.tv\/site\/2026\/09\/01\/empresario-quer-estatua-de-fernando-pimenta-em-ponte-de-lima\/#primaryimage"},"thumbnailUrl":"https:\/\/www.altominho.tv\/site\/wp-content\/uploads\/2026\/09\/pimentadiogo.png","keywords":["Desporto"],"articleSection":["Ponte de Lima"],"inLanguage":"pt-PT","copyrightYear":"2026","copyrightHolder":{"@id":"https:\/\/www.altominho.tv\/site\/#organization"}},{"@type":"WebPage","@id":"https:\/\/www.altominho.tv\/site\/2026\/09\/01\/empresario-quer-estatua-de-fernando-pimenta-em-ponte-de-lima\/","url":"https:\/\/www.altominho.tv\/site\/2026\/09\/01\/empresario-quer-estatua-de-fernando-pimenta-em-ponte-de-lima\/","name":"Empres\u00e1rio quer est\u00e1tua de Fernando Pimenta em Ponte de Lima","isPartOf":{"@id":"https:\/\/www.altominho.tv\/site\/#website"},"primaryImageOfPage":{"@id":"https:\/\/www.altominho.tv\/site\/2026\/09\/01\/empresario-quer-estatua-de-fernando-pimenta-em-ponte-de-lima\/#primaryimage"},"image":{"@id":"https:\/\/www.altominho.tv\/site\/2026\/09\/01\/empresario-quer-estatua-de-fernando-pimenta-em-ponte-de-lima\/#primaryimage"},"thumbnailUrl":"https:\/\/www.altominho.tv\/site\/wp-content\/uploads\/2026\/09\/pimentadiogo.png","datePublished":"2026-09-01T13:34:33+00:00","dateModified":"2026-09-01T13:34:35+00:00","author":{"@id":"https:\/\/www.altominho.tv\/site\/#\/schema\/person\/4e536851627d7914baf3dac752b6af22"},"breadcrumb":{"@id":"https:\/\/www.altominho.tv\/site\/2026\/09\/01\/empresario-quer-estatua-de-fernando-pimenta-em-ponte-de-lima\/#breadcrumb"},"inLanguage":"pt-PT","potentialAction":[{"@type":"ReadAction","target":["https:\/\/www.altominho.tv\/site\/2026\/09\/01\/empresario-quer-estatua-de-fernando-pimenta-em-ponte-de-lima\/"]}]},{"@type":"ImageObject","inLanguage":"pt-PT","@id":"https:\/\/www.altominho.tv\/site\/2026\/09\/01\/empresario-quer-estatua-de-fernando-pimenta-em-ponte-de-lima\/#primaryimage","url":"https:\/\/www.altominho.tv\/site\/wp-content\/uploads\/2026\/09\/pimentadiogo.png","contentUrl":"https:\/\/www.altominho.tv\/site\/wp-content\/uploads\/2026\/09\/pimentadiogo.png","width":1200,"height":630},{"@type":"BreadcrumbList","@id":"https:\/\/www.altominho.tv\/site\/2026\/09\/01\/empresario-quer-estatua-de-fernando-pimenta-em-ponte-de-lima\/#breadcrumb","itemListElement":[{"@type":"ListItem","position":1,"name":"In\u00edcio","item":"https:\/\/www.altominho.tv\/site\/"},{"@type":"ListItem","position":2,"name":"Empres\u00e1rio quer est\u00e1tua de Fernando Pimenta em Ponte de Lima"}]},{"@type":"WebSite","@id":"https:\/\/www.altominho.tv\/site\/#website","url":"https:\/\/www.altominho.tv\/site\/","name":"Altominho.tv","description":"A sua regi\u00e3o \u00e0 dist\u00e2ncia de um clique...","potentialAction":[{"@type":"SearchAction","target":{"@type":"EntryPoint","urlTemplate":"https:\/\/www.altominho.tv\/site\/?s={search_term_string}"},"query-input":{"@type":"PropertyValueSpecification","valueRequired":true,"valueName":"search_term_string"}}],"inLanguage":"pt-PT"},{"@type":"Person","@id":"https:\/\/www.altominho.tv\/site\/#\/schema\/person\/4e536851627d7914baf3dac752b6af22","name":"Altominho.tv","image":{"@type":"ImageObject","inLanguage":"pt-PT","@id":"https:\/\/www.altominho.tv\/site\/wp-content\/uploads\/2019\/11\/Logo_Avatar_2-150x150.jpg","url":"https:\/\/www.altominho.tv\/site\/wp-content\/uploads\/2019\/11\/Logo_Avatar_2-150x150.jpg","contentUrl":"https:\/\/www.altominho.tv\/site\/wp-content\/uploads\/2019\/11\/Logo_Avatar_2-150x150.jpg","caption":"Altominho.tv"},"url":"https:\/\/www.altominho.tv\/site\/author\/altominhotv-tecnico\/"}]}},"_links":{"self":[{"href":"https:\/\/www.altominho.tv\/site\/wp-json\/wp\/v2\/posts\/136251","targetHints":{"allow":["GET"]}}],"collection":[{"href":"https:\/\/www.altominho.tv\/site\/wp-json\/wp\/v2\/posts"}],"about":[{"href":"https:\/\/www.altominho.tv\/site\/wp-json\/wp\/v2\/types\/post"}],"author":[{"embeddable":true,"href":"https:\/\/www.altominho.tv\/site\/wp-json\/wp\/v2\/users\/1"}],"replies":[{"embeddable":true,"href":"https:\/\/www.altominho.tv\/site\/wp-json\/wp\/v2\/comments?post=136251"}],"version-history":[{"count":1,"href":"https:\/\/www.altominho.tv\/site\/wp-json\/wp\/v2\/posts\/136251\/revisions"}],"predecessor-version":[{"id":136257,"href":"https:\/\/www.altominho.tv\/site\/wp-json\/wp\/v2\/posts\/136251\/revisions\/136257"}],"wp:featuredmedia":[{"embeddable":true,"href":"https:\/\/www.altominho.tv\/site\/wp-json\/wp\/v2\/media\/136256"}],"wp:attachment":[{"href":"https:\/\/www.altominho.tv\/site\/wp-json\/wp\/v2\/media?parent=136251"}],"wp:term":[{"taxonomy":"category","embeddable":true,"href":"https:\/\/www.altominho.tv\/site\/wp-json\/wp\/v2\/categories?post=136251"},{"taxonomy":"post_tag","embeddable":true,"href":"https:\/\/www.altominho.tv\/site\/wp-json\/wp\/v2\/tags?post=136251"}],"curies":[{"name":"wp","href":"https:\/\/api.w.org\/{rel}","templated":true}]}}