{"id":136242,"date":"2026-09-01T10:37:06","date_gmt":"2026-09-01T09:37:06","guid":{"rendered":"https:\/\/www.altominho.tv\/site\/?p=136242"},"modified":"2026-09-01T10:37:08","modified_gmt":"2026-09-01T09:37:08","slug":"camara-de-arcos-de-valdevez-volta-a-apoiar-alunos-e-escolas-no-regresso-as-aulas","status":"publish","type":"post","link":"https:\/\/www.altominho.tv\/site\/2026\/09\/01\/camara-de-arcos-de-valdevez-volta-a-apoiar-alunos-e-escolas-no-regresso-as-aulas\/","title":{"rendered":"C\u00e2mara de Arcos de Valdevez volta a apoiar alunos e escolas no regresso \u00e0s aulas"},"content":{"rendered":"\n<p class=\"wp-block-paragraph\">A C\u00e2mara de Arcos de Valdevez assinou dois protocolos no \u00e2mbito de aux\u00edlios econ\u00f3micos e que prev\u00eaem garantir o apoio aos alunos para o ano letivo de 2026\/2027, num valor total que ascende a cerca de 90 mil euros.<\/p>\n\n\n\n<p class=\"wp-block-paragraph\">A medida insere-se no \u00e2mbito da A\u00e7\u00e3o Social Escolar e tem como principal objetivo &#8220;aliviar os encargos das fam\u00edlias com o in\u00edcio do ano letivo, assegurando que todos os alunos t\u00eam acesso aos recursos pedag\u00f3gicos essenciais, independentemente da sua condi\u00e7\u00e3o econ\u00f3mica&#8221;.<\/p>\n\n\n\n<p class=\"wp-block-paragraph\">A autarquia vai garantir o acesso gratuito \u00e0s fichas de trabalho para os estudantes do 1\u00ba, 2\u00ba e 3\u00ba ciclos do Ensino B\u00e1sico, e cuja condi\u00e7\u00e3o socioecon\u00f3mica n\u00e3o lhes permite suportar integralmente os encargos.<\/p>\n\n\n\n<p class=\"wp-block-paragraph\">Os alunos dos escal\u00f5es A e B beneficiam de uma comparticipa\u00e7\u00e3o de 100% do custo das fichas, enquanto os alunos sem escal\u00e3o recebem um apoio correspondente a 50% desse valor.<\/p>\n\n\n\n<p class=\"wp-block-paragraph\">Para al\u00e9m deste apoio, foi tamb\u00e9m assinado um protocolo com o Agrupamento de Escolas de Valdevez e que pretende garantir o acesso dos alunos inseridos nos diferentes n\u00edveis de ensino (Pr\u00e9-escolar,1\u00baciclo, 2\u00baciclo, 3\u00baciclo e secund\u00e1rio), \u00e0s iniciativas constantes no Plano de Atividades para o ano letivo 2026\/2027.<\/p>\n\n\n\n<p class=\"wp-block-paragraph\">O Plano para o pr\u00f3ximo ano letivo continua a apostar nas Atividades de Enriquecimento Curricular (AEC\u00b4s), em iniciativas de promo\u00e7\u00e3o da educa\u00e7\u00e3o ambiental, sustentabilidade, leitura, artes, cultura, bem-estar e na valoriza\u00e7\u00e3o do patrim\u00f3nio e hist\u00f3ria local.<\/p>\n\n\n\n<p class=\"wp-block-paragraph\">Os protocolos integram o Agrupamento de Escolas de Valdevez, a Associa\u00e7\u00e3o de Pais e Encarregados de Educa\u00e7\u00e3o e quatro livrarias arcuenses (O Agrafo, Lda \/ Quiosque O Pelourinho \/ Livraria Acad\u00e9mica \/ Papelaria Versus).<\/p>\n\n\n\n<p class=\"wp-block-paragraph\">Fotografia: <strong>Munic\u00edpio de Arcos de Valdevez<\/strong><\/p>\n","protected":false},"excerpt":{"rendered":"<p>A C\u00e2mara de Arcos de Valdevez assinou dois protocolos no \u00e2mbito de aux\u00edlios econ\u00f3micos e que prev\u00eaem garantir o apoio aos alunos para o ano letivo de 2026\/2027, num valor total que ascende a cerca de 90 mil euros. A medida insere-se no \u00e2mbito da A\u00e7\u00e3o Social Escolar e tem como principal objetivo &#8220;aliviar os [&hellip;]<\/p>\n","protected":false},"author":7,"featured_media":136243,"comment_status":"closed","ping_status":"closed","sticky":false,"template":"","format":"standard","meta":{"_exactmetrics_skip_tracking":false,"footnotes":""},"categories":[2],"tags":[22],"class_list":["post-136242","post","type-post","status-publish","format-standard","has-post-thumbnail","hentry","category-arcos-de-valdevez","tag-educacao"],"yoast_head":"<!-- This site is optimized with the Yoast SEO Premium plugin v28.3 (Yoast SEO v28.3) - https:\/\/yoast.com\/product\/yoast-seo-premium-wordpress\/ -->\n<title>C\u00e2mara de Arcos de Valdevez volta a apoiar alunos e escolas no regresso \u00e0s aulas<\/title>\n<meta name=\"robots\" content=\"index, follow, max-snippet:-1, max-image-preview:large, max-video-preview:-1\" \/>\n<link rel=\"canonical\" href=\"https:\/\/www.altominho.tv\/site\/2026\/09\/01\/camara-de-arcos-de-valdevez-volta-a-apoiar-alunos-e-escolas-no-regresso-as-aulas\/\" \/>\n<meta property=\"og:locale\" content=\"pt_PT\" \/>\n<meta property=\"og:type\" content=\"article\" \/>\n<meta property=\"og:title\" content=\"C\u00e2mara de Arcos de Valdevez volta a apoiar alunos e escolas no regresso \u00e0s aulas\" \/>\n<meta property=\"og:description\" content=\"A C\u00e2mara de Arcos de Valdevez assinou dois protocolos no \u00e2mbito de aux\u00edlios econ\u00f3micos e que prev\u00eaem garantir o apoio aos alunos para o ano letivo de 2026\/2027, num valor total que ascende a cerca de 90 mil euros. A medida insere-se no \u00e2mbito da A\u00e7\u00e3o Social Escolar e tem como principal objetivo &#8220;aliviar os [&hellip;]\" \/>\n<meta property=\"og:url\" content=\"https:\/\/www.altominho.tv\/site\/2026\/09\/01\/camara-de-arcos-de-valdevez-volta-a-apoiar-alunos-e-escolas-no-regresso-as-aulas\/\" \/>\n<meta property=\"og:site_name\" content=\"Altominho.tv\" \/>\n<meta property=\"article:publisher\" content=\"https:\/\/www.facebook.com\/altominhotv\" \/>\n<meta property=\"article:published_time\" content=\"2026-09-01T09:37:06+00:00\" \/>\n<meta property=\"article:modified_time\" content=\"2026-09-01T09:37:08+00:00\" \/>\n<meta property=\"og:image\" content=\"https:\/\/www.altominho.tv\/site\/wp-content\/uploads\/2026\/09\/arcos.png\" \/>\n\t<meta property=\"og:image:width\" content=\"1200\" \/>\n\t<meta property=\"og:image:height\" content=\"630\" \/>\n\t<meta property=\"og:image:type\" content=\"image\/png\" \/>\n<meta name=\"author\" content=\"Andreia Cunha\" \/>\n<meta name=\"twitter:card\" content=\"summary_large_image\" \/>\n<meta name=\"twitter:creator\" content=\"@altominhoTV\" \/>\n<meta name=\"twitter:site\" content=\"@altominhoTV\" \/>\n<meta name=\"twitter:label1\" content=\"Escrito por\" \/>\n\t<meta name=\"twitter:data1\" content=\"Andreia Cunha\" \/>\n\t<meta name=\"twitter:label2\" content=\"Tempo estimado de leitura\" \/>\n\t<meta name=\"twitter:data2\" content=\"2 minutos\" \/>\n<script type=\"application\/ld+json\" class=\"yoast-schema-graph\">{\"@context\":\"https:\\\/\\\/schema.org\",\"@graph\":[{\"@type\":\"Article\",\"@id\":\"https:\\\/\\\/www.altominho.tv\\\/site\\\/2026\\\/09\\\/01\\\/camara-de-arcos-de-valdevez-volta-a-apoiar-alunos-e-escolas-no-regresso-as-aulas\\\/#article\",\"isPartOf\":{\"@id\":\"https:\\\/\\\/www.altominho.tv\\\/site\\\/2026\\\/09\\\/01\\\/camara-de-arcos-de-valdevez-volta-a-apoiar-alunos-e-escolas-no-regresso-as-aulas\\\/\"},\"author\":{\"name\":\"Andreia Cunha\",\"@id\":\"https:\\\/\\\/www.altominho.tv\\\/site\\\/#\\\/schema\\\/person\\\/a0e4ef6d041f98ca284393d8f1d97153\"},\"headline\":\"C\u00e2mara de Arcos de Valdevez volta a apoiar alunos e escolas no regresso \u00e0s aulas\",\"datePublished\":\"2026-09-01T09:37:06+00:00\",\"dateModified\":\"2026-09-01T09:37:08+00:00\",\"mainEntityOfPage\":{\"@id\":\"https:\\\/\\\/www.altominho.tv\\\/site\\\/2026\\\/09\\\/01\\\/camara-de-arcos-de-valdevez-volta-a-apoiar-alunos-e-escolas-no-regresso-as-aulas\\\/\"},\"wordCount\":307,\"image\":{\"@id\":\"https:\\\/\\\/www.altominho.tv\\\/site\\\/2026\\\/09\\\/01\\\/camara-de-arcos-de-valdevez-volta-a-apoiar-alunos-e-escolas-no-regresso-as-aulas\\\/#primaryimage\"},\"thumbnailUrl\":\"https:\\\/\\\/www.altominho.tv\\\/site\\\/wp-content\\\/uploads\\\/2026\\\/09\\\/arcos.png\",\"keywords\":[\"Educa\u00e7\u00e3o\"],\"articleSection\":[\"Arcos de Valdevez\"],\"inLanguage\":\"pt-PT\",\"copyrightYear\":\"2026\",\"copyrightHolder\":{\"@id\":\"https:\\\/\\\/www.altominho.tv\\\/site\\\/#organization\"}},{\"@type\":\"WebPage\",\"@id\":\"https:\\\/\\\/www.altominho.tv\\\/site\\\/2026\\\/09\\\/01\\\/camara-de-arcos-de-valdevez-volta-a-apoiar-alunos-e-escolas-no-regresso-as-aulas\\\/\",\"url\":\"https:\\\/\\\/www.altominho.tv\\\/site\\\/2026\\\/09\\\/01\\\/camara-de-arcos-de-valdevez-volta-a-apoiar-alunos-e-escolas-no-regresso-as-aulas\\\/\",\"name\":\"C\u00e2mara de Arcos de Valdevez volta a apoiar alunos e escolas no regresso \u00e0s aulas\",\"isPartOf\":{\"@id\":\"https:\\\/\\\/www.altominho.tv\\\/site\\\/#website\"},\"primaryImageOfPage\":{\"@id\":\"https:\\\/\\\/www.altominho.tv\\\/site\\\/2026\\\/09\\\/01\\\/camara-de-arcos-de-valdevez-volta-a-apoiar-alunos-e-escolas-no-regresso-as-aulas\\\/#primaryimage\"},\"image\":{\"@id\":\"https:\\\/\\\/www.altominho.tv\\\/site\\\/2026\\\/09\\\/01\\\/camara-de-arcos-de-valdevez-volta-a-apoiar-alunos-e-escolas-no-regresso-as-aulas\\\/#primaryimage\"},\"thumbnailUrl\":\"https:\\\/\\\/www.altominho.tv\\\/site\\\/wp-content\\\/uploads\\\/2026\\\/09\\\/arcos.png\",\"datePublished\":\"2026-09-01T09:37:06+00:00\",\"dateModified\":\"2026-09-01T09:37:08+00:00\",\"author\":{\"@id\":\"https:\\\/\\\/www.altominho.tv\\\/site\\\/#\\\/schema\\\/person\\\/a0e4ef6d041f98ca284393d8f1d97153\"},\"breadcrumb\":{\"@id\":\"https:\\\/\\\/www.altominho.tv\\\/site\\\/2026\\\/09\\\/01\\\/camara-de-arcos-de-valdevez-volta-a-apoiar-alunos-e-escolas-no-regresso-as-aulas\\\/#breadcrumb\"},\"inLanguage\":\"pt-PT\",\"potentialAction\":[{\"@type\":\"ReadAction\",\"target\":[\"https:\\\/\\\/www.altominho.tv\\\/site\\\/2026\\\/09\\\/01\\\/camara-de-arcos-de-valdevez-volta-a-apoiar-alunos-e-escolas-no-regresso-as-aulas\\\/\"]}]},{\"@type\":\"ImageObject\",\"inLanguage\":\"pt-PT\",\"@id\":\"https:\\\/\\\/www.altominho.tv\\\/site\\\/2026\\\/09\\\/01\\\/camara-de-arcos-de-valdevez-volta-a-apoiar-alunos-e-escolas-no-regresso-as-aulas\\\/#primaryimage\",\"url\":\"https:\\\/\\\/www.altominho.tv\\\/site\\\/wp-content\\\/uploads\\\/2026\\\/09\\\/arcos.png\",\"contentUrl\":\"https:\\\/\\\/www.altominho.tv\\\/site\\\/wp-content\\\/uploads\\\/2026\\\/09\\\/arcos.png\",\"width\":1200,\"height\":630},{\"@type\":\"BreadcrumbList\",\"@id\":\"https:\\\/\\\/www.altominho.tv\\\/site\\\/2026\\\/09\\\/01\\\/camara-de-arcos-de-valdevez-volta-a-apoiar-alunos-e-escolas-no-regresso-as-aulas\\\/#breadcrumb\",\"itemListElement\":[{\"@type\":\"ListItem\",\"position\":1,\"name\":\"In\u00edcio\",\"item\":\"https:\\\/\\\/www.altominho.tv\\\/site\\\/\"},{\"@type\":\"ListItem\",\"position\":2,\"name\":\"C\u00e2mara de Arcos de Valdevez volta a apoiar alunos e escolas no regresso \u00e0s aulas\"}]},{\"@type\":\"WebSite\",\"@id\":\"https:\\\/\\\/www.altominho.tv\\\/site\\\/#website\",\"url\":\"https:\\\/\\\/www.altominho.tv\\\/site\\\/\",\"name\":\"Altominho.tv\",\"description\":\"A sua regi\u00e3o \u00e0 dist\u00e2ncia de um clique...\",\"potentialAction\":[{\"@type\":\"SearchAction\",\"target\":{\"@type\":\"EntryPoint\",\"urlTemplate\":\"https:\\\/\\\/www.altominho.tv\\\/site\\\/?s={search_term_string}\"},\"query-input\":{\"@type\":\"PropertyValueSpecification\",\"valueRequired\":true,\"valueName\":\"search_term_string\"}}],\"inLanguage\":\"pt-PT\"},{\"@type\":\"Person\",\"@id\":\"https:\\\/\\\/www.altominho.tv\\\/site\\\/#\\\/schema\\\/person\\\/a0e4ef6d041f98ca284393d8f1d97153\",\"name\":\"Andreia Cunha\",\"image\":{\"@type\":\"ImageObject\",\"inLanguage\":\"pt-PT\",\"@id\":\"https:\\\/\\\/www.altominho.tv\\\/site\\\/wp-content\\\/uploads\\\/2017\\\/11\\\/Andreia_Cunha-1-150x150.jpg\",\"url\":\"https:\\\/\\\/www.altominho.tv\\\/site\\\/wp-content\\\/uploads\\\/2017\\\/11\\\/Andreia_Cunha-1-150x150.jpg\",\"contentUrl\":\"https:\\\/\\\/www.altominho.tv\\\/site\\\/wp-content\\\/uploads\\\/2017\\\/11\\\/Andreia_Cunha-1-150x150.jpg\",\"caption\":\"Andreia Cunha\"},\"url\":\"https:\\\/\\\/www.altominho.tv\\\/site\\\/author\\\/andreiacunha\\\/\"}]}<\/script>\n<!-- \/ Yoast SEO Premium plugin. -->","yoast_head_json":{"title":"C\u00e2mara de Arcos de Valdevez volta a apoiar alunos e escolas no regresso \u00e0s aulas","robots":{"index":"index","follow":"follow","max-snippet":"max-snippet:-1","max-image-preview":"max-image-preview:large","max-video-preview":"max-video-preview:-1"},"canonical":"https:\/\/www.altominho.tv\/site\/2026\/09\/01\/camara-de-arcos-de-valdevez-volta-a-apoiar-alunos-e-escolas-no-regresso-as-aulas\/","og_locale":"pt_PT","og_type":"article","og_title":"C\u00e2mara de Arcos de Valdevez volta a apoiar alunos e escolas no regresso \u00e0s aulas","og_description":"A C\u00e2mara de Arcos de Valdevez assinou dois protocolos no \u00e2mbito de aux\u00edlios econ\u00f3micos e que prev\u00eaem garantir o apoio aos alunos para o ano letivo de 2026\/2027, num valor total que ascende a cerca de 90 mil euros. A medida insere-se no \u00e2mbito da A\u00e7\u00e3o Social Escolar e tem como principal objetivo &#8220;aliviar os [&hellip;]","og_url":"https:\/\/www.altominho.tv\/site\/2026\/09\/01\/camara-de-arcos-de-valdevez-volta-a-apoiar-alunos-e-escolas-no-regresso-as-aulas\/","og_site_name":"Altominho.tv","article_publisher":"https:\/\/www.facebook.com\/altominhotv","article_published_time":"2026-09-01T09:37:06+00:00","article_modified_time":"2026-09-01T09:37:08+00:00","og_image":[{"width":1200,"height":630,"url":"https:\/\/www.altominho.tv\/site\/wp-content\/uploads\/2026\/09\/arcos.png","type":"image\/png"}],"author":"Andreia Cunha","twitter_card":"summary_large_image","twitter_creator":"@altominhoTV","twitter_site":"@altominhoTV","twitter_misc":{"Escrito por":"Andreia Cunha","Tempo estimado de leitura":"2 minutos"},"schema":{"@context":"https:\/\/schema.org","@graph":[{"@type":"Article","@id":"https:\/\/www.altominho.tv\/site\/2026\/09\/01\/camara-de-arcos-de-valdevez-volta-a-apoiar-alunos-e-escolas-no-regresso-as-aulas\/#article","isPartOf":{"@id":"https:\/\/www.altominho.tv\/site\/2026\/09\/01\/camara-de-arcos-de-valdevez-volta-a-apoiar-alunos-e-escolas-no-regresso-as-aulas\/"},"author":{"name":"Andreia Cunha","@id":"https:\/\/www.altominho.tv\/site\/#\/schema\/person\/a0e4ef6d041f98ca284393d8f1d97153"},"headline":"C\u00e2mara de Arcos de Valdevez volta a apoiar alunos e escolas no regresso \u00e0s aulas","datePublished":"2026-09-01T09:37:06+00:00","dateModified":"2026-09-01T09:37:08+00:00","mainEntityOfPage":{"@id":"https:\/\/www.altominho.tv\/site\/2026\/09\/01\/camara-de-arcos-de-valdevez-volta-a-apoiar-alunos-e-escolas-no-regresso-as-aulas\/"},"wordCount":307,"image":{"@id":"https:\/\/www.altominho.tv\/site\/2026\/09\/01\/camara-de-arcos-de-valdevez-volta-a-apoiar-alunos-e-escolas-no-regresso-as-aulas\/#primaryimage"},"thumbnailUrl":"https:\/\/www.altominho.tv\/site\/wp-content\/uploads\/2026\/09\/arcos.png","keywords":["Educa\u00e7\u00e3o"],"articleSection":["Arcos de Valdevez"],"inLanguage":"pt-PT","copyrightYear":"2026","copyrightHolder":{"@id":"https:\/\/www.altominho.tv\/site\/#organization"}},{"@type":"WebPage","@id":"https:\/\/www.altominho.tv\/site\/2026\/09\/01\/camara-de-arcos-de-valdevez-volta-a-apoiar-alunos-e-escolas-no-regresso-as-aulas\/","url":"https:\/\/www.altominho.tv\/site\/2026\/09\/01\/camara-de-arcos-de-valdevez-volta-a-apoiar-alunos-e-escolas-no-regresso-as-aulas\/","name":"C\u00e2mara de Arcos de Valdevez volta a apoiar alunos e escolas no regresso \u00e0s aulas","isPartOf":{"@id":"https:\/\/www.altominho.tv\/site\/#website"},"primaryImageOfPage":{"@id":"https:\/\/www.altominho.tv\/site\/2026\/09\/01\/camara-de-arcos-de-valdevez-volta-a-apoiar-alunos-e-escolas-no-regresso-as-aulas\/#primaryimage"},"image":{"@id":"https:\/\/www.altominho.tv\/site\/2026\/09\/01\/camara-de-arcos-de-valdevez-volta-a-apoiar-alunos-e-escolas-no-regresso-as-aulas\/#primaryimage"},"thumbnailUrl":"https:\/\/www.altominho.tv\/site\/wp-content\/uploads\/2026\/09\/arcos.png","datePublished":"2026-09-01T09:37:06+00:00","dateModified":"2026-09-01T09:37:08+00:00","author":{"@id":"https:\/\/www.altominho.tv\/site\/#\/schema\/person\/a0e4ef6d041f98ca284393d8f1d97153"},"breadcrumb":{"@id":"https:\/\/www.altominho.tv\/site\/2026\/09\/01\/camara-de-arcos-de-valdevez-volta-a-apoiar-alunos-e-escolas-no-regresso-as-aulas\/#breadcrumb"},"inLanguage":"pt-PT","potentialAction":[{"@type":"ReadAction","target":["https:\/\/www.altominho.tv\/site\/2026\/09\/01\/camara-de-arcos-de-valdevez-volta-a-apoiar-alunos-e-escolas-no-regresso-as-aulas\/"]}]},{"@type":"ImageObject","inLanguage":"pt-PT","@id":"https:\/\/www.altominho.tv\/site\/2026\/09\/01\/camara-de-arcos-de-valdevez-volta-a-apoiar-alunos-e-escolas-no-regresso-as-aulas\/#primaryimage","url":"https:\/\/www.altominho.tv\/site\/wp-content\/uploads\/2026\/09\/arcos.png","contentUrl":"https:\/\/www.altominho.tv\/site\/wp-content\/uploads\/2026\/09\/arcos.png","width":1200,"height":630},{"@type":"BreadcrumbList","@id":"https:\/\/www.altominho.tv\/site\/2026\/09\/01\/camara-de-arcos-de-valdevez-volta-a-apoiar-alunos-e-escolas-no-regresso-as-aulas\/#breadcrumb","itemListElement":[{"@type":"ListItem","position":1,"name":"In\u00edcio","item":"https:\/\/www.altominho.tv\/site\/"},{"@type":"ListItem","position":2,"name":"C\u00e2mara de Arcos de Valdevez volta a apoiar alunos e escolas no regresso \u00e0s aulas"}]},{"@type":"WebSite","@id":"https:\/\/www.altominho.tv\/site\/#website","url":"https:\/\/www.altominho.tv\/site\/","name":"Altominho.tv","description":"A sua regi\u00e3o \u00e0 dist\u00e2ncia de um clique...","potentialAction":[{"@type":"SearchAction","target":{"@type":"EntryPoint","urlTemplate":"https:\/\/www.altominho.tv\/site\/?s={search_term_string}"},"query-input":{"@type":"PropertyValueSpecification","valueRequired":true,"valueName":"search_term_string"}}],"inLanguage":"pt-PT"},{"@type":"Person","@id":"https:\/\/www.altominho.tv\/site\/#\/schema\/person\/a0e4ef6d041f98ca284393d8f1d97153","name":"Andreia Cunha","image":{"@type":"ImageObject","inLanguage":"pt-PT","@id":"https:\/\/www.altominho.tv\/site\/wp-content\/uploads\/2017\/11\/Andreia_Cunha-1-150x150.jpg","url":"https:\/\/www.altominho.tv\/site\/wp-content\/uploads\/2017\/11\/Andreia_Cunha-1-150x150.jpg","contentUrl":"https:\/\/www.altominho.tv\/site\/wp-content\/uploads\/2017\/11\/Andreia_Cunha-1-150x150.jpg","caption":"Andreia Cunha"},"url":"https:\/\/www.altominho.tv\/site\/author\/andreiacunha\/"}]}},"_links":{"self":[{"href":"https:\/\/www.altominho.tv\/site\/wp-json\/wp\/v2\/posts\/136242","targetHints":{"allow":["GET"]}}],"collection":[{"href":"https:\/\/www.altominho.tv\/site\/wp-json\/wp\/v2\/posts"}],"about":[{"href":"https:\/\/www.altominho.tv\/site\/wp-json\/wp\/v2\/types\/post"}],"author":[{"embeddable":true,"href":"https:\/\/www.altominho.tv\/site\/wp-json\/wp\/v2\/users\/7"}],"replies":[{"embeddable":true,"href":"https:\/\/www.altominho.tv\/site\/wp-json\/wp\/v2\/comments?post=136242"}],"version-history":[{"count":1,"href":"https:\/\/www.altominho.tv\/site\/wp-json\/wp\/v2\/posts\/136242\/revisions"}],"predecessor-version":[{"id":136244,"href":"https:\/\/www.altominho.tv\/site\/wp-json\/wp\/v2\/posts\/136242\/revisions\/136244"}],"wp:featuredmedia":[{"embeddable":true,"href":"https:\/\/www.altominho.tv\/site\/wp-json\/wp\/v2\/media\/136243"}],"wp:attachment":[{"href":"https:\/\/www.altominho.tv\/site\/wp-json\/wp\/v2\/media?parent=136242"}],"wp:term":[{"taxonomy":"category","embeddable":true,"href":"https:\/\/www.altominho.tv\/site\/wp-json\/wp\/v2\/categories?post=136242"},{"taxonomy":"post_tag","embeddable":true,"href":"https:\/\/www.altominho.tv\/site\/wp-json\/wp\/v2\/tags?post=136242"}],"curies":[{"name":"wp","href":"https:\/\/api.w.org\/{rel}","templated":true}]}}