{"id":136234,"date":"2026-09-01T09:40:21","date_gmt":"2026-09-01T08:40:21","guid":{"rendered":"https:\/\/www.altominho.tv\/site\/?p=136234"},"modified":"2026-09-01T09:40:24","modified_gmt":"2026-09-01T08:40:24","slug":"sem-salas-de-cinema-viana-exibe-antestreia-filme-de-animacao-em-praca","status":"publish","type":"post","link":"https:\/\/www.altominho.tv\/site\/2026\/09\/01\/sem-salas-de-cinema-viana-exibe-antestreia-filme-de-animacao-em-praca\/","title":{"rendered":"Sem salas de cinema, Viana exibe antestreia de filme de anima\u00e7\u00e3o em pra\u00e7a"},"content":{"rendered":"<p>A Pra\u00e7a da Rep\u00fablica, no centro hist\u00f3rico de Viana do Castelo, vai acolher a antestreia de uma longa-metragem de anima\u00e7\u00e3o em 3D sobre a cidade, uma solu\u00e7\u00e3o alternativa depois do encerramento, em janeiro, das salas de cinema.<\/p>\n<p>\u201cVai ser um momento [a antestreia] \u00e0 Hollywood com direito a passadeira vermelha. Continua a ser preparada a maqueta do momento que pretende promover o envolvimento do espa\u00e7o p\u00fablico\u201d, referiu o presidente da C\u00e2mara de Viana do Castelo, Lu\u00eds Nobre, escusando-se a partilhar mais pormenores.<\/p>\n<p>O assunto foi hoje levantado na reuni\u00e3o camar\u00e1ria pela bancada do PSD.<\/p>\n<p>A vereadora Joana Ranhada questionou sobre o local da exibi\u00e7\u00e3o do filme, ap\u00f3s a aprova\u00e7\u00e3o de mais um apoio \u00e0 produtora Watermelon, no valor de 150 mil euros, para a divulga\u00e7\u00e3o internacional do filme \u201cViana, a Lenda dos Cora\u00e7\u00f5es de Ouro\u201d, inspirado nas lendas da capital do Alto Minho.<\/p>\n<p>No final da reuni\u00e3o, em declara\u00e7\u00f5es aos jornalistas, o socialista Lu\u00eds Nobre revelou que a Pra\u00e7a da Rep\u00fablica servir\u00e1 de palco \u00e0 antestreia, no dia 19 de novembro, \u201cat\u00e9 para associar alguns dos monumentos do espa\u00e7o que aparecem no filme\u201d.<\/p>\n<p>\u201cInteressa transmitir ao mundo que o cen\u00e1rio que est\u00e1 associado ao filme \u00e9 real, que est\u00e1 dispon\u00edvel para ser visitado e usufru\u00eddo\u201d, sublinhou.<\/p>\n<p>O filme portugu\u00eas de anima\u00e7\u00e3o \u201cViana, a Lenda dos Cora\u00e7\u00f5es de Ouro\u201d, de Rodrigo Carvalho, com um or\u00e7amento de cerca de 15 milh\u00f5es de euros, vai estrear-se simultaneamente em Viana do Castelo e em salas de cinema nacionais e internacionais.<\/p>\n<p>A longa-metragem de anima\u00e7\u00e3o, produzida pela Watermelon Productions, inspira-se numa lenda de Viana do Castelo, tem uma grande componente musical e ter\u00e1 duas vers\u00f5es, em portugu\u00eas e em ingl\u00eas.<\/p>\n<p>\u201cViana, a Lenda dos Cora\u00e7\u00f5es de Ouro\u201d conta com as vozes de, entre outros, Daniela Melchior, P\u00eap\u00ea Rapazote, Diogo Pi\u00e7arra, Luke Newton, Michael McElhatton, Mel\u00e2nia Gomes, Vasco Palmeirim e Nuno Markl.<\/p>\n<p>Segundo a produ\u00e7\u00e3o, a dire\u00e7\u00e3o musical \u00e9 de Simon Wadsworth e na banda sonora entram os guitarristas Nuno Bettencourt e \u00c2ngelo Freire. Durante a reuni\u00e3o camar\u00e1ria, e em reposta \u00e0 vereadora Joana Ranhada, Lu\u00eds Nobre reiterou que a c\u00e2mara \u201cest\u00e1 a acompanhar a estrat\u00e9gia nacional de reabertura das salas de cinema comercial\u201d e que \u201ctem reunido com a administra\u00e7\u00e3o do centro comercial e da exibidora Cineplace\u201d.<\/p>\n<p>\u201cEstamos a trabalhar na reabertura do cinema comercial no nosso concelho. Se a decis\u00e3o for no sentido do encerramento, vamos opor-nos porque um dos pressupostos que o munic\u00edpio imp\u00f4s no licenciamento de constru\u00e7\u00e3o do Esta\u00e7\u00e3o Viana, no centro da cidade, foi ter esta oferta, independentemente de ele ser privado, e agora ser abandonado\u201d, refor\u00e7ou, assegurando que o munic\u00edpio defende \u201ca manuten\u00e7\u00e3o daquela fun\u00e7\u00e3o\u201d.<\/p>\n<p>Em outubro de 2025, numa apresenta\u00e7\u00e3o do projeto em Viana do Castelo, o produtor Rui Miranda explicou que o filme \u00e9 \u201cuma hist\u00f3ria sobre o amor, inspirada numa lenda local\u201d, sobre \u201ca riqueza das tradi\u00e7\u00f5es, das gentes de Viana do Castelo e do Minho\u201d.<\/p>\n<p>\u201cFazendo um pequeno paralelismo, o filme &#8216;Frozen&#8217; \u00e9 inspirado num conto noruegu\u00eas. \u00c9 um conto local que transcende [a geografia] porque fala de outras mensagens universais. \u00c9 o mesmo que estamos a fazer com Viana do Castelo\u201d, destacou.<\/p>\n<p>Foto: <strong>DR<\/strong><\/p>\n","protected":false},"excerpt":{"rendered":"<p>A Pra\u00e7a da Rep\u00fablica, no centro hist\u00f3rico de Viana do Castelo, vai acolher a antestreia de uma longa-metragem de anima\u00e7\u00e3o em 3D sobre a cidade, uma solu\u00e7\u00e3o alternativa depois do encerramento, em janeiro, das salas de cinema. \u201cVai ser um momento [a antestreia] \u00e0 Hollywood com direito a passadeira vermelha. Continua a ser preparada a [&hellip;]<\/p>\n","protected":false},"author":13,"featured_media":124282,"comment_status":"closed","ping_status":"closed","sticky":false,"template":"","format":"standard","meta":{"_exactmetrics_skip_tracking":false,"footnotes":""},"categories":[14],"tags":[19],"class_list":["post-136234","post","type-post","status-publish","format-standard","has-post-thumbnail","hentry","category-viana-do-castelo","tag-cultura"],"yoast_head":"<!-- This site is optimized with the Yoast SEO Premium plugin v28.3 (Yoast SEO v28.3) - https:\/\/yoast.com\/product\/yoast-seo-premium-wordpress\/ -->\n<title>Sem salas de cinema, Viana exibe antestreia de filme de anima\u00e7\u00e3o em pra\u00e7a<\/title>\n<meta name=\"description\" content=\"\u00a0A Pra\u00e7a da Rep\u00fablica, no centro hist\u00f3rico de Viana do Castelo, vai acolher a antestreia de uma longa-metragem de anima\u00e7\u00e3o em 3D sobre a cidade, uma solu\u00e7\u00e3o alternativa depois do encerramento, em janeiro, das salas de cinema.\" \/>\n<meta name=\"robots\" content=\"index, follow, max-snippet:-1, max-image-preview:large, max-video-preview:-1\" \/>\n<link rel=\"canonical\" href=\"https:\/\/www.altominho.tv\/site\/2026\/09\/01\/sem-salas-de-cinema-viana-exibe-antestreia-filme-de-animacao-em-praca\/\" \/>\n<meta property=\"og:locale\" content=\"pt_PT\" \/>\n<meta property=\"og:type\" content=\"article\" \/>\n<meta property=\"og:title\" content=\"Sem salas de cinema, Viana exibe antestreia de filme de anima\u00e7\u00e3o em pra\u00e7a\" \/>\n<meta property=\"og:description\" content=\"\u00a0A Pra\u00e7a da Rep\u00fablica, no centro hist\u00f3rico de Viana do Castelo, vai acolher a antestreia de uma longa-metragem de anima\u00e7\u00e3o em 3D sobre a cidade, uma solu\u00e7\u00e3o alternativa depois do encerramento, em janeiro, das salas de cinema.\" \/>\n<meta property=\"og:url\" content=\"https:\/\/www.altominho.tv\/site\/2026\/09\/01\/sem-salas-de-cinema-viana-exibe-antestreia-filme-de-animacao-em-praca\/\" \/>\n<meta property=\"og:site_name\" content=\"Altominho.tv\" \/>\n<meta property=\"article:publisher\" content=\"https:\/\/www.facebook.com\/altominhotv\" \/>\n<meta property=\"article:published_time\" content=\"2026-09-01T08:40:21+00:00\" \/>\n<meta property=\"article:modified_time\" content=\"2026-09-01T08:40:24+00:00\" \/>\n<meta property=\"og:image\" content=\"https:\/\/www.altominho.tv\/site\/wp-content\/uploads\/2025\/10\/Viana-A-Lenda-Dos-Coracoes-De-Ouro.jpg\" \/>\n\t<meta property=\"og:image:width\" content=\"1200\" \/>\n\t<meta property=\"og:image:height\" content=\"630\" \/>\n\t<meta property=\"og:image:type\" content=\"image\/jpeg\" \/>\n<meta name=\"author\" content=\"Lusa\" \/>\n<meta name=\"twitter:card\" content=\"summary_large_image\" \/>\n<meta name=\"twitter:creator\" content=\"@altominhoTV\" \/>\n<meta name=\"twitter:site\" content=\"@altominhoTV\" \/>\n<meta name=\"twitter:label1\" content=\"Escrito por\" \/>\n\t<meta name=\"twitter:data1\" content=\"Lusa\" \/>\n\t<meta name=\"twitter:label2\" content=\"Tempo estimado de leitura\" \/>\n\t<meta name=\"twitter:data2\" content=\"4 minutos\" \/>\n<script type=\"application\/ld+json\" class=\"yoast-schema-graph\">{\"@context\":\"https:\\\/\\\/schema.org\",\"@graph\":[{\"@type\":\"Article\",\"@id\":\"https:\\\/\\\/www.altominho.tv\\\/site\\\/2026\\\/09\\\/01\\\/sem-salas-de-cinema-viana-exibe-antestreia-filme-de-animacao-em-praca\\\/#article\",\"isPartOf\":{\"@id\":\"https:\\\/\\\/www.altominho.tv\\\/site\\\/2026\\\/09\\\/01\\\/sem-salas-de-cinema-viana-exibe-antestreia-filme-de-animacao-em-praca\\\/\"},\"author\":{\"name\":\"Lusa\",\"@id\":\"https:\\\/\\\/www.altominho.tv\\\/site\\\/#\\\/schema\\\/person\\\/63f693da3e1899361cbe955c46f3232e\"},\"headline\":\"Sem salas de cinema, Viana exibe antestreia de filme de anima\u00e7\u00e3o em pra\u00e7a\",\"datePublished\":\"2026-09-01T08:40:21+00:00\",\"dateModified\":\"2026-09-01T08:40:24+00:00\",\"mainEntityOfPage\":{\"@id\":\"https:\\\/\\\/www.altominho.tv\\\/site\\\/2026\\\/09\\\/01\\\/sem-salas-de-cinema-viana-exibe-antestreia-filme-de-animacao-em-praca\\\/\"},\"wordCount\":579,\"image\":{\"@id\":\"https:\\\/\\\/www.altominho.tv\\\/site\\\/2026\\\/09\\\/01\\\/sem-salas-de-cinema-viana-exibe-antestreia-filme-de-animacao-em-praca\\\/#primaryimage\"},\"thumbnailUrl\":\"https:\\\/\\\/www.altominho.tv\\\/site\\\/wp-content\\\/uploads\\\/2025\\\/10\\\/Viana-A-Lenda-Dos-Coracoes-De-Ouro.jpg\",\"keywords\":[\"Cultura\"],\"articleSection\":[\"Viana do Castelo\"],\"inLanguage\":\"pt-PT\",\"copyrightYear\":\"2026\",\"copyrightHolder\":{\"@id\":\"https:\\\/\\\/www.altominho.tv\\\/site\\\/#organization\"}},{\"@type\":\"WebPage\",\"@id\":\"https:\\\/\\\/www.altominho.tv\\\/site\\\/2026\\\/09\\\/01\\\/sem-salas-de-cinema-viana-exibe-antestreia-filme-de-animacao-em-praca\\\/\",\"url\":\"https:\\\/\\\/www.altominho.tv\\\/site\\\/2026\\\/09\\\/01\\\/sem-salas-de-cinema-viana-exibe-antestreia-filme-de-animacao-em-praca\\\/\",\"name\":\"Sem salas de cinema, Viana exibe antestreia de filme de anima\u00e7\u00e3o em pra\u00e7a\",\"isPartOf\":{\"@id\":\"https:\\\/\\\/www.altominho.tv\\\/site\\\/#website\"},\"primaryImageOfPage\":{\"@id\":\"https:\\\/\\\/www.altominho.tv\\\/site\\\/2026\\\/09\\\/01\\\/sem-salas-de-cinema-viana-exibe-antestreia-filme-de-animacao-em-praca\\\/#primaryimage\"},\"image\":{\"@id\":\"https:\\\/\\\/www.altominho.tv\\\/site\\\/2026\\\/09\\\/01\\\/sem-salas-de-cinema-viana-exibe-antestreia-filme-de-animacao-em-praca\\\/#primaryimage\"},\"thumbnailUrl\":\"https:\\\/\\\/www.altominho.tv\\\/site\\\/wp-content\\\/uploads\\\/2025\\\/10\\\/Viana-A-Lenda-Dos-Coracoes-De-Ouro.jpg\",\"datePublished\":\"2026-09-01T08:40:21+00:00\",\"dateModified\":\"2026-09-01T08:40:24+00:00\",\"author\":{\"@id\":\"https:\\\/\\\/www.altominho.tv\\\/site\\\/#\\\/schema\\\/person\\\/63f693da3e1899361cbe955c46f3232e\"},\"description\":\"\u00a0A Pra\u00e7a da Rep\u00fablica, no centro hist\u00f3rico de Viana do Castelo, vai acolher a antestreia de uma longa-metragem de anima\u00e7\u00e3o em 3D sobre a cidade, uma solu\u00e7\u00e3o alternativa depois do encerramento, em janeiro, das salas de cinema.\",\"breadcrumb\":{\"@id\":\"https:\\\/\\\/www.altominho.tv\\\/site\\\/2026\\\/09\\\/01\\\/sem-salas-de-cinema-viana-exibe-antestreia-filme-de-animacao-em-praca\\\/#breadcrumb\"},\"inLanguage\":\"pt-PT\",\"potentialAction\":[{\"@type\":\"ReadAction\",\"target\":[\"https:\\\/\\\/www.altominho.tv\\\/site\\\/2026\\\/09\\\/01\\\/sem-salas-de-cinema-viana-exibe-antestreia-filme-de-animacao-em-praca\\\/\"]}]},{\"@type\":\"ImageObject\",\"inLanguage\":\"pt-PT\",\"@id\":\"https:\\\/\\\/www.altominho.tv\\\/site\\\/2026\\\/09\\\/01\\\/sem-salas-de-cinema-viana-exibe-antestreia-filme-de-animacao-em-praca\\\/#primaryimage\",\"url\":\"https:\\\/\\\/www.altominho.tv\\\/site\\\/wp-content\\\/uploads\\\/2025\\\/10\\\/Viana-A-Lenda-Dos-Coracoes-De-Ouro.jpg\",\"contentUrl\":\"https:\\\/\\\/www.altominho.tv\\\/site\\\/wp-content\\\/uploads\\\/2025\\\/10\\\/Viana-A-Lenda-Dos-Coracoes-De-Ouro.jpg\",\"width\":1200,\"height\":630},{\"@type\":\"BreadcrumbList\",\"@id\":\"https:\\\/\\\/www.altominho.tv\\\/site\\\/2026\\\/09\\\/01\\\/sem-salas-de-cinema-viana-exibe-antestreia-filme-de-animacao-em-praca\\\/#breadcrumb\",\"itemListElement\":[{\"@type\":\"ListItem\",\"position\":1,\"name\":\"In\u00edcio\",\"item\":\"https:\\\/\\\/www.altominho.tv\\\/site\\\/\"},{\"@type\":\"ListItem\",\"position\":2,\"name\":\"Sem salas de cinema, Viana exibe antestreia de filme de anima\u00e7\u00e3o em pra\u00e7a\"}]},{\"@type\":\"WebSite\",\"@id\":\"https:\\\/\\\/www.altominho.tv\\\/site\\\/#website\",\"url\":\"https:\\\/\\\/www.altominho.tv\\\/site\\\/\",\"name\":\"Altominho.tv\",\"description\":\"A sua regi\u00e3o \u00e0 dist\u00e2ncia de um clique...\",\"potentialAction\":[{\"@type\":\"SearchAction\",\"target\":{\"@type\":\"EntryPoint\",\"urlTemplate\":\"https:\\\/\\\/www.altominho.tv\\\/site\\\/?s={search_term_string}\"},\"query-input\":{\"@type\":\"PropertyValueSpecification\",\"valueRequired\":true,\"valueName\":\"search_term_string\"}}],\"inLanguage\":\"pt-PT\"},{\"@type\":\"Person\",\"@id\":\"https:\\\/\\\/www.altominho.tv\\\/site\\\/#\\\/schema\\\/person\\\/63f693da3e1899361cbe955c46f3232e\",\"name\":\"Lusa\",\"image\":{\"@type\":\"ImageObject\",\"inLanguage\":\"pt-PT\",\"@id\":\"https:\\\/\\\/www.altominho.tv\\\/site\\\/wp-content\\\/uploads\\\/2019\\\/08\\\/LUSA_Logo.gif\",\"url\":\"https:\\\/\\\/www.altominho.tv\\\/site\\\/wp-content\\\/uploads\\\/2019\\\/08\\\/LUSA_Logo.gif\",\"contentUrl\":\"https:\\\/\\\/www.altominho.tv\\\/site\\\/wp-content\\\/uploads\\\/2019\\\/08\\\/LUSA_Logo.gif\",\"caption\":\"Lusa\"},\"sameAs\":[\"http:\\\/\\\/\\\/\\\/www.altominho.tv\\\/site\"],\"url\":\"https:\\\/\\\/www.altominho.tv\\\/site\\\/author\\\/lusa\\\/\"}]}<\/script>\n<!-- \/ Yoast SEO Premium plugin. -->","yoast_head_json":{"title":"Sem salas de cinema, Viana exibe antestreia de filme de anima\u00e7\u00e3o em pra\u00e7a","description":"\u00a0A Pra\u00e7a da Rep\u00fablica, no centro hist\u00f3rico de Viana do Castelo, vai acolher a antestreia de uma longa-metragem de anima\u00e7\u00e3o em 3D sobre a cidade, uma solu\u00e7\u00e3o alternativa depois do encerramento, em janeiro, das salas de cinema.","robots":{"index":"index","follow":"follow","max-snippet":"max-snippet:-1","max-image-preview":"max-image-preview:large","max-video-preview":"max-video-preview:-1"},"canonical":"https:\/\/www.altominho.tv\/site\/2026\/09\/01\/sem-salas-de-cinema-viana-exibe-antestreia-filme-de-animacao-em-praca\/","og_locale":"pt_PT","og_type":"article","og_title":"Sem salas de cinema, Viana exibe antestreia de filme de anima\u00e7\u00e3o em pra\u00e7a","og_description":"\u00a0A Pra\u00e7a da Rep\u00fablica, no centro hist\u00f3rico de Viana do Castelo, vai acolher a antestreia de uma longa-metragem de anima\u00e7\u00e3o em 3D sobre a cidade, uma solu\u00e7\u00e3o alternativa depois do encerramento, em janeiro, das salas de cinema.","og_url":"https:\/\/www.altominho.tv\/site\/2026\/09\/01\/sem-salas-de-cinema-viana-exibe-antestreia-filme-de-animacao-em-praca\/","og_site_name":"Altominho.tv","article_publisher":"https:\/\/www.facebook.com\/altominhotv","article_published_time":"2026-09-01T08:40:21+00:00","article_modified_time":"2026-09-01T08:40:24+00:00","og_image":[{"width":1200,"height":630,"url":"https:\/\/www.altominho.tv\/site\/wp-content\/uploads\/2025\/10\/Viana-A-Lenda-Dos-Coracoes-De-Ouro.jpg","type":"image\/jpeg"}],"author":"Lusa","twitter_card":"summary_large_image","twitter_creator":"@altominhoTV","twitter_site":"@altominhoTV","twitter_misc":{"Escrito por":"Lusa","Tempo estimado de leitura":"4 minutos"},"schema":{"@context":"https:\/\/schema.org","@graph":[{"@type":"Article","@id":"https:\/\/www.altominho.tv\/site\/2026\/09\/01\/sem-salas-de-cinema-viana-exibe-antestreia-filme-de-animacao-em-praca\/#article","isPartOf":{"@id":"https:\/\/www.altominho.tv\/site\/2026\/09\/01\/sem-salas-de-cinema-viana-exibe-antestreia-filme-de-animacao-em-praca\/"},"author":{"name":"Lusa","@id":"https:\/\/www.altominho.tv\/site\/#\/schema\/person\/63f693da3e1899361cbe955c46f3232e"},"headline":"Sem salas de cinema, Viana exibe antestreia de filme de anima\u00e7\u00e3o em pra\u00e7a","datePublished":"2026-09-01T08:40:21+00:00","dateModified":"2026-09-01T08:40:24+00:00","mainEntityOfPage":{"@id":"https:\/\/www.altominho.tv\/site\/2026\/09\/01\/sem-salas-de-cinema-viana-exibe-antestreia-filme-de-animacao-em-praca\/"},"wordCount":579,"image":{"@id":"https:\/\/www.altominho.tv\/site\/2026\/09\/01\/sem-salas-de-cinema-viana-exibe-antestreia-filme-de-animacao-em-praca\/#primaryimage"},"thumbnailUrl":"https:\/\/www.altominho.tv\/site\/wp-content\/uploads\/2025\/10\/Viana-A-Lenda-Dos-Coracoes-De-Ouro.jpg","keywords":["Cultura"],"articleSection":["Viana do Castelo"],"inLanguage":"pt-PT","copyrightYear":"2026","copyrightHolder":{"@id":"https:\/\/www.altominho.tv\/site\/#organization"}},{"@type":"WebPage","@id":"https:\/\/www.altominho.tv\/site\/2026\/09\/01\/sem-salas-de-cinema-viana-exibe-antestreia-filme-de-animacao-em-praca\/","url":"https:\/\/www.altominho.tv\/site\/2026\/09\/01\/sem-salas-de-cinema-viana-exibe-antestreia-filme-de-animacao-em-praca\/","name":"Sem salas de cinema, Viana exibe antestreia de filme de anima\u00e7\u00e3o em pra\u00e7a","isPartOf":{"@id":"https:\/\/www.altominho.tv\/site\/#website"},"primaryImageOfPage":{"@id":"https:\/\/www.altominho.tv\/site\/2026\/09\/01\/sem-salas-de-cinema-viana-exibe-antestreia-filme-de-animacao-em-praca\/#primaryimage"},"image":{"@id":"https:\/\/www.altominho.tv\/site\/2026\/09\/01\/sem-salas-de-cinema-viana-exibe-antestreia-filme-de-animacao-em-praca\/#primaryimage"},"thumbnailUrl":"https:\/\/www.altominho.tv\/site\/wp-content\/uploads\/2025\/10\/Viana-A-Lenda-Dos-Coracoes-De-Ouro.jpg","datePublished":"2026-09-01T08:40:21+00:00","dateModified":"2026-09-01T08:40:24+00:00","author":{"@id":"https:\/\/www.altominho.tv\/site\/#\/schema\/person\/63f693da3e1899361cbe955c46f3232e"},"description":"\u00a0A Pra\u00e7a da Rep\u00fablica, no centro hist\u00f3rico de Viana do Castelo, vai acolher a antestreia de uma longa-metragem de anima\u00e7\u00e3o em 3D sobre a cidade, uma solu\u00e7\u00e3o alternativa depois do encerramento, em janeiro, das salas de cinema.","breadcrumb":{"@id":"https:\/\/www.altominho.tv\/site\/2026\/09\/01\/sem-salas-de-cinema-viana-exibe-antestreia-filme-de-animacao-em-praca\/#breadcrumb"},"inLanguage":"pt-PT","potentialAction":[{"@type":"ReadAction","target":["https:\/\/www.altominho.tv\/site\/2026\/09\/01\/sem-salas-de-cinema-viana-exibe-antestreia-filme-de-animacao-em-praca\/"]}]},{"@type":"ImageObject","inLanguage":"pt-PT","@id":"https:\/\/www.altominho.tv\/site\/2026\/09\/01\/sem-salas-de-cinema-viana-exibe-antestreia-filme-de-animacao-em-praca\/#primaryimage","url":"https:\/\/www.altominho.tv\/site\/wp-content\/uploads\/2025\/10\/Viana-A-Lenda-Dos-Coracoes-De-Ouro.jpg","contentUrl":"https:\/\/www.altominho.tv\/site\/wp-content\/uploads\/2025\/10\/Viana-A-Lenda-Dos-Coracoes-De-Ouro.jpg","width":1200,"height":630},{"@type":"BreadcrumbList","@id":"https:\/\/www.altominho.tv\/site\/2026\/09\/01\/sem-salas-de-cinema-viana-exibe-antestreia-filme-de-animacao-em-praca\/#breadcrumb","itemListElement":[{"@type":"ListItem","position":1,"name":"In\u00edcio","item":"https:\/\/www.altominho.tv\/site\/"},{"@type":"ListItem","position":2,"name":"Sem salas de cinema, Viana exibe antestreia de filme de anima\u00e7\u00e3o em pra\u00e7a"}]},{"@type":"WebSite","@id":"https:\/\/www.altominho.tv\/site\/#website","url":"https:\/\/www.altominho.tv\/site\/","name":"Altominho.tv","description":"A sua regi\u00e3o \u00e0 dist\u00e2ncia de um clique...","potentialAction":[{"@type":"SearchAction","target":{"@type":"EntryPoint","urlTemplate":"https:\/\/www.altominho.tv\/site\/?s={search_term_string}"},"query-input":{"@type":"PropertyValueSpecification","valueRequired":true,"valueName":"search_term_string"}}],"inLanguage":"pt-PT"},{"@type":"Person","@id":"https:\/\/www.altominho.tv\/site\/#\/schema\/person\/63f693da3e1899361cbe955c46f3232e","name":"Lusa","image":{"@type":"ImageObject","inLanguage":"pt-PT","@id":"https:\/\/www.altominho.tv\/site\/wp-content\/uploads\/2019\/08\/LUSA_Logo.gif","url":"https:\/\/www.altominho.tv\/site\/wp-content\/uploads\/2019\/08\/LUSA_Logo.gif","contentUrl":"https:\/\/www.altominho.tv\/site\/wp-content\/uploads\/2019\/08\/LUSA_Logo.gif","caption":"Lusa"},"sameAs":["http:\/\/\/\/www.altominho.tv\/site"],"url":"https:\/\/www.altominho.tv\/site\/author\/lusa\/"}]}},"_links":{"self":[{"href":"https:\/\/www.altominho.tv\/site\/wp-json\/wp\/v2\/posts\/136234","targetHints":{"allow":["GET"]}}],"collection":[{"href":"https:\/\/www.altominho.tv\/site\/wp-json\/wp\/v2\/posts"}],"about":[{"href":"https:\/\/www.altominho.tv\/site\/wp-json\/wp\/v2\/types\/post"}],"author":[{"embeddable":true,"href":"https:\/\/www.altominho.tv\/site\/wp-json\/wp\/v2\/users\/13"}],"replies":[{"embeddable":true,"href":"https:\/\/www.altominho.tv\/site\/wp-json\/wp\/v2\/comments?post=136234"}],"version-history":[{"count":2,"href":"https:\/\/www.altominho.tv\/site\/wp-json\/wp\/v2\/posts\/136234\/revisions"}],"predecessor-version":[{"id":136238,"href":"https:\/\/www.altominho.tv\/site\/wp-json\/wp\/v2\/posts\/136234\/revisions\/136238"}],"wp:featuredmedia":[{"embeddable":true,"href":"https:\/\/www.altominho.tv\/site\/wp-json\/wp\/v2\/media\/124282"}],"wp:attachment":[{"href":"https:\/\/www.altominho.tv\/site\/wp-json\/wp\/v2\/media?parent=136234"}],"wp:term":[{"taxonomy":"category","embeddable":true,"href":"https:\/\/www.altominho.tv\/site\/wp-json\/wp\/v2\/categories?post=136234"},{"taxonomy":"post_tag","embeddable":true,"href":"https:\/\/www.altominho.tv\/site\/wp-json\/wp\/v2\/tags?post=136234"}],"curies":[{"name":"wp","href":"https:\/\/api.w.org\/{rel}","templated":true}]}}