{"id":13623,"date":"2018-05-17T12:53:25","date_gmt":"2018-05-17T11:53:25","guid":{"rendered":"http:\/\/www.altominho.tv\/site\/?p=13623"},"modified":"2018-05-17T12:53:25","modified_gmt":"2018-05-17T11:53:25","slug":"exposicao-de-arte-popular-romena-no-museu-do-traje","status":"publish","type":"post","link":"https:\/\/www.altominho.tv\/site\/2018\/05\/17\/exposicao-de-arte-popular-romena-no-museu-do-traje\/","title":{"rendered":"Exposi\u00e7\u00e3o de arte popular romena no Museu do Traje"},"content":{"rendered":"<p>O Museu do Traje de Viana do Castelo recebe, a partir de s\u00e1bado, uma exposi\u00e7\u00e3o de arte popular romena, in\u00e9dita em Portugal, pertencente ao Museu Etnogr\u00e1fico da Transilv\u00e2nia (Cluj, Rom\u00e9nia).<\/p>\n<p>A exposi\u00e7\u00e3o \u201c100 anos de traje romeno 1918-2018\u201d, com a curadoria do investigador e colecionador Sebastian Paic e da restauradora Laura Tro\u0219an, abre ao p\u00fablico, no s\u00e1bado, \u00e0s 18h00 e estar\u00e1 patente at\u00e9 31 de agosto.<\/p>\n<p>A mostra \u201ctra\u00e7a um panorama da diversidade do traje romeno de festa nas principais \u00e1reas etnogr\u00e1ficas constitu\u00eddas nas zonas habitadas por romenos, seja nas fronteiras atuais da Rom\u00e9nia, seja na Bessar\u00e1bia, Bucovina do Norte ou nos Balc\u00e3s\u201d.<\/p>\n<p>Organizada pelo Instituto Cultural Romeno em parceria com o Museu do Traje de Viana do Castelo, o Museu de Etnografia da Transilv\u00e2nia de Cluj e o colecionador Sebastian Paic, a exposi\u00e7\u00e3o apresenta 30 conjuntos de traje.<\/p>\n","protected":false},"excerpt":{"rendered":"<p>O Museu do Traje de Viana do Castelo recebe, a partir de s\u00e1bado, uma exposi\u00e7\u00e3o de arte popular romena, in\u00e9dita em Portugal, pertencente ao Museu Etnogr\u00e1fico da Transilv\u00e2nia (Cluj, Rom\u00e9nia). A exposi\u00e7\u00e3o \u201c100 anos de traje romeno 1918-2018\u201d, com a curadoria do investigador e colecionador Sebastian Paic e da restauradora Laura Tro\u0219an, abre ao p\u00fablico, [&hellip;]<\/p>\n","protected":false},"author":12,"featured_media":13624,"comment_status":"closed","ping_status":"closed","sticky":false,"template":"","format":"standard","meta":{"_exactmetrics_skip_tracking":false,"_exactmetrics_sitenote_active":false,"_exactmetrics_sitenote_note":"","_exactmetrics_sitenote_category":0,"footnotes":""},"categories":[14],"tags":[19],"class_list":["post-13623","post","type-post","status-publish","format-standard","has-post-thumbnail","hentry","category-viana-do-castelo","tag-cultura"],"yoast_head":"<!-- This site is optimized with the Yoast SEO Premium plugin v27.5 (Yoast SEO v27.5) - https:\/\/yoast.com\/product\/yoast-seo-premium-wordpress\/ -->\n<title>Exposi\u00e7\u00e3o de arte popular romena no Museu do Traje<\/title>\n<meta name=\"robots\" content=\"index, follow, max-snippet:-1, max-image-preview:large, max-video-preview:-1\" \/>\n<link rel=\"canonical\" href=\"https:\/\/www.altominho.tv\/site\/2018\/05\/17\/exposicao-de-arte-popular-romena-no-museu-do-traje\/\" \/>\n<meta property=\"og:locale\" content=\"pt_PT\" \/>\n<meta property=\"og:type\" content=\"article\" \/>\n<meta property=\"og:title\" content=\"Exposi\u00e7\u00e3o de arte popular romena no Museu do Traje\" \/>\n<meta property=\"og:description\" content=\"O Museu do Traje de Viana do Castelo recebe, a partir de s\u00e1bado, uma exposi\u00e7\u00e3o de arte popular romena, in\u00e9dita em Portugal, pertencente ao Museu Etnogr\u00e1fico da Transilv\u00e2nia (Cluj, Rom\u00e9nia). A exposi\u00e7\u00e3o \u201c100 anos de traje romeno 1918-2018\u201d, com a curadoria do investigador e colecionador Sebastian Paic e da restauradora Laura Tro\u0219an, abre ao p\u00fablico, [&hellip;]\" \/>\n<meta property=\"og:url\" content=\"https:\/\/www.altominho.tv\/site\/2018\/05\/17\/exposicao-de-arte-popular-romena-no-museu-do-traje\/\" \/>\n<meta property=\"og:site_name\" content=\"Altominho.tv\" \/>\n<meta property=\"article:publisher\" content=\"https:\/\/www.facebook.com\/altominhotv\" \/>\n<meta property=\"article:published_time\" content=\"2018-05-17T11:53:25+00:00\" \/>\n<meta property=\"og:image\" content=\"https:\/\/www.altominho.tv\/site\/wp-content\/uploads\/2018\/05\/museutraje.jpg\" \/>\n\t<meta property=\"og:image:width\" content=\"3500\" \/>\n\t<meta property=\"og:image:height\" content=\"2333\" \/>\n\t<meta property=\"og:image:type\" content=\"image\/jpeg\" \/>\n<meta name=\"author\" content=\"Andreia Ferreira\" \/>\n<meta name=\"twitter:card\" content=\"summary_large_image\" \/>\n<meta name=\"twitter:creator\" content=\"@altominhoTV\" \/>\n<meta name=\"twitter:site\" content=\"@altominhoTV\" \/>\n<meta name=\"twitter:label1\" content=\"Escrito por\" \/>\n\t<meta name=\"twitter:data1\" content=\"Andreia Ferreira\" \/>\n\t<meta name=\"twitter:label2\" content=\"Tempo estimado de leitura\" \/>\n\t<meta name=\"twitter:data2\" content=\"1 minuto\" \/>\n<script type=\"application\/ld+json\" class=\"yoast-schema-graph\">{\"@context\":\"https:\\\/\\\/schema.org\",\"@graph\":[{\"@type\":\"Article\",\"@id\":\"https:\\\/\\\/www.altominho.tv\\\/site\\\/2018\\\/05\\\/17\\\/exposicao-de-arte-popular-romena-no-museu-do-traje\\\/#article\",\"isPartOf\":{\"@id\":\"https:\\\/\\\/www.altominho.tv\\\/site\\\/2018\\\/05\\\/17\\\/exposicao-de-arte-popular-romena-no-museu-do-traje\\\/\"},\"author\":{\"name\":\"Andreia Ferreira\",\"@id\":\"https:\\\/\\\/www.altominho.tv\\\/site\\\/#\\\/schema\\\/person\\\/d9be4265364723f14ea8e0d56a1d38cd\"},\"headline\":\"Exposi\u00e7\u00e3o de arte popular romena no Museu do Traje\",\"datePublished\":\"2018-05-17T11:53:25+00:00\",\"mainEntityOfPage\":{\"@id\":\"https:\\\/\\\/www.altominho.tv\\\/site\\\/2018\\\/05\\\/17\\\/exposicao-de-arte-popular-romena-no-museu-do-traje\\\/\"},\"wordCount\":164,\"image\":{\"@id\":\"https:\\\/\\\/www.altominho.tv\\\/site\\\/2018\\\/05\\\/17\\\/exposicao-de-arte-popular-romena-no-museu-do-traje\\\/#primaryimage\"},\"thumbnailUrl\":\"https:\\\/\\\/www.altominho.tv\\\/site\\\/wp-content\\\/uploads\\\/2018\\\/05\\\/museutraje.jpg\",\"keywords\":[\"Cultura\"],\"articleSection\":[\"Viana do Castelo\"],\"inLanguage\":\"pt-PT\",\"copyrightYear\":\"2018\",\"copyrightHolder\":{\"@id\":\"https:\\\/\\\/www.altominho.tv\\\/site\\\/#organization\"}},{\"@type\":\"WebPage\",\"@id\":\"https:\\\/\\\/www.altominho.tv\\\/site\\\/2018\\\/05\\\/17\\\/exposicao-de-arte-popular-romena-no-museu-do-traje\\\/\",\"url\":\"https:\\\/\\\/www.altominho.tv\\\/site\\\/2018\\\/05\\\/17\\\/exposicao-de-arte-popular-romena-no-museu-do-traje\\\/\",\"name\":\"Exposi\u00e7\u00e3o de arte popular romena no Museu do Traje\",\"isPartOf\":{\"@id\":\"https:\\\/\\\/www.altominho.tv\\\/site\\\/#website\"},\"primaryImageOfPage\":{\"@id\":\"https:\\\/\\\/www.altominho.tv\\\/site\\\/2018\\\/05\\\/17\\\/exposicao-de-arte-popular-romena-no-museu-do-traje\\\/#primaryimage\"},\"image\":{\"@id\":\"https:\\\/\\\/www.altominho.tv\\\/site\\\/2018\\\/05\\\/17\\\/exposicao-de-arte-popular-romena-no-museu-do-traje\\\/#primaryimage\"},\"thumbnailUrl\":\"https:\\\/\\\/www.altominho.tv\\\/site\\\/wp-content\\\/uploads\\\/2018\\\/05\\\/museutraje.jpg\",\"datePublished\":\"2018-05-17T11:53:25+00:00\",\"author\":{\"@id\":\"https:\\\/\\\/www.altominho.tv\\\/site\\\/#\\\/schema\\\/person\\\/d9be4265364723f14ea8e0d56a1d38cd\"},\"breadcrumb\":{\"@id\":\"https:\\\/\\\/www.altominho.tv\\\/site\\\/2018\\\/05\\\/17\\\/exposicao-de-arte-popular-romena-no-museu-do-traje\\\/#breadcrumb\"},\"inLanguage\":\"pt-PT\",\"potentialAction\":[{\"@type\":\"ReadAction\",\"target\":[\"https:\\\/\\\/www.altominho.tv\\\/site\\\/2018\\\/05\\\/17\\\/exposicao-de-arte-popular-romena-no-museu-do-traje\\\/\"]}]},{\"@type\":\"ImageObject\",\"inLanguage\":\"pt-PT\",\"@id\":\"https:\\\/\\\/www.altominho.tv\\\/site\\\/2018\\\/05\\\/17\\\/exposicao-de-arte-popular-romena-no-museu-do-traje\\\/#primaryimage\",\"url\":\"https:\\\/\\\/www.altominho.tv\\\/site\\\/wp-content\\\/uploads\\\/2018\\\/05\\\/museutraje.jpg\",\"contentUrl\":\"https:\\\/\\\/www.altominho.tv\\\/site\\\/wp-content\\\/uploads\\\/2018\\\/05\\\/museutraje.jpg\",\"width\":3500,\"height\":2333},{\"@type\":\"BreadcrumbList\",\"@id\":\"https:\\\/\\\/www.altominho.tv\\\/site\\\/2018\\\/05\\\/17\\\/exposicao-de-arte-popular-romena-no-museu-do-traje\\\/#breadcrumb\",\"itemListElement\":[{\"@type\":\"ListItem\",\"position\":1,\"name\":\"In\u00edcio\",\"item\":\"https:\\\/\\\/www.altominho.tv\\\/site\\\/\"},{\"@type\":\"ListItem\",\"position\":2,\"name\":\"Exposi\u00e7\u00e3o de arte popular romena no Museu do Traje\"}]},{\"@type\":\"WebSite\",\"@id\":\"https:\\\/\\\/www.altominho.tv\\\/site\\\/#website\",\"url\":\"https:\\\/\\\/www.altominho.tv\\\/site\\\/\",\"name\":\"Altominho.tv\",\"description\":\"A sua regi\u00e3o \u00e0 dist\u00e2ncia de um clique...\",\"potentialAction\":[{\"@type\":\"SearchAction\",\"target\":{\"@type\":\"EntryPoint\",\"urlTemplate\":\"https:\\\/\\\/www.altominho.tv\\\/site\\\/?s={search_term_string}\"},\"query-input\":{\"@type\":\"PropertyValueSpecification\",\"valueRequired\":true,\"valueName\":\"search_term_string\"}}],\"inLanguage\":\"pt-PT\"},{\"@type\":\"Person\",\"@id\":\"https:\\\/\\\/www.altominho.tv\\\/site\\\/#\\\/schema\\\/person\\\/d9be4265364723f14ea8e0d56a1d38cd\",\"name\":\"Andreia Ferreira\",\"image\":{\"@type\":\"ImageObject\",\"inLanguage\":\"pt-PT\",\"@id\":\"https:\\\/\\\/www.altominho.tv\\\/site\\\/wp-content\\\/uploads\\\/2021\\\/01\\\/AndreiaFerreira-150x150.jpg\",\"url\":\"https:\\\/\\\/www.altominho.tv\\\/site\\\/wp-content\\\/uploads\\\/2021\\\/01\\\/AndreiaFerreira-150x150.jpg\",\"contentUrl\":\"https:\\\/\\\/www.altominho.tv\\\/site\\\/wp-content\\\/uploads\\\/2021\\\/01\\\/AndreiaFerreira-150x150.jpg\",\"caption\":\"Andreia Ferreira\"},\"url\":\"https:\\\/\\\/www.altominho.tv\\\/site\\\/author\\\/andreiaferreira\\\/\"}]}<\/script>\n<!-- \/ Yoast SEO Premium plugin. -->","yoast_head_json":{"title":"Exposi\u00e7\u00e3o de arte popular romena no Museu do Traje","robots":{"index":"index","follow":"follow","max-snippet":"max-snippet:-1","max-image-preview":"max-image-preview:large","max-video-preview":"max-video-preview:-1"},"canonical":"https:\/\/www.altominho.tv\/site\/2018\/05\/17\/exposicao-de-arte-popular-romena-no-museu-do-traje\/","og_locale":"pt_PT","og_type":"article","og_title":"Exposi\u00e7\u00e3o de arte popular romena no Museu do Traje","og_description":"O Museu do Traje de Viana do Castelo recebe, a partir de s\u00e1bado, uma exposi\u00e7\u00e3o de arte popular romena, in\u00e9dita em Portugal, pertencente ao Museu Etnogr\u00e1fico da Transilv\u00e2nia (Cluj, Rom\u00e9nia). A exposi\u00e7\u00e3o \u201c100 anos de traje romeno 1918-2018\u201d, com a curadoria do investigador e colecionador Sebastian Paic e da restauradora Laura Tro\u0219an, abre ao p\u00fablico, [&hellip;]","og_url":"https:\/\/www.altominho.tv\/site\/2018\/05\/17\/exposicao-de-arte-popular-romena-no-museu-do-traje\/","og_site_name":"Altominho.tv","article_publisher":"https:\/\/www.facebook.com\/altominhotv","article_published_time":"2018-05-17T11:53:25+00:00","og_image":[{"width":3500,"height":2333,"url":"https:\/\/www.altominho.tv\/site\/wp-content\/uploads\/2018\/05\/museutraje.jpg","type":"image\/jpeg"}],"author":"Andreia Ferreira","twitter_card":"summary_large_image","twitter_creator":"@altominhoTV","twitter_site":"@altominhoTV","twitter_misc":{"Escrito por":"Andreia Ferreira","Tempo estimado de leitura":"1 minuto"},"schema":{"@context":"https:\/\/schema.org","@graph":[{"@type":"Article","@id":"https:\/\/www.altominho.tv\/site\/2018\/05\/17\/exposicao-de-arte-popular-romena-no-museu-do-traje\/#article","isPartOf":{"@id":"https:\/\/www.altominho.tv\/site\/2018\/05\/17\/exposicao-de-arte-popular-romena-no-museu-do-traje\/"},"author":{"name":"Andreia Ferreira","@id":"https:\/\/www.altominho.tv\/site\/#\/schema\/person\/d9be4265364723f14ea8e0d56a1d38cd"},"headline":"Exposi\u00e7\u00e3o de arte popular romena no Museu do Traje","datePublished":"2018-05-17T11:53:25+00:00","mainEntityOfPage":{"@id":"https:\/\/www.altominho.tv\/site\/2018\/05\/17\/exposicao-de-arte-popular-romena-no-museu-do-traje\/"},"wordCount":164,"image":{"@id":"https:\/\/www.altominho.tv\/site\/2018\/05\/17\/exposicao-de-arte-popular-romena-no-museu-do-traje\/#primaryimage"},"thumbnailUrl":"https:\/\/www.altominho.tv\/site\/wp-content\/uploads\/2018\/05\/museutraje.jpg","keywords":["Cultura"],"articleSection":["Viana do Castelo"],"inLanguage":"pt-PT","copyrightYear":"2018","copyrightHolder":{"@id":"https:\/\/www.altominho.tv\/site\/#organization"}},{"@type":"WebPage","@id":"https:\/\/www.altominho.tv\/site\/2018\/05\/17\/exposicao-de-arte-popular-romena-no-museu-do-traje\/","url":"https:\/\/www.altominho.tv\/site\/2018\/05\/17\/exposicao-de-arte-popular-romena-no-museu-do-traje\/","name":"Exposi\u00e7\u00e3o de arte popular romena no Museu do Traje","isPartOf":{"@id":"https:\/\/www.altominho.tv\/site\/#website"},"primaryImageOfPage":{"@id":"https:\/\/www.altominho.tv\/site\/2018\/05\/17\/exposicao-de-arte-popular-romena-no-museu-do-traje\/#primaryimage"},"image":{"@id":"https:\/\/www.altominho.tv\/site\/2018\/05\/17\/exposicao-de-arte-popular-romena-no-museu-do-traje\/#primaryimage"},"thumbnailUrl":"https:\/\/www.altominho.tv\/site\/wp-content\/uploads\/2018\/05\/museutraje.jpg","datePublished":"2018-05-17T11:53:25+00:00","author":{"@id":"https:\/\/www.altominho.tv\/site\/#\/schema\/person\/d9be4265364723f14ea8e0d56a1d38cd"},"breadcrumb":{"@id":"https:\/\/www.altominho.tv\/site\/2018\/05\/17\/exposicao-de-arte-popular-romena-no-museu-do-traje\/#breadcrumb"},"inLanguage":"pt-PT","potentialAction":[{"@type":"ReadAction","target":["https:\/\/www.altominho.tv\/site\/2018\/05\/17\/exposicao-de-arte-popular-romena-no-museu-do-traje\/"]}]},{"@type":"ImageObject","inLanguage":"pt-PT","@id":"https:\/\/www.altominho.tv\/site\/2018\/05\/17\/exposicao-de-arte-popular-romena-no-museu-do-traje\/#primaryimage","url":"https:\/\/www.altominho.tv\/site\/wp-content\/uploads\/2018\/05\/museutraje.jpg","contentUrl":"https:\/\/www.altominho.tv\/site\/wp-content\/uploads\/2018\/05\/museutraje.jpg","width":3500,"height":2333},{"@type":"BreadcrumbList","@id":"https:\/\/www.altominho.tv\/site\/2018\/05\/17\/exposicao-de-arte-popular-romena-no-museu-do-traje\/#breadcrumb","itemListElement":[{"@type":"ListItem","position":1,"name":"In\u00edcio","item":"https:\/\/www.altominho.tv\/site\/"},{"@type":"ListItem","position":2,"name":"Exposi\u00e7\u00e3o de arte popular romena no Museu do Traje"}]},{"@type":"WebSite","@id":"https:\/\/www.altominho.tv\/site\/#website","url":"https:\/\/www.altominho.tv\/site\/","name":"Altominho.tv","description":"A sua regi\u00e3o \u00e0 dist\u00e2ncia de um clique...","potentialAction":[{"@type":"SearchAction","target":{"@type":"EntryPoint","urlTemplate":"https:\/\/www.altominho.tv\/site\/?s={search_term_string}"},"query-input":{"@type":"PropertyValueSpecification","valueRequired":true,"valueName":"search_term_string"}}],"inLanguage":"pt-PT"},{"@type":"Person","@id":"https:\/\/www.altominho.tv\/site\/#\/schema\/person\/d9be4265364723f14ea8e0d56a1d38cd","name":"Andreia Ferreira","image":{"@type":"ImageObject","inLanguage":"pt-PT","@id":"https:\/\/www.altominho.tv\/site\/wp-content\/uploads\/2021\/01\/AndreiaFerreira-150x150.jpg","url":"https:\/\/www.altominho.tv\/site\/wp-content\/uploads\/2021\/01\/AndreiaFerreira-150x150.jpg","contentUrl":"https:\/\/www.altominho.tv\/site\/wp-content\/uploads\/2021\/01\/AndreiaFerreira-150x150.jpg","caption":"Andreia Ferreira"},"url":"https:\/\/www.altominho.tv\/site\/author\/andreiaferreira\/"}]}},"_links":{"self":[{"href":"https:\/\/www.altominho.tv\/site\/wp-json\/wp\/v2\/posts\/13623","targetHints":{"allow":["GET"]}}],"collection":[{"href":"https:\/\/www.altominho.tv\/site\/wp-json\/wp\/v2\/posts"}],"about":[{"href":"https:\/\/www.altominho.tv\/site\/wp-json\/wp\/v2\/types\/post"}],"author":[{"embeddable":true,"href":"https:\/\/www.altominho.tv\/site\/wp-json\/wp\/v2\/users\/12"}],"replies":[{"embeddable":true,"href":"https:\/\/www.altominho.tv\/site\/wp-json\/wp\/v2\/comments?post=13623"}],"version-history":[{"count":0,"href":"https:\/\/www.altominho.tv\/site\/wp-json\/wp\/v2\/posts\/13623\/revisions"}],"wp:featuredmedia":[{"embeddable":true,"href":"https:\/\/www.altominho.tv\/site\/wp-json\/wp\/v2\/media\/13624"}],"wp:attachment":[{"href":"https:\/\/www.altominho.tv\/site\/wp-json\/wp\/v2\/media?parent=13623"}],"wp:term":[{"taxonomy":"category","embeddable":true,"href":"https:\/\/www.altominho.tv\/site\/wp-json\/wp\/v2\/categories?post=13623"},{"taxonomy":"post_tag","embeddable":true,"href":"https:\/\/www.altominho.tv\/site\/wp-json\/wp\/v2\/tags?post=13623"}],"curies":[{"name":"wp","href":"https:\/\/api.w.org\/{rel}","templated":true}]}}