{"id":136229,"date":"2026-08-31T17:46:10","date_gmt":"2026-08-31T16:46:10","guid":{"rendered":"https:\/\/www.altominho.tv\/site\/?p=136229"},"modified":"2026-08-31T17:46:12","modified_gmt":"2026-08-31T16:46:12","slug":"duarte-rodrigues-e-ines-veiga-em-destaque-no-rally-constalica","status":"publish","type":"post","link":"https:\/\/www.altominho.tv\/site\/2026\/08\/31\/duarte-rodrigues-e-ines-veiga-em-destaque-no-rally-constalica\/","title":{"rendered":"Duarte Rodrigues e In\u00eas Veiga em destaque no Rally Const\u00e1lica"},"content":{"rendered":"\n<p class=\"wp-block-paragraph\">Duarte Rodrigues, natural de Viana do Castelo, e In\u00eas Veiga, natural de \u00c1gueda, estiveram em destaque no passado fim de semana no Rally Const\u00e1lica \u2013 Castro Daire \u2013 Oliveira de Frades \u2013 Vouzela, onde alcan\u00e7aram resultados que evidenciam a evolu\u00e7\u00e3o e competitividade demonstradas ao longo da temporada.<\/p>\n\n\n\n<p class=\"wp-block-paragraph\">Ao volante de um Citro\u00ebn Saxo Cup, a dupla conquistou a vit\u00f3ria na classe 1600cc da Promolaf\u00f5es Rali Cup e na classe X1-9. Duarte Rodrigues e In\u00eas Veiga alcan\u00e7aram ainda o segundo lugar entre os concorrentes de duas rodas motrizes no Campeonato Centro de Ralis e no Campeonato Promo de Ralis.<\/p>\n\n\n\n<p class=\"wp-block-paragraph\">Perante uma concorr\u00eancia forte e classificativas onde v\u00e1rios advers\u00e1rios apresentavam um conhecimento aprofundado do percurso, a equipa optou por uma estrat\u00e9gia equilibrada, privilegiando a consist\u00eancia na fase inicial da prova e aumentando progressivamente o ritmo.<\/p>\n\n\n\n<p class=\"wp-block-paragraph\">\u201cNo primeiro dia de prova adot\u00e1mos um andamento mais cauteloso, uma vez que as especiais de Castro Daire n\u00e3o nos deixavam totalmente \u00e0 vontade para impor um ritmo mais forte. No entanto, sab\u00edamos que seria fundamental atacar desde os primeiros quil\u00f3metros do domingo para alcan\u00e7ar um resultado competitivo\u201d, explicou Duarte Rodrigues.<\/p>\n\n\n\n<p class=\"wp-block-paragraph\">Tamb\u00e9m In\u00eas Veiga destacou a evolu\u00e7\u00e3o do piloto ao longo da \u00e9poca, considerando que o desempenho demonstrado no rali evidencia o crescimento da dupla.<\/p>\n\n\n\n<p class=\"wp-block-paragraph\">\u201cO enorme talento do Duarte e a sua dedica\u00e7\u00e3o come\u00e7am a estar \u00e0 vista de todos. \u00c9 um orgulho fazer parte deste projeto, onde a evolu\u00e7\u00e3o de prova para prova \u00e9 cada vez mais evidente. Foi um rali exemplar da parte do Duarte, sem erros e com uma maturidade competitiva impressionante\u201d, afirmou a navegadora.<\/p>\n\n\n\n<p class=\"wp-block-paragraph\">No final da prova, a dupla agradeceu ainda o apoio dos patrocinadores, da equipa e de todos aqueles que acompanham o projeto ao longo da temporada.<\/p>\n\n\n\n<p class=\"wp-block-paragraph\">A pr\u00f3xima participa\u00e7\u00e3o de Duarte Rodrigues e In\u00eas Veiga est\u00e1 marcada para o Rali de Viana do Castelo, que decorre nos dias 18 e 19 de setembro.<\/p>\n\n\n\n<p class=\"wp-block-paragraph\">\u201cEstamos bastante ansiosos pelo pr\u00f3ximo rali, por se tratar do meu rali \u2018de casa\u2019. Queremos brindar o povo vianense com um andamento forte e muito espet\u00e1culo, agradecendo \u00e0 C\u00e2mara Municipal de Viana do Castelo pela aposta e apoio no nosso projeto\u201d, concluiu o piloto vianense.<\/p>\n\n\n\n<p class=\"wp-block-paragraph\">Fotos: <strong>DR<\/strong><\/p>\n","protected":false},"excerpt":{"rendered":"<p>Duarte Rodrigues, natural de Viana do Castelo, e In\u00eas Veiga, natural de \u00c1gueda, estiveram em destaque no passado fim de semana no Rally Const\u00e1lica \u2013 Castro Daire \u2013 Oliveira de Frades \u2013 Vouzela, onde alcan\u00e7aram resultados que evidenciam a evolu\u00e7\u00e3o e competitividade demonstradas ao longo da temporada. Ao volante de um Citro\u00ebn Saxo Cup, a [&hellip;]<\/p>\n","protected":false},"author":1,"featured_media":136230,"comment_status":"closed","ping_status":"closed","sticky":false,"template":"","format":"standard","meta":{"_exactmetrics_skip_tracking":false,"footnotes":""},"categories":[14],"tags":[20],"class_list":["post-136229","post","type-post","status-publish","format-standard","has-post-thumbnail","hentry","category-viana-do-castelo","tag-desporto"],"yoast_head":"<!-- This site is optimized with the Yoast SEO Premium plugin v28.3 (Yoast SEO v28.3) - https:\/\/yoast.com\/product\/yoast-seo-premium-wordpress\/ -->\n<title>Duarte Rodrigues e In\u00eas Veiga em destaque no Rally Const\u00e1lica<\/title>\n<meta name=\"description\" content=\"Duarte Rodrigues, natural de Viana do Castelo, e In\u00eas Veiga, natural de \u00c1gueda, estiveram em destaque no passado fim de semana no Rally Const\u00e1lica \u2013 Castro Daire \u2013 Oliveira de Frades \u2013 Vouzela, onde alcan\u00e7aram resultados que evidenciam a evolu\u00e7\u00e3o e competitividade demonstradas ao longo da temporada.\" \/>\n<meta name=\"robots\" content=\"index, follow, max-snippet:-1, max-image-preview:large, max-video-preview:-1\" \/>\n<link rel=\"canonical\" href=\"https:\/\/www.altominho.tv\/site\/2026\/08\/31\/duarte-rodrigues-e-ines-veiga-em-destaque-no-rally-constalica\/\" \/>\n<meta property=\"og:locale\" content=\"pt_PT\" \/>\n<meta property=\"og:type\" content=\"article\" \/>\n<meta property=\"og:title\" content=\"Duarte Rodrigues e In\u00eas Veiga em destaque no Rally Const\u00e1lica\" \/>\n<meta property=\"og:description\" content=\"Duarte Rodrigues, natural de Viana do Castelo, e In\u00eas Veiga, natural de \u00c1gueda, estiveram em destaque no passado fim de semana no Rally Const\u00e1lica \u2013 Castro Daire \u2013 Oliveira de Frades \u2013 Vouzela, onde alcan\u00e7aram resultados que evidenciam a evolu\u00e7\u00e3o e competitividade demonstradas ao longo da temporada.\" \/>\n<meta property=\"og:url\" content=\"https:\/\/www.altominho.tv\/site\/2026\/08\/31\/duarte-rodrigues-e-ines-veiga-em-destaque-no-rally-constalica\/\" \/>\n<meta property=\"og:site_name\" content=\"Altominho.tv\" \/>\n<meta property=\"article:publisher\" content=\"https:\/\/www.facebook.com\/altominhotv\" \/>\n<meta property=\"article:published_time\" content=\"2026-08-31T16:46:10+00:00\" \/>\n<meta property=\"article:modified_time\" content=\"2026-08-31T16:46:12+00:00\" \/>\n<meta property=\"og:image\" content=\"https:\/\/www.altominho.tv\/site\/wp-content\/uploads\/2026\/08\/Duarte-Rodrigues-e-Ines-Veiga.jpg\" \/>\n\t<meta property=\"og:image:width\" content=\"1200\" \/>\n\t<meta property=\"og:image:height\" content=\"630\" \/>\n\t<meta property=\"og:image:type\" content=\"image\/jpeg\" \/>\n<meta name=\"author\" content=\"Altominho.tv\" \/>\n<meta name=\"twitter:card\" content=\"summary_large_image\" \/>\n<meta name=\"twitter:creator\" content=\"@altominhoTV\" \/>\n<meta name=\"twitter:site\" content=\"@altominhoTV\" \/>\n<meta name=\"twitter:label1\" content=\"Escrito por\" \/>\n\t<meta name=\"twitter:data1\" content=\"Altominho.tv\" \/>\n\t<meta name=\"twitter:label2\" content=\"Tempo estimado de leitura\" \/>\n\t<meta name=\"twitter:data2\" content=\"3 minutos\" \/>\n<script type=\"application\/ld+json\" class=\"yoast-schema-graph\">{\"@context\":\"https:\\\/\\\/schema.org\",\"@graph\":[{\"@type\":\"Article\",\"@id\":\"https:\\\/\\\/www.altominho.tv\\\/site\\\/2026\\\/08\\\/31\\\/duarte-rodrigues-e-ines-veiga-em-destaque-no-rally-constalica\\\/#article\",\"isPartOf\":{\"@id\":\"https:\\\/\\\/www.altominho.tv\\\/site\\\/2026\\\/08\\\/31\\\/duarte-rodrigues-e-ines-veiga-em-destaque-no-rally-constalica\\\/\"},\"author\":{\"name\":\"Altominho.tv\",\"@id\":\"https:\\\/\\\/www.altominho.tv\\\/site\\\/#\\\/schema\\\/person\\\/4e536851627d7914baf3dac752b6af22\"},\"headline\":\"Duarte Rodrigues e In\u00eas Veiga em destaque no Rally Const\u00e1lica\",\"datePublished\":\"2026-08-31T16:46:10+00:00\",\"dateModified\":\"2026-08-31T16:46:12+00:00\",\"mainEntityOfPage\":{\"@id\":\"https:\\\/\\\/www.altominho.tv\\\/site\\\/2026\\\/08\\\/31\\\/duarte-rodrigues-e-ines-veiga-em-destaque-no-rally-constalica\\\/\"},\"wordCount\":396,\"image\":{\"@id\":\"https:\\\/\\\/www.altominho.tv\\\/site\\\/2026\\\/08\\\/31\\\/duarte-rodrigues-e-ines-veiga-em-destaque-no-rally-constalica\\\/#primaryimage\"},\"thumbnailUrl\":\"https:\\\/\\\/www.altominho.tv\\\/site\\\/wp-content\\\/uploads\\\/2026\\\/08\\\/Duarte-Rodrigues-e-Ines-Veiga.jpg\",\"keywords\":[\"Desporto\"],\"articleSection\":[\"Viana do Castelo\"],\"inLanguage\":\"pt-PT\",\"copyrightYear\":\"2026\",\"copyrightHolder\":{\"@id\":\"https:\\\/\\\/www.altominho.tv\\\/site\\\/#organization\"}},{\"@type\":\"WebPage\",\"@id\":\"https:\\\/\\\/www.altominho.tv\\\/site\\\/2026\\\/08\\\/31\\\/duarte-rodrigues-e-ines-veiga-em-destaque-no-rally-constalica\\\/\",\"url\":\"https:\\\/\\\/www.altominho.tv\\\/site\\\/2026\\\/08\\\/31\\\/duarte-rodrigues-e-ines-veiga-em-destaque-no-rally-constalica\\\/\",\"name\":\"Duarte Rodrigues e In\u00eas Veiga em destaque no Rally Const\u00e1lica\",\"isPartOf\":{\"@id\":\"https:\\\/\\\/www.altominho.tv\\\/site\\\/#website\"},\"primaryImageOfPage\":{\"@id\":\"https:\\\/\\\/www.altominho.tv\\\/site\\\/2026\\\/08\\\/31\\\/duarte-rodrigues-e-ines-veiga-em-destaque-no-rally-constalica\\\/#primaryimage\"},\"image\":{\"@id\":\"https:\\\/\\\/www.altominho.tv\\\/site\\\/2026\\\/08\\\/31\\\/duarte-rodrigues-e-ines-veiga-em-destaque-no-rally-constalica\\\/#primaryimage\"},\"thumbnailUrl\":\"https:\\\/\\\/www.altominho.tv\\\/site\\\/wp-content\\\/uploads\\\/2026\\\/08\\\/Duarte-Rodrigues-e-Ines-Veiga.jpg\",\"datePublished\":\"2026-08-31T16:46:10+00:00\",\"dateModified\":\"2026-08-31T16:46:12+00:00\",\"author\":{\"@id\":\"https:\\\/\\\/www.altominho.tv\\\/site\\\/#\\\/schema\\\/person\\\/4e536851627d7914baf3dac752b6af22\"},\"description\":\"Duarte Rodrigues, natural de Viana do Castelo, e In\u00eas Veiga, natural de \u00c1gueda, estiveram em destaque no passado fim de semana no Rally Const\u00e1lica \u2013 Castro Daire \u2013 Oliveira de Frades \u2013 Vouzela, onde alcan\u00e7aram resultados que evidenciam a evolu\u00e7\u00e3o e competitividade demonstradas ao longo da temporada.\",\"breadcrumb\":{\"@id\":\"https:\\\/\\\/www.altominho.tv\\\/site\\\/2026\\\/08\\\/31\\\/duarte-rodrigues-e-ines-veiga-em-destaque-no-rally-constalica\\\/#breadcrumb\"},\"inLanguage\":\"pt-PT\",\"potentialAction\":[{\"@type\":\"ReadAction\",\"target\":[\"https:\\\/\\\/www.altominho.tv\\\/site\\\/2026\\\/08\\\/31\\\/duarte-rodrigues-e-ines-veiga-em-destaque-no-rally-constalica\\\/\"]}]},{\"@type\":\"ImageObject\",\"inLanguage\":\"pt-PT\",\"@id\":\"https:\\\/\\\/www.altominho.tv\\\/site\\\/2026\\\/08\\\/31\\\/duarte-rodrigues-e-ines-veiga-em-destaque-no-rally-constalica\\\/#primaryimage\",\"url\":\"https:\\\/\\\/www.altominho.tv\\\/site\\\/wp-content\\\/uploads\\\/2026\\\/08\\\/Duarte-Rodrigues-e-Ines-Veiga.jpg\",\"contentUrl\":\"https:\\\/\\\/www.altominho.tv\\\/site\\\/wp-content\\\/uploads\\\/2026\\\/08\\\/Duarte-Rodrigues-e-Ines-Veiga.jpg\",\"width\":1200,\"height\":630},{\"@type\":\"BreadcrumbList\",\"@id\":\"https:\\\/\\\/www.altominho.tv\\\/site\\\/2026\\\/08\\\/31\\\/duarte-rodrigues-e-ines-veiga-em-destaque-no-rally-constalica\\\/#breadcrumb\",\"itemListElement\":[{\"@type\":\"ListItem\",\"position\":1,\"name\":\"In\u00edcio\",\"item\":\"https:\\\/\\\/www.altominho.tv\\\/site\\\/\"},{\"@type\":\"ListItem\",\"position\":2,\"name\":\"Duarte Rodrigues e In\u00eas Veiga em destaque no Rally Const\u00e1lica\"}]},{\"@type\":\"WebSite\",\"@id\":\"https:\\\/\\\/www.altominho.tv\\\/site\\\/#website\",\"url\":\"https:\\\/\\\/www.altominho.tv\\\/site\\\/\",\"name\":\"Altominho.tv\",\"description\":\"A sua regi\u00e3o \u00e0 dist\u00e2ncia de um clique...\",\"potentialAction\":[{\"@type\":\"SearchAction\",\"target\":{\"@type\":\"EntryPoint\",\"urlTemplate\":\"https:\\\/\\\/www.altominho.tv\\\/site\\\/?s={search_term_string}\"},\"query-input\":{\"@type\":\"PropertyValueSpecification\",\"valueRequired\":true,\"valueName\":\"search_term_string\"}}],\"inLanguage\":\"pt-PT\"},{\"@type\":\"Person\",\"@id\":\"https:\\\/\\\/www.altominho.tv\\\/site\\\/#\\\/schema\\\/person\\\/4e536851627d7914baf3dac752b6af22\",\"name\":\"Altominho.tv\",\"image\":{\"@type\":\"ImageObject\",\"inLanguage\":\"pt-PT\",\"@id\":\"https:\\\/\\\/www.altominho.tv\\\/site\\\/wp-content\\\/uploads\\\/2019\\\/11\\\/Logo_Avatar_2-150x150.jpg\",\"url\":\"https:\\\/\\\/www.altominho.tv\\\/site\\\/wp-content\\\/uploads\\\/2019\\\/11\\\/Logo_Avatar_2-150x150.jpg\",\"contentUrl\":\"https:\\\/\\\/www.altominho.tv\\\/site\\\/wp-content\\\/uploads\\\/2019\\\/11\\\/Logo_Avatar_2-150x150.jpg\",\"caption\":\"Altominho.tv\"},\"url\":\"https:\\\/\\\/www.altominho.tv\\\/site\\\/author\\\/altominhotv-tecnico\\\/\"}]}<\/script>\n<!-- \/ Yoast SEO Premium plugin. -->","yoast_head_json":{"title":"Duarte Rodrigues e In\u00eas Veiga em destaque no Rally Const\u00e1lica","description":"Duarte Rodrigues, natural de Viana do Castelo, e In\u00eas Veiga, natural de \u00c1gueda, estiveram em destaque no passado fim de semana no Rally Const\u00e1lica \u2013 Castro Daire \u2013 Oliveira de Frades \u2013 Vouzela, onde alcan\u00e7aram resultados que evidenciam a evolu\u00e7\u00e3o e competitividade demonstradas ao longo da temporada.","robots":{"index":"index","follow":"follow","max-snippet":"max-snippet:-1","max-image-preview":"max-image-preview:large","max-video-preview":"max-video-preview:-1"},"canonical":"https:\/\/www.altominho.tv\/site\/2026\/08\/31\/duarte-rodrigues-e-ines-veiga-em-destaque-no-rally-constalica\/","og_locale":"pt_PT","og_type":"article","og_title":"Duarte Rodrigues e In\u00eas Veiga em destaque no Rally Const\u00e1lica","og_description":"Duarte Rodrigues, natural de Viana do Castelo, e In\u00eas Veiga, natural de \u00c1gueda, estiveram em destaque no passado fim de semana no Rally Const\u00e1lica \u2013 Castro Daire \u2013 Oliveira de Frades \u2013 Vouzela, onde alcan\u00e7aram resultados que evidenciam a evolu\u00e7\u00e3o e competitividade demonstradas ao longo da temporada.","og_url":"https:\/\/www.altominho.tv\/site\/2026\/08\/31\/duarte-rodrigues-e-ines-veiga-em-destaque-no-rally-constalica\/","og_site_name":"Altominho.tv","article_publisher":"https:\/\/www.facebook.com\/altominhotv","article_published_time":"2026-08-31T16:46:10+00:00","article_modified_time":"2026-08-31T16:46:12+00:00","og_image":[{"width":1200,"height":630,"url":"https:\/\/www.altominho.tv\/site\/wp-content\/uploads\/2026\/08\/Duarte-Rodrigues-e-Ines-Veiga.jpg","type":"image\/jpeg"}],"author":"Altominho.tv","twitter_card":"summary_large_image","twitter_creator":"@altominhoTV","twitter_site":"@altominhoTV","twitter_misc":{"Escrito por":"Altominho.tv","Tempo estimado de leitura":"3 minutos"},"schema":{"@context":"https:\/\/schema.org","@graph":[{"@type":"Article","@id":"https:\/\/www.altominho.tv\/site\/2026\/08\/31\/duarte-rodrigues-e-ines-veiga-em-destaque-no-rally-constalica\/#article","isPartOf":{"@id":"https:\/\/www.altominho.tv\/site\/2026\/08\/31\/duarte-rodrigues-e-ines-veiga-em-destaque-no-rally-constalica\/"},"author":{"name":"Altominho.tv","@id":"https:\/\/www.altominho.tv\/site\/#\/schema\/person\/4e536851627d7914baf3dac752b6af22"},"headline":"Duarte Rodrigues e In\u00eas Veiga em destaque no Rally Const\u00e1lica","datePublished":"2026-08-31T16:46:10+00:00","dateModified":"2026-08-31T16:46:12+00:00","mainEntityOfPage":{"@id":"https:\/\/www.altominho.tv\/site\/2026\/08\/31\/duarte-rodrigues-e-ines-veiga-em-destaque-no-rally-constalica\/"},"wordCount":396,"image":{"@id":"https:\/\/www.altominho.tv\/site\/2026\/08\/31\/duarte-rodrigues-e-ines-veiga-em-destaque-no-rally-constalica\/#primaryimage"},"thumbnailUrl":"https:\/\/www.altominho.tv\/site\/wp-content\/uploads\/2026\/08\/Duarte-Rodrigues-e-Ines-Veiga.jpg","keywords":["Desporto"],"articleSection":["Viana do Castelo"],"inLanguage":"pt-PT","copyrightYear":"2026","copyrightHolder":{"@id":"https:\/\/www.altominho.tv\/site\/#organization"}},{"@type":"WebPage","@id":"https:\/\/www.altominho.tv\/site\/2026\/08\/31\/duarte-rodrigues-e-ines-veiga-em-destaque-no-rally-constalica\/","url":"https:\/\/www.altominho.tv\/site\/2026\/08\/31\/duarte-rodrigues-e-ines-veiga-em-destaque-no-rally-constalica\/","name":"Duarte Rodrigues e In\u00eas Veiga em destaque no Rally Const\u00e1lica","isPartOf":{"@id":"https:\/\/www.altominho.tv\/site\/#website"},"primaryImageOfPage":{"@id":"https:\/\/www.altominho.tv\/site\/2026\/08\/31\/duarte-rodrigues-e-ines-veiga-em-destaque-no-rally-constalica\/#primaryimage"},"image":{"@id":"https:\/\/www.altominho.tv\/site\/2026\/08\/31\/duarte-rodrigues-e-ines-veiga-em-destaque-no-rally-constalica\/#primaryimage"},"thumbnailUrl":"https:\/\/www.altominho.tv\/site\/wp-content\/uploads\/2026\/08\/Duarte-Rodrigues-e-Ines-Veiga.jpg","datePublished":"2026-08-31T16:46:10+00:00","dateModified":"2026-08-31T16:46:12+00:00","author":{"@id":"https:\/\/www.altominho.tv\/site\/#\/schema\/person\/4e536851627d7914baf3dac752b6af22"},"description":"Duarte Rodrigues, natural de Viana do Castelo, e In\u00eas Veiga, natural de \u00c1gueda, estiveram em destaque no passado fim de semana no Rally Const\u00e1lica \u2013 Castro Daire \u2013 Oliveira de Frades \u2013 Vouzela, onde alcan\u00e7aram resultados que evidenciam a evolu\u00e7\u00e3o e competitividade demonstradas ao longo da temporada.","breadcrumb":{"@id":"https:\/\/www.altominho.tv\/site\/2026\/08\/31\/duarte-rodrigues-e-ines-veiga-em-destaque-no-rally-constalica\/#breadcrumb"},"inLanguage":"pt-PT","potentialAction":[{"@type":"ReadAction","target":["https:\/\/www.altominho.tv\/site\/2026\/08\/31\/duarte-rodrigues-e-ines-veiga-em-destaque-no-rally-constalica\/"]}]},{"@type":"ImageObject","inLanguage":"pt-PT","@id":"https:\/\/www.altominho.tv\/site\/2026\/08\/31\/duarte-rodrigues-e-ines-veiga-em-destaque-no-rally-constalica\/#primaryimage","url":"https:\/\/www.altominho.tv\/site\/wp-content\/uploads\/2026\/08\/Duarte-Rodrigues-e-Ines-Veiga.jpg","contentUrl":"https:\/\/www.altominho.tv\/site\/wp-content\/uploads\/2026\/08\/Duarte-Rodrigues-e-Ines-Veiga.jpg","width":1200,"height":630},{"@type":"BreadcrumbList","@id":"https:\/\/www.altominho.tv\/site\/2026\/08\/31\/duarte-rodrigues-e-ines-veiga-em-destaque-no-rally-constalica\/#breadcrumb","itemListElement":[{"@type":"ListItem","position":1,"name":"In\u00edcio","item":"https:\/\/www.altominho.tv\/site\/"},{"@type":"ListItem","position":2,"name":"Duarte Rodrigues e In\u00eas Veiga em destaque no Rally Const\u00e1lica"}]},{"@type":"WebSite","@id":"https:\/\/www.altominho.tv\/site\/#website","url":"https:\/\/www.altominho.tv\/site\/","name":"Altominho.tv","description":"A sua regi\u00e3o \u00e0 dist\u00e2ncia de um clique...","potentialAction":[{"@type":"SearchAction","target":{"@type":"EntryPoint","urlTemplate":"https:\/\/www.altominho.tv\/site\/?s={search_term_string}"},"query-input":{"@type":"PropertyValueSpecification","valueRequired":true,"valueName":"search_term_string"}}],"inLanguage":"pt-PT"},{"@type":"Person","@id":"https:\/\/www.altominho.tv\/site\/#\/schema\/person\/4e536851627d7914baf3dac752b6af22","name":"Altominho.tv","image":{"@type":"ImageObject","inLanguage":"pt-PT","@id":"https:\/\/www.altominho.tv\/site\/wp-content\/uploads\/2019\/11\/Logo_Avatar_2-150x150.jpg","url":"https:\/\/www.altominho.tv\/site\/wp-content\/uploads\/2019\/11\/Logo_Avatar_2-150x150.jpg","contentUrl":"https:\/\/www.altominho.tv\/site\/wp-content\/uploads\/2019\/11\/Logo_Avatar_2-150x150.jpg","caption":"Altominho.tv"},"url":"https:\/\/www.altominho.tv\/site\/author\/altominhotv-tecnico\/"}]}},"_links":{"self":[{"href":"https:\/\/www.altominho.tv\/site\/wp-json\/wp\/v2\/posts\/136229","targetHints":{"allow":["GET"]}}],"collection":[{"href":"https:\/\/www.altominho.tv\/site\/wp-json\/wp\/v2\/posts"}],"about":[{"href":"https:\/\/www.altominho.tv\/site\/wp-json\/wp\/v2\/types\/post"}],"author":[{"embeddable":true,"href":"https:\/\/www.altominho.tv\/site\/wp-json\/wp\/v2\/users\/1"}],"replies":[{"embeddable":true,"href":"https:\/\/www.altominho.tv\/site\/wp-json\/wp\/v2\/comments?post=136229"}],"version-history":[{"count":1,"href":"https:\/\/www.altominho.tv\/site\/wp-json\/wp\/v2\/posts\/136229\/revisions"}],"predecessor-version":[{"id":136231,"href":"https:\/\/www.altominho.tv\/site\/wp-json\/wp\/v2\/posts\/136229\/revisions\/136231"}],"wp:featuredmedia":[{"embeddable":true,"href":"https:\/\/www.altominho.tv\/site\/wp-json\/wp\/v2\/media\/136230"}],"wp:attachment":[{"href":"https:\/\/www.altominho.tv\/site\/wp-json\/wp\/v2\/media?parent=136229"}],"wp:term":[{"taxonomy":"category","embeddable":true,"href":"https:\/\/www.altominho.tv\/site\/wp-json\/wp\/v2\/categories?post=136229"},{"taxonomy":"post_tag","embeddable":true,"href":"https:\/\/www.altominho.tv\/site\/wp-json\/wp\/v2\/tags?post=136229"}],"curies":[{"name":"wp","href":"https:\/\/api.w.org\/{rel}","templated":true}]}}