{"id":136208,"date":"2026-08-31T14:32:41","date_gmt":"2026-08-31T13:32:41","guid":{"rendered":"https:\/\/www.altominho.tv\/site\/?p=136208"},"modified":"2026-08-31T14:32:42","modified_gmt":"2026-08-31T13:32:42","slug":"padroso-recria-tradicional-escavada-da-batata","status":"publish","type":"post","link":"https:\/\/www.altominho.tv\/site\/2026\/08\/31\/padroso-recria-tradicional-escavada-da-batata\/","title":{"rendered":"Padroso recria tradicional Escavada da Batata"},"content":{"rendered":"<p>A freguesia de Padroso, em Arcos de Valdevez, vai recriar a tradicional Escavada da Batata, no pr\u00f3ximo dia 5 de setembro, numa iniciativa que pretende preservar a mem\u00f3ria e as pr\u00e1ticas agr\u00edcolas que fazem parte da hist\u00f3ria da comunidade local.<\/p>\n<p>A atividade tem in\u00edcio marcado para as 8h30, no Largo das Lamosas, e pretende recuperar uma tradi\u00e7\u00e3o ligada \u00e0 agricultura e ao trabalho no campo, proporcionando tamb\u00e9m um momento de conv\u00edvio entre a popula\u00e7\u00e3o.<\/p>\n<p>A iniciativa \u00e9 promovida pela C\u00e2mara Municipal de Arcos de Valdevez e pela Cooperativa Agr\u00edcola de Arcos de Valdevez e Ponte da Barca, em parceria com a Junta de Freguesia de Padroso e a Associa\u00e7\u00e3o Amigos da Terra de Padroso.<\/p>\n<p>Segundo a autarquia, o objetivo passa por recuperar e dinamizar pr\u00e1ticas agr\u00edcolas ancestrais, contribuindo para a valoriza\u00e7\u00e3o do mundo rural e para a preserva\u00e7\u00e3o das tradi\u00e7\u00f5es agr\u00edcolas locais.<\/p>\n<p>Foto: <strong>DR<\/strong><\/p>\n","protected":false},"excerpt":{"rendered":"<p>A freguesia de Padroso, em Arcos de Valdevez, vai recriar a tradicional Escavada da Batata, no pr\u00f3ximo dia 5 de setembro, numa iniciativa que pretende preservar a mem\u00f3ria e as pr\u00e1ticas agr\u00edcolas que fazem parte da hist\u00f3ria da comunidade local. A atividade tem in\u00edcio marcado para as 8h30, no Largo das Lamosas, e pretende recuperar [&hellip;]<\/p>\n","protected":false},"author":1,"featured_media":136210,"comment_status":"closed","ping_status":"closed","sticky":false,"template":"","format":"standard","meta":{"_exactmetrics_skip_tracking":false,"footnotes":""},"categories":[2],"tags":[27],"class_list":["post-136208","post","type-post","status-publish","format-standard","has-post-thumbnail","hentry","category-arcos-de-valdevez","tag-sociedade"],"yoast_head":"<!-- This site is optimized with the Yoast SEO Premium plugin v28.3 (Yoast SEO v28.3) - https:\/\/yoast.com\/product\/yoast-seo-premium-wordpress\/ -->\n<title>Padroso recria tradicional Escavada da Batata<\/title>\n<meta name=\"description\" content=\"A freguesia de Padroso, em Arcos de Valdevez, vai recriar a tradicional Escavada da Batata, no pr\u00f3ximo dia 5 de setembro, numa iniciativa que pretende preservar a mem\u00f3ria e as pr\u00e1ticas agr\u00edcolas que fazem parte da hist\u00f3ria da comunidade local.\" \/>\n<meta name=\"robots\" content=\"index, follow, max-snippet:-1, max-image-preview:large, max-video-preview:-1\" \/>\n<link rel=\"canonical\" href=\"https:\/\/www.altominho.tv\/site\/2026\/08\/31\/padroso-recria-tradicional-escavada-da-batata\/\" \/>\n<meta property=\"og:locale\" content=\"pt_PT\" \/>\n<meta property=\"og:type\" content=\"article\" \/>\n<meta property=\"og:title\" content=\"Padroso recria tradicional Escavada da Batata\" \/>\n<meta property=\"og:description\" content=\"A freguesia de Padroso, em Arcos de Valdevez, vai recriar a tradicional Escavada da Batata, no pr\u00f3ximo dia 5 de setembro, numa iniciativa que pretende preservar a mem\u00f3ria e as pr\u00e1ticas agr\u00edcolas que fazem parte da hist\u00f3ria da comunidade local.\" \/>\n<meta property=\"og:url\" content=\"https:\/\/www.altominho.tv\/site\/2026\/08\/31\/padroso-recria-tradicional-escavada-da-batata\/\" \/>\n<meta property=\"og:site_name\" content=\"Altominho.tv\" \/>\n<meta property=\"article:publisher\" content=\"https:\/\/www.facebook.com\/altominhotv\" \/>\n<meta property=\"article:published_time\" content=\"2026-08-31T13:32:41+00:00\" \/>\n<meta property=\"article:modified_time\" content=\"2026-08-31T13:32:42+00:00\" \/>\n<meta property=\"og:image\" content=\"https:\/\/www.altominho.tv\/site\/wp-content\/uploads\/2026\/08\/batata.jpg\" \/>\n\t<meta property=\"og:image:width\" content=\"1200\" \/>\n\t<meta property=\"og:image:height\" content=\"630\" \/>\n\t<meta property=\"og:image:type\" content=\"image\/jpeg\" \/>\n<meta name=\"author\" content=\"Altominho.tv\" \/>\n<meta name=\"twitter:card\" content=\"summary_large_image\" \/>\n<meta name=\"twitter:creator\" content=\"@altominhoTV\" \/>\n<meta name=\"twitter:site\" content=\"@altominhoTV\" \/>\n<meta name=\"twitter:label1\" content=\"Escrito por\" \/>\n\t<meta name=\"twitter:data1\" content=\"Altominho.tv\" \/>\n\t<meta name=\"twitter:label2\" content=\"Tempo estimado de leitura\" \/>\n\t<meta name=\"twitter:data2\" content=\"1 minuto\" \/>\n<script type=\"application\/ld+json\" class=\"yoast-schema-graph\">{\"@context\":\"https:\\\/\\\/schema.org\",\"@graph\":[{\"@type\":\"Article\",\"@id\":\"https:\\\/\\\/www.altominho.tv\\\/site\\\/2026\\\/08\\\/31\\\/padroso-recria-tradicional-escavada-da-batata\\\/#article\",\"isPartOf\":{\"@id\":\"https:\\\/\\\/www.altominho.tv\\\/site\\\/2026\\\/08\\\/31\\\/padroso-recria-tradicional-escavada-da-batata\\\/\"},\"author\":{\"name\":\"Altominho.tv\",\"@id\":\"https:\\\/\\\/www.altominho.tv\\\/site\\\/#\\\/schema\\\/person\\\/4e536851627d7914baf3dac752b6af22\"},\"headline\":\"Padroso recria tradicional Escavada da Batata\",\"datePublished\":\"2026-08-31T13:32:41+00:00\",\"dateModified\":\"2026-08-31T13:32:42+00:00\",\"mainEntityOfPage\":{\"@id\":\"https:\\\/\\\/www.altominho.tv\\\/site\\\/2026\\\/08\\\/31\\\/padroso-recria-tradicional-escavada-da-batata\\\/\"},\"wordCount\":166,\"image\":{\"@id\":\"https:\\\/\\\/www.altominho.tv\\\/site\\\/2026\\\/08\\\/31\\\/padroso-recria-tradicional-escavada-da-batata\\\/#primaryimage\"},\"thumbnailUrl\":\"https:\\\/\\\/www.altominho.tv\\\/site\\\/wp-content\\\/uploads\\\/2026\\\/08\\\/batata.jpg\",\"keywords\":[\"Sociedade\"],\"articleSection\":[\"Arcos de Valdevez\"],\"inLanguage\":\"pt-PT\",\"copyrightYear\":\"2026\",\"copyrightHolder\":{\"@id\":\"https:\\\/\\\/www.altominho.tv\\\/site\\\/#organization\"}},{\"@type\":\"WebPage\",\"@id\":\"https:\\\/\\\/www.altominho.tv\\\/site\\\/2026\\\/08\\\/31\\\/padroso-recria-tradicional-escavada-da-batata\\\/\",\"url\":\"https:\\\/\\\/www.altominho.tv\\\/site\\\/2026\\\/08\\\/31\\\/padroso-recria-tradicional-escavada-da-batata\\\/\",\"name\":\"Padroso recria tradicional Escavada da Batata\",\"isPartOf\":{\"@id\":\"https:\\\/\\\/www.altominho.tv\\\/site\\\/#website\"},\"primaryImageOfPage\":{\"@id\":\"https:\\\/\\\/www.altominho.tv\\\/site\\\/2026\\\/08\\\/31\\\/padroso-recria-tradicional-escavada-da-batata\\\/#primaryimage\"},\"image\":{\"@id\":\"https:\\\/\\\/www.altominho.tv\\\/site\\\/2026\\\/08\\\/31\\\/padroso-recria-tradicional-escavada-da-batata\\\/#primaryimage\"},\"thumbnailUrl\":\"https:\\\/\\\/www.altominho.tv\\\/site\\\/wp-content\\\/uploads\\\/2026\\\/08\\\/batata.jpg\",\"datePublished\":\"2026-08-31T13:32:41+00:00\",\"dateModified\":\"2026-08-31T13:32:42+00:00\",\"author\":{\"@id\":\"https:\\\/\\\/www.altominho.tv\\\/site\\\/#\\\/schema\\\/person\\\/4e536851627d7914baf3dac752b6af22\"},\"description\":\"A freguesia de Padroso, em Arcos de Valdevez, vai recriar a tradicional Escavada da Batata, no pr\u00f3ximo dia 5 de setembro, numa iniciativa que pretende preservar a mem\u00f3ria e as pr\u00e1ticas agr\u00edcolas que fazem parte da hist\u00f3ria da comunidade local.\",\"breadcrumb\":{\"@id\":\"https:\\\/\\\/www.altominho.tv\\\/site\\\/2026\\\/08\\\/31\\\/padroso-recria-tradicional-escavada-da-batata\\\/#breadcrumb\"},\"inLanguage\":\"pt-PT\",\"potentialAction\":[{\"@type\":\"ReadAction\",\"target\":[\"https:\\\/\\\/www.altominho.tv\\\/site\\\/2026\\\/08\\\/31\\\/padroso-recria-tradicional-escavada-da-batata\\\/\"]}]},{\"@type\":\"ImageObject\",\"inLanguage\":\"pt-PT\",\"@id\":\"https:\\\/\\\/www.altominho.tv\\\/site\\\/2026\\\/08\\\/31\\\/padroso-recria-tradicional-escavada-da-batata\\\/#primaryimage\",\"url\":\"https:\\\/\\\/www.altominho.tv\\\/site\\\/wp-content\\\/uploads\\\/2026\\\/08\\\/batata.jpg\",\"contentUrl\":\"https:\\\/\\\/www.altominho.tv\\\/site\\\/wp-content\\\/uploads\\\/2026\\\/08\\\/batata.jpg\",\"width\":1200,\"height\":630},{\"@type\":\"BreadcrumbList\",\"@id\":\"https:\\\/\\\/www.altominho.tv\\\/site\\\/2026\\\/08\\\/31\\\/padroso-recria-tradicional-escavada-da-batata\\\/#breadcrumb\",\"itemListElement\":[{\"@type\":\"ListItem\",\"position\":1,\"name\":\"In\u00edcio\",\"item\":\"https:\\\/\\\/www.altominho.tv\\\/site\\\/\"},{\"@type\":\"ListItem\",\"position\":2,\"name\":\"Padroso recria tradicional Escavada da Batata\"}]},{\"@type\":\"WebSite\",\"@id\":\"https:\\\/\\\/www.altominho.tv\\\/site\\\/#website\",\"url\":\"https:\\\/\\\/www.altominho.tv\\\/site\\\/\",\"name\":\"Altominho.tv\",\"description\":\"A sua regi\u00e3o \u00e0 dist\u00e2ncia de um clique...\",\"potentialAction\":[{\"@type\":\"SearchAction\",\"target\":{\"@type\":\"EntryPoint\",\"urlTemplate\":\"https:\\\/\\\/www.altominho.tv\\\/site\\\/?s={search_term_string}\"},\"query-input\":{\"@type\":\"PropertyValueSpecification\",\"valueRequired\":true,\"valueName\":\"search_term_string\"}}],\"inLanguage\":\"pt-PT\"},{\"@type\":\"Person\",\"@id\":\"https:\\\/\\\/www.altominho.tv\\\/site\\\/#\\\/schema\\\/person\\\/4e536851627d7914baf3dac752b6af22\",\"name\":\"Altominho.tv\",\"image\":{\"@type\":\"ImageObject\",\"inLanguage\":\"pt-PT\",\"@id\":\"https:\\\/\\\/www.altominho.tv\\\/site\\\/wp-content\\\/uploads\\\/2019\\\/11\\\/Logo_Avatar_2-150x150.jpg\",\"url\":\"https:\\\/\\\/www.altominho.tv\\\/site\\\/wp-content\\\/uploads\\\/2019\\\/11\\\/Logo_Avatar_2-150x150.jpg\",\"contentUrl\":\"https:\\\/\\\/www.altominho.tv\\\/site\\\/wp-content\\\/uploads\\\/2019\\\/11\\\/Logo_Avatar_2-150x150.jpg\",\"caption\":\"Altominho.tv\"},\"url\":\"https:\\\/\\\/www.altominho.tv\\\/site\\\/author\\\/altominhotv-tecnico\\\/\"}]}<\/script>\n<!-- \/ Yoast SEO Premium plugin. -->","yoast_head_json":{"title":"Padroso recria tradicional Escavada da Batata","description":"A freguesia de Padroso, em Arcos de Valdevez, vai recriar a tradicional Escavada da Batata, no pr\u00f3ximo dia 5 de setembro, numa iniciativa que pretende preservar a mem\u00f3ria e as pr\u00e1ticas agr\u00edcolas que fazem parte da hist\u00f3ria da comunidade local.","robots":{"index":"index","follow":"follow","max-snippet":"max-snippet:-1","max-image-preview":"max-image-preview:large","max-video-preview":"max-video-preview:-1"},"canonical":"https:\/\/www.altominho.tv\/site\/2026\/08\/31\/padroso-recria-tradicional-escavada-da-batata\/","og_locale":"pt_PT","og_type":"article","og_title":"Padroso recria tradicional Escavada da Batata","og_description":"A freguesia de Padroso, em Arcos de Valdevez, vai recriar a tradicional Escavada da Batata, no pr\u00f3ximo dia 5 de setembro, numa iniciativa que pretende preservar a mem\u00f3ria e as pr\u00e1ticas agr\u00edcolas que fazem parte da hist\u00f3ria da comunidade local.","og_url":"https:\/\/www.altominho.tv\/site\/2026\/08\/31\/padroso-recria-tradicional-escavada-da-batata\/","og_site_name":"Altominho.tv","article_publisher":"https:\/\/www.facebook.com\/altominhotv","article_published_time":"2026-08-31T13:32:41+00:00","article_modified_time":"2026-08-31T13:32:42+00:00","og_image":[{"width":1200,"height":630,"url":"https:\/\/www.altominho.tv\/site\/wp-content\/uploads\/2026\/08\/batata.jpg","type":"image\/jpeg"}],"author":"Altominho.tv","twitter_card":"summary_large_image","twitter_creator":"@altominhoTV","twitter_site":"@altominhoTV","twitter_misc":{"Escrito por":"Altominho.tv","Tempo estimado de leitura":"1 minuto"},"schema":{"@context":"https:\/\/schema.org","@graph":[{"@type":"Article","@id":"https:\/\/www.altominho.tv\/site\/2026\/08\/31\/padroso-recria-tradicional-escavada-da-batata\/#article","isPartOf":{"@id":"https:\/\/www.altominho.tv\/site\/2026\/08\/31\/padroso-recria-tradicional-escavada-da-batata\/"},"author":{"name":"Altominho.tv","@id":"https:\/\/www.altominho.tv\/site\/#\/schema\/person\/4e536851627d7914baf3dac752b6af22"},"headline":"Padroso recria tradicional Escavada da Batata","datePublished":"2026-08-31T13:32:41+00:00","dateModified":"2026-08-31T13:32:42+00:00","mainEntityOfPage":{"@id":"https:\/\/www.altominho.tv\/site\/2026\/08\/31\/padroso-recria-tradicional-escavada-da-batata\/"},"wordCount":166,"image":{"@id":"https:\/\/www.altominho.tv\/site\/2026\/08\/31\/padroso-recria-tradicional-escavada-da-batata\/#primaryimage"},"thumbnailUrl":"https:\/\/www.altominho.tv\/site\/wp-content\/uploads\/2026\/08\/batata.jpg","keywords":["Sociedade"],"articleSection":["Arcos de Valdevez"],"inLanguage":"pt-PT","copyrightYear":"2026","copyrightHolder":{"@id":"https:\/\/www.altominho.tv\/site\/#organization"}},{"@type":"WebPage","@id":"https:\/\/www.altominho.tv\/site\/2026\/08\/31\/padroso-recria-tradicional-escavada-da-batata\/","url":"https:\/\/www.altominho.tv\/site\/2026\/08\/31\/padroso-recria-tradicional-escavada-da-batata\/","name":"Padroso recria tradicional Escavada da Batata","isPartOf":{"@id":"https:\/\/www.altominho.tv\/site\/#website"},"primaryImageOfPage":{"@id":"https:\/\/www.altominho.tv\/site\/2026\/08\/31\/padroso-recria-tradicional-escavada-da-batata\/#primaryimage"},"image":{"@id":"https:\/\/www.altominho.tv\/site\/2026\/08\/31\/padroso-recria-tradicional-escavada-da-batata\/#primaryimage"},"thumbnailUrl":"https:\/\/www.altominho.tv\/site\/wp-content\/uploads\/2026\/08\/batata.jpg","datePublished":"2026-08-31T13:32:41+00:00","dateModified":"2026-08-31T13:32:42+00:00","author":{"@id":"https:\/\/www.altominho.tv\/site\/#\/schema\/person\/4e536851627d7914baf3dac752b6af22"},"description":"A freguesia de Padroso, em Arcos de Valdevez, vai recriar a tradicional Escavada da Batata, no pr\u00f3ximo dia 5 de setembro, numa iniciativa que pretende preservar a mem\u00f3ria e as pr\u00e1ticas agr\u00edcolas que fazem parte da hist\u00f3ria da comunidade local.","breadcrumb":{"@id":"https:\/\/www.altominho.tv\/site\/2026\/08\/31\/padroso-recria-tradicional-escavada-da-batata\/#breadcrumb"},"inLanguage":"pt-PT","potentialAction":[{"@type":"ReadAction","target":["https:\/\/www.altominho.tv\/site\/2026\/08\/31\/padroso-recria-tradicional-escavada-da-batata\/"]}]},{"@type":"ImageObject","inLanguage":"pt-PT","@id":"https:\/\/www.altominho.tv\/site\/2026\/08\/31\/padroso-recria-tradicional-escavada-da-batata\/#primaryimage","url":"https:\/\/www.altominho.tv\/site\/wp-content\/uploads\/2026\/08\/batata.jpg","contentUrl":"https:\/\/www.altominho.tv\/site\/wp-content\/uploads\/2026\/08\/batata.jpg","width":1200,"height":630},{"@type":"BreadcrumbList","@id":"https:\/\/www.altominho.tv\/site\/2026\/08\/31\/padroso-recria-tradicional-escavada-da-batata\/#breadcrumb","itemListElement":[{"@type":"ListItem","position":1,"name":"In\u00edcio","item":"https:\/\/www.altominho.tv\/site\/"},{"@type":"ListItem","position":2,"name":"Padroso recria tradicional Escavada da Batata"}]},{"@type":"WebSite","@id":"https:\/\/www.altominho.tv\/site\/#website","url":"https:\/\/www.altominho.tv\/site\/","name":"Altominho.tv","description":"A sua regi\u00e3o \u00e0 dist\u00e2ncia de um clique...","potentialAction":[{"@type":"SearchAction","target":{"@type":"EntryPoint","urlTemplate":"https:\/\/www.altominho.tv\/site\/?s={search_term_string}"},"query-input":{"@type":"PropertyValueSpecification","valueRequired":true,"valueName":"search_term_string"}}],"inLanguage":"pt-PT"},{"@type":"Person","@id":"https:\/\/www.altominho.tv\/site\/#\/schema\/person\/4e536851627d7914baf3dac752b6af22","name":"Altominho.tv","image":{"@type":"ImageObject","inLanguage":"pt-PT","@id":"https:\/\/www.altominho.tv\/site\/wp-content\/uploads\/2019\/11\/Logo_Avatar_2-150x150.jpg","url":"https:\/\/www.altominho.tv\/site\/wp-content\/uploads\/2019\/11\/Logo_Avatar_2-150x150.jpg","contentUrl":"https:\/\/www.altominho.tv\/site\/wp-content\/uploads\/2019\/11\/Logo_Avatar_2-150x150.jpg","caption":"Altominho.tv"},"url":"https:\/\/www.altominho.tv\/site\/author\/altominhotv-tecnico\/"}]}},"_links":{"self":[{"href":"https:\/\/www.altominho.tv\/site\/wp-json\/wp\/v2\/posts\/136208","targetHints":{"allow":["GET"]}}],"collection":[{"href":"https:\/\/www.altominho.tv\/site\/wp-json\/wp\/v2\/posts"}],"about":[{"href":"https:\/\/www.altominho.tv\/site\/wp-json\/wp\/v2\/types\/post"}],"author":[{"embeddable":true,"href":"https:\/\/www.altominho.tv\/site\/wp-json\/wp\/v2\/users\/1"}],"replies":[{"embeddable":true,"href":"https:\/\/www.altominho.tv\/site\/wp-json\/wp\/v2\/comments?post=136208"}],"version-history":[{"count":1,"href":"https:\/\/www.altominho.tv\/site\/wp-json\/wp\/v2\/posts\/136208\/revisions"}],"predecessor-version":[{"id":136211,"href":"https:\/\/www.altominho.tv\/site\/wp-json\/wp\/v2\/posts\/136208\/revisions\/136211"}],"wp:featuredmedia":[{"embeddable":true,"href":"https:\/\/www.altominho.tv\/site\/wp-json\/wp\/v2\/media\/136210"}],"wp:attachment":[{"href":"https:\/\/www.altominho.tv\/site\/wp-json\/wp\/v2\/media?parent=136208"}],"wp:term":[{"taxonomy":"category","embeddable":true,"href":"https:\/\/www.altominho.tv\/site\/wp-json\/wp\/v2\/categories?post=136208"},{"taxonomy":"post_tag","embeddable":true,"href":"https:\/\/www.altominho.tv\/site\/wp-json\/wp\/v2\/tags?post=136208"}],"curies":[{"name":"wp","href":"https:\/\/api.w.org\/{rel}","templated":true}]}}