{"id":134803,"date":"2026-07-21T08:46:50","date_gmt":"2026-07-21T07:46:50","guid":{"rendered":"https:\/\/www.altominho.tv\/site\/?p=134803"},"modified":"2026-07-21T08:46:52","modified_gmt":"2026-07-21T07:46:52","slug":"conselho-regional-aprova-referencial-da-estrategia-2040","status":"publish","type":"post","link":"https:\/\/www.altominho.tv\/site\/2026\/07\/21\/conselho-regional-aprova-referencial-da-estrategia-2040\/","title":{"rendered":"Conselho Regional do Norte aprova referencial metodol\u00f3gico da Estrat\u00e9gia Norte 2040"},"content":{"rendered":"<p>O Conselho Regional do Norte aprovou, por unanimidade, o referencial metodol\u00f3gico da Estrat\u00e9gia Norte 2040, base para a constru\u00e7\u00e3o da vis\u00e3o estrat\u00e9gica de desenvolvimento da regi\u00e3o no p\u00f3s-2027 e para o quadro de programa\u00e7\u00e3o europeia 2028-2034.<\/p>\n<p>A Estrat\u00e9gia Norte 2040 pretende constituir um referencial estrat\u00e9gico de m\u00e9dio e longo prazo para a regi\u00e3o Norte, refor\u00e7ando a capacidade de resposta regional aos desafios econ\u00f3micos, sociais, ambientais e territoriais das pr\u00f3ximas d\u00e9cadas, promovendo simultaneamente uma ampla participa\u00e7\u00e3o de institui\u00e7\u00f5es, munic\u00edpios, universidades, empresas e cidad\u00e3os, indica, em comunicado, a Comiss\u00e3o de Coordena\u00e7\u00e3o e Desenvolvimento Regional do Norte (CCDR-N).<\/p>\n<p>\u201cN\u00e3o pretendemos elaborar mais um documento estrat\u00e9gico. Pretendemos construir uma vis\u00e3o partilhada para a pr\u00f3xima d\u00e9cada, envolvendo universidades, centros de investiga\u00e7\u00e3o, empresas, autarquias, associa\u00e7\u00f5es e cidad\u00e3os\u201d, afirmou, citado no comunicado, o presidente da CCDR-N, \u00c1lvaro Santos.<\/p>\n<p>E prosseguiu: \u201cqueremos identificar os grandes desafios que marcar\u00e3o o futuro da regi\u00e3o e preparar respostas antes que esses desafios se transformem em problemas\u201d.<\/p>\n<p>Para o respons\u00e1vel, \u201cgovernar bem significa criar hoje as condi\u00e7\u00f5es para que a regi\u00e3o Norte esteja preparada para vencer os desafios de amanh\u00e3\u201d.<\/p>\n<p>Segundo \u00c1lvaro Santos, a estrat\u00e9gia assenta em tr\u00eas prioridades fundamentais: \u201cexecutar com rigor, planear com intelig\u00eancia e antecipar com vis\u00e3o\u201d.<\/p>\n<p>O referencial aprovado prev\u00ea uma abordagem assente em \u201cdiagn\u00f3sticos prospetivos, an\u00e1lise de cen\u00e1rios, defini\u00e7\u00e3o de objetivos estrat\u00e9gicos, territorializa\u00e7\u00e3o das pol\u00edticas p\u00fablicas e refor\u00e7o dos mecanismos de governa\u00e7\u00e3o multin\u00edvel. O processo incluir\u00e1 ainda fases de ausculta\u00e7\u00e3o p\u00fablica e de envolvimento dos diversos atores regionais, culminando com a apresenta\u00e7\u00e3o p\u00fablica da Estrat\u00e9gia Norte 2040\u201d.<\/p>\n<p>A reuni\u00e3o do Conselho Regional do Norte decorreu esta segunda-feira, na casa das Artes de Arcos de Valdevez, no distrito de Viana do Castelo.<\/p>\n<p>O Conselho Regional do Norte \u00e9 um \u00f3rg\u00e3o consultivo da CCDR-N que integra os 86 presidentes de C\u00e2mara Municipal da zona Norte e cerca de duas dezenas de organiza\u00e7\u00f5es sociais, econ\u00f3micas, ambientais e cient\u00edficas representativas do tecido institucional da regi\u00e3o.<\/p>\n<p>Participam ainda duas personalidades de reconhecido m\u00e9rito da regi\u00e3o, designadas sob proposta da comiss\u00e3o.<\/p>\n<p>&nbsp;<\/p>\n<p>Fotografia: CCDR Norte<\/p>\n","protected":false},"excerpt":{"rendered":"<p>O Conselho Regional do Norte aprovou, por unanimidade, o referencial metodol\u00f3gico da Estrat\u00e9gia Norte 2040, base para a constru\u00e7\u00e3o da vis\u00e3o estrat\u00e9gica de desenvolvimento da regi\u00e3o no p\u00f3s-2027 e para o quadro de programa\u00e7\u00e3o europeia 2028-2034. A Estrat\u00e9gia Norte 2040 pretende constituir um referencial estrat\u00e9gico de m\u00e9dio e longo prazo para a regi\u00e3o Norte, refor\u00e7ando [&hellip;]<\/p>\n","protected":false},"author":13,"featured_media":134804,"comment_status":"closed","ping_status":"closed","sticky":false,"template":"","format":"standard","meta":{"_exactmetrics_skip_tracking":false,"footnotes":""},"categories":[2],"tags":[21],"class_list":["post-134803","post","type-post","status-publish","format-standard","has-post-thumbnail","hentry","category-arcos-de-valdevez","tag-economia"],"yoast_head":"<!-- This site is optimized with the Yoast SEO Premium plugin v28.3 (Yoast SEO v28.3) - https:\/\/yoast.com\/product\/yoast-seo-premium-wordpress\/ -->\n<title>Conselho Regional do Norte aprova referencial metodol\u00f3gico da Estrat\u00e9gia Norte 2040<\/title>\n<meta name=\"description\" content=\"\u201cGovernar bem significa criar hoje as condi\u00e7\u00f5es para que a regi\u00e3o Norte esteja preparada para vencer os desafios de amanh\u00e3\u201d.\" \/>\n<meta name=\"robots\" content=\"index, follow, max-snippet:-1, max-image-preview:large, max-video-preview:-1\" \/>\n<link rel=\"canonical\" href=\"https:\/\/www.altominho.tv\/site\/2026\/07\/21\/conselho-regional-aprova-referencial-da-estrategia-2040\/\" \/>\n<meta property=\"og:locale\" content=\"pt_PT\" \/>\n<meta property=\"og:type\" content=\"article\" \/>\n<meta property=\"og:title\" content=\"Conselho Regional do Norte aprova referencial metodol\u00f3gico da Estrat\u00e9gia Norte 2040\" \/>\n<meta property=\"og:description\" content=\"\u201cGovernar bem significa criar hoje as condi\u00e7\u00f5es para que a regi\u00e3o Norte esteja preparada para vencer os desafios de amanh\u00e3\u201d.\" \/>\n<meta property=\"og:url\" content=\"https:\/\/www.altominho.tv\/site\/2026\/07\/21\/conselho-regional-aprova-referencial-da-estrategia-2040\/\" \/>\n<meta property=\"og:site_name\" content=\"Altominho.tv\" \/>\n<meta property=\"article:publisher\" content=\"https:\/\/www.facebook.com\/altominhotv\" \/>\n<meta property=\"article:published_time\" content=\"2026-07-21T07:46:50+00:00\" \/>\n<meta property=\"article:modified_time\" content=\"2026-07-21T07:46:52+00:00\" \/>\n<meta property=\"og:image\" content=\"https:\/\/www.altominho.tv\/site\/wp-content\/uploads\/2026\/07\/ccdr-norte-arcos.png\" \/>\n\t<meta property=\"og:image:width\" content=\"1200\" \/>\n\t<meta property=\"og:image:height\" content=\"630\" \/>\n\t<meta property=\"og:image:type\" content=\"image\/png\" \/>\n<meta name=\"author\" content=\"Lusa\" \/>\n<meta name=\"twitter:card\" content=\"summary_large_image\" \/>\n<meta name=\"twitter:creator\" content=\"@altominhoTV\" \/>\n<meta name=\"twitter:site\" content=\"@altominhoTV\" \/>\n<meta name=\"twitter:label1\" content=\"Escrito por\" \/>\n\t<meta name=\"twitter:data1\" content=\"Lusa\" \/>\n\t<meta name=\"twitter:label2\" content=\"Tempo estimado de leitura\" \/>\n\t<meta name=\"twitter:data2\" content=\"3 minutos\" \/>\n<script type=\"application\/ld+json\" class=\"yoast-schema-graph\">{\"@context\":\"https:\\\/\\\/schema.org\",\"@graph\":[{\"@type\":\"Article\",\"@id\":\"https:\\\/\\\/www.altominho.tv\\\/site\\\/2026\\\/07\\\/21\\\/conselho-regional-aprova-referencial-da-estrategia-2040\\\/#article\",\"isPartOf\":{\"@id\":\"https:\\\/\\\/www.altominho.tv\\\/site\\\/2026\\\/07\\\/21\\\/conselho-regional-aprova-referencial-da-estrategia-2040\\\/\"},\"author\":{\"name\":\"Lusa\",\"@id\":\"https:\\\/\\\/www.altominho.tv\\\/site\\\/#\\\/schema\\\/person\\\/63f693da3e1899361cbe955c46f3232e\"},\"headline\":\"Conselho Regional do Norte aprova referencial metodol\u00f3gico da Estrat\u00e9gia Norte 2040\",\"datePublished\":\"2026-07-21T07:46:50+00:00\",\"dateModified\":\"2026-07-21T07:46:52+00:00\",\"mainEntityOfPage\":{\"@id\":\"https:\\\/\\\/www.altominho.tv\\\/site\\\/2026\\\/07\\\/21\\\/conselho-regional-aprova-referencial-da-estrategia-2040\\\/\"},\"wordCount\":404,\"image\":{\"@id\":\"https:\\\/\\\/www.altominho.tv\\\/site\\\/2026\\\/07\\\/21\\\/conselho-regional-aprova-referencial-da-estrategia-2040\\\/#primaryimage\"},\"thumbnailUrl\":\"https:\\\/\\\/www.altominho.tv\\\/site\\\/wp-content\\\/uploads\\\/2026\\\/07\\\/ccdr-norte-arcos.png\",\"keywords\":[\"Economia\"],\"articleSection\":[\"Arcos de Valdevez\"],\"inLanguage\":\"pt-PT\",\"copyrightYear\":\"2026\",\"copyrightHolder\":{\"@id\":\"https:\\\/\\\/www.altominho.tv\\\/site\\\/#organization\"}},{\"@type\":\"WebPage\",\"@id\":\"https:\\\/\\\/www.altominho.tv\\\/site\\\/2026\\\/07\\\/21\\\/conselho-regional-aprova-referencial-da-estrategia-2040\\\/\",\"url\":\"https:\\\/\\\/www.altominho.tv\\\/site\\\/2026\\\/07\\\/21\\\/conselho-regional-aprova-referencial-da-estrategia-2040\\\/\",\"name\":\"Conselho Regional do Norte aprova referencial metodol\u00f3gico da Estrat\u00e9gia Norte 2040\",\"isPartOf\":{\"@id\":\"https:\\\/\\\/www.altominho.tv\\\/site\\\/#website\"},\"primaryImageOfPage\":{\"@id\":\"https:\\\/\\\/www.altominho.tv\\\/site\\\/2026\\\/07\\\/21\\\/conselho-regional-aprova-referencial-da-estrategia-2040\\\/#primaryimage\"},\"image\":{\"@id\":\"https:\\\/\\\/www.altominho.tv\\\/site\\\/2026\\\/07\\\/21\\\/conselho-regional-aprova-referencial-da-estrategia-2040\\\/#primaryimage\"},\"thumbnailUrl\":\"https:\\\/\\\/www.altominho.tv\\\/site\\\/wp-content\\\/uploads\\\/2026\\\/07\\\/ccdr-norte-arcos.png\",\"datePublished\":\"2026-07-21T07:46:50+00:00\",\"dateModified\":\"2026-07-21T07:46:52+00:00\",\"author\":{\"@id\":\"https:\\\/\\\/www.altominho.tv\\\/site\\\/#\\\/schema\\\/person\\\/63f693da3e1899361cbe955c46f3232e\"},\"description\":\"\u201cGovernar bem significa criar hoje as condi\u00e7\u00f5es para que a regi\u00e3o Norte esteja preparada para vencer os desafios de amanh\u00e3\u201d.\",\"breadcrumb\":{\"@id\":\"https:\\\/\\\/www.altominho.tv\\\/site\\\/2026\\\/07\\\/21\\\/conselho-regional-aprova-referencial-da-estrategia-2040\\\/#breadcrumb\"},\"inLanguage\":\"pt-PT\",\"potentialAction\":[{\"@type\":\"ReadAction\",\"target\":[\"https:\\\/\\\/www.altominho.tv\\\/site\\\/2026\\\/07\\\/21\\\/conselho-regional-aprova-referencial-da-estrategia-2040\\\/\"]}]},{\"@type\":\"ImageObject\",\"inLanguage\":\"pt-PT\",\"@id\":\"https:\\\/\\\/www.altominho.tv\\\/site\\\/2026\\\/07\\\/21\\\/conselho-regional-aprova-referencial-da-estrategia-2040\\\/#primaryimage\",\"url\":\"https:\\\/\\\/www.altominho.tv\\\/site\\\/wp-content\\\/uploads\\\/2026\\\/07\\\/ccdr-norte-arcos.png\",\"contentUrl\":\"https:\\\/\\\/www.altominho.tv\\\/site\\\/wp-content\\\/uploads\\\/2026\\\/07\\\/ccdr-norte-arcos.png\",\"width\":1200,\"height\":630},{\"@type\":\"BreadcrumbList\",\"@id\":\"https:\\\/\\\/www.altominho.tv\\\/site\\\/2026\\\/07\\\/21\\\/conselho-regional-aprova-referencial-da-estrategia-2040\\\/#breadcrumb\",\"itemListElement\":[{\"@type\":\"ListItem\",\"position\":1,\"name\":\"In\u00edcio\",\"item\":\"https:\\\/\\\/www.altominho.tv\\\/site\\\/\"},{\"@type\":\"ListItem\",\"position\":2,\"name\":\"Conselho Regional do Norte aprova referencial metodol\u00f3gico da Estrat\u00e9gia Norte 2040\"}]},{\"@type\":\"WebSite\",\"@id\":\"https:\\\/\\\/www.altominho.tv\\\/site\\\/#website\",\"url\":\"https:\\\/\\\/www.altominho.tv\\\/site\\\/\",\"name\":\"Altominho.tv\",\"description\":\"A sua regi\u00e3o \u00e0 dist\u00e2ncia de um clique...\",\"potentialAction\":[{\"@type\":\"SearchAction\",\"target\":{\"@type\":\"EntryPoint\",\"urlTemplate\":\"https:\\\/\\\/www.altominho.tv\\\/site\\\/?s={search_term_string}\"},\"query-input\":{\"@type\":\"PropertyValueSpecification\",\"valueRequired\":true,\"valueName\":\"search_term_string\"}}],\"inLanguage\":\"pt-PT\"},{\"@type\":\"Person\",\"@id\":\"https:\\\/\\\/www.altominho.tv\\\/site\\\/#\\\/schema\\\/person\\\/63f693da3e1899361cbe955c46f3232e\",\"name\":\"Lusa\",\"image\":{\"@type\":\"ImageObject\",\"inLanguage\":\"pt-PT\",\"@id\":\"https:\\\/\\\/www.altominho.tv\\\/site\\\/wp-content\\\/uploads\\\/2019\\\/08\\\/LUSA_Logo.gif\",\"url\":\"https:\\\/\\\/www.altominho.tv\\\/site\\\/wp-content\\\/uploads\\\/2019\\\/08\\\/LUSA_Logo.gif\",\"contentUrl\":\"https:\\\/\\\/www.altominho.tv\\\/site\\\/wp-content\\\/uploads\\\/2019\\\/08\\\/LUSA_Logo.gif\",\"caption\":\"Lusa\"},\"sameAs\":[\"http:\\\/\\\/\\\/\\\/www.altominho.tv\\\/site\"],\"url\":\"https:\\\/\\\/www.altominho.tv\\\/site\\\/author\\\/lusa\\\/\"}]}<\/script>\n<!-- \/ Yoast SEO Premium plugin. -->","yoast_head_json":{"title":"Conselho Regional do Norte aprova referencial metodol\u00f3gico da Estrat\u00e9gia Norte 2040","description":"\u201cGovernar bem significa criar hoje as condi\u00e7\u00f5es para que a regi\u00e3o Norte esteja preparada para vencer os desafios de amanh\u00e3\u201d.","robots":{"index":"index","follow":"follow","max-snippet":"max-snippet:-1","max-image-preview":"max-image-preview:large","max-video-preview":"max-video-preview:-1"},"canonical":"https:\/\/www.altominho.tv\/site\/2026\/07\/21\/conselho-regional-aprova-referencial-da-estrategia-2040\/","og_locale":"pt_PT","og_type":"article","og_title":"Conselho Regional do Norte aprova referencial metodol\u00f3gico da Estrat\u00e9gia Norte 2040","og_description":"\u201cGovernar bem significa criar hoje as condi\u00e7\u00f5es para que a regi\u00e3o Norte esteja preparada para vencer os desafios de amanh\u00e3\u201d.","og_url":"https:\/\/www.altominho.tv\/site\/2026\/07\/21\/conselho-regional-aprova-referencial-da-estrategia-2040\/","og_site_name":"Altominho.tv","article_publisher":"https:\/\/www.facebook.com\/altominhotv","article_published_time":"2026-07-21T07:46:50+00:00","article_modified_time":"2026-07-21T07:46:52+00:00","og_image":[{"width":1200,"height":630,"url":"https:\/\/www.altominho.tv\/site\/wp-content\/uploads\/2026\/07\/ccdr-norte-arcos.png","type":"image\/png"}],"author":"Lusa","twitter_card":"summary_large_image","twitter_creator":"@altominhoTV","twitter_site":"@altominhoTV","twitter_misc":{"Escrito por":"Lusa","Tempo estimado de leitura":"3 minutos"},"schema":{"@context":"https:\/\/schema.org","@graph":[{"@type":"Article","@id":"https:\/\/www.altominho.tv\/site\/2026\/07\/21\/conselho-regional-aprova-referencial-da-estrategia-2040\/#article","isPartOf":{"@id":"https:\/\/www.altominho.tv\/site\/2026\/07\/21\/conselho-regional-aprova-referencial-da-estrategia-2040\/"},"author":{"name":"Lusa","@id":"https:\/\/www.altominho.tv\/site\/#\/schema\/person\/63f693da3e1899361cbe955c46f3232e"},"headline":"Conselho Regional do Norte aprova referencial metodol\u00f3gico da Estrat\u00e9gia Norte 2040","datePublished":"2026-07-21T07:46:50+00:00","dateModified":"2026-07-21T07:46:52+00:00","mainEntityOfPage":{"@id":"https:\/\/www.altominho.tv\/site\/2026\/07\/21\/conselho-regional-aprova-referencial-da-estrategia-2040\/"},"wordCount":404,"image":{"@id":"https:\/\/www.altominho.tv\/site\/2026\/07\/21\/conselho-regional-aprova-referencial-da-estrategia-2040\/#primaryimage"},"thumbnailUrl":"https:\/\/www.altominho.tv\/site\/wp-content\/uploads\/2026\/07\/ccdr-norte-arcos.png","keywords":["Economia"],"articleSection":["Arcos de Valdevez"],"inLanguage":"pt-PT","copyrightYear":"2026","copyrightHolder":{"@id":"https:\/\/www.altominho.tv\/site\/#organization"}},{"@type":"WebPage","@id":"https:\/\/www.altominho.tv\/site\/2026\/07\/21\/conselho-regional-aprova-referencial-da-estrategia-2040\/","url":"https:\/\/www.altominho.tv\/site\/2026\/07\/21\/conselho-regional-aprova-referencial-da-estrategia-2040\/","name":"Conselho Regional do Norte aprova referencial metodol\u00f3gico da Estrat\u00e9gia Norte 2040","isPartOf":{"@id":"https:\/\/www.altominho.tv\/site\/#website"},"primaryImageOfPage":{"@id":"https:\/\/www.altominho.tv\/site\/2026\/07\/21\/conselho-regional-aprova-referencial-da-estrategia-2040\/#primaryimage"},"image":{"@id":"https:\/\/www.altominho.tv\/site\/2026\/07\/21\/conselho-regional-aprova-referencial-da-estrategia-2040\/#primaryimage"},"thumbnailUrl":"https:\/\/www.altominho.tv\/site\/wp-content\/uploads\/2026\/07\/ccdr-norte-arcos.png","datePublished":"2026-07-21T07:46:50+00:00","dateModified":"2026-07-21T07:46:52+00:00","author":{"@id":"https:\/\/www.altominho.tv\/site\/#\/schema\/person\/63f693da3e1899361cbe955c46f3232e"},"description":"\u201cGovernar bem significa criar hoje as condi\u00e7\u00f5es para que a regi\u00e3o Norte esteja preparada para vencer os desafios de amanh\u00e3\u201d.","breadcrumb":{"@id":"https:\/\/www.altominho.tv\/site\/2026\/07\/21\/conselho-regional-aprova-referencial-da-estrategia-2040\/#breadcrumb"},"inLanguage":"pt-PT","potentialAction":[{"@type":"ReadAction","target":["https:\/\/www.altominho.tv\/site\/2026\/07\/21\/conselho-regional-aprova-referencial-da-estrategia-2040\/"]}]},{"@type":"ImageObject","inLanguage":"pt-PT","@id":"https:\/\/www.altominho.tv\/site\/2026\/07\/21\/conselho-regional-aprova-referencial-da-estrategia-2040\/#primaryimage","url":"https:\/\/www.altominho.tv\/site\/wp-content\/uploads\/2026\/07\/ccdr-norte-arcos.png","contentUrl":"https:\/\/www.altominho.tv\/site\/wp-content\/uploads\/2026\/07\/ccdr-norte-arcos.png","width":1200,"height":630},{"@type":"BreadcrumbList","@id":"https:\/\/www.altominho.tv\/site\/2026\/07\/21\/conselho-regional-aprova-referencial-da-estrategia-2040\/#breadcrumb","itemListElement":[{"@type":"ListItem","position":1,"name":"In\u00edcio","item":"https:\/\/www.altominho.tv\/site\/"},{"@type":"ListItem","position":2,"name":"Conselho Regional do Norte aprova referencial metodol\u00f3gico da Estrat\u00e9gia Norte 2040"}]},{"@type":"WebSite","@id":"https:\/\/www.altominho.tv\/site\/#website","url":"https:\/\/www.altominho.tv\/site\/","name":"Altominho.tv","description":"A sua regi\u00e3o \u00e0 dist\u00e2ncia de um clique...","potentialAction":[{"@type":"SearchAction","target":{"@type":"EntryPoint","urlTemplate":"https:\/\/www.altominho.tv\/site\/?s={search_term_string}"},"query-input":{"@type":"PropertyValueSpecification","valueRequired":true,"valueName":"search_term_string"}}],"inLanguage":"pt-PT"},{"@type":"Person","@id":"https:\/\/www.altominho.tv\/site\/#\/schema\/person\/63f693da3e1899361cbe955c46f3232e","name":"Lusa","image":{"@type":"ImageObject","inLanguage":"pt-PT","@id":"https:\/\/www.altominho.tv\/site\/wp-content\/uploads\/2019\/08\/LUSA_Logo.gif","url":"https:\/\/www.altominho.tv\/site\/wp-content\/uploads\/2019\/08\/LUSA_Logo.gif","contentUrl":"https:\/\/www.altominho.tv\/site\/wp-content\/uploads\/2019\/08\/LUSA_Logo.gif","caption":"Lusa"},"sameAs":["http:\/\/\/\/www.altominho.tv\/site"],"url":"https:\/\/www.altominho.tv\/site\/author\/lusa\/"}]}},"_links":{"self":[{"href":"https:\/\/www.altominho.tv\/site\/wp-json\/wp\/v2\/posts\/134803","targetHints":{"allow":["GET"]}}],"collection":[{"href":"https:\/\/www.altominho.tv\/site\/wp-json\/wp\/v2\/posts"}],"about":[{"href":"https:\/\/www.altominho.tv\/site\/wp-json\/wp\/v2\/types\/post"}],"author":[{"embeddable":true,"href":"https:\/\/www.altominho.tv\/site\/wp-json\/wp\/v2\/users\/13"}],"replies":[{"embeddable":true,"href":"https:\/\/www.altominho.tv\/site\/wp-json\/wp\/v2\/comments?post=134803"}],"version-history":[{"count":1,"href":"https:\/\/www.altominho.tv\/site\/wp-json\/wp\/v2\/posts\/134803\/revisions"}],"predecessor-version":[{"id":134805,"href":"https:\/\/www.altominho.tv\/site\/wp-json\/wp\/v2\/posts\/134803\/revisions\/134805"}],"wp:featuredmedia":[{"embeddable":true,"href":"https:\/\/www.altominho.tv\/site\/wp-json\/wp\/v2\/media\/134804"}],"wp:attachment":[{"href":"https:\/\/www.altominho.tv\/site\/wp-json\/wp\/v2\/media?parent=134803"}],"wp:term":[{"taxonomy":"category","embeddable":true,"href":"https:\/\/www.altominho.tv\/site\/wp-json\/wp\/v2\/categories?post=134803"},{"taxonomy":"post_tag","embeddable":true,"href":"https:\/\/www.altominho.tv\/site\/wp-json\/wp\/v2\/tags?post=134803"}],"curies":[{"name":"wp","href":"https:\/\/api.w.org\/{rel}","templated":true}]}}