{"id":134787,"date":"2026-07-20T14:27:17","date_gmt":"2026-07-20T13:27:17","guid":{"rendered":"https:\/\/www.altominho.tv\/site\/?p=134787"},"modified":"2026-07-20T14:27:18","modified_gmt":"2026-07-20T13:27:18","slug":"clube-nautico-de-arcos-de-valdevez-conquista-a-taca-de-portugal-de-kayak-sub-16","status":"publish","type":"post","link":"https:\/\/www.altominho.tv\/site\/2026\/07\/20\/clube-nautico-de-arcos-de-valdevez-conquista-a-taca-de-portugal-de-kayak-sub-16\/","title":{"rendered":"Clube N\u00e1utico de Arcos de Valdevez conquista a Ta\u00e7a de Portugal de Kayak Sub-16"},"content":{"rendered":"\n<p class=\"p1 wp-block-paragraph\">O Clube N\u00e1utico de Arcos de Valdevez (CNAV) conquistou a Ta\u00e7a de Portugal de Kayak, no escal\u00e3o Sub-16. A prova, que decorreu nos dias 18 e 19 de julho na \u00cdnsua, em Arcos de Valdevez, foi organizada conjuntamente pelo CNAV e pela Federa\u00e7\u00e3o Portuguesa de Canoagem, reunindo assim as melhores equipas nacionais.<\/p>\n\n\n\n<p class=\"p1 wp-block-paragraph\">O Clube N\u00e1utico de Arcos de Valdevez participou com tr\u00eas equipas: duas na categoria de Absolutos e uma na categoria Sub-16.<\/p>\n\n\n\n<p class=\"p1 wp-block-paragraph\">Na competi\u00e7\u00e3o de Absolutos, a equipa principal do CNAV acabou na terceira posi\u00e7\u00e3o, ap\u00f3s uma derrota nas meias-finais contra o CKP Barra-Oeiras e uma vit\u00f3ria no jogo de atribui\u00e7\u00e3o do 3.\u00ba e 4.\u00ba lugares contra o Clube N\u00e1utico de Marecos.<\/p>\n\n\n\n<p class=\"p1 wp-block-paragraph\">Por sua vez, a equipa B do CNAV, constitu\u00edda por atletas muito jovens, terminou a prova na 8.\u00aa lugar.<\/p>\n\n\n\n<p class=\"p1 wp-block-paragraph\">O maior destaque foi para a equipa Sub-16, que venceu todos os jogos disputados e, na final, superou o Clube Naval de Portim\u00e3o, conquistando assim a Ta\u00e7a de Portugal, escal\u00e3o Sub-16 2026.<\/p>\n\n\n\n<p class=\"wp-block-paragraph\">&nbsp;<\/p>\n\n\n\n<p class=\"p1 wp-block-paragraph\">Foto: <b>Clube N\u00e1utico de Arcos de Valdevez<\/b><\/p>\n","protected":false},"excerpt":{"rendered":"<p>O Clube N\u00e1utico de Arcos de Valdevez (CNAV) conquistou a Ta\u00e7a de Portugal de Kayak, no escal\u00e3o Sub-16. A prova, que decorreu nos dias 18 e 19 de julho na \u00cdnsua, em Arcos de Valdevez, foi organizada conjuntamente pelo CNAV e pela Federa\u00e7\u00e3o Portuguesa de Canoagem, reunindo assim as melhores equipas nacionais. O Clube N\u00e1utico [&hellip;]<\/p>\n","protected":false},"author":1,"featured_media":134788,"comment_status":"closed","ping_status":"closed","sticky":false,"template":"","format":"standard","meta":{"_exactmetrics_skip_tracking":false,"footnotes":""},"categories":[2],"tags":[20],"class_list":["post-134787","post","type-post","status-publish","format-standard","has-post-thumbnail","hentry","category-arcos-de-valdevez","tag-desporto"],"yoast_head":"<!-- This site is optimized with the Yoast SEO Premium plugin v28.3 (Yoast SEO v28.3) - https:\/\/yoast.com\/product\/yoast-seo-premium-wordpress\/ -->\n<title>Clube N\u00e1utico de Arcos de Valdevez conquista a Ta\u00e7a de Portugal de Kayak Sub-16<\/title>\n<meta name=\"description\" content=\"O Clube N\u00e1utico de Arcos de Valdevez (CNAV) conquistou a Ta\u00e7a de Portugal de Kayak, no escal\u00e3o Sub-16. A prova, que decorreu nos dias 18 e 19 de julho na \u00cdnsua, em Arcos de Valdevez, foi organizada conjuntamente pelo CNAV e pela Federa\u00e7\u00e3o Portuguesa de Canoagem, reunindo assim as melhores equipas nacionais.\" \/>\n<meta name=\"robots\" content=\"index, follow, max-snippet:-1, max-image-preview:large, max-video-preview:-1\" \/>\n<link rel=\"canonical\" href=\"https:\/\/www.altominho.tv\/site\/2026\/07\/20\/clube-nautico-de-arcos-de-valdevez-conquista-a-taca-de-portugal-de-kayak-sub-16\/\" \/>\n<meta property=\"og:locale\" content=\"pt_PT\" \/>\n<meta property=\"og:type\" content=\"article\" \/>\n<meta property=\"og:title\" content=\"Clube N\u00e1utico de Arcos de Valdevez conquista a Ta\u00e7a de Portugal de Kayak Sub-16\" \/>\n<meta property=\"og:description\" content=\"O Clube N\u00e1utico de Arcos de Valdevez (CNAV) conquistou a Ta\u00e7a de Portugal de Kayak, no escal\u00e3o Sub-16. A prova, que decorreu nos dias 18 e 19 de julho na \u00cdnsua, em Arcos de Valdevez, foi organizada conjuntamente pelo CNAV e pela Federa\u00e7\u00e3o Portuguesa de Canoagem, reunindo assim as melhores equipas nacionais.\" \/>\n<meta property=\"og:url\" content=\"https:\/\/www.altominho.tv\/site\/2026\/07\/20\/clube-nautico-de-arcos-de-valdevez-conquista-a-taca-de-portugal-de-kayak-sub-16\/\" \/>\n<meta property=\"og:site_name\" content=\"Altominho.tv\" \/>\n<meta property=\"article:publisher\" content=\"https:\/\/www.facebook.com\/altominhotv\" \/>\n<meta property=\"article:published_time\" content=\"2026-07-20T13:27:17+00:00\" \/>\n<meta property=\"article:modified_time\" content=\"2026-07-20T13:27:18+00:00\" \/>\n<meta property=\"og:image\" content=\"https:\/\/www.altominho.tv\/site\/wp-content\/uploads\/2026\/07\/CNAV.jpg\" \/>\n\t<meta property=\"og:image:width\" content=\"1200\" \/>\n\t<meta property=\"og:image:height\" content=\"630\" \/>\n\t<meta property=\"og:image:type\" content=\"image\/jpeg\" \/>\n<meta name=\"author\" content=\"Altominho.tv\" \/>\n<meta name=\"twitter:card\" content=\"summary_large_image\" \/>\n<meta name=\"twitter:creator\" content=\"@altominhoTV\" \/>\n<meta name=\"twitter:site\" content=\"@altominhoTV\" \/>\n<meta name=\"twitter:label1\" content=\"Escrito por\" \/>\n\t<meta name=\"twitter:data1\" content=\"Altominho.tv\" \/>\n\t<meta name=\"twitter:label2\" content=\"Tempo estimado de leitura\" \/>\n\t<meta name=\"twitter:data2\" content=\"2 minutos\" \/>\n<script type=\"application\/ld+json\" class=\"yoast-schema-graph\">{\"@context\":\"https:\\\/\\\/schema.org\",\"@graph\":[{\"@type\":\"Article\",\"@id\":\"https:\\\/\\\/www.altominho.tv\\\/site\\\/2026\\\/07\\\/20\\\/clube-nautico-de-arcos-de-valdevez-conquista-a-taca-de-portugal-de-kayak-sub-16\\\/#article\",\"isPartOf\":{\"@id\":\"https:\\\/\\\/www.altominho.tv\\\/site\\\/2026\\\/07\\\/20\\\/clube-nautico-de-arcos-de-valdevez-conquista-a-taca-de-portugal-de-kayak-sub-16\\\/\"},\"author\":{\"name\":\"Altominho.tv\",\"@id\":\"https:\\\/\\\/www.altominho.tv\\\/site\\\/#\\\/schema\\\/person\\\/4e536851627d7914baf3dac752b6af22\"},\"headline\":\"Clube N\u00e1utico de Arcos de Valdevez conquista a Ta\u00e7a de Portugal de Kayak Sub-16\",\"datePublished\":\"2026-07-20T13:27:17+00:00\",\"dateModified\":\"2026-07-20T13:27:18+00:00\",\"mainEntityOfPage\":{\"@id\":\"https:\\\/\\\/www.altominho.tv\\\/site\\\/2026\\\/07\\\/20\\\/clube-nautico-de-arcos-de-valdevez-conquista-a-taca-de-portugal-de-kayak-sub-16\\\/\"},\"wordCount\":199,\"image\":{\"@id\":\"https:\\\/\\\/www.altominho.tv\\\/site\\\/2026\\\/07\\\/20\\\/clube-nautico-de-arcos-de-valdevez-conquista-a-taca-de-portugal-de-kayak-sub-16\\\/#primaryimage\"},\"thumbnailUrl\":\"https:\\\/\\\/www.altominho.tv\\\/site\\\/wp-content\\\/uploads\\\/2026\\\/07\\\/CNAV.jpg\",\"keywords\":[\"Desporto\"],\"articleSection\":[\"Arcos de Valdevez\"],\"inLanguage\":\"pt-PT\",\"copyrightYear\":\"2026\",\"copyrightHolder\":{\"@id\":\"https:\\\/\\\/www.altominho.tv\\\/site\\\/#organization\"}},{\"@type\":\"WebPage\",\"@id\":\"https:\\\/\\\/www.altominho.tv\\\/site\\\/2026\\\/07\\\/20\\\/clube-nautico-de-arcos-de-valdevez-conquista-a-taca-de-portugal-de-kayak-sub-16\\\/\",\"url\":\"https:\\\/\\\/www.altominho.tv\\\/site\\\/2026\\\/07\\\/20\\\/clube-nautico-de-arcos-de-valdevez-conquista-a-taca-de-portugal-de-kayak-sub-16\\\/\",\"name\":\"Clube N\u00e1utico de Arcos de Valdevez conquista a Ta\u00e7a de Portugal de Kayak Sub-16\",\"isPartOf\":{\"@id\":\"https:\\\/\\\/www.altominho.tv\\\/site\\\/#website\"},\"primaryImageOfPage\":{\"@id\":\"https:\\\/\\\/www.altominho.tv\\\/site\\\/2026\\\/07\\\/20\\\/clube-nautico-de-arcos-de-valdevez-conquista-a-taca-de-portugal-de-kayak-sub-16\\\/#primaryimage\"},\"image\":{\"@id\":\"https:\\\/\\\/www.altominho.tv\\\/site\\\/2026\\\/07\\\/20\\\/clube-nautico-de-arcos-de-valdevez-conquista-a-taca-de-portugal-de-kayak-sub-16\\\/#primaryimage\"},\"thumbnailUrl\":\"https:\\\/\\\/www.altominho.tv\\\/site\\\/wp-content\\\/uploads\\\/2026\\\/07\\\/CNAV.jpg\",\"datePublished\":\"2026-07-20T13:27:17+00:00\",\"dateModified\":\"2026-07-20T13:27:18+00:00\",\"author\":{\"@id\":\"https:\\\/\\\/www.altominho.tv\\\/site\\\/#\\\/schema\\\/person\\\/4e536851627d7914baf3dac752b6af22\"},\"description\":\"O Clube N\u00e1utico de Arcos de Valdevez (CNAV) conquistou a Ta\u00e7a de Portugal de Kayak, no escal\u00e3o Sub-16. A prova, que decorreu nos dias 18 e 19 de julho na \u00cdnsua, em Arcos de Valdevez, foi organizada conjuntamente pelo CNAV e pela Federa\u00e7\u00e3o Portuguesa de Canoagem, reunindo assim as melhores equipas nacionais.\",\"breadcrumb\":{\"@id\":\"https:\\\/\\\/www.altominho.tv\\\/site\\\/2026\\\/07\\\/20\\\/clube-nautico-de-arcos-de-valdevez-conquista-a-taca-de-portugal-de-kayak-sub-16\\\/#breadcrumb\"},\"inLanguage\":\"pt-PT\",\"potentialAction\":[{\"@type\":\"ReadAction\",\"target\":[\"https:\\\/\\\/www.altominho.tv\\\/site\\\/2026\\\/07\\\/20\\\/clube-nautico-de-arcos-de-valdevez-conquista-a-taca-de-portugal-de-kayak-sub-16\\\/\"]}]},{\"@type\":\"ImageObject\",\"inLanguage\":\"pt-PT\",\"@id\":\"https:\\\/\\\/www.altominho.tv\\\/site\\\/2026\\\/07\\\/20\\\/clube-nautico-de-arcos-de-valdevez-conquista-a-taca-de-portugal-de-kayak-sub-16\\\/#primaryimage\",\"url\":\"https:\\\/\\\/www.altominho.tv\\\/site\\\/wp-content\\\/uploads\\\/2026\\\/07\\\/CNAV.jpg\",\"contentUrl\":\"https:\\\/\\\/www.altominho.tv\\\/site\\\/wp-content\\\/uploads\\\/2026\\\/07\\\/CNAV.jpg\",\"width\":1200,\"height\":630},{\"@type\":\"BreadcrumbList\",\"@id\":\"https:\\\/\\\/www.altominho.tv\\\/site\\\/2026\\\/07\\\/20\\\/clube-nautico-de-arcos-de-valdevez-conquista-a-taca-de-portugal-de-kayak-sub-16\\\/#breadcrumb\",\"itemListElement\":[{\"@type\":\"ListItem\",\"position\":1,\"name\":\"In\u00edcio\",\"item\":\"https:\\\/\\\/www.altominho.tv\\\/site\\\/\"},{\"@type\":\"ListItem\",\"position\":2,\"name\":\"Clube N\u00e1utico de Arcos de Valdevez conquista a Ta\u00e7a de Portugal de Kayak Sub-16\"}]},{\"@type\":\"WebSite\",\"@id\":\"https:\\\/\\\/www.altominho.tv\\\/site\\\/#website\",\"url\":\"https:\\\/\\\/www.altominho.tv\\\/site\\\/\",\"name\":\"Altominho.tv\",\"description\":\"A sua regi\u00e3o \u00e0 dist\u00e2ncia de um clique...\",\"potentialAction\":[{\"@type\":\"SearchAction\",\"target\":{\"@type\":\"EntryPoint\",\"urlTemplate\":\"https:\\\/\\\/www.altominho.tv\\\/site\\\/?s={search_term_string}\"},\"query-input\":{\"@type\":\"PropertyValueSpecification\",\"valueRequired\":true,\"valueName\":\"search_term_string\"}}],\"inLanguage\":\"pt-PT\"},{\"@type\":\"Person\",\"@id\":\"https:\\\/\\\/www.altominho.tv\\\/site\\\/#\\\/schema\\\/person\\\/4e536851627d7914baf3dac752b6af22\",\"name\":\"Altominho.tv\",\"image\":{\"@type\":\"ImageObject\",\"inLanguage\":\"pt-PT\",\"@id\":\"https:\\\/\\\/www.altominho.tv\\\/site\\\/wp-content\\\/uploads\\\/2019\\\/11\\\/Logo_Avatar_2-150x150.jpg\",\"url\":\"https:\\\/\\\/www.altominho.tv\\\/site\\\/wp-content\\\/uploads\\\/2019\\\/11\\\/Logo_Avatar_2-150x150.jpg\",\"contentUrl\":\"https:\\\/\\\/www.altominho.tv\\\/site\\\/wp-content\\\/uploads\\\/2019\\\/11\\\/Logo_Avatar_2-150x150.jpg\",\"caption\":\"Altominho.tv\"},\"url\":\"https:\\\/\\\/www.altominho.tv\\\/site\\\/author\\\/altominhotv-tecnico\\\/\"}]}<\/script>\n<!-- \/ Yoast SEO Premium plugin. -->","yoast_head_json":{"title":"Clube N\u00e1utico de Arcos de Valdevez conquista a Ta\u00e7a de Portugal de Kayak Sub-16","description":"O Clube N\u00e1utico de Arcos de Valdevez (CNAV) conquistou a Ta\u00e7a de Portugal de Kayak, no escal\u00e3o Sub-16. A prova, que decorreu nos dias 18 e 19 de julho na \u00cdnsua, em Arcos de Valdevez, foi organizada conjuntamente pelo CNAV e pela Federa\u00e7\u00e3o Portuguesa de Canoagem, reunindo assim as melhores equipas nacionais.","robots":{"index":"index","follow":"follow","max-snippet":"max-snippet:-1","max-image-preview":"max-image-preview:large","max-video-preview":"max-video-preview:-1"},"canonical":"https:\/\/www.altominho.tv\/site\/2026\/07\/20\/clube-nautico-de-arcos-de-valdevez-conquista-a-taca-de-portugal-de-kayak-sub-16\/","og_locale":"pt_PT","og_type":"article","og_title":"Clube N\u00e1utico de Arcos de Valdevez conquista a Ta\u00e7a de Portugal de Kayak Sub-16","og_description":"O Clube N\u00e1utico de Arcos de Valdevez (CNAV) conquistou a Ta\u00e7a de Portugal de Kayak, no escal\u00e3o Sub-16. A prova, que decorreu nos dias 18 e 19 de julho na \u00cdnsua, em Arcos de Valdevez, foi organizada conjuntamente pelo CNAV e pela Federa\u00e7\u00e3o Portuguesa de Canoagem, reunindo assim as melhores equipas nacionais.","og_url":"https:\/\/www.altominho.tv\/site\/2026\/07\/20\/clube-nautico-de-arcos-de-valdevez-conquista-a-taca-de-portugal-de-kayak-sub-16\/","og_site_name":"Altominho.tv","article_publisher":"https:\/\/www.facebook.com\/altominhotv","article_published_time":"2026-07-20T13:27:17+00:00","article_modified_time":"2026-07-20T13:27:18+00:00","og_image":[{"width":1200,"height":630,"url":"https:\/\/www.altominho.tv\/site\/wp-content\/uploads\/2026\/07\/CNAV.jpg","type":"image\/jpeg"}],"author":"Altominho.tv","twitter_card":"summary_large_image","twitter_creator":"@altominhoTV","twitter_site":"@altominhoTV","twitter_misc":{"Escrito por":"Altominho.tv","Tempo estimado de leitura":"2 minutos"},"schema":{"@context":"https:\/\/schema.org","@graph":[{"@type":"Article","@id":"https:\/\/www.altominho.tv\/site\/2026\/07\/20\/clube-nautico-de-arcos-de-valdevez-conquista-a-taca-de-portugal-de-kayak-sub-16\/#article","isPartOf":{"@id":"https:\/\/www.altominho.tv\/site\/2026\/07\/20\/clube-nautico-de-arcos-de-valdevez-conquista-a-taca-de-portugal-de-kayak-sub-16\/"},"author":{"name":"Altominho.tv","@id":"https:\/\/www.altominho.tv\/site\/#\/schema\/person\/4e536851627d7914baf3dac752b6af22"},"headline":"Clube N\u00e1utico de Arcos de Valdevez conquista a Ta\u00e7a de Portugal de Kayak Sub-16","datePublished":"2026-07-20T13:27:17+00:00","dateModified":"2026-07-20T13:27:18+00:00","mainEntityOfPage":{"@id":"https:\/\/www.altominho.tv\/site\/2026\/07\/20\/clube-nautico-de-arcos-de-valdevez-conquista-a-taca-de-portugal-de-kayak-sub-16\/"},"wordCount":199,"image":{"@id":"https:\/\/www.altominho.tv\/site\/2026\/07\/20\/clube-nautico-de-arcos-de-valdevez-conquista-a-taca-de-portugal-de-kayak-sub-16\/#primaryimage"},"thumbnailUrl":"https:\/\/www.altominho.tv\/site\/wp-content\/uploads\/2026\/07\/CNAV.jpg","keywords":["Desporto"],"articleSection":["Arcos de Valdevez"],"inLanguage":"pt-PT","copyrightYear":"2026","copyrightHolder":{"@id":"https:\/\/www.altominho.tv\/site\/#organization"}},{"@type":"WebPage","@id":"https:\/\/www.altominho.tv\/site\/2026\/07\/20\/clube-nautico-de-arcos-de-valdevez-conquista-a-taca-de-portugal-de-kayak-sub-16\/","url":"https:\/\/www.altominho.tv\/site\/2026\/07\/20\/clube-nautico-de-arcos-de-valdevez-conquista-a-taca-de-portugal-de-kayak-sub-16\/","name":"Clube N\u00e1utico de Arcos de Valdevez conquista a Ta\u00e7a de Portugal de Kayak Sub-16","isPartOf":{"@id":"https:\/\/www.altominho.tv\/site\/#website"},"primaryImageOfPage":{"@id":"https:\/\/www.altominho.tv\/site\/2026\/07\/20\/clube-nautico-de-arcos-de-valdevez-conquista-a-taca-de-portugal-de-kayak-sub-16\/#primaryimage"},"image":{"@id":"https:\/\/www.altominho.tv\/site\/2026\/07\/20\/clube-nautico-de-arcos-de-valdevez-conquista-a-taca-de-portugal-de-kayak-sub-16\/#primaryimage"},"thumbnailUrl":"https:\/\/www.altominho.tv\/site\/wp-content\/uploads\/2026\/07\/CNAV.jpg","datePublished":"2026-07-20T13:27:17+00:00","dateModified":"2026-07-20T13:27:18+00:00","author":{"@id":"https:\/\/www.altominho.tv\/site\/#\/schema\/person\/4e536851627d7914baf3dac752b6af22"},"description":"O Clube N\u00e1utico de Arcos de Valdevez (CNAV) conquistou a Ta\u00e7a de Portugal de Kayak, no escal\u00e3o Sub-16. A prova, que decorreu nos dias 18 e 19 de julho na \u00cdnsua, em Arcos de Valdevez, foi organizada conjuntamente pelo CNAV e pela Federa\u00e7\u00e3o Portuguesa de Canoagem, reunindo assim as melhores equipas nacionais.","breadcrumb":{"@id":"https:\/\/www.altominho.tv\/site\/2026\/07\/20\/clube-nautico-de-arcos-de-valdevez-conquista-a-taca-de-portugal-de-kayak-sub-16\/#breadcrumb"},"inLanguage":"pt-PT","potentialAction":[{"@type":"ReadAction","target":["https:\/\/www.altominho.tv\/site\/2026\/07\/20\/clube-nautico-de-arcos-de-valdevez-conquista-a-taca-de-portugal-de-kayak-sub-16\/"]}]},{"@type":"ImageObject","inLanguage":"pt-PT","@id":"https:\/\/www.altominho.tv\/site\/2026\/07\/20\/clube-nautico-de-arcos-de-valdevez-conquista-a-taca-de-portugal-de-kayak-sub-16\/#primaryimage","url":"https:\/\/www.altominho.tv\/site\/wp-content\/uploads\/2026\/07\/CNAV.jpg","contentUrl":"https:\/\/www.altominho.tv\/site\/wp-content\/uploads\/2026\/07\/CNAV.jpg","width":1200,"height":630},{"@type":"BreadcrumbList","@id":"https:\/\/www.altominho.tv\/site\/2026\/07\/20\/clube-nautico-de-arcos-de-valdevez-conquista-a-taca-de-portugal-de-kayak-sub-16\/#breadcrumb","itemListElement":[{"@type":"ListItem","position":1,"name":"In\u00edcio","item":"https:\/\/www.altominho.tv\/site\/"},{"@type":"ListItem","position":2,"name":"Clube N\u00e1utico de Arcos de Valdevez conquista a Ta\u00e7a de Portugal de Kayak Sub-16"}]},{"@type":"WebSite","@id":"https:\/\/www.altominho.tv\/site\/#website","url":"https:\/\/www.altominho.tv\/site\/","name":"Altominho.tv","description":"A sua regi\u00e3o \u00e0 dist\u00e2ncia de um clique...","potentialAction":[{"@type":"SearchAction","target":{"@type":"EntryPoint","urlTemplate":"https:\/\/www.altominho.tv\/site\/?s={search_term_string}"},"query-input":{"@type":"PropertyValueSpecification","valueRequired":true,"valueName":"search_term_string"}}],"inLanguage":"pt-PT"},{"@type":"Person","@id":"https:\/\/www.altominho.tv\/site\/#\/schema\/person\/4e536851627d7914baf3dac752b6af22","name":"Altominho.tv","image":{"@type":"ImageObject","inLanguage":"pt-PT","@id":"https:\/\/www.altominho.tv\/site\/wp-content\/uploads\/2019\/11\/Logo_Avatar_2-150x150.jpg","url":"https:\/\/www.altominho.tv\/site\/wp-content\/uploads\/2019\/11\/Logo_Avatar_2-150x150.jpg","contentUrl":"https:\/\/www.altominho.tv\/site\/wp-content\/uploads\/2019\/11\/Logo_Avatar_2-150x150.jpg","caption":"Altominho.tv"},"url":"https:\/\/www.altominho.tv\/site\/author\/altominhotv-tecnico\/"}]}},"_links":{"self":[{"href":"https:\/\/www.altominho.tv\/site\/wp-json\/wp\/v2\/posts\/134787","targetHints":{"allow":["GET"]}}],"collection":[{"href":"https:\/\/www.altominho.tv\/site\/wp-json\/wp\/v2\/posts"}],"about":[{"href":"https:\/\/www.altominho.tv\/site\/wp-json\/wp\/v2\/types\/post"}],"author":[{"embeddable":true,"href":"https:\/\/www.altominho.tv\/site\/wp-json\/wp\/v2\/users\/1"}],"replies":[{"embeddable":true,"href":"https:\/\/www.altominho.tv\/site\/wp-json\/wp\/v2\/comments?post=134787"}],"version-history":[{"count":1,"href":"https:\/\/www.altominho.tv\/site\/wp-json\/wp\/v2\/posts\/134787\/revisions"}],"predecessor-version":[{"id":134789,"href":"https:\/\/www.altominho.tv\/site\/wp-json\/wp\/v2\/posts\/134787\/revisions\/134789"}],"wp:featuredmedia":[{"embeddable":true,"href":"https:\/\/www.altominho.tv\/site\/wp-json\/wp\/v2\/media\/134788"}],"wp:attachment":[{"href":"https:\/\/www.altominho.tv\/site\/wp-json\/wp\/v2\/media?parent=134787"}],"wp:term":[{"taxonomy":"category","embeddable":true,"href":"https:\/\/www.altominho.tv\/site\/wp-json\/wp\/v2\/categories?post=134787"},{"taxonomy":"post_tag","embeddable":true,"href":"https:\/\/www.altominho.tv\/site\/wp-json\/wp\/v2\/tags?post=134787"}],"curies":[{"name":"wp","href":"https:\/\/api.w.org\/{rel}","templated":true}]}}