{"id":134707,"date":"2026-07-17T10:52:08","date_gmt":"2026-07-17T09:52:08","guid":{"rendered":"https:\/\/www.altominho.tv\/site\/?p=134707"},"modified":"2026-07-17T10:55:30","modified_gmt":"2026-07-17T09:55:30","slug":"28-o-edicao-da-arte-na-leira","status":"publish","type":"post","link":"https:\/\/www.altominho.tv\/site\/2026\/07\/17\/28-o-edicao-da-arte-na-leira\/","title":{"rendered":"28\u00aa edi\u00e7\u00e3o da Arte na Leira re\u00fane obras de 25 artistas"},"content":{"rendered":"\n<p class=\"p1 wp-block-paragraph\">A Arte na Leira est\u00e1 de regresso \u00e0 Serra d\u2019Arga para a sua 28.\u00aa edi\u00e7\u00e3o, com a inaugura\u00e7\u00e3o marcada para s\u00e1bado, dia 18 de julho, pelas 18h00, na Casa do Marco, em Arga de Baixo, no concelho de Caminha.<\/p>\n\n\n\n<p class=\"p1 wp-block-paragraph\">Promovida pelo artista M\u00e1rio Rocha, a Arte na Leira \u00e9 uma exposi\u00e7\u00e3o que mistura a cria\u00e7\u00e3o contempor\u00e2nea com a ruralidade da Serra d&#8217;Arga.<\/p>\n\n\n\n<p class=\"p1 wp-block-paragraph\">A edi\u00e7\u00e3o de 2026 re\u00fane obras de 25 artistas nacionais e estrangeiros, entre pintura, escultura e cer\u00e2mica.<\/p>\n\n\n\n<p class=\"p1 wp-block-paragraph\">Esta edi\u00e7\u00e3o aposta novamente na participa\u00e7\u00e3o das crian\u00e7as enquanto criadoras. M\u00e1rio Rocha convidou sete jovens artistas, entre os cinco e 14 anos de idade, a integrarem a exposi\u00e7\u00e3o com os seus trabalhos, proporcionando um di\u00e1logo intergeracional.<\/p>\n\n\n\n<p class=\"p1 wp-block-paragraph\">A exposi\u00e7\u00e3o estar\u00e1 aberta ao p\u00fablico na Casa do Marco, em Arga de Baixo, at\u00e9 19 de agosto, podendo ser visitada diariamente, a partir das 10h00 e at\u00e9 ao final da tarde.<\/p>\n\n\n\n<p class=\"wp-block-paragraph\">&nbsp;<\/p>\n\n\n\n<p class=\"wp-block-paragraph\">Foto: <strong>C\u00e2mara Municipal de Caminha<\/strong><\/p>\n","protected":false},"excerpt":{"rendered":"<p>A Arte na Leira est\u00e1 de regresso \u00e0 Serra d\u2019Arga para a sua 28.\u00aa edi\u00e7\u00e3o, com a inaugura\u00e7\u00e3o marcada para s\u00e1bado, dia 18 de julho, pelas 18h00, na Casa do Marco, em Arga de Baixo, no concelho de Caminha. Promovida pelo artista M\u00e1rio Rocha, a Arte na Leira \u00e9 uma exposi\u00e7\u00e3o que mistura a cria\u00e7\u00e3o [&hellip;]<\/p>\n","protected":false},"author":1,"featured_media":134706,"comment_status":"closed","ping_status":"closed","sticky":false,"template":"","format":"standard","meta":{"_exactmetrics_skip_tracking":false,"footnotes":""},"categories":[7],"tags":[19],"class_list":["post-134707","post","type-post","status-publish","format-standard","has-post-thumbnail","hentry","category-caminha","tag-cultura"],"yoast_head":"<!-- This site is optimized with the Yoast SEO Premium plugin v28.3 (Yoast SEO v28.3) - https:\/\/yoast.com\/product\/yoast-seo-premium-wordpress\/ -->\n<title>28\u00aa edi\u00e7\u00e3o da Arte na Leira re\u00fane obras de 25 artistas<\/title>\n<meta name=\"description\" content=\"A Arte na Leira est\u00e1 de regresso \u00e0 Serra d\u2019Arga para a sua 28.\u00aa edi\u00e7\u00e3o, com a inaugura\u00e7\u00e3o marcada para s\u00e1bado, dia 18 de julho, pelas 18h00, na Casa do Marco, em Arga de Baixo, no concelho de Caminha.\" \/>\n<meta name=\"robots\" content=\"index, follow, max-snippet:-1, max-image-preview:large, max-video-preview:-1\" \/>\n<link rel=\"canonical\" href=\"https:\/\/www.altominho.tv\/site\/2026\/07\/17\/28-o-edicao-da-arte-na-leira\/\" \/>\n<meta property=\"og:locale\" content=\"pt_PT\" \/>\n<meta property=\"og:type\" content=\"article\" \/>\n<meta property=\"og:title\" content=\"28\u00aa edi\u00e7\u00e3o da Arte na Leira re\u00fane obras de 25 artistas\" \/>\n<meta property=\"og:description\" content=\"A Arte na Leira est\u00e1 de regresso \u00e0 Serra d\u2019Arga para a sua 28.\u00aa edi\u00e7\u00e3o, com a inaugura\u00e7\u00e3o marcada para s\u00e1bado, dia 18 de julho, pelas 18h00, na Casa do Marco, em Arga de Baixo, no concelho de Caminha.\" \/>\n<meta property=\"og:url\" content=\"https:\/\/www.altominho.tv\/site\/2026\/07\/17\/28-o-edicao-da-arte-na-leira\/\" \/>\n<meta property=\"og:site_name\" content=\"Altominho.tv\" \/>\n<meta property=\"article:publisher\" content=\"https:\/\/www.facebook.com\/altominhotv\" \/>\n<meta property=\"article:published_time\" content=\"2026-07-17T09:52:08+00:00\" \/>\n<meta property=\"article:modified_time\" content=\"2026-07-17T09:55:30+00:00\" \/>\n<meta property=\"og:image\" content=\"https:\/\/www.altominho.tv\/site\/wp-content\/uploads\/2026\/07\/ARTE_NA_LEIRA.jpg\" \/>\n\t<meta property=\"og:image:width\" content=\"1200\" \/>\n\t<meta property=\"og:image:height\" content=\"630\" \/>\n\t<meta property=\"og:image:type\" content=\"image\/jpeg\" \/>\n<meta name=\"author\" content=\"Altominho.tv\" \/>\n<meta name=\"twitter:card\" content=\"summary_large_image\" \/>\n<meta name=\"twitter:creator\" content=\"@altominhoTV\" \/>\n<meta name=\"twitter:site\" content=\"@altominhoTV\" \/>\n<meta name=\"twitter:label1\" content=\"Escrito por\" \/>\n\t<meta name=\"twitter:data1\" content=\"Altominho.tv\" \/>\n\t<meta name=\"twitter:label2\" content=\"Tempo estimado de leitura\" \/>\n\t<meta name=\"twitter:data2\" content=\"2 minutos\" \/>\n<script type=\"application\/ld+json\" class=\"yoast-schema-graph\">{\"@context\":\"https:\\\/\\\/schema.org\",\"@graph\":[{\"@type\":\"Article\",\"@id\":\"https:\\\/\\\/www.altominho.tv\\\/site\\\/2026\\\/07\\\/17\\\/28-o-edicao-da-arte-na-leira\\\/#article\",\"isPartOf\":{\"@id\":\"https:\\\/\\\/www.altominho.tv\\\/site\\\/2026\\\/07\\\/17\\\/28-o-edicao-da-arte-na-leira\\\/\"},\"author\":{\"name\":\"Altominho.tv\",\"@id\":\"https:\\\/\\\/www.altominho.tv\\\/site\\\/#\\\/schema\\\/person\\\/4e536851627d7914baf3dac752b6af22\"},\"headline\":\"28\u00aa edi\u00e7\u00e3o da Arte na Leira re\u00fane obras de 25 artistas\",\"datePublished\":\"2026-07-17T09:52:08+00:00\",\"dateModified\":\"2026-07-17T09:55:30+00:00\",\"mainEntityOfPage\":{\"@id\":\"https:\\\/\\\/www.altominho.tv\\\/site\\\/2026\\\/07\\\/17\\\/28-o-edicao-da-arte-na-leira\\\/\"},\"wordCount\":176,\"image\":{\"@id\":\"https:\\\/\\\/www.altominho.tv\\\/site\\\/2026\\\/07\\\/17\\\/28-o-edicao-da-arte-na-leira\\\/#primaryimage\"},\"thumbnailUrl\":\"https:\\\/\\\/www.altominho.tv\\\/site\\\/wp-content\\\/uploads\\\/2026\\\/07\\\/ARTE_NA_LEIRA.jpg\",\"keywords\":[\"Cultura\"],\"articleSection\":[\"Caminha\"],\"inLanguage\":\"pt-PT\",\"copyrightYear\":\"2026\",\"copyrightHolder\":{\"@id\":\"https:\\\/\\\/www.altominho.tv\\\/site\\\/#organization\"}},{\"@type\":\"WebPage\",\"@id\":\"https:\\\/\\\/www.altominho.tv\\\/site\\\/2026\\\/07\\\/17\\\/28-o-edicao-da-arte-na-leira\\\/\",\"url\":\"https:\\\/\\\/www.altominho.tv\\\/site\\\/2026\\\/07\\\/17\\\/28-o-edicao-da-arte-na-leira\\\/\",\"name\":\"28\u00aa edi\u00e7\u00e3o da Arte na Leira re\u00fane obras de 25 artistas\",\"isPartOf\":{\"@id\":\"https:\\\/\\\/www.altominho.tv\\\/site\\\/#website\"},\"primaryImageOfPage\":{\"@id\":\"https:\\\/\\\/www.altominho.tv\\\/site\\\/2026\\\/07\\\/17\\\/28-o-edicao-da-arte-na-leira\\\/#primaryimage\"},\"image\":{\"@id\":\"https:\\\/\\\/www.altominho.tv\\\/site\\\/2026\\\/07\\\/17\\\/28-o-edicao-da-arte-na-leira\\\/#primaryimage\"},\"thumbnailUrl\":\"https:\\\/\\\/www.altominho.tv\\\/site\\\/wp-content\\\/uploads\\\/2026\\\/07\\\/ARTE_NA_LEIRA.jpg\",\"datePublished\":\"2026-07-17T09:52:08+00:00\",\"dateModified\":\"2026-07-17T09:55:30+00:00\",\"author\":{\"@id\":\"https:\\\/\\\/www.altominho.tv\\\/site\\\/#\\\/schema\\\/person\\\/4e536851627d7914baf3dac752b6af22\"},\"description\":\"A Arte na Leira est\u00e1 de regresso \u00e0 Serra d\u2019Arga para a sua 28.\u00aa edi\u00e7\u00e3o, com a inaugura\u00e7\u00e3o marcada para s\u00e1bado, dia 18 de julho, pelas 18h00, na Casa do Marco, em Arga de Baixo, no concelho de Caminha.\",\"breadcrumb\":{\"@id\":\"https:\\\/\\\/www.altominho.tv\\\/site\\\/2026\\\/07\\\/17\\\/28-o-edicao-da-arte-na-leira\\\/#breadcrumb\"},\"inLanguage\":\"pt-PT\",\"potentialAction\":[{\"@type\":\"ReadAction\",\"target\":[\"https:\\\/\\\/www.altominho.tv\\\/site\\\/2026\\\/07\\\/17\\\/28-o-edicao-da-arte-na-leira\\\/\"]}]},{\"@type\":\"ImageObject\",\"inLanguage\":\"pt-PT\",\"@id\":\"https:\\\/\\\/www.altominho.tv\\\/site\\\/2026\\\/07\\\/17\\\/28-o-edicao-da-arte-na-leira\\\/#primaryimage\",\"url\":\"https:\\\/\\\/www.altominho.tv\\\/site\\\/wp-content\\\/uploads\\\/2026\\\/07\\\/ARTE_NA_LEIRA.jpg\",\"contentUrl\":\"https:\\\/\\\/www.altominho.tv\\\/site\\\/wp-content\\\/uploads\\\/2026\\\/07\\\/ARTE_NA_LEIRA.jpg\",\"width\":1200,\"height\":630},{\"@type\":\"BreadcrumbList\",\"@id\":\"https:\\\/\\\/www.altominho.tv\\\/site\\\/2026\\\/07\\\/17\\\/28-o-edicao-da-arte-na-leira\\\/#breadcrumb\",\"itemListElement\":[{\"@type\":\"ListItem\",\"position\":1,\"name\":\"In\u00edcio\",\"item\":\"https:\\\/\\\/www.altominho.tv\\\/site\\\/\"},{\"@type\":\"ListItem\",\"position\":2,\"name\":\"28\u00aa edi\u00e7\u00e3o da Arte na Leira re\u00fane obras de 25 artistas\"}]},{\"@type\":\"WebSite\",\"@id\":\"https:\\\/\\\/www.altominho.tv\\\/site\\\/#website\",\"url\":\"https:\\\/\\\/www.altominho.tv\\\/site\\\/\",\"name\":\"Altominho.tv\",\"description\":\"A sua regi\u00e3o \u00e0 dist\u00e2ncia de um clique...\",\"potentialAction\":[{\"@type\":\"SearchAction\",\"target\":{\"@type\":\"EntryPoint\",\"urlTemplate\":\"https:\\\/\\\/www.altominho.tv\\\/site\\\/?s={search_term_string}\"},\"query-input\":{\"@type\":\"PropertyValueSpecification\",\"valueRequired\":true,\"valueName\":\"search_term_string\"}}],\"inLanguage\":\"pt-PT\"},{\"@type\":\"Person\",\"@id\":\"https:\\\/\\\/www.altominho.tv\\\/site\\\/#\\\/schema\\\/person\\\/4e536851627d7914baf3dac752b6af22\",\"name\":\"Altominho.tv\",\"image\":{\"@type\":\"ImageObject\",\"inLanguage\":\"pt-PT\",\"@id\":\"https:\\\/\\\/www.altominho.tv\\\/site\\\/wp-content\\\/uploads\\\/2019\\\/11\\\/Logo_Avatar_2-150x150.jpg\",\"url\":\"https:\\\/\\\/www.altominho.tv\\\/site\\\/wp-content\\\/uploads\\\/2019\\\/11\\\/Logo_Avatar_2-150x150.jpg\",\"contentUrl\":\"https:\\\/\\\/www.altominho.tv\\\/site\\\/wp-content\\\/uploads\\\/2019\\\/11\\\/Logo_Avatar_2-150x150.jpg\",\"caption\":\"Altominho.tv\"},\"url\":\"https:\\\/\\\/www.altominho.tv\\\/site\\\/author\\\/altominhotv-tecnico\\\/\"}]}<\/script>\n<!-- \/ Yoast SEO Premium plugin. -->","yoast_head_json":{"title":"28\u00aa edi\u00e7\u00e3o da Arte na Leira re\u00fane obras de 25 artistas","description":"A Arte na Leira est\u00e1 de regresso \u00e0 Serra d\u2019Arga para a sua 28.\u00aa edi\u00e7\u00e3o, com a inaugura\u00e7\u00e3o marcada para s\u00e1bado, dia 18 de julho, pelas 18h00, na Casa do Marco, em Arga de Baixo, no concelho de Caminha.","robots":{"index":"index","follow":"follow","max-snippet":"max-snippet:-1","max-image-preview":"max-image-preview:large","max-video-preview":"max-video-preview:-1"},"canonical":"https:\/\/www.altominho.tv\/site\/2026\/07\/17\/28-o-edicao-da-arte-na-leira\/","og_locale":"pt_PT","og_type":"article","og_title":"28\u00aa edi\u00e7\u00e3o da Arte na Leira re\u00fane obras de 25 artistas","og_description":"A Arte na Leira est\u00e1 de regresso \u00e0 Serra d\u2019Arga para a sua 28.\u00aa edi\u00e7\u00e3o, com a inaugura\u00e7\u00e3o marcada para s\u00e1bado, dia 18 de julho, pelas 18h00, na Casa do Marco, em Arga de Baixo, no concelho de Caminha.","og_url":"https:\/\/www.altominho.tv\/site\/2026\/07\/17\/28-o-edicao-da-arte-na-leira\/","og_site_name":"Altominho.tv","article_publisher":"https:\/\/www.facebook.com\/altominhotv","article_published_time":"2026-07-17T09:52:08+00:00","article_modified_time":"2026-07-17T09:55:30+00:00","og_image":[{"width":1200,"height":630,"url":"https:\/\/www.altominho.tv\/site\/wp-content\/uploads\/2026\/07\/ARTE_NA_LEIRA.jpg","type":"image\/jpeg"}],"author":"Altominho.tv","twitter_card":"summary_large_image","twitter_creator":"@altominhoTV","twitter_site":"@altominhoTV","twitter_misc":{"Escrito por":"Altominho.tv","Tempo estimado de leitura":"2 minutos"},"schema":{"@context":"https:\/\/schema.org","@graph":[{"@type":"Article","@id":"https:\/\/www.altominho.tv\/site\/2026\/07\/17\/28-o-edicao-da-arte-na-leira\/#article","isPartOf":{"@id":"https:\/\/www.altominho.tv\/site\/2026\/07\/17\/28-o-edicao-da-arte-na-leira\/"},"author":{"name":"Altominho.tv","@id":"https:\/\/www.altominho.tv\/site\/#\/schema\/person\/4e536851627d7914baf3dac752b6af22"},"headline":"28\u00aa edi\u00e7\u00e3o da Arte na Leira re\u00fane obras de 25 artistas","datePublished":"2026-07-17T09:52:08+00:00","dateModified":"2026-07-17T09:55:30+00:00","mainEntityOfPage":{"@id":"https:\/\/www.altominho.tv\/site\/2026\/07\/17\/28-o-edicao-da-arte-na-leira\/"},"wordCount":176,"image":{"@id":"https:\/\/www.altominho.tv\/site\/2026\/07\/17\/28-o-edicao-da-arte-na-leira\/#primaryimage"},"thumbnailUrl":"https:\/\/www.altominho.tv\/site\/wp-content\/uploads\/2026\/07\/ARTE_NA_LEIRA.jpg","keywords":["Cultura"],"articleSection":["Caminha"],"inLanguage":"pt-PT","copyrightYear":"2026","copyrightHolder":{"@id":"https:\/\/www.altominho.tv\/site\/#organization"}},{"@type":"WebPage","@id":"https:\/\/www.altominho.tv\/site\/2026\/07\/17\/28-o-edicao-da-arte-na-leira\/","url":"https:\/\/www.altominho.tv\/site\/2026\/07\/17\/28-o-edicao-da-arte-na-leira\/","name":"28\u00aa edi\u00e7\u00e3o da Arte na Leira re\u00fane obras de 25 artistas","isPartOf":{"@id":"https:\/\/www.altominho.tv\/site\/#website"},"primaryImageOfPage":{"@id":"https:\/\/www.altominho.tv\/site\/2026\/07\/17\/28-o-edicao-da-arte-na-leira\/#primaryimage"},"image":{"@id":"https:\/\/www.altominho.tv\/site\/2026\/07\/17\/28-o-edicao-da-arte-na-leira\/#primaryimage"},"thumbnailUrl":"https:\/\/www.altominho.tv\/site\/wp-content\/uploads\/2026\/07\/ARTE_NA_LEIRA.jpg","datePublished":"2026-07-17T09:52:08+00:00","dateModified":"2026-07-17T09:55:30+00:00","author":{"@id":"https:\/\/www.altominho.tv\/site\/#\/schema\/person\/4e536851627d7914baf3dac752b6af22"},"description":"A Arte na Leira est\u00e1 de regresso \u00e0 Serra d\u2019Arga para a sua 28.\u00aa edi\u00e7\u00e3o, com a inaugura\u00e7\u00e3o marcada para s\u00e1bado, dia 18 de julho, pelas 18h00, na Casa do Marco, em Arga de Baixo, no concelho de Caminha.","breadcrumb":{"@id":"https:\/\/www.altominho.tv\/site\/2026\/07\/17\/28-o-edicao-da-arte-na-leira\/#breadcrumb"},"inLanguage":"pt-PT","potentialAction":[{"@type":"ReadAction","target":["https:\/\/www.altominho.tv\/site\/2026\/07\/17\/28-o-edicao-da-arte-na-leira\/"]}]},{"@type":"ImageObject","inLanguage":"pt-PT","@id":"https:\/\/www.altominho.tv\/site\/2026\/07\/17\/28-o-edicao-da-arte-na-leira\/#primaryimage","url":"https:\/\/www.altominho.tv\/site\/wp-content\/uploads\/2026\/07\/ARTE_NA_LEIRA.jpg","contentUrl":"https:\/\/www.altominho.tv\/site\/wp-content\/uploads\/2026\/07\/ARTE_NA_LEIRA.jpg","width":1200,"height":630},{"@type":"BreadcrumbList","@id":"https:\/\/www.altominho.tv\/site\/2026\/07\/17\/28-o-edicao-da-arte-na-leira\/#breadcrumb","itemListElement":[{"@type":"ListItem","position":1,"name":"In\u00edcio","item":"https:\/\/www.altominho.tv\/site\/"},{"@type":"ListItem","position":2,"name":"28\u00aa edi\u00e7\u00e3o da Arte na Leira re\u00fane obras de 25 artistas"}]},{"@type":"WebSite","@id":"https:\/\/www.altominho.tv\/site\/#website","url":"https:\/\/www.altominho.tv\/site\/","name":"Altominho.tv","description":"A sua regi\u00e3o \u00e0 dist\u00e2ncia de um clique...","potentialAction":[{"@type":"SearchAction","target":{"@type":"EntryPoint","urlTemplate":"https:\/\/www.altominho.tv\/site\/?s={search_term_string}"},"query-input":{"@type":"PropertyValueSpecification","valueRequired":true,"valueName":"search_term_string"}}],"inLanguage":"pt-PT"},{"@type":"Person","@id":"https:\/\/www.altominho.tv\/site\/#\/schema\/person\/4e536851627d7914baf3dac752b6af22","name":"Altominho.tv","image":{"@type":"ImageObject","inLanguage":"pt-PT","@id":"https:\/\/www.altominho.tv\/site\/wp-content\/uploads\/2019\/11\/Logo_Avatar_2-150x150.jpg","url":"https:\/\/www.altominho.tv\/site\/wp-content\/uploads\/2019\/11\/Logo_Avatar_2-150x150.jpg","contentUrl":"https:\/\/www.altominho.tv\/site\/wp-content\/uploads\/2019\/11\/Logo_Avatar_2-150x150.jpg","caption":"Altominho.tv"},"url":"https:\/\/www.altominho.tv\/site\/author\/altominhotv-tecnico\/"}]}},"_links":{"self":[{"href":"https:\/\/www.altominho.tv\/site\/wp-json\/wp\/v2\/posts\/134707","targetHints":{"allow":["GET"]}}],"collection":[{"href":"https:\/\/www.altominho.tv\/site\/wp-json\/wp\/v2\/posts"}],"about":[{"href":"https:\/\/www.altominho.tv\/site\/wp-json\/wp\/v2\/types\/post"}],"author":[{"embeddable":true,"href":"https:\/\/www.altominho.tv\/site\/wp-json\/wp\/v2\/users\/1"}],"replies":[{"embeddable":true,"href":"https:\/\/www.altominho.tv\/site\/wp-json\/wp\/v2\/comments?post=134707"}],"version-history":[{"count":2,"href":"https:\/\/www.altominho.tv\/site\/wp-json\/wp\/v2\/posts\/134707\/revisions"}],"predecessor-version":[{"id":134711,"href":"https:\/\/www.altominho.tv\/site\/wp-json\/wp\/v2\/posts\/134707\/revisions\/134711"}],"wp:featuredmedia":[{"embeddable":true,"href":"https:\/\/www.altominho.tv\/site\/wp-json\/wp\/v2\/media\/134706"}],"wp:attachment":[{"href":"https:\/\/www.altominho.tv\/site\/wp-json\/wp\/v2\/media?parent=134707"}],"wp:term":[{"taxonomy":"category","embeddable":true,"href":"https:\/\/www.altominho.tv\/site\/wp-json\/wp\/v2\/categories?post=134707"},{"taxonomy":"post_tag","embeddable":true,"href":"https:\/\/www.altominho.tv\/site\/wp-json\/wp\/v2\/tags?post=134707"}],"curies":[{"name":"wp","href":"https:\/\/api.w.org\/{rel}","templated":true}]}}