{"id":131929,"date":"2026-05-03T12:18:52","date_gmt":"2026-05-03T11:18:52","guid":{"rendered":"https:\/\/www.altominho.tv\/site\/?p=131929"},"modified":"2026-05-03T12:18:54","modified_gmt":"2026-05-03T11:18:54","slug":"inscricoes-para-o-desfile-da-mordomia-abrem-esta-segunda-feira","status":"publish","type":"post","link":"https:\/\/www.altominho.tv\/site\/2026\/05\/03\/inscricoes-para-o-desfile-da-mordomia-abrem-esta-segunda-feira\/","title":{"rendered":"Inscri\u00e7\u00f5es para o Desfile da Mordomia abrem esta segunda-feira"},"content":{"rendered":"<p class=\"p1\">As inscri\u00e7\u00f5es para o Desfile da Mordomia da Romaria de Nossa Senhora d\u2019Agonia 2026 abrem j\u00e1 na pr\u00f3xima segunda-feira, dia 4 de maio, e decorrem exclusivamente atrav\u00e9s da plataforma <a href=\"https:\/\/festasdagonia.com\/\">online<\/a> dispon\u00edvel no site oficial das festas.<\/p>\n<p class=\"p1\">O prazo de inscri\u00e7\u00e3o estende-se at\u00e9 18 de maio, ou at\u00e9 ser atingido o limite m\u00e1ximo de mil participantes, n\u00famero definido pela organiza\u00e7\u00e3o com o objetivo de garantir a seguran\u00e7a e a fluidez do desfile. As candidaturas poder\u00e3o encerrar antes da data prevista caso todas as vagas sejam preenchidas.<\/p>\n<p class=\"p1\">\u00c0 semelhan\u00e7a dos anos anteriores, o processo \u00e9 totalmente digital e sujeito a an\u00e1lise por parte da organiza\u00e7\u00e3o. Para a edi\u00e7\u00e3o de 2026 foram introduzidas altera\u00e7\u00f5es nas condi\u00e7\u00f5es de participa\u00e7\u00e3o, pelo que as interessadas devem consultar previamente as normas j\u00e1 dispon\u00edveis online. Ap\u00f3s a submiss\u00e3o, segue-se a fase de valida\u00e7\u00e3o, com base nas regras de bem trajar e ourar.<\/p>\n<p class=\"p1\">Em comunicado, o presidente da Comiss\u00e3o de Festas de N. Sr.\u00aa Agonia, Paulo Carran\u00e7a, sublinha que \u201cdificilmente alguma inscri\u00e7\u00e3o ser\u00e1 rejeitada. Quando n\u00e3o est\u00e1 conforme, a organiza\u00e7\u00e3o entra em contacto, explica o que deve ser corrigido e acompanha esse ajustamento\u201d.<\/p>\n<p class=\"p1\">Tamb\u00e9m Manuel Vitorino, presidente da VianaFestas, sublinha a import\u00e2ncia do limite imposto: \u201cQueremos que o Desfile da Mordomia continue a ser um momento onde todas as mulheres se sintam representadas. O limite de 1000 participantes \u00e9 essencial para garantir a seguran\u00e7a e a fluidez do desfile, permitindo que se mantenha um quadro de beleza, digno e \u00fanico\u201d.<\/p>\n<p class=\"p1\">Na edi\u00e7\u00e3o anterior participaram 988 mulheres, das quais cerca de 80% representavam freguesias do concelho. Foram ainda registadas inscri\u00e7\u00f5es provenientes de dez pa\u00edses, sobretudo de comunidades da di\u00e1spora vianense.<\/p>\n<p class=\"p1\">Entre os trajes mais representados em 2025 destacaram-se o traje \u00e0 Vianesa da Ribeira Lima (vermelho), o traje de Morgada\/Cerim\u00f3nia e o traje de Mordoma preto com colete e palmito.<\/p>\n<p class=\"p1\">A Romaria de Nossa Senhora d\u2019Agonia realiza-se este ano entre os dias 15 e 23 de agosto, sendo o Desfile da Mordomia marcado para 19 de agosto, v\u00e9spera do dia da padroeira.<\/p>\n<p>Foto: <strong>Festas d&#8217;Agonia<\/strong><\/p>\n","protected":false},"excerpt":{"rendered":"<p>As inscri\u00e7\u00f5es para o Desfile da Mordomia da Romaria de Nossa Senhora d\u2019Agonia 2026 abrem j\u00e1 na pr\u00f3xima segunda-feira, dia 4 de maio, e decorrem exclusivamente atrav\u00e9s da plataforma online dispon\u00edvel no site oficial das festas. O prazo de inscri\u00e7\u00e3o estende-se at\u00e9 18 de maio, ou at\u00e9 ser atingido o limite m\u00e1ximo de mil participantes, [&hellip;]<\/p>\n","protected":false},"author":30,"featured_media":121788,"comment_status":"closed","ping_status":"closed","sticky":false,"template":"","format":"standard","meta":{"_exactmetrics_skip_tracking":false,"_exactmetrics_sitenote_active":false,"_exactmetrics_sitenote_note":"","_exactmetrics_sitenote_category":0,"footnotes":""},"categories":[14],"tags":[27],"class_list":["post-131929","post","type-post","status-publish","format-standard","has-post-thumbnail","hentry","category-viana-do-castelo","tag-sociedade"],"yoast_head":"<!-- This site is optimized with the Yoast SEO Premium plugin v27.5 (Yoast SEO v27.5) - https:\/\/yoast.com\/product\/yoast-seo-premium-wordpress\/ -->\n<title>Inscri\u00e7\u00f5es para o Desfile da Mordomia abrem esta segunda-feira<\/title>\n<meta name=\"description\" content=\"As inscri\u00e7\u00f5es para o Desfile da Mordomia da Romaria de Nossa Senhora d\u2019Agonia 2026 abrem j\u00e1 na pr\u00f3xima segunda-feira, dia 4 de maio, e decorrem exclusivamente atrav\u00e9s da plataforma online dispon\u00edvel no site oficial das festas.\" \/>\n<meta name=\"robots\" content=\"index, follow, max-snippet:-1, max-image-preview:large, max-video-preview:-1\" \/>\n<link rel=\"canonical\" href=\"https:\/\/www.altominho.tv\/site\/2026\/05\/03\/inscricoes-para-o-desfile-da-mordomia-abrem-esta-segunda-feira\/\" \/>\n<meta property=\"og:locale\" content=\"pt_PT\" \/>\n<meta property=\"og:type\" content=\"article\" \/>\n<meta property=\"og:title\" content=\"Inscri\u00e7\u00f5es para o Desfile da Mordomia abrem esta segunda-feira\" \/>\n<meta property=\"og:description\" content=\"As inscri\u00e7\u00f5es para o Desfile da Mordomia da Romaria de Nossa Senhora d\u2019Agonia 2026 abrem j\u00e1 na pr\u00f3xima segunda-feira, dia 4 de maio, e decorrem exclusivamente atrav\u00e9s da plataforma online dispon\u00edvel no site oficial das festas.\" \/>\n<meta property=\"og:url\" content=\"https:\/\/www.altominho.tv\/site\/2026\/05\/03\/inscricoes-para-o-desfile-da-mordomia-abrem-esta-segunda-feira\/\" \/>\n<meta property=\"og:site_name\" content=\"Altominho.tv\" \/>\n<meta property=\"article:publisher\" content=\"https:\/\/www.facebook.com\/altominhotv\" \/>\n<meta property=\"article:published_time\" content=\"2026-05-03T11:18:52+00:00\" \/>\n<meta property=\"article:modified_time\" content=\"2026-05-03T11:18:54+00:00\" \/>\n<meta property=\"og:image\" content=\"https:\/\/www.altominho.tv\/site\/wp-content\/uploads\/2025\/08\/desfile-mordomia.jpg\" \/>\n\t<meta property=\"og:image:width\" content=\"1200\" \/>\n\t<meta property=\"og:image:height\" content=\"630\" \/>\n\t<meta property=\"og:image:type\" content=\"image\/jpeg\" \/>\n<meta name=\"author\" content=\"Eduarda Cardoso\" \/>\n<meta name=\"twitter:card\" content=\"summary_large_image\" \/>\n<meta name=\"twitter:creator\" content=\"@altominhoTV\" \/>\n<meta name=\"twitter:site\" content=\"@altominhoTV\" \/>\n<meta name=\"twitter:label1\" content=\"Escrito por\" \/>\n\t<meta name=\"twitter:data1\" content=\"Eduarda Cardoso\" \/>\n\t<meta name=\"twitter:label2\" content=\"Tempo estimado de leitura\" \/>\n\t<meta name=\"twitter:data2\" content=\"3 minutos\" \/>\n<script type=\"application\/ld+json\" class=\"yoast-schema-graph\">{\"@context\":\"https:\\\/\\\/schema.org\",\"@graph\":[{\"@type\":\"Article\",\"@id\":\"https:\\\/\\\/www.altominho.tv\\\/site\\\/2026\\\/05\\\/03\\\/inscricoes-para-o-desfile-da-mordomia-abrem-esta-segunda-feira\\\/#article\",\"isPartOf\":{\"@id\":\"https:\\\/\\\/www.altominho.tv\\\/site\\\/2026\\\/05\\\/03\\\/inscricoes-para-o-desfile-da-mordomia-abrem-esta-segunda-feira\\\/\"},\"author\":{\"name\":\"Eduarda Cardoso\",\"@id\":\"https:\\\/\\\/www.altominho.tv\\\/site\\\/#\\\/schema\\\/person\\\/9e351387b727413d005ccf1152c93539\"},\"headline\":\"Inscri\u00e7\u00f5es para o Desfile da Mordomia abrem esta segunda-feira\",\"datePublished\":\"2026-05-03T11:18:52+00:00\",\"dateModified\":\"2026-05-03T11:18:54+00:00\",\"mainEntityOfPage\":{\"@id\":\"https:\\\/\\\/www.altominho.tv\\\/site\\\/2026\\\/05\\\/03\\\/inscricoes-para-o-desfile-da-mordomia-abrem-esta-segunda-feira\\\/\"},\"wordCount\":368,\"image\":{\"@id\":\"https:\\\/\\\/www.altominho.tv\\\/site\\\/2026\\\/05\\\/03\\\/inscricoes-para-o-desfile-da-mordomia-abrem-esta-segunda-feira\\\/#primaryimage\"},\"thumbnailUrl\":\"https:\\\/\\\/www.altominho.tv\\\/site\\\/wp-content\\\/uploads\\\/2025\\\/08\\\/desfile-mordomia.jpg\",\"keywords\":[\"Sociedade\"],\"articleSection\":[\"Viana do Castelo\"],\"inLanguage\":\"pt-PT\",\"copyrightYear\":\"2026\",\"copyrightHolder\":{\"@id\":\"https:\\\/\\\/www.altominho.tv\\\/site\\\/#organization\"}},{\"@type\":\"WebPage\",\"@id\":\"https:\\\/\\\/www.altominho.tv\\\/site\\\/2026\\\/05\\\/03\\\/inscricoes-para-o-desfile-da-mordomia-abrem-esta-segunda-feira\\\/\",\"url\":\"https:\\\/\\\/www.altominho.tv\\\/site\\\/2026\\\/05\\\/03\\\/inscricoes-para-o-desfile-da-mordomia-abrem-esta-segunda-feira\\\/\",\"name\":\"Inscri\u00e7\u00f5es para o Desfile da Mordomia abrem esta segunda-feira\",\"isPartOf\":{\"@id\":\"https:\\\/\\\/www.altominho.tv\\\/site\\\/#website\"},\"primaryImageOfPage\":{\"@id\":\"https:\\\/\\\/www.altominho.tv\\\/site\\\/2026\\\/05\\\/03\\\/inscricoes-para-o-desfile-da-mordomia-abrem-esta-segunda-feira\\\/#primaryimage\"},\"image\":{\"@id\":\"https:\\\/\\\/www.altominho.tv\\\/site\\\/2026\\\/05\\\/03\\\/inscricoes-para-o-desfile-da-mordomia-abrem-esta-segunda-feira\\\/#primaryimage\"},\"thumbnailUrl\":\"https:\\\/\\\/www.altominho.tv\\\/site\\\/wp-content\\\/uploads\\\/2025\\\/08\\\/desfile-mordomia.jpg\",\"datePublished\":\"2026-05-03T11:18:52+00:00\",\"dateModified\":\"2026-05-03T11:18:54+00:00\",\"author\":{\"@id\":\"https:\\\/\\\/www.altominho.tv\\\/site\\\/#\\\/schema\\\/person\\\/9e351387b727413d005ccf1152c93539\"},\"description\":\"As inscri\u00e7\u00f5es para o Desfile da Mordomia da Romaria de Nossa Senhora d\u2019Agonia 2026 abrem j\u00e1 na pr\u00f3xima segunda-feira, dia 4 de maio, e decorrem exclusivamente atrav\u00e9s da plataforma online dispon\u00edvel no site oficial das festas.\",\"breadcrumb\":{\"@id\":\"https:\\\/\\\/www.altominho.tv\\\/site\\\/2026\\\/05\\\/03\\\/inscricoes-para-o-desfile-da-mordomia-abrem-esta-segunda-feira\\\/#breadcrumb\"},\"inLanguage\":\"pt-PT\",\"potentialAction\":[{\"@type\":\"ReadAction\",\"target\":[\"https:\\\/\\\/www.altominho.tv\\\/site\\\/2026\\\/05\\\/03\\\/inscricoes-para-o-desfile-da-mordomia-abrem-esta-segunda-feira\\\/\"]}]},{\"@type\":\"ImageObject\",\"inLanguage\":\"pt-PT\",\"@id\":\"https:\\\/\\\/www.altominho.tv\\\/site\\\/2026\\\/05\\\/03\\\/inscricoes-para-o-desfile-da-mordomia-abrem-esta-segunda-feira\\\/#primaryimage\",\"url\":\"https:\\\/\\\/www.altominho.tv\\\/site\\\/wp-content\\\/uploads\\\/2025\\\/08\\\/desfile-mordomia.jpg\",\"contentUrl\":\"https:\\\/\\\/www.altominho.tv\\\/site\\\/wp-content\\\/uploads\\\/2025\\\/08\\\/desfile-mordomia.jpg\",\"width\":1200,\"height\":630},{\"@type\":\"BreadcrumbList\",\"@id\":\"https:\\\/\\\/www.altominho.tv\\\/site\\\/2026\\\/05\\\/03\\\/inscricoes-para-o-desfile-da-mordomia-abrem-esta-segunda-feira\\\/#breadcrumb\",\"itemListElement\":[{\"@type\":\"ListItem\",\"position\":1,\"name\":\"In\u00edcio\",\"item\":\"https:\\\/\\\/www.altominho.tv\\\/site\\\/\"},{\"@type\":\"ListItem\",\"position\":2,\"name\":\"Inscri\u00e7\u00f5es para o Desfile da Mordomia abrem esta segunda-feira\"}]},{\"@type\":\"WebSite\",\"@id\":\"https:\\\/\\\/www.altominho.tv\\\/site\\\/#website\",\"url\":\"https:\\\/\\\/www.altominho.tv\\\/site\\\/\",\"name\":\"Altominho.tv\",\"description\":\"A sua regi\u00e3o \u00e0 dist\u00e2ncia de um clique...\",\"potentialAction\":[{\"@type\":\"SearchAction\",\"target\":{\"@type\":\"EntryPoint\",\"urlTemplate\":\"https:\\\/\\\/www.altominho.tv\\\/site\\\/?s={search_term_string}\"},\"query-input\":{\"@type\":\"PropertyValueSpecification\",\"valueRequired\":true,\"valueName\":\"search_term_string\"}}],\"inLanguage\":\"pt-PT\"},{\"@type\":\"Person\",\"@id\":\"https:\\\/\\\/www.altominho.tv\\\/site\\\/#\\\/schema\\\/person\\\/9e351387b727413d005ccf1152c93539\",\"name\":\"Eduarda Cardoso\",\"image\":{\"@type\":\"ImageObject\",\"inLanguage\":\"pt-PT\",\"@id\":\"https:\\\/\\\/www.altominho.tv\\\/site\\\/wp-content\\\/uploads\\\/2021\\\/01\\\/cropped-Logo-ATV_WEB-150x150.png\",\"url\":\"https:\\\/\\\/www.altominho.tv\\\/site\\\/wp-content\\\/uploads\\\/2021\\\/01\\\/cropped-Logo-ATV_WEB-150x150.png\",\"contentUrl\":\"https:\\\/\\\/www.altominho.tv\\\/site\\\/wp-content\\\/uploads\\\/2021\\\/01\\\/cropped-Logo-ATV_WEB-150x150.png\",\"caption\":\"Eduarda Cardoso\"},\"url\":\"https:\\\/\\\/www.altominho.tv\\\/site\\\/author\\\/eduarda-cardoso\\\/\"}]}<\/script>\n<!-- \/ Yoast SEO Premium plugin. -->","yoast_head_json":{"title":"Inscri\u00e7\u00f5es para o Desfile da Mordomia abrem esta segunda-feira","description":"As inscri\u00e7\u00f5es para o Desfile da Mordomia da Romaria de Nossa Senhora d\u2019Agonia 2026 abrem j\u00e1 na pr\u00f3xima segunda-feira, dia 4 de maio, e decorrem exclusivamente atrav\u00e9s da plataforma online dispon\u00edvel no site oficial das festas.","robots":{"index":"index","follow":"follow","max-snippet":"max-snippet:-1","max-image-preview":"max-image-preview:large","max-video-preview":"max-video-preview:-1"},"canonical":"https:\/\/www.altominho.tv\/site\/2026\/05\/03\/inscricoes-para-o-desfile-da-mordomia-abrem-esta-segunda-feira\/","og_locale":"pt_PT","og_type":"article","og_title":"Inscri\u00e7\u00f5es para o Desfile da Mordomia abrem esta segunda-feira","og_description":"As inscri\u00e7\u00f5es para o Desfile da Mordomia da Romaria de Nossa Senhora d\u2019Agonia 2026 abrem j\u00e1 na pr\u00f3xima segunda-feira, dia 4 de maio, e decorrem exclusivamente atrav\u00e9s da plataforma online dispon\u00edvel no site oficial das festas.","og_url":"https:\/\/www.altominho.tv\/site\/2026\/05\/03\/inscricoes-para-o-desfile-da-mordomia-abrem-esta-segunda-feira\/","og_site_name":"Altominho.tv","article_publisher":"https:\/\/www.facebook.com\/altominhotv","article_published_time":"2026-05-03T11:18:52+00:00","article_modified_time":"2026-05-03T11:18:54+00:00","og_image":[{"width":1200,"height":630,"url":"https:\/\/www.altominho.tv\/site\/wp-content\/uploads\/2025\/08\/desfile-mordomia.jpg","type":"image\/jpeg"}],"author":"Eduarda Cardoso","twitter_card":"summary_large_image","twitter_creator":"@altominhoTV","twitter_site":"@altominhoTV","twitter_misc":{"Escrito por":"Eduarda Cardoso","Tempo estimado de leitura":"3 minutos"},"schema":{"@context":"https:\/\/schema.org","@graph":[{"@type":"Article","@id":"https:\/\/www.altominho.tv\/site\/2026\/05\/03\/inscricoes-para-o-desfile-da-mordomia-abrem-esta-segunda-feira\/#article","isPartOf":{"@id":"https:\/\/www.altominho.tv\/site\/2026\/05\/03\/inscricoes-para-o-desfile-da-mordomia-abrem-esta-segunda-feira\/"},"author":{"name":"Eduarda Cardoso","@id":"https:\/\/www.altominho.tv\/site\/#\/schema\/person\/9e351387b727413d005ccf1152c93539"},"headline":"Inscri\u00e7\u00f5es para o Desfile da Mordomia abrem esta segunda-feira","datePublished":"2026-05-03T11:18:52+00:00","dateModified":"2026-05-03T11:18:54+00:00","mainEntityOfPage":{"@id":"https:\/\/www.altominho.tv\/site\/2026\/05\/03\/inscricoes-para-o-desfile-da-mordomia-abrem-esta-segunda-feira\/"},"wordCount":368,"image":{"@id":"https:\/\/www.altominho.tv\/site\/2026\/05\/03\/inscricoes-para-o-desfile-da-mordomia-abrem-esta-segunda-feira\/#primaryimage"},"thumbnailUrl":"https:\/\/www.altominho.tv\/site\/wp-content\/uploads\/2025\/08\/desfile-mordomia.jpg","keywords":["Sociedade"],"articleSection":["Viana do Castelo"],"inLanguage":"pt-PT","copyrightYear":"2026","copyrightHolder":{"@id":"https:\/\/www.altominho.tv\/site\/#organization"}},{"@type":"WebPage","@id":"https:\/\/www.altominho.tv\/site\/2026\/05\/03\/inscricoes-para-o-desfile-da-mordomia-abrem-esta-segunda-feira\/","url":"https:\/\/www.altominho.tv\/site\/2026\/05\/03\/inscricoes-para-o-desfile-da-mordomia-abrem-esta-segunda-feira\/","name":"Inscri\u00e7\u00f5es para o Desfile da Mordomia abrem esta segunda-feira","isPartOf":{"@id":"https:\/\/www.altominho.tv\/site\/#website"},"primaryImageOfPage":{"@id":"https:\/\/www.altominho.tv\/site\/2026\/05\/03\/inscricoes-para-o-desfile-da-mordomia-abrem-esta-segunda-feira\/#primaryimage"},"image":{"@id":"https:\/\/www.altominho.tv\/site\/2026\/05\/03\/inscricoes-para-o-desfile-da-mordomia-abrem-esta-segunda-feira\/#primaryimage"},"thumbnailUrl":"https:\/\/www.altominho.tv\/site\/wp-content\/uploads\/2025\/08\/desfile-mordomia.jpg","datePublished":"2026-05-03T11:18:52+00:00","dateModified":"2026-05-03T11:18:54+00:00","author":{"@id":"https:\/\/www.altominho.tv\/site\/#\/schema\/person\/9e351387b727413d005ccf1152c93539"},"description":"As inscri\u00e7\u00f5es para o Desfile da Mordomia da Romaria de Nossa Senhora d\u2019Agonia 2026 abrem j\u00e1 na pr\u00f3xima segunda-feira, dia 4 de maio, e decorrem exclusivamente atrav\u00e9s da plataforma online dispon\u00edvel no site oficial das festas.","breadcrumb":{"@id":"https:\/\/www.altominho.tv\/site\/2026\/05\/03\/inscricoes-para-o-desfile-da-mordomia-abrem-esta-segunda-feira\/#breadcrumb"},"inLanguage":"pt-PT","potentialAction":[{"@type":"ReadAction","target":["https:\/\/www.altominho.tv\/site\/2026\/05\/03\/inscricoes-para-o-desfile-da-mordomia-abrem-esta-segunda-feira\/"]}]},{"@type":"ImageObject","inLanguage":"pt-PT","@id":"https:\/\/www.altominho.tv\/site\/2026\/05\/03\/inscricoes-para-o-desfile-da-mordomia-abrem-esta-segunda-feira\/#primaryimage","url":"https:\/\/www.altominho.tv\/site\/wp-content\/uploads\/2025\/08\/desfile-mordomia.jpg","contentUrl":"https:\/\/www.altominho.tv\/site\/wp-content\/uploads\/2025\/08\/desfile-mordomia.jpg","width":1200,"height":630},{"@type":"BreadcrumbList","@id":"https:\/\/www.altominho.tv\/site\/2026\/05\/03\/inscricoes-para-o-desfile-da-mordomia-abrem-esta-segunda-feira\/#breadcrumb","itemListElement":[{"@type":"ListItem","position":1,"name":"In\u00edcio","item":"https:\/\/www.altominho.tv\/site\/"},{"@type":"ListItem","position":2,"name":"Inscri\u00e7\u00f5es para o Desfile da Mordomia abrem esta segunda-feira"}]},{"@type":"WebSite","@id":"https:\/\/www.altominho.tv\/site\/#website","url":"https:\/\/www.altominho.tv\/site\/","name":"Altominho.tv","description":"A sua regi\u00e3o \u00e0 dist\u00e2ncia de um clique...","potentialAction":[{"@type":"SearchAction","target":{"@type":"EntryPoint","urlTemplate":"https:\/\/www.altominho.tv\/site\/?s={search_term_string}"},"query-input":{"@type":"PropertyValueSpecification","valueRequired":true,"valueName":"search_term_string"}}],"inLanguage":"pt-PT"},{"@type":"Person","@id":"https:\/\/www.altominho.tv\/site\/#\/schema\/person\/9e351387b727413d005ccf1152c93539","name":"Eduarda Cardoso","image":{"@type":"ImageObject","inLanguage":"pt-PT","@id":"https:\/\/www.altominho.tv\/site\/wp-content\/uploads\/2021\/01\/cropped-Logo-ATV_WEB-150x150.png","url":"https:\/\/www.altominho.tv\/site\/wp-content\/uploads\/2021\/01\/cropped-Logo-ATV_WEB-150x150.png","contentUrl":"https:\/\/www.altominho.tv\/site\/wp-content\/uploads\/2021\/01\/cropped-Logo-ATV_WEB-150x150.png","caption":"Eduarda Cardoso"},"url":"https:\/\/www.altominho.tv\/site\/author\/eduarda-cardoso\/"}]}},"_links":{"self":[{"href":"https:\/\/www.altominho.tv\/site\/wp-json\/wp\/v2\/posts\/131929","targetHints":{"allow":["GET"]}}],"collection":[{"href":"https:\/\/www.altominho.tv\/site\/wp-json\/wp\/v2\/posts"}],"about":[{"href":"https:\/\/www.altominho.tv\/site\/wp-json\/wp\/v2\/types\/post"}],"author":[{"embeddable":true,"href":"https:\/\/www.altominho.tv\/site\/wp-json\/wp\/v2\/users\/30"}],"replies":[{"embeddable":true,"href":"https:\/\/www.altominho.tv\/site\/wp-json\/wp\/v2\/comments?post=131929"}],"version-history":[{"count":2,"href":"https:\/\/www.altominho.tv\/site\/wp-json\/wp\/v2\/posts\/131929\/revisions"}],"predecessor-version":[{"id":131931,"href":"https:\/\/www.altominho.tv\/site\/wp-json\/wp\/v2\/posts\/131929\/revisions\/131931"}],"wp:featuredmedia":[{"embeddable":true,"href":"https:\/\/www.altominho.tv\/site\/wp-json\/wp\/v2\/media\/121788"}],"wp:attachment":[{"href":"https:\/\/www.altominho.tv\/site\/wp-json\/wp\/v2\/media?parent=131929"}],"wp:term":[{"taxonomy":"category","embeddable":true,"href":"https:\/\/www.altominho.tv\/site\/wp-json\/wp\/v2\/categories?post=131929"},{"taxonomy":"post_tag","embeddable":true,"href":"https:\/\/www.altominho.tv\/site\/wp-json\/wp\/v2\/tags?post=131929"}],"curies":[{"name":"wp","href":"https:\/\/api.w.org\/{rel}","templated":true}]}}