{"id":131916,"date":"2026-05-02T10:25:19","date_gmt":"2026-05-02T09:25:19","guid":{"rendered":"https:\/\/www.altominho.tv\/site\/?p=131916"},"modified":"2026-05-02T10:25:21","modified_gmt":"2026-05-02T09:25:21","slug":"viana-do-castelo-conquista-mais-duas-bandeiras-azuis","status":"publish","type":"post","link":"https:\/\/www.altominho.tv\/site\/2026\/05\/02\/viana-do-castelo-conquista-mais-duas-bandeiras-azuis\/","title":{"rendered":"Viana do Castelo conquista mais duas bandeiras azuis"},"content":{"rendered":"<p class=\"p1\">Treze praias do concelho de Viana do Castelo s\u00e3o, este ano, galardoadas pela Associa\u00e7\u00e3o Bandeira Azul de Ambiente e Educa\u00e7\u00e3o. No concelho v\u00e3o ser, assim, hasteadas mais duas bandeiras azuis do que no ano passado.<\/p>\n<p class=\"p1\">Galardoadas, este ano, foram as praias de Afife, Amorosa Norte, Amorosa Sul, Arda, Cabedelo, Carre\u00e7o, Castelo do Neiva, \u00cdnsua, Luziamar, Norte, Pa\u00e7\u00f4, destacando-se a entrada na lista das praias da Foz do Lima e Rodanho.<\/p>\n<p class=\"p1\">Com cerca de 26 quil\u00f3metros de orla costeira, Viana do Castelo \u00e9 conhecida pela beleza natural e extensos areais e a Bandeira Azul vem assumir-se como um s\u00edmbolo de qualidade das praias do concelho. Estas praias s\u00e3o procuradas tanto para uso balnear, como tamb\u00e9m para a pr\u00e1tica de desporto, como o surf, o bodyboard, o windsurf e o kitesurf.<\/p>\n<p class=\"p1\">A Bandeira Azul \u00e9 um s\u00edmbolo de qualidade e conta com o envolvimento das 30 entidades que comp\u00f5em o J\u00fari Nacional, desde o setor p\u00fablico \u00e0 sociedade civil, cujo contributo na avalia\u00e7\u00e3o das diferentes candidaturas \u00e9 imprescind\u00edvel para o bom funcionamento do programa.<\/p>\n<p>Foto: <strong>C\u00e2mara Municipal de Viana do Castelo<\/strong><\/p>\n","protected":false},"excerpt":{"rendered":"<p>Treze praias do concelho de Viana do Castelo s\u00e3o, este ano, galardoadas pela Associa\u00e7\u00e3o Bandeira Azul de Ambiente e Educa\u00e7\u00e3o. No concelho v\u00e3o ser, assim, hasteadas mais duas bandeiras azuis do que no ano passado. Galardoadas, este ano, foram as praias de Afife, Amorosa Norte, Amorosa Sul, Arda, Cabedelo, Carre\u00e7o, Castelo do Neiva, \u00cdnsua, Luziamar, [&hellip;]<\/p>\n","protected":false},"author":30,"featured_media":131917,"comment_status":"closed","ping_status":"closed","sticky":false,"template":"","format":"standard","meta":{"_exactmetrics_skip_tracking":false,"_exactmetrics_sitenote_active":false,"_exactmetrics_sitenote_note":"","_exactmetrics_sitenote_category":0,"footnotes":""},"categories":[14],"tags":[27],"class_list":["post-131916","post","type-post","status-publish","format-standard","has-post-thumbnail","hentry","category-viana-do-castelo","tag-sociedade"],"yoast_head":"<!-- This site is optimized with the Yoast SEO Premium plugin v27.5 (Yoast SEO v27.5) - https:\/\/yoast.com\/product\/yoast-seo-premium-wordpress\/ -->\n<title>Viana do Castelo conquista mais duas bandeiras azuis<\/title>\n<meta name=\"description\" content=\"Treze praias do concelho de Viana do Castelo s\u00e3o, este ano, galardoadas pela Associa\u00e7\u00e3o Bandeira Azul de Ambiente e Educa\u00e7\u00e3o.\" \/>\n<meta name=\"robots\" content=\"index, follow, max-snippet:-1, max-image-preview:large, max-video-preview:-1\" \/>\n<link rel=\"canonical\" href=\"https:\/\/www.altominho.tv\/site\/2026\/05\/02\/viana-do-castelo-conquista-mais-duas-bandeiras-azuis\/\" \/>\n<meta property=\"og:locale\" content=\"pt_PT\" \/>\n<meta property=\"og:type\" content=\"article\" \/>\n<meta property=\"og:title\" content=\"Viana do Castelo conquista mais duas bandeiras azuis\" \/>\n<meta property=\"og:description\" content=\"Treze praias do concelho de Viana do Castelo s\u00e3o, este ano, galardoadas pela Associa\u00e7\u00e3o Bandeira Azul de Ambiente e Educa\u00e7\u00e3o.\" \/>\n<meta property=\"og:url\" content=\"https:\/\/www.altominho.tv\/site\/2026\/05\/02\/viana-do-castelo-conquista-mais-duas-bandeiras-azuis\/\" \/>\n<meta property=\"og:site_name\" content=\"Altominho.tv\" \/>\n<meta property=\"article:publisher\" content=\"https:\/\/www.facebook.com\/altominhotv\" \/>\n<meta property=\"article:published_time\" content=\"2026-05-02T09:25:19+00:00\" \/>\n<meta property=\"article:modified_time\" content=\"2026-05-02T09:25:21+00:00\" \/>\n<meta property=\"og:image\" content=\"https:\/\/www.altominho.tv\/site\/wp-content\/uploads\/2026\/05\/praia-Cabedelo.jpg\" \/>\n\t<meta property=\"og:image:width\" content=\"1200\" \/>\n\t<meta property=\"og:image:height\" content=\"630\" \/>\n\t<meta property=\"og:image:type\" content=\"image\/jpeg\" \/>\n<meta name=\"author\" content=\"Eduarda Cardoso\" \/>\n<meta name=\"twitter:card\" content=\"summary_large_image\" \/>\n<meta name=\"twitter:creator\" content=\"@altominhoTV\" \/>\n<meta name=\"twitter:site\" content=\"@altominhoTV\" \/>\n<meta name=\"twitter:label1\" content=\"Escrito por\" \/>\n\t<meta name=\"twitter:data1\" content=\"Eduarda Cardoso\" \/>\n\t<meta name=\"twitter:label2\" content=\"Tempo estimado de leitura\" \/>\n\t<meta name=\"twitter:data2\" content=\"2 minutos\" \/>\n<script type=\"application\/ld+json\" class=\"yoast-schema-graph\">{\"@context\":\"https:\\\/\\\/schema.org\",\"@graph\":[{\"@type\":\"Article\",\"@id\":\"https:\\\/\\\/www.altominho.tv\\\/site\\\/2026\\\/05\\\/02\\\/viana-do-castelo-conquista-mais-duas-bandeiras-azuis\\\/#article\",\"isPartOf\":{\"@id\":\"https:\\\/\\\/www.altominho.tv\\\/site\\\/2026\\\/05\\\/02\\\/viana-do-castelo-conquista-mais-duas-bandeiras-azuis\\\/\"},\"author\":{\"name\":\"Eduarda Cardoso\",\"@id\":\"https:\\\/\\\/www.altominho.tv\\\/site\\\/#\\\/schema\\\/person\\\/9e351387b727413d005ccf1152c93539\"},\"headline\":\"Viana do Castelo conquista mais duas bandeiras azuis\",\"datePublished\":\"2026-05-02T09:25:19+00:00\",\"dateModified\":\"2026-05-02T09:25:21+00:00\",\"mainEntityOfPage\":{\"@id\":\"https:\\\/\\\/www.altominho.tv\\\/site\\\/2026\\\/05\\\/02\\\/viana-do-castelo-conquista-mais-duas-bandeiras-azuis\\\/\"},\"wordCount\":198,\"image\":{\"@id\":\"https:\\\/\\\/www.altominho.tv\\\/site\\\/2026\\\/05\\\/02\\\/viana-do-castelo-conquista-mais-duas-bandeiras-azuis\\\/#primaryimage\"},\"thumbnailUrl\":\"https:\\\/\\\/www.altominho.tv\\\/site\\\/wp-content\\\/uploads\\\/2026\\\/05\\\/praia-Cabedelo.jpg\",\"keywords\":[\"Sociedade\"],\"articleSection\":[\"Viana do Castelo\"],\"inLanguage\":\"pt-PT\",\"copyrightYear\":\"2026\",\"copyrightHolder\":{\"@id\":\"https:\\\/\\\/www.altominho.tv\\\/site\\\/#organization\"}},{\"@type\":\"WebPage\",\"@id\":\"https:\\\/\\\/www.altominho.tv\\\/site\\\/2026\\\/05\\\/02\\\/viana-do-castelo-conquista-mais-duas-bandeiras-azuis\\\/\",\"url\":\"https:\\\/\\\/www.altominho.tv\\\/site\\\/2026\\\/05\\\/02\\\/viana-do-castelo-conquista-mais-duas-bandeiras-azuis\\\/\",\"name\":\"Viana do Castelo conquista mais duas bandeiras azuis\",\"isPartOf\":{\"@id\":\"https:\\\/\\\/www.altominho.tv\\\/site\\\/#website\"},\"primaryImageOfPage\":{\"@id\":\"https:\\\/\\\/www.altominho.tv\\\/site\\\/2026\\\/05\\\/02\\\/viana-do-castelo-conquista-mais-duas-bandeiras-azuis\\\/#primaryimage\"},\"image\":{\"@id\":\"https:\\\/\\\/www.altominho.tv\\\/site\\\/2026\\\/05\\\/02\\\/viana-do-castelo-conquista-mais-duas-bandeiras-azuis\\\/#primaryimage\"},\"thumbnailUrl\":\"https:\\\/\\\/www.altominho.tv\\\/site\\\/wp-content\\\/uploads\\\/2026\\\/05\\\/praia-Cabedelo.jpg\",\"datePublished\":\"2026-05-02T09:25:19+00:00\",\"dateModified\":\"2026-05-02T09:25:21+00:00\",\"author\":{\"@id\":\"https:\\\/\\\/www.altominho.tv\\\/site\\\/#\\\/schema\\\/person\\\/9e351387b727413d005ccf1152c93539\"},\"description\":\"Treze praias do concelho de Viana do Castelo s\u00e3o, este ano, galardoadas pela Associa\u00e7\u00e3o Bandeira Azul de Ambiente e Educa\u00e7\u00e3o.\",\"breadcrumb\":{\"@id\":\"https:\\\/\\\/www.altominho.tv\\\/site\\\/2026\\\/05\\\/02\\\/viana-do-castelo-conquista-mais-duas-bandeiras-azuis\\\/#breadcrumb\"},\"inLanguage\":\"pt-PT\",\"potentialAction\":[{\"@type\":\"ReadAction\",\"target\":[\"https:\\\/\\\/www.altominho.tv\\\/site\\\/2026\\\/05\\\/02\\\/viana-do-castelo-conquista-mais-duas-bandeiras-azuis\\\/\"]}]},{\"@type\":\"ImageObject\",\"inLanguage\":\"pt-PT\",\"@id\":\"https:\\\/\\\/www.altominho.tv\\\/site\\\/2026\\\/05\\\/02\\\/viana-do-castelo-conquista-mais-duas-bandeiras-azuis\\\/#primaryimage\",\"url\":\"https:\\\/\\\/www.altominho.tv\\\/site\\\/wp-content\\\/uploads\\\/2026\\\/05\\\/praia-Cabedelo.jpg\",\"contentUrl\":\"https:\\\/\\\/www.altominho.tv\\\/site\\\/wp-content\\\/uploads\\\/2026\\\/05\\\/praia-Cabedelo.jpg\",\"width\":1200,\"height\":630},{\"@type\":\"BreadcrumbList\",\"@id\":\"https:\\\/\\\/www.altominho.tv\\\/site\\\/2026\\\/05\\\/02\\\/viana-do-castelo-conquista-mais-duas-bandeiras-azuis\\\/#breadcrumb\",\"itemListElement\":[{\"@type\":\"ListItem\",\"position\":1,\"name\":\"In\u00edcio\",\"item\":\"https:\\\/\\\/www.altominho.tv\\\/site\\\/\"},{\"@type\":\"ListItem\",\"position\":2,\"name\":\"Viana do Castelo conquista mais duas bandeiras azuis\"}]},{\"@type\":\"WebSite\",\"@id\":\"https:\\\/\\\/www.altominho.tv\\\/site\\\/#website\",\"url\":\"https:\\\/\\\/www.altominho.tv\\\/site\\\/\",\"name\":\"Altominho.tv\",\"description\":\"A sua regi\u00e3o \u00e0 dist\u00e2ncia de um clique...\",\"potentialAction\":[{\"@type\":\"SearchAction\",\"target\":{\"@type\":\"EntryPoint\",\"urlTemplate\":\"https:\\\/\\\/www.altominho.tv\\\/site\\\/?s={search_term_string}\"},\"query-input\":{\"@type\":\"PropertyValueSpecification\",\"valueRequired\":true,\"valueName\":\"search_term_string\"}}],\"inLanguage\":\"pt-PT\"},{\"@type\":\"Person\",\"@id\":\"https:\\\/\\\/www.altominho.tv\\\/site\\\/#\\\/schema\\\/person\\\/9e351387b727413d005ccf1152c93539\",\"name\":\"Eduarda Cardoso\",\"image\":{\"@type\":\"ImageObject\",\"inLanguage\":\"pt-PT\",\"@id\":\"https:\\\/\\\/www.altominho.tv\\\/site\\\/wp-content\\\/uploads\\\/2021\\\/01\\\/cropped-Logo-ATV_WEB-150x150.png\",\"url\":\"https:\\\/\\\/www.altominho.tv\\\/site\\\/wp-content\\\/uploads\\\/2021\\\/01\\\/cropped-Logo-ATV_WEB-150x150.png\",\"contentUrl\":\"https:\\\/\\\/www.altominho.tv\\\/site\\\/wp-content\\\/uploads\\\/2021\\\/01\\\/cropped-Logo-ATV_WEB-150x150.png\",\"caption\":\"Eduarda Cardoso\"},\"url\":\"https:\\\/\\\/www.altominho.tv\\\/site\\\/author\\\/eduarda-cardoso\\\/\"}]}<\/script>\n<!-- \/ Yoast SEO Premium plugin. -->","yoast_head_json":{"title":"Viana do Castelo conquista mais duas bandeiras azuis","description":"Treze praias do concelho de Viana do Castelo s\u00e3o, este ano, galardoadas pela Associa\u00e7\u00e3o Bandeira Azul de Ambiente e Educa\u00e7\u00e3o.","robots":{"index":"index","follow":"follow","max-snippet":"max-snippet:-1","max-image-preview":"max-image-preview:large","max-video-preview":"max-video-preview:-1"},"canonical":"https:\/\/www.altominho.tv\/site\/2026\/05\/02\/viana-do-castelo-conquista-mais-duas-bandeiras-azuis\/","og_locale":"pt_PT","og_type":"article","og_title":"Viana do Castelo conquista mais duas bandeiras azuis","og_description":"Treze praias do concelho de Viana do Castelo s\u00e3o, este ano, galardoadas pela Associa\u00e7\u00e3o Bandeira Azul de Ambiente e Educa\u00e7\u00e3o.","og_url":"https:\/\/www.altominho.tv\/site\/2026\/05\/02\/viana-do-castelo-conquista-mais-duas-bandeiras-azuis\/","og_site_name":"Altominho.tv","article_publisher":"https:\/\/www.facebook.com\/altominhotv","article_published_time":"2026-05-02T09:25:19+00:00","article_modified_time":"2026-05-02T09:25:21+00:00","og_image":[{"width":1200,"height":630,"url":"https:\/\/www.altominho.tv\/site\/wp-content\/uploads\/2026\/05\/praia-Cabedelo.jpg","type":"image\/jpeg"}],"author":"Eduarda Cardoso","twitter_card":"summary_large_image","twitter_creator":"@altominhoTV","twitter_site":"@altominhoTV","twitter_misc":{"Escrito por":"Eduarda Cardoso","Tempo estimado de leitura":"2 minutos"},"schema":{"@context":"https:\/\/schema.org","@graph":[{"@type":"Article","@id":"https:\/\/www.altominho.tv\/site\/2026\/05\/02\/viana-do-castelo-conquista-mais-duas-bandeiras-azuis\/#article","isPartOf":{"@id":"https:\/\/www.altominho.tv\/site\/2026\/05\/02\/viana-do-castelo-conquista-mais-duas-bandeiras-azuis\/"},"author":{"name":"Eduarda Cardoso","@id":"https:\/\/www.altominho.tv\/site\/#\/schema\/person\/9e351387b727413d005ccf1152c93539"},"headline":"Viana do Castelo conquista mais duas bandeiras azuis","datePublished":"2026-05-02T09:25:19+00:00","dateModified":"2026-05-02T09:25:21+00:00","mainEntityOfPage":{"@id":"https:\/\/www.altominho.tv\/site\/2026\/05\/02\/viana-do-castelo-conquista-mais-duas-bandeiras-azuis\/"},"wordCount":198,"image":{"@id":"https:\/\/www.altominho.tv\/site\/2026\/05\/02\/viana-do-castelo-conquista-mais-duas-bandeiras-azuis\/#primaryimage"},"thumbnailUrl":"https:\/\/www.altominho.tv\/site\/wp-content\/uploads\/2026\/05\/praia-Cabedelo.jpg","keywords":["Sociedade"],"articleSection":["Viana do Castelo"],"inLanguage":"pt-PT","copyrightYear":"2026","copyrightHolder":{"@id":"https:\/\/www.altominho.tv\/site\/#organization"}},{"@type":"WebPage","@id":"https:\/\/www.altominho.tv\/site\/2026\/05\/02\/viana-do-castelo-conquista-mais-duas-bandeiras-azuis\/","url":"https:\/\/www.altominho.tv\/site\/2026\/05\/02\/viana-do-castelo-conquista-mais-duas-bandeiras-azuis\/","name":"Viana do Castelo conquista mais duas bandeiras azuis","isPartOf":{"@id":"https:\/\/www.altominho.tv\/site\/#website"},"primaryImageOfPage":{"@id":"https:\/\/www.altominho.tv\/site\/2026\/05\/02\/viana-do-castelo-conquista-mais-duas-bandeiras-azuis\/#primaryimage"},"image":{"@id":"https:\/\/www.altominho.tv\/site\/2026\/05\/02\/viana-do-castelo-conquista-mais-duas-bandeiras-azuis\/#primaryimage"},"thumbnailUrl":"https:\/\/www.altominho.tv\/site\/wp-content\/uploads\/2026\/05\/praia-Cabedelo.jpg","datePublished":"2026-05-02T09:25:19+00:00","dateModified":"2026-05-02T09:25:21+00:00","author":{"@id":"https:\/\/www.altominho.tv\/site\/#\/schema\/person\/9e351387b727413d005ccf1152c93539"},"description":"Treze praias do concelho de Viana do Castelo s\u00e3o, este ano, galardoadas pela Associa\u00e7\u00e3o Bandeira Azul de Ambiente e Educa\u00e7\u00e3o.","breadcrumb":{"@id":"https:\/\/www.altominho.tv\/site\/2026\/05\/02\/viana-do-castelo-conquista-mais-duas-bandeiras-azuis\/#breadcrumb"},"inLanguage":"pt-PT","potentialAction":[{"@type":"ReadAction","target":["https:\/\/www.altominho.tv\/site\/2026\/05\/02\/viana-do-castelo-conquista-mais-duas-bandeiras-azuis\/"]}]},{"@type":"ImageObject","inLanguage":"pt-PT","@id":"https:\/\/www.altominho.tv\/site\/2026\/05\/02\/viana-do-castelo-conquista-mais-duas-bandeiras-azuis\/#primaryimage","url":"https:\/\/www.altominho.tv\/site\/wp-content\/uploads\/2026\/05\/praia-Cabedelo.jpg","contentUrl":"https:\/\/www.altominho.tv\/site\/wp-content\/uploads\/2026\/05\/praia-Cabedelo.jpg","width":1200,"height":630},{"@type":"BreadcrumbList","@id":"https:\/\/www.altominho.tv\/site\/2026\/05\/02\/viana-do-castelo-conquista-mais-duas-bandeiras-azuis\/#breadcrumb","itemListElement":[{"@type":"ListItem","position":1,"name":"In\u00edcio","item":"https:\/\/www.altominho.tv\/site\/"},{"@type":"ListItem","position":2,"name":"Viana do Castelo conquista mais duas bandeiras azuis"}]},{"@type":"WebSite","@id":"https:\/\/www.altominho.tv\/site\/#website","url":"https:\/\/www.altominho.tv\/site\/","name":"Altominho.tv","description":"A sua regi\u00e3o \u00e0 dist\u00e2ncia de um clique...","potentialAction":[{"@type":"SearchAction","target":{"@type":"EntryPoint","urlTemplate":"https:\/\/www.altominho.tv\/site\/?s={search_term_string}"},"query-input":{"@type":"PropertyValueSpecification","valueRequired":true,"valueName":"search_term_string"}}],"inLanguage":"pt-PT"},{"@type":"Person","@id":"https:\/\/www.altominho.tv\/site\/#\/schema\/person\/9e351387b727413d005ccf1152c93539","name":"Eduarda Cardoso","image":{"@type":"ImageObject","inLanguage":"pt-PT","@id":"https:\/\/www.altominho.tv\/site\/wp-content\/uploads\/2021\/01\/cropped-Logo-ATV_WEB-150x150.png","url":"https:\/\/www.altominho.tv\/site\/wp-content\/uploads\/2021\/01\/cropped-Logo-ATV_WEB-150x150.png","contentUrl":"https:\/\/www.altominho.tv\/site\/wp-content\/uploads\/2021\/01\/cropped-Logo-ATV_WEB-150x150.png","caption":"Eduarda Cardoso"},"url":"https:\/\/www.altominho.tv\/site\/author\/eduarda-cardoso\/"}]}},"_links":{"self":[{"href":"https:\/\/www.altominho.tv\/site\/wp-json\/wp\/v2\/posts\/131916","targetHints":{"allow":["GET"]}}],"collection":[{"href":"https:\/\/www.altominho.tv\/site\/wp-json\/wp\/v2\/posts"}],"about":[{"href":"https:\/\/www.altominho.tv\/site\/wp-json\/wp\/v2\/types\/post"}],"author":[{"embeddable":true,"href":"https:\/\/www.altominho.tv\/site\/wp-json\/wp\/v2\/users\/30"}],"replies":[{"embeddable":true,"href":"https:\/\/www.altominho.tv\/site\/wp-json\/wp\/v2\/comments?post=131916"}],"version-history":[{"count":1,"href":"https:\/\/www.altominho.tv\/site\/wp-json\/wp\/v2\/posts\/131916\/revisions"}],"predecessor-version":[{"id":131918,"href":"https:\/\/www.altominho.tv\/site\/wp-json\/wp\/v2\/posts\/131916\/revisions\/131918"}],"wp:featuredmedia":[{"embeddable":true,"href":"https:\/\/www.altominho.tv\/site\/wp-json\/wp\/v2\/media\/131917"}],"wp:attachment":[{"href":"https:\/\/www.altominho.tv\/site\/wp-json\/wp\/v2\/media?parent=131916"}],"wp:term":[{"taxonomy":"category","embeddable":true,"href":"https:\/\/www.altominho.tv\/site\/wp-json\/wp\/v2\/categories?post=131916"},{"taxonomy":"post_tag","embeddable":true,"href":"https:\/\/www.altominho.tv\/site\/wp-json\/wp\/v2\/tags?post=131916"}],"curies":[{"name":"wp","href":"https:\/\/api.w.org\/{rel}","templated":true}]}}