{"id":131909,"date":"2026-05-02T10:07:49","date_gmt":"2026-05-02T09:07:49","guid":{"rendered":"https:\/\/www.altominho.tv\/site\/?p=131909"},"modified":"2026-05-02T10:07:51","modified_gmt":"2026-05-02T09:07:51","slug":"montenegro-governo-nao-abandona-conviccoes-pacote-laboral","status":"publish","type":"post","link":"https:\/\/www.altominho.tv\/site\/2026\/05\/02\/montenegro-governo-nao-abandona-conviccoes-pacote-laboral\/","title":{"rendered":"Montenegro diz que Governo n\u00e3o abandona convic\u00e7\u00f5es sobre pacote laboral"},"content":{"rendered":"<p>O primeiro-ministro alertou que o Governo \u201cn\u00e3o abandona as suas convic\u00e7\u00f5es\u201d em mat\u00e9ria laboral e garantiu que \u201cj\u00e1 cedeu em todas as traves mestras\u201d desta reforma, acusando a UGT de ser o parceiro \u201ccom menos ced\u00eancias\u201d.<\/p>\n<p>Sobre a possibilidade de deixar cair o pacote laboral, como sugeriu o l\u00edder do PS, Jos\u00e9 Lu\u00eds Carneiro, Lu\u00eds Montenegro disse que, sem entendimento na concerta\u00e7\u00e3o social, a \u00faltima palavra sobre o pacote laboral \u201cser\u00e1 sempre do parlamento\u201d, vincando que \u201cse h\u00e1 uma coisa que o Governo n\u00e3o faz \u00e9 abandonar as suas convic\u00e7\u00f5es\u201d.<\/p>\n<p>\u201cAs traves mestras a que a UGT se refere [para aprovar o pacote laboral] t\u00eam a ver com os contratos a termo, o regime de reintegra\u00e7\u00e3o em caso de despedimento, o banco de horas por acordo e o chamado \u2018outsourcing\u2019. Em todas estas mat\u00e9rias o Governo j\u00e1 cedeu. H\u00e1 propostas em que cedeu integralmente e outras em que cedeu parcialmente\u201d, vincou o governante, em declara\u00e7\u00f5es aos jornalistas na inaugura\u00e7\u00e3o da Festa do Alvarinho e do Fumeiro de Melga\u00e7o, em Melga\u00e7o.<\/p>\n<p>Montenegro vincou que \u201co parceiro social que tem menos ced\u00eancia neste momento \u00e9, claramente, a UGT\u201d, recusando ser entendido \u201ccomo estando a pressionar mais ou menos\u201d.<\/p>\n<p>\u201cA UGT tem toda a legitimidade e liberdade de dizer \u00abn\u00e3o queremos ceder\u00bb. N\u00e3o pode \u00e9 dizer que a teimosia \u00e9 nossa\u201d, sublinhou.<\/p>\n<p>Montenegro observou que \u201co povo que sai \u00e0 rua sai com toda a legitimidade, mas \u00e9 uma pequena parte\u201d, porque \u201ca grande maioria do povo acreditou neste projeto&#8221; e tem &#8220;a expectativa que o compreende\u201d.<\/p>\n<p>\u201cTenho a obriga\u00e7\u00e3o, n\u00e3o \u00e9 apenas uma convic\u00e7\u00e3o, de ser consequente com aquilo que foram as ideias que apresentei ao pa\u00eds\u201d, defendeu.<\/p>\n<p>O primeiro-ministro considera que \u201ch\u00e1 condi\u00e7\u00f5es\u201d para haver um acordo, assim haja ced\u00eancias da central sindical.<\/p>\n<p>\u201c\u00c9 um governo que est\u00e1 aqui para construir futuro e \u00e9 com esse esp\u00edrito que queremos dar aos parceiros sociais sindicais uma \u00faltima oportunidade para poder tamb\u00e9m manifestar ced\u00eancia. E, sinceramente, h\u00e1 condi\u00e7\u00f5es para isso\u201d, notou.<\/p>\n<p>Se n\u00e3o houver, \u201ca \u00faltima palavra ser\u00e1 sempre do parlamento\u201d.<\/p>\n<p>Montenegro disse desconhecer quais os partidos pol\u00edticos dispon\u00edveis para um entendimento com a AD sobre a reforma laboral, mas acusou alguns de teimosia.<\/p>\n<p>\u201cVejo partidos pol\u00edticos que, antes mesmo de o debate parlamentar se iniciar, fecham a porta. Os partidos que fecham a porta antes desse momento s\u00e3o os flex\u00edveis, s\u00e3o os dispon\u00edveis para o di\u00e1logo? E aqueles que verdadeiramente querem negociar \u00e9 que s\u00e3o os teimosos?\u201d, perguntou.<\/p>\n<p>O primeiro-ministro questionou ainda se n\u00e3o \u201cser\u00e1 ao contr\u00e1rio\u201d.<\/p>\n<p>\u201cTeimoso n\u00e3o \u00e9 o Partido Socialista? Teimoso n\u00e3o \u00e9 o Partido Comunista? Teimoso n\u00e3o \u00e9 o Bloco de Esquerda? Teimoso n\u00e3o \u00e9 o Livre? Sobre quem estar\u00e1 dispon\u00edvel, eu diria que talvez a melhor resposta fosse revisitar o conceito de teimosia\u201d, sugeriu.<\/p>\n<p>O secret\u00e1rio-geral do PS desafiou o primeiro-ministro a deixar cair a reforma laboral, que diz ser ofensiva para os trabalhadores, ao prejudicar jovens e mulheres.<\/p>\n<p>O secret\u00e1rio-geral da UGT garantiu que n\u00e3o vai ceder perante as \u201ctraves mestras\u201d do Governo na reforma laboral, afirmou que as tentativas de dividir a UGT falharam e colocou a responsabilidade pelo resultado das negocia\u00e7\u00f5es no executivo.<\/p>\n<p>A CGTP, atrav\u00e9s do seu secret\u00e1rio-geral, Tiago Oliveira, convocou, no Dia do Trabalhador, uma greve geral para 03 de junho.<\/p>\n<p>Foto: <strong>Altominho Tv<\/strong><\/p>\n","protected":false},"excerpt":{"rendered":"<p>O primeiro-ministro alertou que o Governo \u201cn\u00e3o abandona as suas convic\u00e7\u00f5es\u201d em mat\u00e9ria laboral e garantiu que \u201cj\u00e1 cedeu em todas as traves mestras\u201d desta reforma, acusando a UGT de ser o parceiro \u201ccom menos ced\u00eancias\u201d. Sobre a possibilidade de deixar cair o pacote laboral, como sugeriu o l\u00edder do PS, Jos\u00e9 Lu\u00eds Carneiro, Lu\u00eds [&hellip;]<\/p>\n","protected":false},"author":13,"featured_media":131910,"comment_status":"closed","ping_status":"closed","sticky":false,"template":"","format":"standard","meta":{"_exactmetrics_skip_tracking":false,"_exactmetrics_sitenote_active":false,"_exactmetrics_sitenote_note":"","_exactmetrics_sitenote_category":0,"footnotes":""},"categories":[56325],"tags":[56326,27],"class_list":["post-131909","post","type-post","status-publish","format-standard","has-post-thumbnail","hentry","category-pais","tag-politica","tag-sociedade"],"yoast_head":"<!-- This site is optimized with the Yoast SEO Premium plugin v27.5 (Yoast SEO v27.5) - https:\/\/yoast.com\/product\/yoast-seo-premium-wordpress\/ -->\n<title>Montenegro diz que Governo n\u00e3o abandona convic\u00e7\u00f5es sobre pacote laboral<\/title>\n<meta name=\"description\" content=\"O primeiro-ministro alertou que o Governo \u201cn\u00e3o abandona as suas convic\u00e7\u00f5es\u201d em mat\u00e9ria laboral e garantiu que \u201cj\u00e1 cedeu em todas as traves mestras\u201d desta reforma, acusando a UGT de ser o parceiro \u201ccom menos ced\u00eancias\u201d.\" \/>\n<meta name=\"robots\" content=\"index, follow, max-snippet:-1, max-image-preview:large, max-video-preview:-1\" \/>\n<link rel=\"canonical\" href=\"https:\/\/www.altominho.tv\/site\/2026\/05\/02\/montenegro-governo-nao-abandona-conviccoes-pacote-laboral\/\" \/>\n<meta property=\"og:locale\" content=\"pt_PT\" \/>\n<meta property=\"og:type\" content=\"article\" \/>\n<meta property=\"og:title\" content=\"Montenegro diz que Governo n\u00e3o abandona convic\u00e7\u00f5es sobre pacote laboral\" \/>\n<meta property=\"og:description\" content=\"O primeiro-ministro alertou que o Governo \u201cn\u00e3o abandona as suas convic\u00e7\u00f5es\u201d em mat\u00e9ria laboral e garantiu que \u201cj\u00e1 cedeu em todas as traves mestras\u201d desta reforma, acusando a UGT de ser o parceiro \u201ccom menos ced\u00eancias\u201d.\" \/>\n<meta property=\"og:url\" content=\"https:\/\/www.altominho.tv\/site\/2026\/05\/02\/montenegro-governo-nao-abandona-conviccoes-pacote-laboral\/\" \/>\n<meta property=\"og:site_name\" content=\"Altominho.tv\" \/>\n<meta property=\"article:publisher\" content=\"https:\/\/www.facebook.com\/altominhotv\" \/>\n<meta property=\"article:published_time\" content=\"2026-05-02T09:07:49+00:00\" \/>\n<meta property=\"article:modified_time\" content=\"2026-05-02T09:07:51+00:00\" \/>\n<meta property=\"og:image\" content=\"https:\/\/www.altominho.tv\/site\/wp-content\/uploads\/2026\/05\/Luis-Montenegro-Melgaco.png\" \/>\n\t<meta property=\"og:image:width\" content=\"1200\" \/>\n\t<meta property=\"og:image:height\" content=\"630\" \/>\n\t<meta property=\"og:image:type\" content=\"image\/png\" \/>\n<meta name=\"author\" content=\"Lusa\" \/>\n<meta name=\"twitter:card\" content=\"summary_large_image\" \/>\n<meta name=\"twitter:creator\" content=\"@altominhoTV\" \/>\n<meta name=\"twitter:site\" content=\"@altominhoTV\" \/>\n<meta name=\"twitter:label1\" content=\"Escrito por\" \/>\n\t<meta name=\"twitter:data1\" content=\"Lusa\" \/>\n\t<meta name=\"twitter:label2\" content=\"Tempo estimado de leitura\" \/>\n\t<meta name=\"twitter:data2\" content=\"4 minutos\" \/>\n<script type=\"application\/ld+json\" class=\"yoast-schema-graph\">{\"@context\":\"https:\\\/\\\/schema.org\",\"@graph\":[{\"@type\":\"Article\",\"@id\":\"https:\\\/\\\/www.altominho.tv\\\/site\\\/2026\\\/05\\\/02\\\/montenegro-governo-nao-abandona-conviccoes-pacote-laboral\\\/#article\",\"isPartOf\":{\"@id\":\"https:\\\/\\\/www.altominho.tv\\\/site\\\/2026\\\/05\\\/02\\\/montenegro-governo-nao-abandona-conviccoes-pacote-laboral\\\/\"},\"author\":{\"name\":\"Lusa\",\"@id\":\"https:\\\/\\\/www.altominho.tv\\\/site\\\/#\\\/schema\\\/person\\\/63f693da3e1899361cbe955c46f3232e\"},\"headline\":\"Montenegro diz que Governo n\u00e3o abandona convic\u00e7\u00f5es sobre pacote laboral\",\"datePublished\":\"2026-05-02T09:07:49+00:00\",\"dateModified\":\"2026-05-02T09:07:51+00:00\",\"mainEntityOfPage\":{\"@id\":\"https:\\\/\\\/www.altominho.tv\\\/site\\\/2026\\\/05\\\/02\\\/montenegro-governo-nao-abandona-conviccoes-pacote-laboral\\\/\"},\"wordCount\":592,\"image\":{\"@id\":\"https:\\\/\\\/www.altominho.tv\\\/site\\\/2026\\\/05\\\/02\\\/montenegro-governo-nao-abandona-conviccoes-pacote-laboral\\\/#primaryimage\"},\"thumbnailUrl\":\"https:\\\/\\\/www.altominho.tv\\\/site\\\/wp-content\\\/uploads\\\/2026\\\/05\\\/Luis-Montenegro-Melgaco.png\",\"keywords\":[\"Pol\u00edtica\",\"Sociedade\"],\"articleSection\":[\"Pa\u00eds\"],\"inLanguage\":\"pt-PT\",\"copyrightYear\":\"2026\",\"copyrightHolder\":{\"@id\":\"https:\\\/\\\/www.altominho.tv\\\/site\\\/#organization\"}},{\"@type\":\"WebPage\",\"@id\":\"https:\\\/\\\/www.altominho.tv\\\/site\\\/2026\\\/05\\\/02\\\/montenegro-governo-nao-abandona-conviccoes-pacote-laboral\\\/\",\"url\":\"https:\\\/\\\/www.altominho.tv\\\/site\\\/2026\\\/05\\\/02\\\/montenegro-governo-nao-abandona-conviccoes-pacote-laboral\\\/\",\"name\":\"Montenegro diz que Governo n\u00e3o abandona convic\u00e7\u00f5es sobre pacote laboral\",\"isPartOf\":{\"@id\":\"https:\\\/\\\/www.altominho.tv\\\/site\\\/#website\"},\"primaryImageOfPage\":{\"@id\":\"https:\\\/\\\/www.altominho.tv\\\/site\\\/2026\\\/05\\\/02\\\/montenegro-governo-nao-abandona-conviccoes-pacote-laboral\\\/#primaryimage\"},\"image\":{\"@id\":\"https:\\\/\\\/www.altominho.tv\\\/site\\\/2026\\\/05\\\/02\\\/montenegro-governo-nao-abandona-conviccoes-pacote-laboral\\\/#primaryimage\"},\"thumbnailUrl\":\"https:\\\/\\\/www.altominho.tv\\\/site\\\/wp-content\\\/uploads\\\/2026\\\/05\\\/Luis-Montenegro-Melgaco.png\",\"datePublished\":\"2026-05-02T09:07:49+00:00\",\"dateModified\":\"2026-05-02T09:07:51+00:00\",\"author\":{\"@id\":\"https:\\\/\\\/www.altominho.tv\\\/site\\\/#\\\/schema\\\/person\\\/63f693da3e1899361cbe955c46f3232e\"},\"description\":\"O primeiro-ministro alertou que o Governo \u201cn\u00e3o abandona as suas convic\u00e7\u00f5es\u201d em mat\u00e9ria laboral e garantiu que \u201cj\u00e1 cedeu em todas as traves mestras\u201d desta reforma, acusando a UGT de ser o parceiro \u201ccom menos ced\u00eancias\u201d.\",\"breadcrumb\":{\"@id\":\"https:\\\/\\\/www.altominho.tv\\\/site\\\/2026\\\/05\\\/02\\\/montenegro-governo-nao-abandona-conviccoes-pacote-laboral\\\/#breadcrumb\"},\"inLanguage\":\"pt-PT\",\"potentialAction\":[{\"@type\":\"ReadAction\",\"target\":[\"https:\\\/\\\/www.altominho.tv\\\/site\\\/2026\\\/05\\\/02\\\/montenegro-governo-nao-abandona-conviccoes-pacote-laboral\\\/\"]}]},{\"@type\":\"ImageObject\",\"inLanguage\":\"pt-PT\",\"@id\":\"https:\\\/\\\/www.altominho.tv\\\/site\\\/2026\\\/05\\\/02\\\/montenegro-governo-nao-abandona-conviccoes-pacote-laboral\\\/#primaryimage\",\"url\":\"https:\\\/\\\/www.altominho.tv\\\/site\\\/wp-content\\\/uploads\\\/2026\\\/05\\\/Luis-Montenegro-Melgaco.png\",\"contentUrl\":\"https:\\\/\\\/www.altominho.tv\\\/site\\\/wp-content\\\/uploads\\\/2026\\\/05\\\/Luis-Montenegro-Melgaco.png\",\"width\":1200,\"height\":630},{\"@type\":\"BreadcrumbList\",\"@id\":\"https:\\\/\\\/www.altominho.tv\\\/site\\\/2026\\\/05\\\/02\\\/montenegro-governo-nao-abandona-conviccoes-pacote-laboral\\\/#breadcrumb\",\"itemListElement\":[{\"@type\":\"ListItem\",\"position\":1,\"name\":\"In\u00edcio\",\"item\":\"https:\\\/\\\/www.altominho.tv\\\/site\\\/\"},{\"@type\":\"ListItem\",\"position\":2,\"name\":\"Montenegro diz que Governo n\u00e3o abandona convic\u00e7\u00f5es sobre pacote laboral\"}]},{\"@type\":\"WebSite\",\"@id\":\"https:\\\/\\\/www.altominho.tv\\\/site\\\/#website\",\"url\":\"https:\\\/\\\/www.altominho.tv\\\/site\\\/\",\"name\":\"Altominho.tv\",\"description\":\"A sua regi\u00e3o \u00e0 dist\u00e2ncia de um clique...\",\"potentialAction\":[{\"@type\":\"SearchAction\",\"target\":{\"@type\":\"EntryPoint\",\"urlTemplate\":\"https:\\\/\\\/www.altominho.tv\\\/site\\\/?s={search_term_string}\"},\"query-input\":{\"@type\":\"PropertyValueSpecification\",\"valueRequired\":true,\"valueName\":\"search_term_string\"}}],\"inLanguage\":\"pt-PT\"},{\"@type\":\"Person\",\"@id\":\"https:\\\/\\\/www.altominho.tv\\\/site\\\/#\\\/schema\\\/person\\\/63f693da3e1899361cbe955c46f3232e\",\"name\":\"Lusa\",\"image\":{\"@type\":\"ImageObject\",\"inLanguage\":\"pt-PT\",\"@id\":\"https:\\\/\\\/www.altominho.tv\\\/site\\\/wp-content\\\/uploads\\\/2019\\\/08\\\/LUSA_Logo.gif\",\"url\":\"https:\\\/\\\/www.altominho.tv\\\/site\\\/wp-content\\\/uploads\\\/2019\\\/08\\\/LUSA_Logo.gif\",\"contentUrl\":\"https:\\\/\\\/www.altominho.tv\\\/site\\\/wp-content\\\/uploads\\\/2019\\\/08\\\/LUSA_Logo.gif\",\"caption\":\"Lusa\"},\"sameAs\":[\"http:\\\/\\\/\\\/\\\/www.altominho.tv\\\/site\"],\"url\":\"https:\\\/\\\/www.altominho.tv\\\/site\\\/author\\\/lusa\\\/\"}]}<\/script>\n<!-- \/ Yoast SEO Premium plugin. -->","yoast_head_json":{"title":"Montenegro diz que Governo n\u00e3o abandona convic\u00e7\u00f5es sobre pacote laboral","description":"O primeiro-ministro alertou que o Governo \u201cn\u00e3o abandona as suas convic\u00e7\u00f5es\u201d em mat\u00e9ria laboral e garantiu que \u201cj\u00e1 cedeu em todas as traves mestras\u201d desta reforma, acusando a UGT de ser o parceiro \u201ccom menos ced\u00eancias\u201d.","robots":{"index":"index","follow":"follow","max-snippet":"max-snippet:-1","max-image-preview":"max-image-preview:large","max-video-preview":"max-video-preview:-1"},"canonical":"https:\/\/www.altominho.tv\/site\/2026\/05\/02\/montenegro-governo-nao-abandona-conviccoes-pacote-laboral\/","og_locale":"pt_PT","og_type":"article","og_title":"Montenegro diz que Governo n\u00e3o abandona convic\u00e7\u00f5es sobre pacote laboral","og_description":"O primeiro-ministro alertou que o Governo \u201cn\u00e3o abandona as suas convic\u00e7\u00f5es\u201d em mat\u00e9ria laboral e garantiu que \u201cj\u00e1 cedeu em todas as traves mestras\u201d desta reforma, acusando a UGT de ser o parceiro \u201ccom menos ced\u00eancias\u201d.","og_url":"https:\/\/www.altominho.tv\/site\/2026\/05\/02\/montenegro-governo-nao-abandona-conviccoes-pacote-laboral\/","og_site_name":"Altominho.tv","article_publisher":"https:\/\/www.facebook.com\/altominhotv","article_published_time":"2026-05-02T09:07:49+00:00","article_modified_time":"2026-05-02T09:07:51+00:00","og_image":[{"width":1200,"height":630,"url":"https:\/\/www.altominho.tv\/site\/wp-content\/uploads\/2026\/05\/Luis-Montenegro-Melgaco.png","type":"image\/png"}],"author":"Lusa","twitter_card":"summary_large_image","twitter_creator":"@altominhoTV","twitter_site":"@altominhoTV","twitter_misc":{"Escrito por":"Lusa","Tempo estimado de leitura":"4 minutos"},"schema":{"@context":"https:\/\/schema.org","@graph":[{"@type":"Article","@id":"https:\/\/www.altominho.tv\/site\/2026\/05\/02\/montenegro-governo-nao-abandona-conviccoes-pacote-laboral\/#article","isPartOf":{"@id":"https:\/\/www.altominho.tv\/site\/2026\/05\/02\/montenegro-governo-nao-abandona-conviccoes-pacote-laboral\/"},"author":{"name":"Lusa","@id":"https:\/\/www.altominho.tv\/site\/#\/schema\/person\/63f693da3e1899361cbe955c46f3232e"},"headline":"Montenegro diz que Governo n\u00e3o abandona convic\u00e7\u00f5es sobre pacote laboral","datePublished":"2026-05-02T09:07:49+00:00","dateModified":"2026-05-02T09:07:51+00:00","mainEntityOfPage":{"@id":"https:\/\/www.altominho.tv\/site\/2026\/05\/02\/montenegro-governo-nao-abandona-conviccoes-pacote-laboral\/"},"wordCount":592,"image":{"@id":"https:\/\/www.altominho.tv\/site\/2026\/05\/02\/montenegro-governo-nao-abandona-conviccoes-pacote-laboral\/#primaryimage"},"thumbnailUrl":"https:\/\/www.altominho.tv\/site\/wp-content\/uploads\/2026\/05\/Luis-Montenegro-Melgaco.png","keywords":["Pol\u00edtica","Sociedade"],"articleSection":["Pa\u00eds"],"inLanguage":"pt-PT","copyrightYear":"2026","copyrightHolder":{"@id":"https:\/\/www.altominho.tv\/site\/#organization"}},{"@type":"WebPage","@id":"https:\/\/www.altominho.tv\/site\/2026\/05\/02\/montenegro-governo-nao-abandona-conviccoes-pacote-laboral\/","url":"https:\/\/www.altominho.tv\/site\/2026\/05\/02\/montenegro-governo-nao-abandona-conviccoes-pacote-laboral\/","name":"Montenegro diz que Governo n\u00e3o abandona convic\u00e7\u00f5es sobre pacote laboral","isPartOf":{"@id":"https:\/\/www.altominho.tv\/site\/#website"},"primaryImageOfPage":{"@id":"https:\/\/www.altominho.tv\/site\/2026\/05\/02\/montenegro-governo-nao-abandona-conviccoes-pacote-laboral\/#primaryimage"},"image":{"@id":"https:\/\/www.altominho.tv\/site\/2026\/05\/02\/montenegro-governo-nao-abandona-conviccoes-pacote-laboral\/#primaryimage"},"thumbnailUrl":"https:\/\/www.altominho.tv\/site\/wp-content\/uploads\/2026\/05\/Luis-Montenegro-Melgaco.png","datePublished":"2026-05-02T09:07:49+00:00","dateModified":"2026-05-02T09:07:51+00:00","author":{"@id":"https:\/\/www.altominho.tv\/site\/#\/schema\/person\/63f693da3e1899361cbe955c46f3232e"},"description":"O primeiro-ministro alertou que o Governo \u201cn\u00e3o abandona as suas convic\u00e7\u00f5es\u201d em mat\u00e9ria laboral e garantiu que \u201cj\u00e1 cedeu em todas as traves mestras\u201d desta reforma, acusando a UGT de ser o parceiro \u201ccom menos ced\u00eancias\u201d.","breadcrumb":{"@id":"https:\/\/www.altominho.tv\/site\/2026\/05\/02\/montenegro-governo-nao-abandona-conviccoes-pacote-laboral\/#breadcrumb"},"inLanguage":"pt-PT","potentialAction":[{"@type":"ReadAction","target":["https:\/\/www.altominho.tv\/site\/2026\/05\/02\/montenegro-governo-nao-abandona-conviccoes-pacote-laboral\/"]}]},{"@type":"ImageObject","inLanguage":"pt-PT","@id":"https:\/\/www.altominho.tv\/site\/2026\/05\/02\/montenegro-governo-nao-abandona-conviccoes-pacote-laboral\/#primaryimage","url":"https:\/\/www.altominho.tv\/site\/wp-content\/uploads\/2026\/05\/Luis-Montenegro-Melgaco.png","contentUrl":"https:\/\/www.altominho.tv\/site\/wp-content\/uploads\/2026\/05\/Luis-Montenegro-Melgaco.png","width":1200,"height":630},{"@type":"BreadcrumbList","@id":"https:\/\/www.altominho.tv\/site\/2026\/05\/02\/montenegro-governo-nao-abandona-conviccoes-pacote-laboral\/#breadcrumb","itemListElement":[{"@type":"ListItem","position":1,"name":"In\u00edcio","item":"https:\/\/www.altominho.tv\/site\/"},{"@type":"ListItem","position":2,"name":"Montenegro diz que Governo n\u00e3o abandona convic\u00e7\u00f5es sobre pacote laboral"}]},{"@type":"WebSite","@id":"https:\/\/www.altominho.tv\/site\/#website","url":"https:\/\/www.altominho.tv\/site\/","name":"Altominho.tv","description":"A sua regi\u00e3o \u00e0 dist\u00e2ncia de um clique...","potentialAction":[{"@type":"SearchAction","target":{"@type":"EntryPoint","urlTemplate":"https:\/\/www.altominho.tv\/site\/?s={search_term_string}"},"query-input":{"@type":"PropertyValueSpecification","valueRequired":true,"valueName":"search_term_string"}}],"inLanguage":"pt-PT"},{"@type":"Person","@id":"https:\/\/www.altominho.tv\/site\/#\/schema\/person\/63f693da3e1899361cbe955c46f3232e","name":"Lusa","image":{"@type":"ImageObject","inLanguage":"pt-PT","@id":"https:\/\/www.altominho.tv\/site\/wp-content\/uploads\/2019\/08\/LUSA_Logo.gif","url":"https:\/\/www.altominho.tv\/site\/wp-content\/uploads\/2019\/08\/LUSA_Logo.gif","contentUrl":"https:\/\/www.altominho.tv\/site\/wp-content\/uploads\/2019\/08\/LUSA_Logo.gif","caption":"Lusa"},"sameAs":["http:\/\/\/\/www.altominho.tv\/site"],"url":"https:\/\/www.altominho.tv\/site\/author\/lusa\/"}]}},"_links":{"self":[{"href":"https:\/\/www.altominho.tv\/site\/wp-json\/wp\/v2\/posts\/131909","targetHints":{"allow":["GET"]}}],"collection":[{"href":"https:\/\/www.altominho.tv\/site\/wp-json\/wp\/v2\/posts"}],"about":[{"href":"https:\/\/www.altominho.tv\/site\/wp-json\/wp\/v2\/types\/post"}],"author":[{"embeddable":true,"href":"https:\/\/www.altominho.tv\/site\/wp-json\/wp\/v2\/users\/13"}],"replies":[{"embeddable":true,"href":"https:\/\/www.altominho.tv\/site\/wp-json\/wp\/v2\/comments?post=131909"}],"version-history":[{"count":3,"href":"https:\/\/www.altominho.tv\/site\/wp-json\/wp\/v2\/posts\/131909\/revisions"}],"predecessor-version":[{"id":131915,"href":"https:\/\/www.altominho.tv\/site\/wp-json\/wp\/v2\/posts\/131909\/revisions\/131915"}],"wp:featuredmedia":[{"embeddable":true,"href":"https:\/\/www.altominho.tv\/site\/wp-json\/wp\/v2\/media\/131910"}],"wp:attachment":[{"href":"https:\/\/www.altominho.tv\/site\/wp-json\/wp\/v2\/media?parent=131909"}],"wp:term":[{"taxonomy":"category","embeddable":true,"href":"https:\/\/www.altominho.tv\/site\/wp-json\/wp\/v2\/categories?post=131909"},{"taxonomy":"post_tag","embeddable":true,"href":"https:\/\/www.altominho.tv\/site\/wp-json\/wp\/v2\/tags?post=131909"}],"curies":[{"name":"wp","href":"https:\/\/api.w.org\/{rel}","templated":true}]}}