{"id":131887,"date":"2026-05-01T13:29:40","date_gmt":"2026-05-01T12:29:40","guid":{"rendered":"https:\/\/www.altominho.tv\/site\/?p=131887"},"modified":"2026-05-01T13:29:41","modified_gmt":"2026-05-01T12:29:41","slug":"paredes-de-coura-reforca-formacao-dos-bombeiros-com-nova-unidade-inovadora","status":"publish","type":"post","link":"https:\/\/www.altominho.tv\/site\/2026\/05\/01\/paredes-de-coura-reforca-formacao-dos-bombeiros-com-nova-unidade-inovadora\/","title":{"rendered":"Paredes de Coura refor\u00e7a forma\u00e7\u00e3o dos bombeiros com nova unidade inovadora"},"content":{"rendered":"\n<figure class=\"wp-block-embed is-type-video is-provider-youtube wp-block-embed-youtube wp-embed-aspect-16-9 wp-has-aspect-ratio\"><div class=\"wp-block-embed__wrapper\">\n<iframe loading=\"lazy\" title=\"Paredes de Coura refor\u00e7a forma\u00e7\u00e3o dos bombeiros com nova unidade inovadora | Altominho TV\" width=\"770\" height=\"433\" src=\"https:\/\/www.youtube.com\/embed\/8guB7RNHD3g?feature=oembed\" frameborder=\"0\" allow=\"accelerometer; autoplay; clipboard-write; encrypted-media; gyroscope; picture-in-picture; web-share\" referrerpolicy=\"strict-origin-when-cross-origin\" allowfullscreen><\/iframe>\n<\/div><\/figure>\n\n\n\n<p>Paredes de Coura inaugurou oficialmente a sua nova Unidade Local de Forma\u00e7\u00e3o para os Bombeiros do Distrito de Viana do Castelo. Um projeto h\u00e1 muito ambicionado que ganha agora forma, refor\u00e7ando a capacita\u00e7\u00e3o operacional dos profissionais que diariamente garantem a seguran\u00e7a da popula\u00e7\u00e3o.<\/p>\n\n\n\n<p><br>Localizada na freguesia de Resende, esta nova val\u00eancia resulta de um investimento municipal de cerca de 230 mil euros. A infraestrutura representa um passo significativo na aposta cont\u00ednua do concelho na qualifica\u00e7\u00e3o e valoriza\u00e7\u00e3o dos seus agentes de prote\u00e7\u00e3o civil.<\/p>\n","protected":false},"excerpt":{"rendered":"<p>Paredes de Coura inaugurou oficialmente a sua nova Unidade Local de Forma\u00e7\u00e3o para os Bombeiros do Distrito de Viana do Castelo. Um projeto h\u00e1 muito ambicionado que ganha agora forma, refor\u00e7ando a capacita\u00e7\u00e3o operacional dos profissionais que diariamente garantem a seguran\u00e7a da popula\u00e7\u00e3o. Localizada na freguesia de Resende, esta nova val\u00eancia resulta de um investimento [&hellip;]<\/p>\n","protected":false},"author":10,"featured_media":131888,"comment_status":"closed","ping_status":"closed","sticky":false,"template":"","format":"video","meta":{"_exactmetrics_skip_tracking":false,"_exactmetrics_sitenote_active":false,"_exactmetrics_sitenote_note":"","_exactmetrics_sitenote_category":0,"footnotes":""},"categories":[10],"tags":[27],"class_list":["post-131887","post","type-post","status-publish","format-video","has-post-thumbnail","hentry","category-paredes-de-coura","tag-sociedade","post_format-post-format-video"],"yoast_head":"<!-- This site is optimized with the Yoast SEO Premium plugin v27.5 (Yoast SEO v27.5) - https:\/\/yoast.com\/product\/yoast-seo-premium-wordpress\/ -->\n<title>Paredes de Coura refor\u00e7a forma\u00e7\u00e3o dos bombeiros com nova unidade inovadora<\/title>\n<meta name=\"robots\" content=\"index, follow, max-snippet:-1, max-image-preview:large, max-video-preview:-1\" \/>\n<link rel=\"canonical\" href=\"https:\/\/www.altominho.tv\/site\/2026\/05\/01\/paredes-de-coura-reforca-formacao-dos-bombeiros-com-nova-unidade-inovadora\/\" \/>\n<meta property=\"og:locale\" content=\"pt_PT\" \/>\n<meta property=\"og:type\" content=\"article\" \/>\n<meta property=\"og:title\" content=\"Paredes de Coura refor\u00e7a forma\u00e7\u00e3o dos bombeiros com nova unidade inovadora\" \/>\n<meta property=\"og:description\" content=\"Paredes de Coura inaugurou oficialmente a sua nova Unidade Local de Forma\u00e7\u00e3o para os Bombeiros do Distrito de Viana do Castelo. Um projeto h\u00e1 muito ambicionado que ganha agora forma, refor\u00e7ando a capacita\u00e7\u00e3o operacional dos profissionais que diariamente garantem a seguran\u00e7a da popula\u00e7\u00e3o. Localizada na freguesia de Resende, esta nova val\u00eancia resulta de um investimento [&hellip;]\" \/>\n<meta property=\"og:url\" content=\"https:\/\/www.altominho.tv\/site\/2026\/05\/01\/paredes-de-coura-reforca-formacao-dos-bombeiros-com-nova-unidade-inovadora\/\" \/>\n<meta property=\"og:site_name\" content=\"Altominho.tv\" \/>\n<meta property=\"article:publisher\" content=\"https:\/\/www.facebook.com\/altominhotv\" \/>\n<meta property=\"article:published_time\" content=\"2026-05-01T12:29:40+00:00\" \/>\n<meta property=\"article:modified_time\" content=\"2026-05-01T12:29:41+00:00\" \/>\n<meta property=\"og:image\" content=\"https:\/\/www.altominho.tv\/site\/wp-content\/uploads\/2026\/05\/bombeiros-.jpg\" \/>\n\t<meta property=\"og:image:width\" content=\"1920\" \/>\n\t<meta property=\"og:image:height\" content=\"1080\" \/>\n\t<meta property=\"og:image:type\" content=\"image\/jpeg\" \/>\n<meta name=\"author\" content=\"Andreia Barreiro\" \/>\n<meta name=\"twitter:card\" content=\"summary_large_image\" \/>\n<meta name=\"twitter:creator\" content=\"@altominhoTV\" \/>\n<meta name=\"twitter:site\" content=\"@altominhoTV\" \/>\n<meta name=\"twitter:label1\" content=\"Escrito por\" \/>\n\t<meta name=\"twitter:data1\" content=\"Andreia Barreiro\" \/>\n\t<meta name=\"twitter:label2\" content=\"Tempo estimado de leitura\" \/>\n\t<meta name=\"twitter:data2\" content=\"1 minuto\" \/>\n<script type=\"application\/ld+json\" class=\"yoast-schema-graph\">{\"@context\":\"https:\\\/\\\/schema.org\",\"@graph\":[{\"@type\":\"Article\",\"@id\":\"https:\\\/\\\/www.altominho.tv\\\/site\\\/2026\\\/05\\\/01\\\/paredes-de-coura-reforca-formacao-dos-bombeiros-com-nova-unidade-inovadora\\\/#article\",\"isPartOf\":{\"@id\":\"https:\\\/\\\/www.altominho.tv\\\/site\\\/2026\\\/05\\\/01\\\/paredes-de-coura-reforca-formacao-dos-bombeiros-com-nova-unidade-inovadora\\\/\"},\"author\":{\"name\":\"Andreia Barreiro\",\"@id\":\"https:\\\/\\\/www.altominho.tv\\\/site\\\/#\\\/schema\\\/person\\\/4fa0996d8841f9d6cbb84eb43c555c2c\"},\"headline\":\"Paredes de Coura refor\u00e7a forma\u00e7\u00e3o dos bombeiros com nova unidade inovadora\",\"datePublished\":\"2026-05-01T12:29:40+00:00\",\"dateModified\":\"2026-05-01T12:29:41+00:00\",\"mainEntityOfPage\":{\"@id\":\"https:\\\/\\\/www.altominho.tv\\\/site\\\/2026\\\/05\\\/01\\\/paredes-de-coura-reforca-formacao-dos-bombeiros-com-nova-unidade-inovadora\\\/\"},\"wordCount\":111,\"image\":{\"@id\":\"https:\\\/\\\/www.altominho.tv\\\/site\\\/2026\\\/05\\\/01\\\/paredes-de-coura-reforca-formacao-dos-bombeiros-com-nova-unidade-inovadora\\\/#primaryimage\"},\"thumbnailUrl\":\"https:\\\/\\\/www.altominho.tv\\\/site\\\/wp-content\\\/uploads\\\/2026\\\/05\\\/bombeiros-.jpg\",\"keywords\":[\"Sociedade\"],\"articleSection\":[\"Paredes de Coura\"],\"inLanguage\":\"pt-PT\",\"copyrightYear\":\"2026\",\"copyrightHolder\":{\"@id\":\"https:\\\/\\\/www.altominho.tv\\\/site\\\/#organization\"}},{\"@type\":\"WebPage\",\"@id\":\"https:\\\/\\\/www.altominho.tv\\\/site\\\/2026\\\/05\\\/01\\\/paredes-de-coura-reforca-formacao-dos-bombeiros-com-nova-unidade-inovadora\\\/\",\"url\":\"https:\\\/\\\/www.altominho.tv\\\/site\\\/2026\\\/05\\\/01\\\/paredes-de-coura-reforca-formacao-dos-bombeiros-com-nova-unidade-inovadora\\\/\",\"name\":\"Paredes de Coura refor\u00e7a forma\u00e7\u00e3o dos bombeiros com nova unidade inovadora\",\"isPartOf\":{\"@id\":\"https:\\\/\\\/www.altominho.tv\\\/site\\\/#website\"},\"primaryImageOfPage\":{\"@id\":\"https:\\\/\\\/www.altominho.tv\\\/site\\\/2026\\\/05\\\/01\\\/paredes-de-coura-reforca-formacao-dos-bombeiros-com-nova-unidade-inovadora\\\/#primaryimage\"},\"image\":{\"@id\":\"https:\\\/\\\/www.altominho.tv\\\/site\\\/2026\\\/05\\\/01\\\/paredes-de-coura-reforca-formacao-dos-bombeiros-com-nova-unidade-inovadora\\\/#primaryimage\"},\"thumbnailUrl\":\"https:\\\/\\\/www.altominho.tv\\\/site\\\/wp-content\\\/uploads\\\/2026\\\/05\\\/bombeiros-.jpg\",\"datePublished\":\"2026-05-01T12:29:40+00:00\",\"dateModified\":\"2026-05-01T12:29:41+00:00\",\"author\":{\"@id\":\"https:\\\/\\\/www.altominho.tv\\\/site\\\/#\\\/schema\\\/person\\\/4fa0996d8841f9d6cbb84eb43c555c2c\"},\"breadcrumb\":{\"@id\":\"https:\\\/\\\/www.altominho.tv\\\/site\\\/2026\\\/05\\\/01\\\/paredes-de-coura-reforca-formacao-dos-bombeiros-com-nova-unidade-inovadora\\\/#breadcrumb\"},\"inLanguage\":\"pt-PT\",\"potentialAction\":[{\"@type\":\"ReadAction\",\"target\":[\"https:\\\/\\\/www.altominho.tv\\\/site\\\/2026\\\/05\\\/01\\\/paredes-de-coura-reforca-formacao-dos-bombeiros-com-nova-unidade-inovadora\\\/\"]}]},{\"@type\":\"ImageObject\",\"inLanguage\":\"pt-PT\",\"@id\":\"https:\\\/\\\/www.altominho.tv\\\/site\\\/2026\\\/05\\\/01\\\/paredes-de-coura-reforca-formacao-dos-bombeiros-com-nova-unidade-inovadora\\\/#primaryimage\",\"url\":\"https:\\\/\\\/www.altominho.tv\\\/site\\\/wp-content\\\/uploads\\\/2026\\\/05\\\/bombeiros-.jpg\",\"contentUrl\":\"https:\\\/\\\/www.altominho.tv\\\/site\\\/wp-content\\\/uploads\\\/2026\\\/05\\\/bombeiros-.jpg\",\"width\":1920,\"height\":1080},{\"@type\":\"BreadcrumbList\",\"@id\":\"https:\\\/\\\/www.altominho.tv\\\/site\\\/2026\\\/05\\\/01\\\/paredes-de-coura-reforca-formacao-dos-bombeiros-com-nova-unidade-inovadora\\\/#breadcrumb\",\"itemListElement\":[{\"@type\":\"ListItem\",\"position\":1,\"name\":\"In\u00edcio\",\"item\":\"https:\\\/\\\/www.altominho.tv\\\/site\\\/\"},{\"@type\":\"ListItem\",\"position\":2,\"name\":\"Paredes de Coura refor\u00e7a forma\u00e7\u00e3o dos bombeiros com nova unidade inovadora\"}]},{\"@type\":\"WebSite\",\"@id\":\"https:\\\/\\\/www.altominho.tv\\\/site\\\/#website\",\"url\":\"https:\\\/\\\/www.altominho.tv\\\/site\\\/\",\"name\":\"Altominho.tv\",\"description\":\"A sua regi\u00e3o \u00e0 dist\u00e2ncia de um clique...\",\"potentialAction\":[{\"@type\":\"SearchAction\",\"target\":{\"@type\":\"EntryPoint\",\"urlTemplate\":\"https:\\\/\\\/www.altominho.tv\\\/site\\\/?s={search_term_string}\"},\"query-input\":{\"@type\":\"PropertyValueSpecification\",\"valueRequired\":true,\"valueName\":\"search_term_string\"}}],\"inLanguage\":\"pt-PT\"},{\"@type\":\"Person\",\"@id\":\"https:\\\/\\\/www.altominho.tv\\\/site\\\/#\\\/schema\\\/person\\\/4fa0996d8841f9d6cbb84eb43c555c2c\",\"name\":\"Andreia Barreiro\",\"image\":{\"@type\":\"ImageObject\",\"inLanguage\":\"pt-PT\",\"@id\":\"https:\\\/\\\/www.altominho.tv\\\/site\\\/wp-content\\\/uploads\\\/2021\\\/01\\\/132443895_3480358142084005_3574327946369834311_o-150x150.jpg\",\"url\":\"https:\\\/\\\/www.altominho.tv\\\/site\\\/wp-content\\\/uploads\\\/2021\\\/01\\\/132443895_3480358142084005_3574327946369834311_o-150x150.jpg\",\"contentUrl\":\"https:\\\/\\\/www.altominho.tv\\\/site\\\/wp-content\\\/uploads\\\/2021\\\/01\\\/132443895_3480358142084005_3574327946369834311_o-150x150.jpg\",\"caption\":\"Andreia Barreiro\"},\"url\":\"https:\\\/\\\/www.altominho.tv\\\/site\\\/author\\\/andreiabarreiro\\\/\"}]}<\/script>\n<meta property=\"og:video\" content=\"https:\/\/www.youtube.com\/embed\/8guB7RNHD3g\" \/>\n<meta property=\"og:video:type\" content=\"text\/html\" \/>\n<meta property=\"og:video:duration\" content=\"193\" \/>\n<meta property=\"og:video:width\" content=\"480\" \/>\n<meta property=\"og:video:height\" content=\"270\" \/>\n<meta property=\"ya:ovs:adult\" content=\"false\" \/>\n<meta property=\"ya:ovs:upload_date\" content=\"2026-05-01T12:29:40+00:00\" \/>\n<meta property=\"ya:ovs:allow_embed\" content=\"true\" \/>\n<!-- \/ Yoast SEO Premium plugin. -->","yoast_head_json":{"title":"Paredes de Coura refor\u00e7a forma\u00e7\u00e3o dos bombeiros com nova unidade inovadora","robots":{"index":"index","follow":"follow","max-snippet":"max-snippet:-1","max-image-preview":"max-image-preview:large","max-video-preview":"max-video-preview:-1"},"canonical":"https:\/\/www.altominho.tv\/site\/2026\/05\/01\/paredes-de-coura-reforca-formacao-dos-bombeiros-com-nova-unidade-inovadora\/","og_locale":"pt_PT","og_type":"article","og_title":"Paredes de Coura refor\u00e7a forma\u00e7\u00e3o dos bombeiros com nova unidade inovadora","og_description":"Paredes de Coura inaugurou oficialmente a sua nova Unidade Local de Forma\u00e7\u00e3o para os Bombeiros do Distrito de Viana do Castelo. Um projeto h\u00e1 muito ambicionado que ganha agora forma, refor\u00e7ando a capacita\u00e7\u00e3o operacional dos profissionais que diariamente garantem a seguran\u00e7a da popula\u00e7\u00e3o. Localizada na freguesia de Resende, esta nova val\u00eancia resulta de um investimento [&hellip;]","og_url":"https:\/\/www.altominho.tv\/site\/2026\/05\/01\/paredes-de-coura-reforca-formacao-dos-bombeiros-com-nova-unidade-inovadora\/","og_site_name":"Altominho.tv","article_publisher":"https:\/\/www.facebook.com\/altominhotv","article_published_time":"2026-05-01T12:29:40+00:00","article_modified_time":"2026-05-01T12:29:41+00:00","og_image":[{"width":1920,"height":1080,"url":"https:\/\/www.altominho.tv\/site\/wp-content\/uploads\/2026\/05\/bombeiros-.jpg","type":"image\/jpeg"}],"author":"Andreia Barreiro","twitter_card":"summary_large_image","twitter_creator":"@altominhoTV","twitter_site":"@altominhoTV","twitter_misc":{"Escrito por":"Andreia Barreiro","Tempo estimado de leitura":"1 minuto"},"schema":{"@context":"https:\/\/schema.org","@graph":[{"@type":"Article","@id":"https:\/\/www.altominho.tv\/site\/2026\/05\/01\/paredes-de-coura-reforca-formacao-dos-bombeiros-com-nova-unidade-inovadora\/#article","isPartOf":{"@id":"https:\/\/www.altominho.tv\/site\/2026\/05\/01\/paredes-de-coura-reforca-formacao-dos-bombeiros-com-nova-unidade-inovadora\/"},"author":{"name":"Andreia Barreiro","@id":"https:\/\/www.altominho.tv\/site\/#\/schema\/person\/4fa0996d8841f9d6cbb84eb43c555c2c"},"headline":"Paredes de Coura refor\u00e7a forma\u00e7\u00e3o dos bombeiros com nova unidade inovadora","datePublished":"2026-05-01T12:29:40+00:00","dateModified":"2026-05-01T12:29:41+00:00","mainEntityOfPage":{"@id":"https:\/\/www.altominho.tv\/site\/2026\/05\/01\/paredes-de-coura-reforca-formacao-dos-bombeiros-com-nova-unidade-inovadora\/"},"wordCount":111,"image":{"@id":"https:\/\/www.altominho.tv\/site\/2026\/05\/01\/paredes-de-coura-reforca-formacao-dos-bombeiros-com-nova-unidade-inovadora\/#primaryimage"},"thumbnailUrl":"https:\/\/www.altominho.tv\/site\/wp-content\/uploads\/2026\/05\/bombeiros-.jpg","keywords":["Sociedade"],"articleSection":["Paredes de Coura"],"inLanguage":"pt-PT","copyrightYear":"2026","copyrightHolder":{"@id":"https:\/\/www.altominho.tv\/site\/#organization"}},{"@type":"WebPage","@id":"https:\/\/www.altominho.tv\/site\/2026\/05\/01\/paredes-de-coura-reforca-formacao-dos-bombeiros-com-nova-unidade-inovadora\/","url":"https:\/\/www.altominho.tv\/site\/2026\/05\/01\/paredes-de-coura-reforca-formacao-dos-bombeiros-com-nova-unidade-inovadora\/","name":"Paredes de Coura refor\u00e7a forma\u00e7\u00e3o dos bombeiros com nova unidade inovadora","isPartOf":{"@id":"https:\/\/www.altominho.tv\/site\/#website"},"primaryImageOfPage":{"@id":"https:\/\/www.altominho.tv\/site\/2026\/05\/01\/paredes-de-coura-reforca-formacao-dos-bombeiros-com-nova-unidade-inovadora\/#primaryimage"},"image":{"@id":"https:\/\/www.altominho.tv\/site\/2026\/05\/01\/paredes-de-coura-reforca-formacao-dos-bombeiros-com-nova-unidade-inovadora\/#primaryimage"},"thumbnailUrl":"https:\/\/www.altominho.tv\/site\/wp-content\/uploads\/2026\/05\/bombeiros-.jpg","datePublished":"2026-05-01T12:29:40+00:00","dateModified":"2026-05-01T12:29:41+00:00","author":{"@id":"https:\/\/www.altominho.tv\/site\/#\/schema\/person\/4fa0996d8841f9d6cbb84eb43c555c2c"},"breadcrumb":{"@id":"https:\/\/www.altominho.tv\/site\/2026\/05\/01\/paredes-de-coura-reforca-formacao-dos-bombeiros-com-nova-unidade-inovadora\/#breadcrumb"},"inLanguage":"pt-PT","potentialAction":[{"@type":"ReadAction","target":["https:\/\/www.altominho.tv\/site\/2026\/05\/01\/paredes-de-coura-reforca-formacao-dos-bombeiros-com-nova-unidade-inovadora\/"]}]},{"@type":"ImageObject","inLanguage":"pt-PT","@id":"https:\/\/www.altominho.tv\/site\/2026\/05\/01\/paredes-de-coura-reforca-formacao-dos-bombeiros-com-nova-unidade-inovadora\/#primaryimage","url":"https:\/\/www.altominho.tv\/site\/wp-content\/uploads\/2026\/05\/bombeiros-.jpg","contentUrl":"https:\/\/www.altominho.tv\/site\/wp-content\/uploads\/2026\/05\/bombeiros-.jpg","width":1920,"height":1080},{"@type":"BreadcrumbList","@id":"https:\/\/www.altominho.tv\/site\/2026\/05\/01\/paredes-de-coura-reforca-formacao-dos-bombeiros-com-nova-unidade-inovadora\/#breadcrumb","itemListElement":[{"@type":"ListItem","position":1,"name":"In\u00edcio","item":"https:\/\/www.altominho.tv\/site\/"},{"@type":"ListItem","position":2,"name":"Paredes de Coura refor\u00e7a forma\u00e7\u00e3o dos bombeiros com nova unidade inovadora"}]},{"@type":"WebSite","@id":"https:\/\/www.altominho.tv\/site\/#website","url":"https:\/\/www.altominho.tv\/site\/","name":"Altominho.tv","description":"A sua regi\u00e3o \u00e0 dist\u00e2ncia de um clique...","potentialAction":[{"@type":"SearchAction","target":{"@type":"EntryPoint","urlTemplate":"https:\/\/www.altominho.tv\/site\/?s={search_term_string}"},"query-input":{"@type":"PropertyValueSpecification","valueRequired":true,"valueName":"search_term_string"}}],"inLanguage":"pt-PT"},{"@type":"Person","@id":"https:\/\/www.altominho.tv\/site\/#\/schema\/person\/4fa0996d8841f9d6cbb84eb43c555c2c","name":"Andreia Barreiro","image":{"@type":"ImageObject","inLanguage":"pt-PT","@id":"https:\/\/www.altominho.tv\/site\/wp-content\/uploads\/2021\/01\/132443895_3480358142084005_3574327946369834311_o-150x150.jpg","url":"https:\/\/www.altominho.tv\/site\/wp-content\/uploads\/2021\/01\/132443895_3480358142084005_3574327946369834311_o-150x150.jpg","contentUrl":"https:\/\/www.altominho.tv\/site\/wp-content\/uploads\/2021\/01\/132443895_3480358142084005_3574327946369834311_o-150x150.jpg","caption":"Andreia Barreiro"},"url":"https:\/\/www.altominho.tv\/site\/author\/andreiabarreiro\/"}]},"og_video":"https:\/\/www.youtube.com\/embed\/8guB7RNHD3g","og_video_type":"text\/html","og_video_duration":"193","og_video_width":"480","og_video_height":"270","ya_ovs_adult":"false","ya_ovs_upload_date":"2026-05-01T12:29:40+00:00","ya_ovs_allow_embed":"true"},"_links":{"self":[{"href":"https:\/\/www.altominho.tv\/site\/wp-json\/wp\/v2\/posts\/131887","targetHints":{"allow":["GET"]}}],"collection":[{"href":"https:\/\/www.altominho.tv\/site\/wp-json\/wp\/v2\/posts"}],"about":[{"href":"https:\/\/www.altominho.tv\/site\/wp-json\/wp\/v2\/types\/post"}],"author":[{"embeddable":true,"href":"https:\/\/www.altominho.tv\/site\/wp-json\/wp\/v2\/users\/10"}],"replies":[{"embeddable":true,"href":"https:\/\/www.altominho.tv\/site\/wp-json\/wp\/v2\/comments?post=131887"}],"version-history":[{"count":1,"href":"https:\/\/www.altominho.tv\/site\/wp-json\/wp\/v2\/posts\/131887\/revisions"}],"predecessor-version":[{"id":131889,"href":"https:\/\/www.altominho.tv\/site\/wp-json\/wp\/v2\/posts\/131887\/revisions\/131889"}],"wp:featuredmedia":[{"embeddable":true,"href":"https:\/\/www.altominho.tv\/site\/wp-json\/wp\/v2\/media\/131888"}],"wp:attachment":[{"href":"https:\/\/www.altominho.tv\/site\/wp-json\/wp\/v2\/media?parent=131887"}],"wp:term":[{"taxonomy":"category","embeddable":true,"href":"https:\/\/www.altominho.tv\/site\/wp-json\/wp\/v2\/categories?post=131887"},{"taxonomy":"post_tag","embeddable":true,"href":"https:\/\/www.altominho.tv\/site\/wp-json\/wp\/v2\/tags?post=131887"}],"curies":[{"name":"wp","href":"https:\/\/api.w.org\/{rel}","templated":true}]}}