{"id":131854,"date":"2026-04-30T13:18:03","date_gmt":"2026-04-30T12:18:03","guid":{"rendered":"https:\/\/www.altominho.tv\/site\/?p=131854"},"modified":"2026-04-30T13:18:05","modified_gmt":"2026-04-30T12:18:05","slug":"ponte-de-lima-yoga-historias-bebes","status":"publish","type":"post","link":"https:\/\/www.altominho.tv\/site\/2026\/04\/30\/ponte-de-lima-yoga-historias-bebes\/","title":{"rendered":"Nova sess\u00e3o de Yogar com Hist\u00f3rias para Beb\u00e9s a 2 de maio"},"content":{"rendered":"\n<p>No pr\u00f3ximo dia 2 de maio, entre as 10h30 e as 11h30, a Biblioteca Municipal de Ponte de Lima convida fam\u00edlias com beb\u00e9s dos 12 aos 36 meses a participar numa experi\u00eancia de partilha e bem-estar.<\/p>\n\n\n\n<p>A sess\u00e3o \u201cYogar com Hist\u00f3rias Baby\u201d, dinamizada por Manuela Fernandes, combina a leitura de hist\u00f3rias com movimentos suaves de yoga, proporcionando um ambiente tranquilo onde beb\u00e9s e adultos podem explorar o corpo, as emo\u00e7\u00f5es e a imagina\u00e7\u00e3o.<\/p>\n\n\n\n<p>Atrav\u00e9s de narrativas envolventes e atividades adaptadas \u00e0 primeira inf\u00e2ncia, esta iniciativa promove o desenvolvimento sensorial e refor\u00e7a os la\u00e7os afetivos, num espa\u00e7o acolhedor e seguro.<\/p>\n\n\n\n<p>A participa\u00e7\u00e3o \u00e9 gratuita, mas sujeita a inscri\u00e7\u00e3o obrigat\u00f3ria.<\/p>\n\n\n\n<figure class=\"wp-block-image size-full\"><img loading=\"lazy\" decoding=\"async\" width=\"640\" height=\"800\" src=\"https:\/\/www.altominho.tv\/site\/wp-content\/uploads\/2026\/04\/yogarhistoriasbaby_cartaz_2026_05_02_1_1024_800.png\" alt=\"\" class=\"wp-image-131855\" srcset=\"https:\/\/www.altominho.tv\/site\/wp-content\/uploads\/2026\/04\/yogarhistoriasbaby_cartaz_2026_05_02_1_1024_800.png 640w, https:\/\/www.altominho.tv\/site\/wp-content\/uploads\/2026\/04\/yogarhistoriasbaby_cartaz_2026_05_02_1_1024_800-346x433.png 346w, https:\/\/www.altominho.tv\/site\/wp-content\/uploads\/2026\/04\/yogarhistoriasbaby_cartaz_2026_05_02_1_1024_800-370x463.png 370w, https:\/\/www.altominho.tv\/site\/wp-content\/uploads\/2026\/04\/yogarhistoriasbaby_cartaz_2026_05_02_1_1024_800-270x338.png 270w, https:\/\/www.altominho.tv\/site\/wp-content\/uploads\/2026\/04\/yogarhistoriasbaby_cartaz_2026_05_02_1_1024_800-570x713.png 570w\" sizes=\"auto, (max-width: 640px) 100vw, 640px\" \/><\/figure>\n\n\n\n<p>Fotografia: <strong>DR<\/strong><\/p>\n","protected":false},"excerpt":{"rendered":"<p>No pr\u00f3ximo dia 2 de maio, entre as 10h30 e as 11h30, a Biblioteca Municipal de Ponte de Lima convida fam\u00edlias com beb\u00e9s dos 12 aos 36 meses a participar numa experi\u00eancia de partilha e bem-estar. A sess\u00e3o \u201cYogar com Hist\u00f3rias Baby\u201d, dinamizada por Manuela Fernandes, combina a leitura de hist\u00f3rias com movimentos suaves de [&hellip;]<\/p>\n","protected":false},"author":7,"featured_media":131856,"comment_status":"closed","ping_status":"closed","sticky":false,"template":"","format":"standard","meta":{"_exactmetrics_skip_tracking":false,"_exactmetrics_sitenote_active":false,"_exactmetrics_sitenote_note":"","_exactmetrics_sitenote_category":0,"footnotes":""},"categories":[12],"tags":[24],"class_list":["post-131854","post","type-post","status-publish","format-standard","has-post-thumbnail","hentry","category-ponte-de-lima","tag-lazer"],"yoast_head":"<!-- This site is optimized with the Yoast SEO Premium plugin v27.5 (Yoast SEO v27.5) - https:\/\/yoast.com\/product\/yoast-seo-premium-wordpress\/ -->\n<title>Nova sess\u00e3o de Yogar com Hist\u00f3rias para Beb\u00e9s a 2 de maio<\/title>\n<meta name=\"description\" content=\"Ponte de Lima apresenta uma nova sess\u00e3o de Yogar com Hist\u00f3rias para Beb\u00e9s a 2 de maio.\" \/>\n<meta name=\"robots\" content=\"index, follow, max-snippet:-1, max-image-preview:large, max-video-preview:-1\" \/>\n<link rel=\"canonical\" href=\"https:\/\/www.altominho.tv\/site\/2026\/04\/30\/ponte-de-lima-yoga-historias-bebes\/\" \/>\n<meta property=\"og:locale\" content=\"pt_PT\" \/>\n<meta property=\"og:type\" content=\"article\" \/>\n<meta property=\"og:title\" content=\"Nova sess\u00e3o de Yogar com Hist\u00f3rias para Beb\u00e9s a 2 de maio\" \/>\n<meta property=\"og:description\" content=\"Ponte de Lima apresenta uma nova sess\u00e3o de Yogar com Hist\u00f3rias para Beb\u00e9s a 2 de maio.\" \/>\n<meta property=\"og:url\" content=\"https:\/\/www.altominho.tv\/site\/2026\/04\/30\/ponte-de-lima-yoga-historias-bebes\/\" \/>\n<meta property=\"og:site_name\" content=\"Altominho.tv\" \/>\n<meta property=\"article:publisher\" content=\"https:\/\/www.facebook.com\/altominhotv\" \/>\n<meta property=\"article:published_time\" content=\"2026-04-30T12:18:03+00:00\" \/>\n<meta property=\"article:modified_time\" content=\"2026-04-30T12:18:05+00:00\" \/>\n<meta property=\"og:image\" content=\"https:\/\/www.altominho.tv\/site\/wp-content\/uploads\/2026\/04\/bebes.png\" \/>\n\t<meta property=\"og:image:width\" content=\"1200\" \/>\n\t<meta property=\"og:image:height\" content=\"630\" \/>\n\t<meta property=\"og:image:type\" content=\"image\/png\" \/>\n<meta name=\"author\" content=\"Andreia Cunha\" \/>\n<meta name=\"twitter:card\" content=\"summary_large_image\" \/>\n<meta name=\"twitter:creator\" content=\"@altominhoTV\" \/>\n<meta name=\"twitter:site\" content=\"@altominhoTV\" \/>\n<meta name=\"twitter:label1\" content=\"Escrito por\" \/>\n\t<meta name=\"twitter:data1\" content=\"Andreia Cunha\" \/>\n\t<meta name=\"twitter:label2\" content=\"Tempo estimado de leitura\" \/>\n\t<meta name=\"twitter:data2\" content=\"2 minutos\" \/>\n<script type=\"application\/ld+json\" class=\"yoast-schema-graph\">{\"@context\":\"https:\\\/\\\/schema.org\",\"@graph\":[{\"@type\":\"Article\",\"@id\":\"https:\\\/\\\/www.altominho.tv\\\/site\\\/2026\\\/04\\\/30\\\/ponte-de-lima-yoga-historias-bebes\\\/#article\",\"isPartOf\":{\"@id\":\"https:\\\/\\\/www.altominho.tv\\\/site\\\/2026\\\/04\\\/30\\\/ponte-de-lima-yoga-historias-bebes\\\/\"},\"author\":{\"name\":\"Andreia Cunha\",\"@id\":\"https:\\\/\\\/www.altominho.tv\\\/site\\\/#\\\/schema\\\/person\\\/a0e4ef6d041f98ca284393d8f1d97153\"},\"headline\":\"Nova sess\u00e3o de Yogar com Hist\u00f3rias para Beb\u00e9s a 2 de maio\",\"datePublished\":\"2026-04-30T12:18:03+00:00\",\"dateModified\":\"2026-04-30T12:18:05+00:00\",\"mainEntityOfPage\":{\"@id\":\"https:\\\/\\\/www.altominho.tv\\\/site\\\/2026\\\/04\\\/30\\\/ponte-de-lima-yoga-historias-bebes\\\/\"},\"wordCount\":137,\"image\":{\"@id\":\"https:\\\/\\\/www.altominho.tv\\\/site\\\/2026\\\/04\\\/30\\\/ponte-de-lima-yoga-historias-bebes\\\/#primaryimage\"},\"thumbnailUrl\":\"https:\\\/\\\/www.altominho.tv\\\/site\\\/wp-content\\\/uploads\\\/2026\\\/04\\\/bebes.png\",\"keywords\":[\"Lazer\"],\"articleSection\":[\"Ponte de Lima\"],\"inLanguage\":\"pt-PT\",\"copyrightYear\":\"2026\",\"copyrightHolder\":{\"@id\":\"https:\\\/\\\/www.altominho.tv\\\/site\\\/#organization\"}},{\"@type\":\"WebPage\",\"@id\":\"https:\\\/\\\/www.altominho.tv\\\/site\\\/2026\\\/04\\\/30\\\/ponte-de-lima-yoga-historias-bebes\\\/\",\"url\":\"https:\\\/\\\/www.altominho.tv\\\/site\\\/2026\\\/04\\\/30\\\/ponte-de-lima-yoga-historias-bebes\\\/\",\"name\":\"Nova sess\u00e3o de Yogar com Hist\u00f3rias para Beb\u00e9s a 2 de maio\",\"isPartOf\":{\"@id\":\"https:\\\/\\\/www.altominho.tv\\\/site\\\/#website\"},\"primaryImageOfPage\":{\"@id\":\"https:\\\/\\\/www.altominho.tv\\\/site\\\/2026\\\/04\\\/30\\\/ponte-de-lima-yoga-historias-bebes\\\/#primaryimage\"},\"image\":{\"@id\":\"https:\\\/\\\/www.altominho.tv\\\/site\\\/2026\\\/04\\\/30\\\/ponte-de-lima-yoga-historias-bebes\\\/#primaryimage\"},\"thumbnailUrl\":\"https:\\\/\\\/www.altominho.tv\\\/site\\\/wp-content\\\/uploads\\\/2026\\\/04\\\/bebes.png\",\"datePublished\":\"2026-04-30T12:18:03+00:00\",\"dateModified\":\"2026-04-30T12:18:05+00:00\",\"author\":{\"@id\":\"https:\\\/\\\/www.altominho.tv\\\/site\\\/#\\\/schema\\\/person\\\/a0e4ef6d041f98ca284393d8f1d97153\"},\"description\":\"Ponte de Lima apresenta uma nova sess\u00e3o de Yogar com Hist\u00f3rias para Beb\u00e9s a 2 de maio.\",\"breadcrumb\":{\"@id\":\"https:\\\/\\\/www.altominho.tv\\\/site\\\/2026\\\/04\\\/30\\\/ponte-de-lima-yoga-historias-bebes\\\/#breadcrumb\"},\"inLanguage\":\"pt-PT\",\"potentialAction\":[{\"@type\":\"ReadAction\",\"target\":[\"https:\\\/\\\/www.altominho.tv\\\/site\\\/2026\\\/04\\\/30\\\/ponte-de-lima-yoga-historias-bebes\\\/\"]}]},{\"@type\":\"ImageObject\",\"inLanguage\":\"pt-PT\",\"@id\":\"https:\\\/\\\/www.altominho.tv\\\/site\\\/2026\\\/04\\\/30\\\/ponte-de-lima-yoga-historias-bebes\\\/#primaryimage\",\"url\":\"https:\\\/\\\/www.altominho.tv\\\/site\\\/wp-content\\\/uploads\\\/2026\\\/04\\\/bebes.png\",\"contentUrl\":\"https:\\\/\\\/www.altominho.tv\\\/site\\\/wp-content\\\/uploads\\\/2026\\\/04\\\/bebes.png\",\"width\":1200,\"height\":630},{\"@type\":\"BreadcrumbList\",\"@id\":\"https:\\\/\\\/www.altominho.tv\\\/site\\\/2026\\\/04\\\/30\\\/ponte-de-lima-yoga-historias-bebes\\\/#breadcrumb\",\"itemListElement\":[{\"@type\":\"ListItem\",\"position\":1,\"name\":\"In\u00edcio\",\"item\":\"https:\\\/\\\/www.altominho.tv\\\/site\\\/\"},{\"@type\":\"ListItem\",\"position\":2,\"name\":\"Nova sess\u00e3o de Yogar com Hist\u00f3rias para Beb\u00e9s a 2 de maio\"}]},{\"@type\":\"WebSite\",\"@id\":\"https:\\\/\\\/www.altominho.tv\\\/site\\\/#website\",\"url\":\"https:\\\/\\\/www.altominho.tv\\\/site\\\/\",\"name\":\"Altominho.tv\",\"description\":\"A sua regi\u00e3o \u00e0 dist\u00e2ncia de um clique...\",\"potentialAction\":[{\"@type\":\"SearchAction\",\"target\":{\"@type\":\"EntryPoint\",\"urlTemplate\":\"https:\\\/\\\/www.altominho.tv\\\/site\\\/?s={search_term_string}\"},\"query-input\":{\"@type\":\"PropertyValueSpecification\",\"valueRequired\":true,\"valueName\":\"search_term_string\"}}],\"inLanguage\":\"pt-PT\"},{\"@type\":\"Person\",\"@id\":\"https:\\\/\\\/www.altominho.tv\\\/site\\\/#\\\/schema\\\/person\\\/a0e4ef6d041f98ca284393d8f1d97153\",\"name\":\"Andreia Cunha\",\"image\":{\"@type\":\"ImageObject\",\"inLanguage\":\"pt-PT\",\"@id\":\"https:\\\/\\\/www.altominho.tv\\\/site\\\/wp-content\\\/uploads\\\/2017\\\/11\\\/Andreia_Cunha-1-150x150.jpg\",\"url\":\"https:\\\/\\\/www.altominho.tv\\\/site\\\/wp-content\\\/uploads\\\/2017\\\/11\\\/Andreia_Cunha-1-150x150.jpg\",\"contentUrl\":\"https:\\\/\\\/www.altominho.tv\\\/site\\\/wp-content\\\/uploads\\\/2017\\\/11\\\/Andreia_Cunha-1-150x150.jpg\",\"caption\":\"Andreia Cunha\"},\"url\":\"https:\\\/\\\/www.altominho.tv\\\/site\\\/author\\\/andreiacunha\\\/\"}]}<\/script>\n<!-- \/ Yoast SEO Premium plugin. -->","yoast_head_json":{"title":"Nova sess\u00e3o de Yogar com Hist\u00f3rias para Beb\u00e9s a 2 de maio","description":"Ponte de Lima apresenta uma nova sess\u00e3o de Yogar com Hist\u00f3rias para Beb\u00e9s a 2 de maio.","robots":{"index":"index","follow":"follow","max-snippet":"max-snippet:-1","max-image-preview":"max-image-preview:large","max-video-preview":"max-video-preview:-1"},"canonical":"https:\/\/www.altominho.tv\/site\/2026\/04\/30\/ponte-de-lima-yoga-historias-bebes\/","og_locale":"pt_PT","og_type":"article","og_title":"Nova sess\u00e3o de Yogar com Hist\u00f3rias para Beb\u00e9s a 2 de maio","og_description":"Ponte de Lima apresenta uma nova sess\u00e3o de Yogar com Hist\u00f3rias para Beb\u00e9s a 2 de maio.","og_url":"https:\/\/www.altominho.tv\/site\/2026\/04\/30\/ponte-de-lima-yoga-historias-bebes\/","og_site_name":"Altominho.tv","article_publisher":"https:\/\/www.facebook.com\/altominhotv","article_published_time":"2026-04-30T12:18:03+00:00","article_modified_time":"2026-04-30T12:18:05+00:00","og_image":[{"width":1200,"height":630,"url":"https:\/\/www.altominho.tv\/site\/wp-content\/uploads\/2026\/04\/bebes.png","type":"image\/png"}],"author":"Andreia Cunha","twitter_card":"summary_large_image","twitter_creator":"@altominhoTV","twitter_site":"@altominhoTV","twitter_misc":{"Escrito por":"Andreia Cunha","Tempo estimado de leitura":"2 minutos"},"schema":{"@context":"https:\/\/schema.org","@graph":[{"@type":"Article","@id":"https:\/\/www.altominho.tv\/site\/2026\/04\/30\/ponte-de-lima-yoga-historias-bebes\/#article","isPartOf":{"@id":"https:\/\/www.altominho.tv\/site\/2026\/04\/30\/ponte-de-lima-yoga-historias-bebes\/"},"author":{"name":"Andreia Cunha","@id":"https:\/\/www.altominho.tv\/site\/#\/schema\/person\/a0e4ef6d041f98ca284393d8f1d97153"},"headline":"Nova sess\u00e3o de Yogar com Hist\u00f3rias para Beb\u00e9s a 2 de maio","datePublished":"2026-04-30T12:18:03+00:00","dateModified":"2026-04-30T12:18:05+00:00","mainEntityOfPage":{"@id":"https:\/\/www.altominho.tv\/site\/2026\/04\/30\/ponte-de-lima-yoga-historias-bebes\/"},"wordCount":137,"image":{"@id":"https:\/\/www.altominho.tv\/site\/2026\/04\/30\/ponte-de-lima-yoga-historias-bebes\/#primaryimage"},"thumbnailUrl":"https:\/\/www.altominho.tv\/site\/wp-content\/uploads\/2026\/04\/bebes.png","keywords":["Lazer"],"articleSection":["Ponte de Lima"],"inLanguage":"pt-PT","copyrightYear":"2026","copyrightHolder":{"@id":"https:\/\/www.altominho.tv\/site\/#organization"}},{"@type":"WebPage","@id":"https:\/\/www.altominho.tv\/site\/2026\/04\/30\/ponte-de-lima-yoga-historias-bebes\/","url":"https:\/\/www.altominho.tv\/site\/2026\/04\/30\/ponte-de-lima-yoga-historias-bebes\/","name":"Nova sess\u00e3o de Yogar com Hist\u00f3rias para Beb\u00e9s a 2 de maio","isPartOf":{"@id":"https:\/\/www.altominho.tv\/site\/#website"},"primaryImageOfPage":{"@id":"https:\/\/www.altominho.tv\/site\/2026\/04\/30\/ponte-de-lima-yoga-historias-bebes\/#primaryimage"},"image":{"@id":"https:\/\/www.altominho.tv\/site\/2026\/04\/30\/ponte-de-lima-yoga-historias-bebes\/#primaryimage"},"thumbnailUrl":"https:\/\/www.altominho.tv\/site\/wp-content\/uploads\/2026\/04\/bebes.png","datePublished":"2026-04-30T12:18:03+00:00","dateModified":"2026-04-30T12:18:05+00:00","author":{"@id":"https:\/\/www.altominho.tv\/site\/#\/schema\/person\/a0e4ef6d041f98ca284393d8f1d97153"},"description":"Ponte de Lima apresenta uma nova sess\u00e3o de Yogar com Hist\u00f3rias para Beb\u00e9s a 2 de maio.","breadcrumb":{"@id":"https:\/\/www.altominho.tv\/site\/2026\/04\/30\/ponte-de-lima-yoga-historias-bebes\/#breadcrumb"},"inLanguage":"pt-PT","potentialAction":[{"@type":"ReadAction","target":["https:\/\/www.altominho.tv\/site\/2026\/04\/30\/ponte-de-lima-yoga-historias-bebes\/"]}]},{"@type":"ImageObject","inLanguage":"pt-PT","@id":"https:\/\/www.altominho.tv\/site\/2026\/04\/30\/ponte-de-lima-yoga-historias-bebes\/#primaryimage","url":"https:\/\/www.altominho.tv\/site\/wp-content\/uploads\/2026\/04\/bebes.png","contentUrl":"https:\/\/www.altominho.tv\/site\/wp-content\/uploads\/2026\/04\/bebes.png","width":1200,"height":630},{"@type":"BreadcrumbList","@id":"https:\/\/www.altominho.tv\/site\/2026\/04\/30\/ponte-de-lima-yoga-historias-bebes\/#breadcrumb","itemListElement":[{"@type":"ListItem","position":1,"name":"In\u00edcio","item":"https:\/\/www.altominho.tv\/site\/"},{"@type":"ListItem","position":2,"name":"Nova sess\u00e3o de Yogar com Hist\u00f3rias para Beb\u00e9s a 2 de maio"}]},{"@type":"WebSite","@id":"https:\/\/www.altominho.tv\/site\/#website","url":"https:\/\/www.altominho.tv\/site\/","name":"Altominho.tv","description":"A sua regi\u00e3o \u00e0 dist\u00e2ncia de um clique...","potentialAction":[{"@type":"SearchAction","target":{"@type":"EntryPoint","urlTemplate":"https:\/\/www.altominho.tv\/site\/?s={search_term_string}"},"query-input":{"@type":"PropertyValueSpecification","valueRequired":true,"valueName":"search_term_string"}}],"inLanguage":"pt-PT"},{"@type":"Person","@id":"https:\/\/www.altominho.tv\/site\/#\/schema\/person\/a0e4ef6d041f98ca284393d8f1d97153","name":"Andreia Cunha","image":{"@type":"ImageObject","inLanguage":"pt-PT","@id":"https:\/\/www.altominho.tv\/site\/wp-content\/uploads\/2017\/11\/Andreia_Cunha-1-150x150.jpg","url":"https:\/\/www.altominho.tv\/site\/wp-content\/uploads\/2017\/11\/Andreia_Cunha-1-150x150.jpg","contentUrl":"https:\/\/www.altominho.tv\/site\/wp-content\/uploads\/2017\/11\/Andreia_Cunha-1-150x150.jpg","caption":"Andreia Cunha"},"url":"https:\/\/www.altominho.tv\/site\/author\/andreiacunha\/"}]}},"_links":{"self":[{"href":"https:\/\/www.altominho.tv\/site\/wp-json\/wp\/v2\/posts\/131854","targetHints":{"allow":["GET"]}}],"collection":[{"href":"https:\/\/www.altominho.tv\/site\/wp-json\/wp\/v2\/posts"}],"about":[{"href":"https:\/\/www.altominho.tv\/site\/wp-json\/wp\/v2\/types\/post"}],"author":[{"embeddable":true,"href":"https:\/\/www.altominho.tv\/site\/wp-json\/wp\/v2\/users\/7"}],"replies":[{"embeddable":true,"href":"https:\/\/www.altominho.tv\/site\/wp-json\/wp\/v2\/comments?post=131854"}],"version-history":[{"count":1,"href":"https:\/\/www.altominho.tv\/site\/wp-json\/wp\/v2\/posts\/131854\/revisions"}],"predecessor-version":[{"id":131857,"href":"https:\/\/www.altominho.tv\/site\/wp-json\/wp\/v2\/posts\/131854\/revisions\/131857"}],"wp:featuredmedia":[{"embeddable":true,"href":"https:\/\/www.altominho.tv\/site\/wp-json\/wp\/v2\/media\/131856"}],"wp:attachment":[{"href":"https:\/\/www.altominho.tv\/site\/wp-json\/wp\/v2\/media?parent=131854"}],"wp:term":[{"taxonomy":"category","embeddable":true,"href":"https:\/\/www.altominho.tv\/site\/wp-json\/wp\/v2\/categories?post=131854"},{"taxonomy":"post_tag","embeddable":true,"href":"https:\/\/www.altominho.tv\/site\/wp-json\/wp\/v2\/tags?post=131854"}],"curies":[{"name":"wp","href":"https:\/\/api.w.org\/{rel}","templated":true}]}}