{"id":131846,"date":"2026-04-30T12:07:45","date_gmt":"2026-04-30T11:07:45","guid":{"rendered":"https:\/\/www.altominho.tv\/site\/?p=131846"},"modified":"2026-04-30T12:09:43","modified_gmt":"2026-04-30T11:09:43","slug":"receita-fiscal-de-paredes-de-coura-ultrapassou-os-100-de-execucao","status":"publish","type":"post","link":"https:\/\/www.altominho.tv\/site\/2026\/04\/30\/receita-fiscal-de-paredes-de-coura-ultrapassou-os-100-de-execucao\/","title":{"rendered":"Receita fiscal de Paredes de Coura ultrapassou os 100% de execu\u00e7\u00e3o"},"content":{"rendered":"<p class=\"p1\">A Assembleia Municipal de Paredes de Coura aprovou por maioria expressiva os documentos de Presta\u00e7\u00e3o de Contas da C\u00e2mara Municipal relativos ao ano de 2025. O munic\u00edpio apresentou, assim,\u00a0 uma taxa de execu\u00e7\u00e3o or\u00e7amental de 87,5% na receita e 86,2% na despesa.<\/p>\n<p class=\"p1\">\u201cAquilo que plane\u00e1mos, execut\u00e1mos. N\u00e3o prometemos nada, fizemos efetivamente\u201d, refor\u00e7ou o autarca, Tiago Cunha, acrescentando que \u201ca receita cobrada l\u00edquida ascendeu a cerca de 16,6 milh\u00f5es de euros, com uma execu\u00e7\u00e3o das receitas correntes de 87%, demonstrando elevada capacidade de previs\u00e3o e cobran\u00e7a\u201d.<\/p>\n<p class=\"p1\">Mas ainda mais significativo, \u201ca receita fiscal ultrapassou os 100% de execu\u00e7\u00e3o, fixando-se em 102,5%, o que revela dinamismo econ\u00f3mico e efic\u00e1cia na gest\u00e3o\u201d, enfatizou Tiago Cunha, salientando que do lado da despesa, o munic\u00edpio executou \u201ccerca de 16,3 milh\u00f5es de euros, com taxas de execu\u00e7\u00e3o de 88% nas despesas correntes e cerca de 83% nas despesas de capital\u201d.<\/p>\n<p class=\"p1\">\u201cAs receitas correntes, cerca de 13,3 milh\u00f5es de euros, foram claramente superiores \u00e0s despesas correntes, cerca de 10,5 milh\u00f5es de euros\u201d, real\u00e7a Tiago Cunha.<\/p>\n<p class=\"p1\">Ao n\u00edvel das Grandes Op\u00e7\u00f5es do Plano, o munic\u00edpio atingiu uma execu\u00e7\u00e3o de cerca de 83,67%. Na \u00e1rea econ\u00f3mica, consolidou-se a Elevadora como um verdadeiro motor de transforma\u00e7\u00e3o. \u201cEste \u00e9 investimento nas pessoas, no capital humano\u201d, sublinha Tiago Cunha, ilustrando tamb\u00e9m o exemplo da moderniza\u00e7\u00e3o da economia local: \u201co Bairro do Amor \u2013 CouraMe 5.0 tornou-se uma refer\u00eancia nacional de digitaliza\u00e7\u00e3o do com\u00e9rcio local. Mais de 200 comerciantes envolvidos, 27 a\u00e7\u00f5es de forma\u00e7\u00e3o, um marketplace com mais de 150 neg\u00f3cios ativos\u201d, que ainda recentemente num evento nacional mereceu particular destaque pelo elevado n\u00famero de aderentes.<\/p>\n<p class=\"p1\">Em 2025, a C\u00e2mara procedeu tamb\u00e9m com uma obra de reabilita\u00e7\u00e3o do Centro de Sa\u00fade, com o in\u00edcio da constru\u00e7\u00e3o da nova piscina exterior, a requalifica\u00e7\u00e3o de escolas, espa\u00e7os p\u00fablicos e dezenas de interven\u00e7\u00f5es na rede vi\u00e1ria, em todas as freguesias.<\/p>\n<p class=\"p1\">\u201cNa habita\u00e7\u00e3o, demos passos concretos. 27 fogos em constru\u00e7\u00e3o a custos controlados e novos projetos em candidatura para refor\u00e7ar o acesso \u00e0 habita\u00e7\u00e3o\u201d, recorda Tiago Cunha, para quem o munic\u00edpio tamb\u00e9m procurou marcar a diferen\u00e7a na \u00e1rea social: \u201cacompanh\u00e1mos mais de 1200 pessoas atrav\u00e9s do Gabinete de Inser\u00e7\u00e3o Profissional. Apoi\u00e1mos diretamente 180 fam\u00edlias no Servi\u00e7o de A\u00e7\u00e3o Social. A Loja Social chegou a cerca de 100 agregados e atribu\u00edmos 66 bolsas de estudo\u201d, sublinhando que governar n\u00e3o \u00e9 apenas gerir n\u00fameros.<\/p>\n","protected":false},"excerpt":{"rendered":"<p>A Assembleia Municipal de Paredes de Coura aprovou por maioria expressiva os documentos de Presta\u00e7\u00e3o de Contas da C\u00e2mara Municipal relativos ao ano de 2025. O munic\u00edpio apresentou, assim,\u00a0 uma taxa de execu\u00e7\u00e3o or\u00e7amental de 87,5% na receita e 86,2% na despesa. \u201cAquilo que plane\u00e1mos, execut\u00e1mos. N\u00e3o prometemos nada, fizemos efetivamente\u201d, refor\u00e7ou o autarca, Tiago [&hellip;]<\/p>\n","protected":false},"author":30,"featured_media":131851,"comment_status":"closed","ping_status":"closed","sticky":false,"template":"","format":"standard","meta":{"_exactmetrics_skip_tracking":false,"_exactmetrics_sitenote_active":false,"_exactmetrics_sitenote_note":"","_exactmetrics_sitenote_category":0,"footnotes":""},"categories":[10],"tags":[21],"class_list":["post-131846","post","type-post","status-publish","format-standard","has-post-thumbnail","hentry","category-paredes-de-coura","tag-economia"],"yoast_head":"<!-- This site is optimized with the Yoast SEO Premium plugin v27.5 (Yoast SEO v27.5) - https:\/\/yoast.com\/product\/yoast-seo-premium-wordpress\/ -->\n<title>Receita fiscal de Paredes de Coura ultrapassou os 100% de execu\u00e7\u00e3o<\/title>\n<meta name=\"description\" content=\"A Assembleia Municipal de Paredes de Coura aprovou por maioria expressiva os documentos de Presta\u00e7\u00e3o de Contas da C\u00e2mara Municipal relativos ao ano de 2025. Em 2025, o Munic\u00edpio apresentou uma taxa de execu\u00e7\u00e3o or\u00e7amental de 87,5% na receita e 86,2% na despesa.\" \/>\n<meta name=\"robots\" content=\"index, follow, max-snippet:-1, max-image-preview:large, max-video-preview:-1\" \/>\n<link rel=\"canonical\" href=\"https:\/\/www.altominho.tv\/site\/2026\/04\/30\/receita-fiscal-de-paredes-de-coura-ultrapassou-os-100-de-execucao\/\" \/>\n<meta property=\"og:locale\" content=\"pt_PT\" \/>\n<meta property=\"og:type\" content=\"article\" \/>\n<meta property=\"og:title\" content=\"Receita fiscal de Paredes de Coura ultrapassou os 100% de execu\u00e7\u00e3o\" \/>\n<meta property=\"og:description\" content=\"A Assembleia Municipal de Paredes de Coura aprovou por maioria expressiva os documentos de Presta\u00e7\u00e3o de Contas da C\u00e2mara Municipal relativos ao ano de 2025. Em 2025, o Munic\u00edpio apresentou uma taxa de execu\u00e7\u00e3o or\u00e7amental de 87,5% na receita e 86,2% na despesa.\" \/>\n<meta property=\"og:url\" content=\"https:\/\/www.altominho.tv\/site\/2026\/04\/30\/receita-fiscal-de-paredes-de-coura-ultrapassou-os-100-de-execucao\/\" \/>\n<meta property=\"og:site_name\" content=\"Altominho.tv\" \/>\n<meta property=\"article:publisher\" content=\"https:\/\/www.facebook.com\/altominhotv\" \/>\n<meta property=\"article:published_time\" content=\"2026-04-30T11:07:45+00:00\" \/>\n<meta property=\"article:modified_time\" content=\"2026-04-30T11:09:43+00:00\" \/>\n<meta property=\"og:image\" content=\"https:\/\/www.altominho.tv\/site\/wp-content\/uploads\/2026\/04\/camara-paredes-de-coura.jpg\" \/>\n\t<meta property=\"og:image:width\" content=\"1200\" \/>\n\t<meta property=\"og:image:height\" content=\"630\" \/>\n\t<meta property=\"og:image:type\" content=\"image\/jpeg\" \/>\n<meta name=\"author\" content=\"Eduarda Cardoso\" \/>\n<meta name=\"twitter:card\" content=\"summary_large_image\" \/>\n<meta name=\"twitter:creator\" content=\"@altominhoTV\" \/>\n<meta name=\"twitter:site\" content=\"@altominhoTV\" \/>\n<meta name=\"twitter:label1\" content=\"Escrito por\" \/>\n\t<meta name=\"twitter:data1\" content=\"Eduarda Cardoso\" \/>\n\t<meta name=\"twitter:label2\" content=\"Tempo estimado de leitura\" \/>\n\t<meta name=\"twitter:data2\" content=\"3 minutos\" \/>\n<script type=\"application\/ld+json\" class=\"yoast-schema-graph\">{\"@context\":\"https:\\\/\\\/schema.org\",\"@graph\":[{\"@type\":\"Article\",\"@id\":\"https:\\\/\\\/www.altominho.tv\\\/site\\\/2026\\\/04\\\/30\\\/receita-fiscal-de-paredes-de-coura-ultrapassou-os-100-de-execucao\\\/#article\",\"isPartOf\":{\"@id\":\"https:\\\/\\\/www.altominho.tv\\\/site\\\/2026\\\/04\\\/30\\\/receita-fiscal-de-paredes-de-coura-ultrapassou-os-100-de-execucao\\\/\"},\"author\":{\"name\":\"Eduarda Cardoso\",\"@id\":\"https:\\\/\\\/www.altominho.tv\\\/site\\\/#\\\/schema\\\/person\\\/9e351387b727413d005ccf1152c93539\"},\"headline\":\"Receita fiscal de Paredes de Coura ultrapassou os 100% de execu\u00e7\u00e3o\",\"datePublished\":\"2026-04-30T11:07:45+00:00\",\"dateModified\":\"2026-04-30T11:09:43+00:00\",\"mainEntityOfPage\":{\"@id\":\"https:\\\/\\\/www.altominho.tv\\\/site\\\/2026\\\/04\\\/30\\\/receita-fiscal-de-paredes-de-coura-ultrapassou-os-100-de-execucao\\\/\"},\"wordCount\":436,\"image\":{\"@id\":\"https:\\\/\\\/www.altominho.tv\\\/site\\\/2026\\\/04\\\/30\\\/receita-fiscal-de-paredes-de-coura-ultrapassou-os-100-de-execucao\\\/#primaryimage\"},\"thumbnailUrl\":\"https:\\\/\\\/www.altominho.tv\\\/site\\\/wp-content\\\/uploads\\\/2026\\\/04\\\/camara-paredes-de-coura.jpg\",\"keywords\":[\"Economia\"],\"articleSection\":[\"Paredes de Coura\"],\"inLanguage\":\"pt-PT\",\"copyrightYear\":\"2026\",\"copyrightHolder\":{\"@id\":\"https:\\\/\\\/www.altominho.tv\\\/site\\\/#organization\"}},{\"@type\":\"WebPage\",\"@id\":\"https:\\\/\\\/www.altominho.tv\\\/site\\\/2026\\\/04\\\/30\\\/receita-fiscal-de-paredes-de-coura-ultrapassou-os-100-de-execucao\\\/\",\"url\":\"https:\\\/\\\/www.altominho.tv\\\/site\\\/2026\\\/04\\\/30\\\/receita-fiscal-de-paredes-de-coura-ultrapassou-os-100-de-execucao\\\/\",\"name\":\"Receita fiscal de Paredes de Coura ultrapassou os 100% de execu\u00e7\u00e3o\",\"isPartOf\":{\"@id\":\"https:\\\/\\\/www.altominho.tv\\\/site\\\/#website\"},\"primaryImageOfPage\":{\"@id\":\"https:\\\/\\\/www.altominho.tv\\\/site\\\/2026\\\/04\\\/30\\\/receita-fiscal-de-paredes-de-coura-ultrapassou-os-100-de-execucao\\\/#primaryimage\"},\"image\":{\"@id\":\"https:\\\/\\\/www.altominho.tv\\\/site\\\/2026\\\/04\\\/30\\\/receita-fiscal-de-paredes-de-coura-ultrapassou-os-100-de-execucao\\\/#primaryimage\"},\"thumbnailUrl\":\"https:\\\/\\\/www.altominho.tv\\\/site\\\/wp-content\\\/uploads\\\/2026\\\/04\\\/camara-paredes-de-coura.jpg\",\"datePublished\":\"2026-04-30T11:07:45+00:00\",\"dateModified\":\"2026-04-30T11:09:43+00:00\",\"author\":{\"@id\":\"https:\\\/\\\/www.altominho.tv\\\/site\\\/#\\\/schema\\\/person\\\/9e351387b727413d005ccf1152c93539\"},\"description\":\"A Assembleia Municipal de Paredes de Coura aprovou por maioria expressiva os documentos de Presta\u00e7\u00e3o de Contas da C\u00e2mara Municipal relativos ao ano de 2025. Em 2025, o Munic\u00edpio apresentou uma taxa de execu\u00e7\u00e3o or\u00e7amental de 87,5% na receita e 86,2% na despesa.\",\"breadcrumb\":{\"@id\":\"https:\\\/\\\/www.altominho.tv\\\/site\\\/2026\\\/04\\\/30\\\/receita-fiscal-de-paredes-de-coura-ultrapassou-os-100-de-execucao\\\/#breadcrumb\"},\"inLanguage\":\"pt-PT\",\"potentialAction\":[{\"@type\":\"ReadAction\",\"target\":[\"https:\\\/\\\/www.altominho.tv\\\/site\\\/2026\\\/04\\\/30\\\/receita-fiscal-de-paredes-de-coura-ultrapassou-os-100-de-execucao\\\/\"]}]},{\"@type\":\"ImageObject\",\"inLanguage\":\"pt-PT\",\"@id\":\"https:\\\/\\\/www.altominho.tv\\\/site\\\/2026\\\/04\\\/30\\\/receita-fiscal-de-paredes-de-coura-ultrapassou-os-100-de-execucao\\\/#primaryimage\",\"url\":\"https:\\\/\\\/www.altominho.tv\\\/site\\\/wp-content\\\/uploads\\\/2026\\\/04\\\/camara-paredes-de-coura.jpg\",\"contentUrl\":\"https:\\\/\\\/www.altominho.tv\\\/site\\\/wp-content\\\/uploads\\\/2026\\\/04\\\/camara-paredes-de-coura.jpg\",\"width\":1200,\"height\":630},{\"@type\":\"BreadcrumbList\",\"@id\":\"https:\\\/\\\/www.altominho.tv\\\/site\\\/2026\\\/04\\\/30\\\/receita-fiscal-de-paredes-de-coura-ultrapassou-os-100-de-execucao\\\/#breadcrumb\",\"itemListElement\":[{\"@type\":\"ListItem\",\"position\":1,\"name\":\"In\u00edcio\",\"item\":\"https:\\\/\\\/www.altominho.tv\\\/site\\\/\"},{\"@type\":\"ListItem\",\"position\":2,\"name\":\"Receita fiscal de Paredes de Coura ultrapassou os 100% de execu\u00e7\u00e3o\"}]},{\"@type\":\"WebSite\",\"@id\":\"https:\\\/\\\/www.altominho.tv\\\/site\\\/#website\",\"url\":\"https:\\\/\\\/www.altominho.tv\\\/site\\\/\",\"name\":\"Altominho.tv\",\"description\":\"A sua regi\u00e3o \u00e0 dist\u00e2ncia de um clique...\",\"potentialAction\":[{\"@type\":\"SearchAction\",\"target\":{\"@type\":\"EntryPoint\",\"urlTemplate\":\"https:\\\/\\\/www.altominho.tv\\\/site\\\/?s={search_term_string}\"},\"query-input\":{\"@type\":\"PropertyValueSpecification\",\"valueRequired\":true,\"valueName\":\"search_term_string\"}}],\"inLanguage\":\"pt-PT\"},{\"@type\":\"Person\",\"@id\":\"https:\\\/\\\/www.altominho.tv\\\/site\\\/#\\\/schema\\\/person\\\/9e351387b727413d005ccf1152c93539\",\"name\":\"Eduarda Cardoso\",\"image\":{\"@type\":\"ImageObject\",\"inLanguage\":\"pt-PT\",\"@id\":\"https:\\\/\\\/www.altominho.tv\\\/site\\\/wp-content\\\/uploads\\\/2021\\\/01\\\/cropped-Logo-ATV_WEB-150x150.png\",\"url\":\"https:\\\/\\\/www.altominho.tv\\\/site\\\/wp-content\\\/uploads\\\/2021\\\/01\\\/cropped-Logo-ATV_WEB-150x150.png\",\"contentUrl\":\"https:\\\/\\\/www.altominho.tv\\\/site\\\/wp-content\\\/uploads\\\/2021\\\/01\\\/cropped-Logo-ATV_WEB-150x150.png\",\"caption\":\"Eduarda Cardoso\"},\"url\":\"https:\\\/\\\/www.altominho.tv\\\/site\\\/author\\\/eduarda-cardoso\\\/\"}]}<\/script>\n<!-- \/ Yoast SEO Premium plugin. -->","yoast_head_json":{"title":"Receita fiscal de Paredes de Coura ultrapassou os 100% de execu\u00e7\u00e3o","description":"A Assembleia Municipal de Paredes de Coura aprovou por maioria expressiva os documentos de Presta\u00e7\u00e3o de Contas da C\u00e2mara Municipal relativos ao ano de 2025. Em 2025, o Munic\u00edpio apresentou uma taxa de execu\u00e7\u00e3o or\u00e7amental de 87,5% na receita e 86,2% na despesa.","robots":{"index":"index","follow":"follow","max-snippet":"max-snippet:-1","max-image-preview":"max-image-preview:large","max-video-preview":"max-video-preview:-1"},"canonical":"https:\/\/www.altominho.tv\/site\/2026\/04\/30\/receita-fiscal-de-paredes-de-coura-ultrapassou-os-100-de-execucao\/","og_locale":"pt_PT","og_type":"article","og_title":"Receita fiscal de Paredes de Coura ultrapassou os 100% de execu\u00e7\u00e3o","og_description":"A Assembleia Municipal de Paredes de Coura aprovou por maioria expressiva os documentos de Presta\u00e7\u00e3o de Contas da C\u00e2mara Municipal relativos ao ano de 2025. Em 2025, o Munic\u00edpio apresentou uma taxa de execu\u00e7\u00e3o or\u00e7amental de 87,5% na receita e 86,2% na despesa.","og_url":"https:\/\/www.altominho.tv\/site\/2026\/04\/30\/receita-fiscal-de-paredes-de-coura-ultrapassou-os-100-de-execucao\/","og_site_name":"Altominho.tv","article_publisher":"https:\/\/www.facebook.com\/altominhotv","article_published_time":"2026-04-30T11:07:45+00:00","article_modified_time":"2026-04-30T11:09:43+00:00","og_image":[{"width":1200,"height":630,"url":"https:\/\/www.altominho.tv\/site\/wp-content\/uploads\/2026\/04\/camara-paredes-de-coura.jpg","type":"image\/jpeg"}],"author":"Eduarda Cardoso","twitter_card":"summary_large_image","twitter_creator":"@altominhoTV","twitter_site":"@altominhoTV","twitter_misc":{"Escrito por":"Eduarda Cardoso","Tempo estimado de leitura":"3 minutos"},"schema":{"@context":"https:\/\/schema.org","@graph":[{"@type":"Article","@id":"https:\/\/www.altominho.tv\/site\/2026\/04\/30\/receita-fiscal-de-paredes-de-coura-ultrapassou-os-100-de-execucao\/#article","isPartOf":{"@id":"https:\/\/www.altominho.tv\/site\/2026\/04\/30\/receita-fiscal-de-paredes-de-coura-ultrapassou-os-100-de-execucao\/"},"author":{"name":"Eduarda Cardoso","@id":"https:\/\/www.altominho.tv\/site\/#\/schema\/person\/9e351387b727413d005ccf1152c93539"},"headline":"Receita fiscal de Paredes de Coura ultrapassou os 100% de execu\u00e7\u00e3o","datePublished":"2026-04-30T11:07:45+00:00","dateModified":"2026-04-30T11:09:43+00:00","mainEntityOfPage":{"@id":"https:\/\/www.altominho.tv\/site\/2026\/04\/30\/receita-fiscal-de-paredes-de-coura-ultrapassou-os-100-de-execucao\/"},"wordCount":436,"image":{"@id":"https:\/\/www.altominho.tv\/site\/2026\/04\/30\/receita-fiscal-de-paredes-de-coura-ultrapassou-os-100-de-execucao\/#primaryimage"},"thumbnailUrl":"https:\/\/www.altominho.tv\/site\/wp-content\/uploads\/2026\/04\/camara-paredes-de-coura.jpg","keywords":["Economia"],"articleSection":["Paredes de Coura"],"inLanguage":"pt-PT","copyrightYear":"2026","copyrightHolder":{"@id":"https:\/\/www.altominho.tv\/site\/#organization"}},{"@type":"WebPage","@id":"https:\/\/www.altominho.tv\/site\/2026\/04\/30\/receita-fiscal-de-paredes-de-coura-ultrapassou-os-100-de-execucao\/","url":"https:\/\/www.altominho.tv\/site\/2026\/04\/30\/receita-fiscal-de-paredes-de-coura-ultrapassou-os-100-de-execucao\/","name":"Receita fiscal de Paredes de Coura ultrapassou os 100% de execu\u00e7\u00e3o","isPartOf":{"@id":"https:\/\/www.altominho.tv\/site\/#website"},"primaryImageOfPage":{"@id":"https:\/\/www.altominho.tv\/site\/2026\/04\/30\/receita-fiscal-de-paredes-de-coura-ultrapassou-os-100-de-execucao\/#primaryimage"},"image":{"@id":"https:\/\/www.altominho.tv\/site\/2026\/04\/30\/receita-fiscal-de-paredes-de-coura-ultrapassou-os-100-de-execucao\/#primaryimage"},"thumbnailUrl":"https:\/\/www.altominho.tv\/site\/wp-content\/uploads\/2026\/04\/camara-paredes-de-coura.jpg","datePublished":"2026-04-30T11:07:45+00:00","dateModified":"2026-04-30T11:09:43+00:00","author":{"@id":"https:\/\/www.altominho.tv\/site\/#\/schema\/person\/9e351387b727413d005ccf1152c93539"},"description":"A Assembleia Municipal de Paredes de Coura aprovou por maioria expressiva os documentos de Presta\u00e7\u00e3o de Contas da C\u00e2mara Municipal relativos ao ano de 2025. Em 2025, o Munic\u00edpio apresentou uma taxa de execu\u00e7\u00e3o or\u00e7amental de 87,5% na receita e 86,2% na despesa.","breadcrumb":{"@id":"https:\/\/www.altominho.tv\/site\/2026\/04\/30\/receita-fiscal-de-paredes-de-coura-ultrapassou-os-100-de-execucao\/#breadcrumb"},"inLanguage":"pt-PT","potentialAction":[{"@type":"ReadAction","target":["https:\/\/www.altominho.tv\/site\/2026\/04\/30\/receita-fiscal-de-paredes-de-coura-ultrapassou-os-100-de-execucao\/"]}]},{"@type":"ImageObject","inLanguage":"pt-PT","@id":"https:\/\/www.altominho.tv\/site\/2026\/04\/30\/receita-fiscal-de-paredes-de-coura-ultrapassou-os-100-de-execucao\/#primaryimage","url":"https:\/\/www.altominho.tv\/site\/wp-content\/uploads\/2026\/04\/camara-paredes-de-coura.jpg","contentUrl":"https:\/\/www.altominho.tv\/site\/wp-content\/uploads\/2026\/04\/camara-paredes-de-coura.jpg","width":1200,"height":630},{"@type":"BreadcrumbList","@id":"https:\/\/www.altominho.tv\/site\/2026\/04\/30\/receita-fiscal-de-paredes-de-coura-ultrapassou-os-100-de-execucao\/#breadcrumb","itemListElement":[{"@type":"ListItem","position":1,"name":"In\u00edcio","item":"https:\/\/www.altominho.tv\/site\/"},{"@type":"ListItem","position":2,"name":"Receita fiscal de Paredes de Coura ultrapassou os 100% de execu\u00e7\u00e3o"}]},{"@type":"WebSite","@id":"https:\/\/www.altominho.tv\/site\/#website","url":"https:\/\/www.altominho.tv\/site\/","name":"Altominho.tv","description":"A sua regi\u00e3o \u00e0 dist\u00e2ncia de um clique...","potentialAction":[{"@type":"SearchAction","target":{"@type":"EntryPoint","urlTemplate":"https:\/\/www.altominho.tv\/site\/?s={search_term_string}"},"query-input":{"@type":"PropertyValueSpecification","valueRequired":true,"valueName":"search_term_string"}}],"inLanguage":"pt-PT"},{"@type":"Person","@id":"https:\/\/www.altominho.tv\/site\/#\/schema\/person\/9e351387b727413d005ccf1152c93539","name":"Eduarda Cardoso","image":{"@type":"ImageObject","inLanguage":"pt-PT","@id":"https:\/\/www.altominho.tv\/site\/wp-content\/uploads\/2021\/01\/cropped-Logo-ATV_WEB-150x150.png","url":"https:\/\/www.altominho.tv\/site\/wp-content\/uploads\/2021\/01\/cropped-Logo-ATV_WEB-150x150.png","contentUrl":"https:\/\/www.altominho.tv\/site\/wp-content\/uploads\/2021\/01\/cropped-Logo-ATV_WEB-150x150.png","caption":"Eduarda Cardoso"},"url":"https:\/\/www.altominho.tv\/site\/author\/eduarda-cardoso\/"}]}},"_links":{"self":[{"href":"https:\/\/www.altominho.tv\/site\/wp-json\/wp\/v2\/posts\/131846","targetHints":{"allow":["GET"]}}],"collection":[{"href":"https:\/\/www.altominho.tv\/site\/wp-json\/wp\/v2\/posts"}],"about":[{"href":"https:\/\/www.altominho.tv\/site\/wp-json\/wp\/v2\/types\/post"}],"author":[{"embeddable":true,"href":"https:\/\/www.altominho.tv\/site\/wp-json\/wp\/v2\/users\/30"}],"replies":[{"embeddable":true,"href":"https:\/\/www.altominho.tv\/site\/wp-json\/wp\/v2\/comments?post=131846"}],"version-history":[{"count":2,"href":"https:\/\/www.altominho.tv\/site\/wp-json\/wp\/v2\/posts\/131846\/revisions"}],"predecessor-version":[{"id":131853,"href":"https:\/\/www.altominho.tv\/site\/wp-json\/wp\/v2\/posts\/131846\/revisions\/131853"}],"wp:featuredmedia":[{"embeddable":true,"href":"https:\/\/www.altominho.tv\/site\/wp-json\/wp\/v2\/media\/131851"}],"wp:attachment":[{"href":"https:\/\/www.altominho.tv\/site\/wp-json\/wp\/v2\/media?parent=131846"}],"wp:term":[{"taxonomy":"category","embeddable":true,"href":"https:\/\/www.altominho.tv\/site\/wp-json\/wp\/v2\/categories?post=131846"},{"taxonomy":"post_tag","embeddable":true,"href":"https:\/\/www.altominho.tv\/site\/wp-json\/wp\/v2\/tags?post=131846"}],"curies":[{"name":"wp","href":"https:\/\/api.w.org\/{rel}","templated":true}]}}