{"id":131844,"date":"2026-04-30T11:13:44","date_gmt":"2026-04-30T10:13:44","guid":{"rendered":"https:\/\/www.altominho.tv\/site\/?p=131844"},"modified":"2026-04-30T11:13:45","modified_gmt":"2026-04-30T10:13:45","slug":"assembleia-municipal-de-melgaco-pede-solucao-urgente-para-cuidados-de-saude","status":"publish","type":"post","link":"https:\/\/www.altominho.tv\/site\/2026\/04\/30\/assembleia-municipal-de-melgaco-pede-solucao-urgente-para-cuidados-de-saude\/","title":{"rendered":"Assembleia Municipal de Melga\u00e7o pede solu\u00e7\u00e3o urgente para cuidados de sa\u00fade"},"content":{"rendered":"<p>A Assembleia Municipal de Melga\u00e7o aprovou, por unanimidade, pedir \u00e0 ministra da Sa\u00fade e \u00e0 Unidade Local de Sa\u00fade do Alto Minho uma \u201cinterven\u00e7\u00e3o urgente\u201d para resolver a situa\u00e7\u00e3o de \u201cabandono\u201d do concelho, a 100 quil\u00f3metros do hospital distrital.<\/p>\n<p>\u201cUm utente com um problema de sa\u00fade agudo que precise de avalia\u00e7\u00e3o m\u00e9dica e se dirija ao Centro de Sa\u00fade n\u00e3o tem qualquer garantia de atendimento atempado\u201d, escreve-se na mo\u00e7\u00e3o apresentada e divulgada em comunicado pelo PS de Melga\u00e7o, que mereceu tamb\u00e9m os votos favor\u00e1veis da maioria social-democrata na Assembleia Municipal (AM).<\/p>\n<p>Contactado pela Lusa, o presidente da C\u00e2mara, Albano Domingues, reconheceu que \u201ca sa\u00fade \u00e9 um tema que preocupa o territ\u00f3rio, tendo em conta o acentuado envelhecimento populacional, a alargada dila\u00e7\u00e3o temporal entre a marca\u00e7\u00e3o e a realiza\u00e7\u00e3o das consultas de medicina geral e familiar, e o enorme tempo\/dist\u00e2ncia com rela\u00e7\u00e3o \u00e0 unidade de sa\u00fade distrital, em Viana do Castelo\u201d.<\/p>\n<p>O autarca eleito em outubro de 2025 rejeita, contudo, que exista \u201cqualquer degrada\u00e7\u00e3o dos servi\u00e7os de sa\u00fade no concelho desde que o Governo em fun\u00e7\u00f5es tomou posse\u201d.<\/p>\n<p>Albano Domingues revelou ainda estar a dialogar com a ULSAM para uma \u201ceventual implementa\u00e7\u00e3o local da USF [Unidade de Sa\u00fade Familiar]\u201d<\/p>\n<p>\u201cTem havido regulares dilig\u00eancias e di\u00e1logo frutuoso com o Conselho de Administra\u00e7\u00e3o da ULSAM, com vista a tratar de problemas pendentes\u201d, disse.<\/p>\n<p>O presidente da C\u00e2mara destacou tamb\u00e9m a aprova\u00e7\u00e3o recente de um contrato programa com a Cura Aquae, empresa que gere o Parque Termal do Peso.<\/p>\n<p>O acordo vai permitir que cerca de 1.200 mun\u00edcipes por ano usem as \u00e1guas daquela inst\u00e2ncia termal para o tratamento terap\u00eautico da diabetes.<\/p>\n<p>Na mo\u00e7\u00e3o aprovada na quinta-feira, a AM de Melga\u00e7o exigiu, devido \u00e0 \u201csitua\u00e7\u00e3o de abandono na \u00e1rea da sa\u00fade\u201d, a \u201cmarca\u00e7\u00e3o de consultas de medicina geral e familiar atempada\u201d, terminando com uma \u201csitua\u00e7\u00e3o escandalosa de demora de v\u00e1rios meses\u201d.<\/p>\n<p>A AM apela, igualmente, ao alargamento do hor\u00e1rio da consulta aberta at\u00e9 \u00e0s 00h00, \u201cgarantindo o atendimento, de acordo com as necessidades da popula\u00e7\u00e3o\u201d.<\/p>\n<p>Por outro lado, \u201cdada a dist\u00e2ncia em rela\u00e7\u00e3o ao hospital distrital\u201d, a AM quer que seja garantido \u201co acesso local a consultas das especialidades mais procuradas, bem como \u00e0 realiza\u00e7\u00e3o de meios complementares de diagn\u00f3stico\u201d.<\/p>\n<p>No documento, os deputados referem que, atualmente, as consultas de medicina geral t\u00eam uma demora superior a seis meses.<\/p>\n<p>Assinalam igualmente uma \u201cextrema dificuldade em conseguir obter uma consulta aberta\u201d.<\/p>\n<p>Isto, dizem, obriga \u201cos utentes a deslocar-se de madrugada para a porta do Centro de Sa\u00fade sem garantia de atendimento, dada a exiguidade das vagas\u201d.<\/p>\n<p>Os membros da AM de Melga\u00e7o indicam tamb\u00e9m uma \u201cgrande dificuldade em obter receitas de medicamentos e obten\u00e7\u00e3o ou apresenta\u00e7\u00e3o de exames complementares de diagn\u00f3stico\u201d.<\/p>\n\n\n<p><\/p>\n","protected":false},"excerpt":{"rendered":"<p>A Assembleia Municipal de Melga\u00e7o aprovou, por unanimidade, pedir \u00e0 ministra da Sa\u00fade e \u00e0 Unidade Local de Sa\u00fade do Alto Minho uma \u201cinterven\u00e7\u00e3o urgente\u201d para resolver a situa\u00e7\u00e3o de \u201cabandono\u201d do concelho, a 100 quil\u00f3metros do hospital distrital. \u201cUm utente com um problema de sa\u00fade agudo que precise de avalia\u00e7\u00e3o m\u00e9dica e se dirija [&hellip;]<\/p>\n","protected":false},"author":13,"featured_media":115714,"comment_status":"closed","ping_status":"closed","sticky":false,"template":"","format":"standard","meta":{"_exactmetrics_skip_tracking":false,"_exactmetrics_sitenote_active":false,"_exactmetrics_sitenote_note":"","_exactmetrics_sitenote_category":0,"footnotes":""},"categories":[8],"tags":[26],"class_list":["post-131844","post","type-post","status-publish","format-standard","has-post-thumbnail","hentry","category-melgaco","tag-saude"],"yoast_head":"<!-- This site is optimized with the Yoast SEO Premium plugin v27.5 (Yoast SEO v27.5) - https:\/\/yoast.com\/product\/yoast-seo-premium-wordpress\/ -->\n<title>Assembleia Municipal de Melga\u00e7o pede solu\u00e7\u00e3o urgente para cuidados de sa\u00fade<\/title>\n<meta name=\"description\" content=\"A Assembleia Municipal de Melga\u00e7o aprovou, por unanimidade, pedir \u00e0 ministra da Sa\u00fade e \u00e0 Unidade Local de Sa\u00fade do Alto Minho uma \u201cinterven\u00e7\u00e3o urgente\u201d para resolver a situa\u00e7\u00e3o de \u201cabandono\u201d do concelho, a 100 quil\u00f3metros do hospital distrital.\" \/>\n<meta name=\"robots\" content=\"index, follow, max-snippet:-1, max-image-preview:large, max-video-preview:-1\" \/>\n<link rel=\"canonical\" href=\"https:\/\/www.altominho.tv\/site\/2026\/04\/30\/assembleia-municipal-de-melgaco-pede-solucao-urgente-para-cuidados-de-saude\/\" \/>\n<meta property=\"og:locale\" content=\"pt_PT\" \/>\n<meta property=\"og:type\" content=\"article\" \/>\n<meta property=\"og:title\" content=\"Assembleia Municipal de Melga\u00e7o pede solu\u00e7\u00e3o urgente para cuidados de sa\u00fade\" \/>\n<meta property=\"og:description\" content=\"A Assembleia Municipal de Melga\u00e7o aprovou, por unanimidade, pedir \u00e0 ministra da Sa\u00fade e \u00e0 Unidade Local de Sa\u00fade do Alto Minho uma \u201cinterven\u00e7\u00e3o urgente\u201d para resolver a situa\u00e7\u00e3o de \u201cabandono\u201d do concelho, a 100 quil\u00f3metros do hospital distrital.\" \/>\n<meta property=\"og:url\" content=\"https:\/\/www.altominho.tv\/site\/2026\/04\/30\/assembleia-municipal-de-melgaco-pede-solucao-urgente-para-cuidados-de-saude\/\" \/>\n<meta property=\"og:site_name\" content=\"Altominho.tv\" \/>\n<meta property=\"article:publisher\" content=\"https:\/\/www.facebook.com\/altominhotv\" \/>\n<meta property=\"article:published_time\" content=\"2026-04-30T10:13:44+00:00\" \/>\n<meta property=\"article:modified_time\" content=\"2026-04-30T10:13:45+00:00\" \/>\n<meta property=\"og:image\" content=\"https:\/\/www.altominho.tv\/site\/wp-content\/uploads\/2025\/03\/melgaco.jpg\" \/>\n\t<meta property=\"og:image:width\" content=\"1200\" \/>\n\t<meta property=\"og:image:height\" content=\"630\" \/>\n\t<meta property=\"og:image:type\" content=\"image\/jpeg\" \/>\n<meta name=\"author\" content=\"Lusa\" \/>\n<meta name=\"twitter:card\" content=\"summary_large_image\" \/>\n<meta name=\"twitter:creator\" content=\"@altominhoTV\" \/>\n<meta name=\"twitter:site\" content=\"@altominhoTV\" \/>\n<meta name=\"twitter:label1\" content=\"Escrito por\" \/>\n\t<meta name=\"twitter:data1\" content=\"Lusa\" \/>\n\t<meta name=\"twitter:label2\" content=\"Tempo estimado de leitura\" \/>\n\t<meta name=\"twitter:data2\" content=\"3 minutos\" \/>\n<script type=\"application\/ld+json\" class=\"yoast-schema-graph\">{\"@context\":\"https:\\\/\\\/schema.org\",\"@graph\":[{\"@type\":\"Article\",\"@id\":\"https:\\\/\\\/www.altominho.tv\\\/site\\\/2026\\\/04\\\/30\\\/assembleia-municipal-de-melgaco-pede-solucao-urgente-para-cuidados-de-saude\\\/#article\",\"isPartOf\":{\"@id\":\"https:\\\/\\\/www.altominho.tv\\\/site\\\/2026\\\/04\\\/30\\\/assembleia-municipal-de-melgaco-pede-solucao-urgente-para-cuidados-de-saude\\\/\"},\"author\":{\"name\":\"Lusa\",\"@id\":\"https:\\\/\\\/www.altominho.tv\\\/site\\\/#\\\/schema\\\/person\\\/63f693da3e1899361cbe955c46f3232e\"},\"headline\":\"Assembleia Municipal de Melga\u00e7o pede solu\u00e7\u00e3o urgente para cuidados de sa\u00fade\",\"datePublished\":\"2026-04-30T10:13:44+00:00\",\"dateModified\":\"2026-04-30T10:13:45+00:00\",\"mainEntityOfPage\":{\"@id\":\"https:\\\/\\\/www.altominho.tv\\\/site\\\/2026\\\/04\\\/30\\\/assembleia-municipal-de-melgaco-pede-solucao-urgente-para-cuidados-de-saude\\\/\"},\"wordCount\":511,\"image\":{\"@id\":\"https:\\\/\\\/www.altominho.tv\\\/site\\\/2026\\\/04\\\/30\\\/assembleia-municipal-de-melgaco-pede-solucao-urgente-para-cuidados-de-saude\\\/#primaryimage\"},\"thumbnailUrl\":\"https:\\\/\\\/www.altominho.tv\\\/site\\\/wp-content\\\/uploads\\\/2025\\\/03\\\/melgaco.jpg\",\"keywords\":[\"Sa\u00fade\"],\"articleSection\":[\"Melga\u00e7o\"],\"inLanguage\":\"pt-PT\",\"copyrightYear\":\"2026\",\"copyrightHolder\":{\"@id\":\"https:\\\/\\\/www.altominho.tv\\\/site\\\/#organization\"}},{\"@type\":\"WebPage\",\"@id\":\"https:\\\/\\\/www.altominho.tv\\\/site\\\/2026\\\/04\\\/30\\\/assembleia-municipal-de-melgaco-pede-solucao-urgente-para-cuidados-de-saude\\\/\",\"url\":\"https:\\\/\\\/www.altominho.tv\\\/site\\\/2026\\\/04\\\/30\\\/assembleia-municipal-de-melgaco-pede-solucao-urgente-para-cuidados-de-saude\\\/\",\"name\":\"Assembleia Municipal de Melga\u00e7o pede solu\u00e7\u00e3o urgente para cuidados de sa\u00fade\",\"isPartOf\":{\"@id\":\"https:\\\/\\\/www.altominho.tv\\\/site\\\/#website\"},\"primaryImageOfPage\":{\"@id\":\"https:\\\/\\\/www.altominho.tv\\\/site\\\/2026\\\/04\\\/30\\\/assembleia-municipal-de-melgaco-pede-solucao-urgente-para-cuidados-de-saude\\\/#primaryimage\"},\"image\":{\"@id\":\"https:\\\/\\\/www.altominho.tv\\\/site\\\/2026\\\/04\\\/30\\\/assembleia-municipal-de-melgaco-pede-solucao-urgente-para-cuidados-de-saude\\\/#primaryimage\"},\"thumbnailUrl\":\"https:\\\/\\\/www.altominho.tv\\\/site\\\/wp-content\\\/uploads\\\/2025\\\/03\\\/melgaco.jpg\",\"datePublished\":\"2026-04-30T10:13:44+00:00\",\"dateModified\":\"2026-04-30T10:13:45+00:00\",\"author\":{\"@id\":\"https:\\\/\\\/www.altominho.tv\\\/site\\\/#\\\/schema\\\/person\\\/63f693da3e1899361cbe955c46f3232e\"},\"description\":\"A Assembleia Municipal de Melga\u00e7o aprovou, por unanimidade, pedir \u00e0 ministra da Sa\u00fade e \u00e0 Unidade Local de Sa\u00fade do Alto Minho uma \u201cinterven\u00e7\u00e3o urgente\u201d para resolver a situa\u00e7\u00e3o de \u201cabandono\u201d do concelho, a 100 quil\u00f3metros do hospital distrital.\",\"breadcrumb\":{\"@id\":\"https:\\\/\\\/www.altominho.tv\\\/site\\\/2026\\\/04\\\/30\\\/assembleia-municipal-de-melgaco-pede-solucao-urgente-para-cuidados-de-saude\\\/#breadcrumb\"},\"inLanguage\":\"pt-PT\",\"potentialAction\":[{\"@type\":\"ReadAction\",\"target\":[\"https:\\\/\\\/www.altominho.tv\\\/site\\\/2026\\\/04\\\/30\\\/assembleia-municipal-de-melgaco-pede-solucao-urgente-para-cuidados-de-saude\\\/\"]}]},{\"@type\":\"ImageObject\",\"inLanguage\":\"pt-PT\",\"@id\":\"https:\\\/\\\/www.altominho.tv\\\/site\\\/2026\\\/04\\\/30\\\/assembleia-municipal-de-melgaco-pede-solucao-urgente-para-cuidados-de-saude\\\/#primaryimage\",\"url\":\"https:\\\/\\\/www.altominho.tv\\\/site\\\/wp-content\\\/uploads\\\/2025\\\/03\\\/melgaco.jpg\",\"contentUrl\":\"https:\\\/\\\/www.altominho.tv\\\/site\\\/wp-content\\\/uploads\\\/2025\\\/03\\\/melgaco.jpg\",\"width\":1200,\"height\":630},{\"@type\":\"BreadcrumbList\",\"@id\":\"https:\\\/\\\/www.altominho.tv\\\/site\\\/2026\\\/04\\\/30\\\/assembleia-municipal-de-melgaco-pede-solucao-urgente-para-cuidados-de-saude\\\/#breadcrumb\",\"itemListElement\":[{\"@type\":\"ListItem\",\"position\":1,\"name\":\"In\u00edcio\",\"item\":\"https:\\\/\\\/www.altominho.tv\\\/site\\\/\"},{\"@type\":\"ListItem\",\"position\":2,\"name\":\"Assembleia Municipal de Melga\u00e7o pede solu\u00e7\u00e3o urgente para cuidados de sa\u00fade\"}]},{\"@type\":\"WebSite\",\"@id\":\"https:\\\/\\\/www.altominho.tv\\\/site\\\/#website\",\"url\":\"https:\\\/\\\/www.altominho.tv\\\/site\\\/\",\"name\":\"Altominho.tv\",\"description\":\"A sua regi\u00e3o \u00e0 dist\u00e2ncia de um clique...\",\"potentialAction\":[{\"@type\":\"SearchAction\",\"target\":{\"@type\":\"EntryPoint\",\"urlTemplate\":\"https:\\\/\\\/www.altominho.tv\\\/site\\\/?s={search_term_string}\"},\"query-input\":{\"@type\":\"PropertyValueSpecification\",\"valueRequired\":true,\"valueName\":\"search_term_string\"}}],\"inLanguage\":\"pt-PT\"},{\"@type\":\"Person\",\"@id\":\"https:\\\/\\\/www.altominho.tv\\\/site\\\/#\\\/schema\\\/person\\\/63f693da3e1899361cbe955c46f3232e\",\"name\":\"Lusa\",\"image\":{\"@type\":\"ImageObject\",\"inLanguage\":\"pt-PT\",\"@id\":\"https:\\\/\\\/www.altominho.tv\\\/site\\\/wp-content\\\/uploads\\\/2019\\\/08\\\/LUSA_Logo.gif\",\"url\":\"https:\\\/\\\/www.altominho.tv\\\/site\\\/wp-content\\\/uploads\\\/2019\\\/08\\\/LUSA_Logo.gif\",\"contentUrl\":\"https:\\\/\\\/www.altominho.tv\\\/site\\\/wp-content\\\/uploads\\\/2019\\\/08\\\/LUSA_Logo.gif\",\"caption\":\"Lusa\"},\"sameAs\":[\"http:\\\/\\\/\\\/\\\/www.altominho.tv\\\/site\"],\"url\":\"https:\\\/\\\/www.altominho.tv\\\/site\\\/author\\\/lusa\\\/\"}]}<\/script>\n<!-- \/ Yoast SEO Premium plugin. -->","yoast_head_json":{"title":"Assembleia Municipal de Melga\u00e7o pede solu\u00e7\u00e3o urgente para cuidados de sa\u00fade","description":"A Assembleia Municipal de Melga\u00e7o aprovou, por unanimidade, pedir \u00e0 ministra da Sa\u00fade e \u00e0 Unidade Local de Sa\u00fade do Alto Minho uma \u201cinterven\u00e7\u00e3o urgente\u201d para resolver a situa\u00e7\u00e3o de \u201cabandono\u201d do concelho, a 100 quil\u00f3metros do hospital distrital.","robots":{"index":"index","follow":"follow","max-snippet":"max-snippet:-1","max-image-preview":"max-image-preview:large","max-video-preview":"max-video-preview:-1"},"canonical":"https:\/\/www.altominho.tv\/site\/2026\/04\/30\/assembleia-municipal-de-melgaco-pede-solucao-urgente-para-cuidados-de-saude\/","og_locale":"pt_PT","og_type":"article","og_title":"Assembleia Municipal de Melga\u00e7o pede solu\u00e7\u00e3o urgente para cuidados de sa\u00fade","og_description":"A Assembleia Municipal de Melga\u00e7o aprovou, por unanimidade, pedir \u00e0 ministra da Sa\u00fade e \u00e0 Unidade Local de Sa\u00fade do Alto Minho uma \u201cinterven\u00e7\u00e3o urgente\u201d para resolver a situa\u00e7\u00e3o de \u201cabandono\u201d do concelho, a 100 quil\u00f3metros do hospital distrital.","og_url":"https:\/\/www.altominho.tv\/site\/2026\/04\/30\/assembleia-municipal-de-melgaco-pede-solucao-urgente-para-cuidados-de-saude\/","og_site_name":"Altominho.tv","article_publisher":"https:\/\/www.facebook.com\/altominhotv","article_published_time":"2026-04-30T10:13:44+00:00","article_modified_time":"2026-04-30T10:13:45+00:00","og_image":[{"width":1200,"height":630,"url":"https:\/\/www.altominho.tv\/site\/wp-content\/uploads\/2025\/03\/melgaco.jpg","type":"image\/jpeg"}],"author":"Lusa","twitter_card":"summary_large_image","twitter_creator":"@altominhoTV","twitter_site":"@altominhoTV","twitter_misc":{"Escrito por":"Lusa","Tempo estimado de leitura":"3 minutos"},"schema":{"@context":"https:\/\/schema.org","@graph":[{"@type":"Article","@id":"https:\/\/www.altominho.tv\/site\/2026\/04\/30\/assembleia-municipal-de-melgaco-pede-solucao-urgente-para-cuidados-de-saude\/#article","isPartOf":{"@id":"https:\/\/www.altominho.tv\/site\/2026\/04\/30\/assembleia-municipal-de-melgaco-pede-solucao-urgente-para-cuidados-de-saude\/"},"author":{"name":"Lusa","@id":"https:\/\/www.altominho.tv\/site\/#\/schema\/person\/63f693da3e1899361cbe955c46f3232e"},"headline":"Assembleia Municipal de Melga\u00e7o pede solu\u00e7\u00e3o urgente para cuidados de sa\u00fade","datePublished":"2026-04-30T10:13:44+00:00","dateModified":"2026-04-30T10:13:45+00:00","mainEntityOfPage":{"@id":"https:\/\/www.altominho.tv\/site\/2026\/04\/30\/assembleia-municipal-de-melgaco-pede-solucao-urgente-para-cuidados-de-saude\/"},"wordCount":511,"image":{"@id":"https:\/\/www.altominho.tv\/site\/2026\/04\/30\/assembleia-municipal-de-melgaco-pede-solucao-urgente-para-cuidados-de-saude\/#primaryimage"},"thumbnailUrl":"https:\/\/www.altominho.tv\/site\/wp-content\/uploads\/2025\/03\/melgaco.jpg","keywords":["Sa\u00fade"],"articleSection":["Melga\u00e7o"],"inLanguage":"pt-PT","copyrightYear":"2026","copyrightHolder":{"@id":"https:\/\/www.altominho.tv\/site\/#organization"}},{"@type":"WebPage","@id":"https:\/\/www.altominho.tv\/site\/2026\/04\/30\/assembleia-municipal-de-melgaco-pede-solucao-urgente-para-cuidados-de-saude\/","url":"https:\/\/www.altominho.tv\/site\/2026\/04\/30\/assembleia-municipal-de-melgaco-pede-solucao-urgente-para-cuidados-de-saude\/","name":"Assembleia Municipal de Melga\u00e7o pede solu\u00e7\u00e3o urgente para cuidados de sa\u00fade","isPartOf":{"@id":"https:\/\/www.altominho.tv\/site\/#website"},"primaryImageOfPage":{"@id":"https:\/\/www.altominho.tv\/site\/2026\/04\/30\/assembleia-municipal-de-melgaco-pede-solucao-urgente-para-cuidados-de-saude\/#primaryimage"},"image":{"@id":"https:\/\/www.altominho.tv\/site\/2026\/04\/30\/assembleia-municipal-de-melgaco-pede-solucao-urgente-para-cuidados-de-saude\/#primaryimage"},"thumbnailUrl":"https:\/\/www.altominho.tv\/site\/wp-content\/uploads\/2025\/03\/melgaco.jpg","datePublished":"2026-04-30T10:13:44+00:00","dateModified":"2026-04-30T10:13:45+00:00","author":{"@id":"https:\/\/www.altominho.tv\/site\/#\/schema\/person\/63f693da3e1899361cbe955c46f3232e"},"description":"A Assembleia Municipal de Melga\u00e7o aprovou, por unanimidade, pedir \u00e0 ministra da Sa\u00fade e \u00e0 Unidade Local de Sa\u00fade do Alto Minho uma \u201cinterven\u00e7\u00e3o urgente\u201d para resolver a situa\u00e7\u00e3o de \u201cabandono\u201d do concelho, a 100 quil\u00f3metros do hospital distrital.","breadcrumb":{"@id":"https:\/\/www.altominho.tv\/site\/2026\/04\/30\/assembleia-municipal-de-melgaco-pede-solucao-urgente-para-cuidados-de-saude\/#breadcrumb"},"inLanguage":"pt-PT","potentialAction":[{"@type":"ReadAction","target":["https:\/\/www.altominho.tv\/site\/2026\/04\/30\/assembleia-municipal-de-melgaco-pede-solucao-urgente-para-cuidados-de-saude\/"]}]},{"@type":"ImageObject","inLanguage":"pt-PT","@id":"https:\/\/www.altominho.tv\/site\/2026\/04\/30\/assembleia-municipal-de-melgaco-pede-solucao-urgente-para-cuidados-de-saude\/#primaryimage","url":"https:\/\/www.altominho.tv\/site\/wp-content\/uploads\/2025\/03\/melgaco.jpg","contentUrl":"https:\/\/www.altominho.tv\/site\/wp-content\/uploads\/2025\/03\/melgaco.jpg","width":1200,"height":630},{"@type":"BreadcrumbList","@id":"https:\/\/www.altominho.tv\/site\/2026\/04\/30\/assembleia-municipal-de-melgaco-pede-solucao-urgente-para-cuidados-de-saude\/#breadcrumb","itemListElement":[{"@type":"ListItem","position":1,"name":"In\u00edcio","item":"https:\/\/www.altominho.tv\/site\/"},{"@type":"ListItem","position":2,"name":"Assembleia Municipal de Melga\u00e7o pede solu\u00e7\u00e3o urgente para cuidados de sa\u00fade"}]},{"@type":"WebSite","@id":"https:\/\/www.altominho.tv\/site\/#website","url":"https:\/\/www.altominho.tv\/site\/","name":"Altominho.tv","description":"A sua regi\u00e3o \u00e0 dist\u00e2ncia de um clique...","potentialAction":[{"@type":"SearchAction","target":{"@type":"EntryPoint","urlTemplate":"https:\/\/www.altominho.tv\/site\/?s={search_term_string}"},"query-input":{"@type":"PropertyValueSpecification","valueRequired":true,"valueName":"search_term_string"}}],"inLanguage":"pt-PT"},{"@type":"Person","@id":"https:\/\/www.altominho.tv\/site\/#\/schema\/person\/63f693da3e1899361cbe955c46f3232e","name":"Lusa","image":{"@type":"ImageObject","inLanguage":"pt-PT","@id":"https:\/\/www.altominho.tv\/site\/wp-content\/uploads\/2019\/08\/LUSA_Logo.gif","url":"https:\/\/www.altominho.tv\/site\/wp-content\/uploads\/2019\/08\/LUSA_Logo.gif","contentUrl":"https:\/\/www.altominho.tv\/site\/wp-content\/uploads\/2019\/08\/LUSA_Logo.gif","caption":"Lusa"},"sameAs":["http:\/\/\/\/www.altominho.tv\/site"],"url":"https:\/\/www.altominho.tv\/site\/author\/lusa\/"}]}},"_links":{"self":[{"href":"https:\/\/www.altominho.tv\/site\/wp-json\/wp\/v2\/posts\/131844","targetHints":{"allow":["GET"]}}],"collection":[{"href":"https:\/\/www.altominho.tv\/site\/wp-json\/wp\/v2\/posts"}],"about":[{"href":"https:\/\/www.altominho.tv\/site\/wp-json\/wp\/v2\/types\/post"}],"author":[{"embeddable":true,"href":"https:\/\/www.altominho.tv\/site\/wp-json\/wp\/v2\/users\/13"}],"replies":[{"embeddable":true,"href":"https:\/\/www.altominho.tv\/site\/wp-json\/wp\/v2\/comments?post=131844"}],"version-history":[{"count":1,"href":"https:\/\/www.altominho.tv\/site\/wp-json\/wp\/v2\/posts\/131844\/revisions"}],"predecessor-version":[{"id":131845,"href":"https:\/\/www.altominho.tv\/site\/wp-json\/wp\/v2\/posts\/131844\/revisions\/131845"}],"wp:featuredmedia":[{"embeddable":true,"href":"https:\/\/www.altominho.tv\/site\/wp-json\/wp\/v2\/media\/115714"}],"wp:attachment":[{"href":"https:\/\/www.altominho.tv\/site\/wp-json\/wp\/v2\/media?parent=131844"}],"wp:term":[{"taxonomy":"category","embeddable":true,"href":"https:\/\/www.altominho.tv\/site\/wp-json\/wp\/v2\/categories?post=131844"},{"taxonomy":"post_tag","embeddable":true,"href":"https:\/\/www.altominho.tv\/site\/wp-json\/wp\/v2\/tags?post=131844"}],"curies":[{"name":"wp","href":"https:\/\/api.w.org\/{rel}","templated":true}]}}