{"id":131841,"date":"2026-04-30T11:03:23","date_gmt":"2026-04-30T10:03:23","guid":{"rendered":"https:\/\/www.altominho.tv\/site\/?p=131841"},"modified":"2026-04-30T11:03:25","modified_gmt":"2026-04-30T10:03:25","slug":"alto-minho-lanca-novo-concurso-para-concessionar-transporte-publico-por-309-me","status":"publish","type":"post","link":"https:\/\/www.altominho.tv\/site\/2026\/04\/30\/alto-minho-lanca-novo-concurso-para-concessionar-transporte-publico-por-309-me\/","title":{"rendered":"Alto Minho lan\u00e7a novo concurso para concessionar transporte p\u00fablico por 30,9 ME"},"content":{"rendered":"<p>A Comunidade Intermunicipal (CIM) do Alto Minho lan\u00e7ou hoje, por 30,9 milh\u00f5es de euros, um terceiro concurso p\u00fablico para concessionar o servi\u00e7o p\u00fablico de transporte de passageiros.<\/p>\n<p>O an\u00fancio, publicado no Di\u00e1rio da Rep\u00fablica (DR), indica que os interessados nesta concess\u00e3o por 60 meses (cinco anos) que abrange os dez concelhos do distrito de Viana do Castelo podem apresentar propostas at\u00e9 \u00e0s 23h59 do dia 08 de junho.<\/p>\n<p>Um primeiro procedimento para a concess\u00e3o do servi\u00e7o p\u00fablico de transporte rodovi\u00e1rio de passageiros na CIM foi lan\u00e7ado e anulado em 2023 e um segundo concurso para a concess\u00e3o, por 21,6 milh\u00f5es de euros, foi anulado em 2024.<\/p>\n<p>O concurso agora lan\u00e7ado apresenta, assim, um acr\u00e9scimo de cerca de 9,3 milh\u00f5es de euros relativamente ao segundo procedimento.<\/p>\n<p>A 29 de agosto de 2024, a CIM do Alto Minho revelou ter cancelado o concurso do servi\u00e7o p\u00fablico de transportes porque a empresa vencedora, a NEX Continental Holdings, conhecida como Alsa, \u201cn\u00e3o apresentou documentos de habilita\u00e7\u00e3o e presta\u00e7\u00e3o da cau\u00e7\u00e3o\u201d.<\/p>\n<p>Antes disso, as empresas concorrentes que perderam &#8211; Transdev Norte, S.A. e Transcunha &#8211; Transportes Rodovi\u00e1rios de Viana, Lda. (que integra o grupo AVIC) \u2013 contestaram o processo em tribunal.<\/p>\n<p>O primeiro concurso terminou sem adjudica\u00e7\u00e3o porque, de acordo com informa\u00e7\u00f5es dadas pela CIM em setembro de 2023, o relat\u00f3rio final do j\u00fari considerou n\u00e3o estarem reunidas as condi\u00e7\u00f5es para a adjudica\u00e7\u00e3o.<\/p>\n<p>Em junho de 2023, o grupo AVIC, de Viana do Castelo, exigiu a \u201creposi\u00e7\u00e3o da legalidade\u201d no concurso p\u00fablico internacional para a atribui\u00e7\u00e3o da nova concess\u00e3o de transporte p\u00fablico nos dez concelhos do Alto Minho.<\/p>\n<p>Em comunicado, a operadora avisou que, se n\u00e3o fossem corrigidas \u201cas in\u00fameras e graves ilegalidades\u201d do concurso, participaria o caso ao Minist\u00e9rio P\u00fablico e \u00e0 Inspe\u00e7\u00e3o-Geral da Administra\u00e7\u00e3o Interna.<\/p>\n<p>Nesse primeiro procedimento estava prevista \u201cuma oferta ao n\u00edvel da rede com 2.641.613 quil\u00f3metros anuais, para um contrato de tr\u00eas anos, com op\u00e7\u00e3o de extens\u00e3o por mais um\u201d.<\/p>\n","protected":false},"excerpt":{"rendered":"<p>A Comunidade Intermunicipal (CIM) do Alto Minho lan\u00e7ou hoje, por 30,9 milh\u00f5es de euros, um terceiro concurso p\u00fablico para concessionar o servi\u00e7o p\u00fablico de transporte de passageiros. O an\u00fancio, publicado no Di\u00e1rio da Rep\u00fablica (DR), indica que os interessados nesta concess\u00e3o por 60 meses (cinco anos) que abrange os dez concelhos do distrito de Viana [&hellip;]<\/p>\n","protected":false},"author":13,"featured_media":121952,"comment_status":"closed","ping_status":"closed","sticky":false,"template":"","format":"standard","meta":{"_exactmetrics_skip_tracking":false,"_exactmetrics_sitenote_active":false,"_exactmetrics_sitenote_note":"","_exactmetrics_sitenote_category":0,"footnotes":""},"categories":[73],"tags":[27],"class_list":["post-131841","post","type-post","status-publish","format-standard","has-post-thumbnail","hentry","category-alto-minho","tag-sociedade"],"yoast_head":"<!-- This site is optimized with the Yoast SEO Premium plugin v27.5 (Yoast SEO v27.5) - https:\/\/yoast.com\/product\/yoast-seo-premium-wordpress\/ -->\n<title>Alto Minho lan\u00e7a novo concurso para concessionar transporte p\u00fablico por 30,9 ME<\/title>\n<meta name=\"description\" content=\"A Comunidade Intermunicipal (CIM) do Alto Minho lan\u00e7ou hoje, por 30,9 milh\u00f5es de euros, um terceiro concurso p\u00fablico para concessionar o servi\u00e7o p\u00fablico de transporte de passageiros.\" \/>\n<meta name=\"robots\" content=\"index, follow, max-snippet:-1, max-image-preview:large, max-video-preview:-1\" \/>\n<link rel=\"canonical\" href=\"https:\/\/www.altominho.tv\/site\/2026\/04\/30\/alto-minho-lanca-novo-concurso-para-concessionar-transporte-publico-por-309-me\/\" \/>\n<meta property=\"og:locale\" content=\"pt_PT\" \/>\n<meta property=\"og:type\" content=\"article\" \/>\n<meta property=\"og:title\" content=\"Alto Minho lan\u00e7a novo concurso para concessionar transporte p\u00fablico por 30,9 ME\" \/>\n<meta property=\"og:description\" content=\"A Comunidade Intermunicipal (CIM) do Alto Minho lan\u00e7ou hoje, por 30,9 milh\u00f5es de euros, um terceiro concurso p\u00fablico para concessionar o servi\u00e7o p\u00fablico de transporte de passageiros.\" \/>\n<meta property=\"og:url\" content=\"https:\/\/www.altominho.tv\/site\/2026\/04\/30\/alto-minho-lanca-novo-concurso-para-concessionar-transporte-publico-por-309-me\/\" \/>\n<meta property=\"og:site_name\" content=\"Altominho.tv\" \/>\n<meta property=\"article:publisher\" content=\"https:\/\/www.facebook.com\/altominhotv\" \/>\n<meta property=\"article:published_time\" content=\"2026-04-30T10:03:23+00:00\" \/>\n<meta property=\"article:modified_time\" content=\"2026-04-30T10:03:25+00:00\" \/>\n<meta property=\"og:image\" content=\"https:\/\/www.altominho.tv\/site\/wp-content\/uploads\/2025\/08\/autocarro.jpg\" \/>\n\t<meta property=\"og:image:width\" content=\"1200\" \/>\n\t<meta property=\"og:image:height\" content=\"630\" \/>\n\t<meta property=\"og:image:type\" content=\"image\/jpeg\" \/>\n<meta name=\"author\" content=\"Lusa\" \/>\n<meta name=\"twitter:card\" content=\"summary_large_image\" \/>\n<meta name=\"twitter:creator\" content=\"@altominhoTV\" \/>\n<meta name=\"twitter:site\" content=\"@altominhoTV\" \/>\n<meta name=\"twitter:label1\" content=\"Escrito por\" \/>\n\t<meta name=\"twitter:data1\" content=\"Lusa\" \/>\n\t<meta name=\"twitter:label2\" content=\"Tempo estimado de leitura\" \/>\n\t<meta name=\"twitter:data2\" content=\"2 minutos\" \/>\n<script type=\"application\/ld+json\" class=\"yoast-schema-graph\">{\"@context\":\"https:\\\/\\\/schema.org\",\"@graph\":[{\"@type\":\"Article\",\"@id\":\"https:\\\/\\\/www.altominho.tv\\\/site\\\/2026\\\/04\\\/30\\\/alto-minho-lanca-novo-concurso-para-concessionar-transporte-publico-por-309-me\\\/#article\",\"isPartOf\":{\"@id\":\"https:\\\/\\\/www.altominho.tv\\\/site\\\/2026\\\/04\\\/30\\\/alto-minho-lanca-novo-concurso-para-concessionar-transporte-publico-por-309-me\\\/\"},\"author\":{\"name\":\"Lusa\",\"@id\":\"https:\\\/\\\/www.altominho.tv\\\/site\\\/#\\\/schema\\\/person\\\/63f693da3e1899361cbe955c46f3232e\"},\"headline\":\"Alto Minho lan\u00e7a novo concurso para concessionar transporte p\u00fablico por 30,9 ME\",\"datePublished\":\"2026-04-30T10:03:23+00:00\",\"dateModified\":\"2026-04-30T10:03:25+00:00\",\"mainEntityOfPage\":{\"@id\":\"https:\\\/\\\/www.altominho.tv\\\/site\\\/2026\\\/04\\\/30\\\/alto-minho-lanca-novo-concurso-para-concessionar-transporte-publico-por-309-me\\\/\"},\"wordCount\":369,\"image\":{\"@id\":\"https:\\\/\\\/www.altominho.tv\\\/site\\\/2026\\\/04\\\/30\\\/alto-minho-lanca-novo-concurso-para-concessionar-transporte-publico-por-309-me\\\/#primaryimage\"},\"thumbnailUrl\":\"https:\\\/\\\/www.altominho.tv\\\/site\\\/wp-content\\\/uploads\\\/2025\\\/08\\\/autocarro.jpg\",\"keywords\":[\"Sociedade\"],\"articleSection\":[\"Alto Minho\"],\"inLanguage\":\"pt-PT\",\"copyrightYear\":\"2026\",\"copyrightHolder\":{\"@id\":\"https:\\\/\\\/www.altominho.tv\\\/site\\\/#organization\"}},{\"@type\":\"WebPage\",\"@id\":\"https:\\\/\\\/www.altominho.tv\\\/site\\\/2026\\\/04\\\/30\\\/alto-minho-lanca-novo-concurso-para-concessionar-transporte-publico-por-309-me\\\/\",\"url\":\"https:\\\/\\\/www.altominho.tv\\\/site\\\/2026\\\/04\\\/30\\\/alto-minho-lanca-novo-concurso-para-concessionar-transporte-publico-por-309-me\\\/\",\"name\":\"Alto Minho lan\u00e7a novo concurso para concessionar transporte p\u00fablico por 30,9 ME\",\"isPartOf\":{\"@id\":\"https:\\\/\\\/www.altominho.tv\\\/site\\\/#website\"},\"primaryImageOfPage\":{\"@id\":\"https:\\\/\\\/www.altominho.tv\\\/site\\\/2026\\\/04\\\/30\\\/alto-minho-lanca-novo-concurso-para-concessionar-transporte-publico-por-309-me\\\/#primaryimage\"},\"image\":{\"@id\":\"https:\\\/\\\/www.altominho.tv\\\/site\\\/2026\\\/04\\\/30\\\/alto-minho-lanca-novo-concurso-para-concessionar-transporte-publico-por-309-me\\\/#primaryimage\"},\"thumbnailUrl\":\"https:\\\/\\\/www.altominho.tv\\\/site\\\/wp-content\\\/uploads\\\/2025\\\/08\\\/autocarro.jpg\",\"datePublished\":\"2026-04-30T10:03:23+00:00\",\"dateModified\":\"2026-04-30T10:03:25+00:00\",\"author\":{\"@id\":\"https:\\\/\\\/www.altominho.tv\\\/site\\\/#\\\/schema\\\/person\\\/63f693da3e1899361cbe955c46f3232e\"},\"description\":\"A Comunidade Intermunicipal (CIM) do Alto Minho lan\u00e7ou hoje, por 30,9 milh\u00f5es de euros, um terceiro concurso p\u00fablico para concessionar o servi\u00e7o p\u00fablico de transporte de passageiros.\",\"breadcrumb\":{\"@id\":\"https:\\\/\\\/www.altominho.tv\\\/site\\\/2026\\\/04\\\/30\\\/alto-minho-lanca-novo-concurso-para-concessionar-transporte-publico-por-309-me\\\/#breadcrumb\"},\"inLanguage\":\"pt-PT\",\"potentialAction\":[{\"@type\":\"ReadAction\",\"target\":[\"https:\\\/\\\/www.altominho.tv\\\/site\\\/2026\\\/04\\\/30\\\/alto-minho-lanca-novo-concurso-para-concessionar-transporte-publico-por-309-me\\\/\"]}]},{\"@type\":\"ImageObject\",\"inLanguage\":\"pt-PT\",\"@id\":\"https:\\\/\\\/www.altominho.tv\\\/site\\\/2026\\\/04\\\/30\\\/alto-minho-lanca-novo-concurso-para-concessionar-transporte-publico-por-309-me\\\/#primaryimage\",\"url\":\"https:\\\/\\\/www.altominho.tv\\\/site\\\/wp-content\\\/uploads\\\/2025\\\/08\\\/autocarro.jpg\",\"contentUrl\":\"https:\\\/\\\/www.altominho.tv\\\/site\\\/wp-content\\\/uploads\\\/2025\\\/08\\\/autocarro.jpg\",\"width\":1200,\"height\":630},{\"@type\":\"BreadcrumbList\",\"@id\":\"https:\\\/\\\/www.altominho.tv\\\/site\\\/2026\\\/04\\\/30\\\/alto-minho-lanca-novo-concurso-para-concessionar-transporte-publico-por-309-me\\\/#breadcrumb\",\"itemListElement\":[{\"@type\":\"ListItem\",\"position\":1,\"name\":\"In\u00edcio\",\"item\":\"https:\\\/\\\/www.altominho.tv\\\/site\\\/\"},{\"@type\":\"ListItem\",\"position\":2,\"name\":\"Alto Minho lan\u00e7a novo concurso para concessionar transporte p\u00fablico por 30,9 ME\"}]},{\"@type\":\"WebSite\",\"@id\":\"https:\\\/\\\/www.altominho.tv\\\/site\\\/#website\",\"url\":\"https:\\\/\\\/www.altominho.tv\\\/site\\\/\",\"name\":\"Altominho.tv\",\"description\":\"A sua regi\u00e3o \u00e0 dist\u00e2ncia de um clique...\",\"potentialAction\":[{\"@type\":\"SearchAction\",\"target\":{\"@type\":\"EntryPoint\",\"urlTemplate\":\"https:\\\/\\\/www.altominho.tv\\\/site\\\/?s={search_term_string}\"},\"query-input\":{\"@type\":\"PropertyValueSpecification\",\"valueRequired\":true,\"valueName\":\"search_term_string\"}}],\"inLanguage\":\"pt-PT\"},{\"@type\":\"Person\",\"@id\":\"https:\\\/\\\/www.altominho.tv\\\/site\\\/#\\\/schema\\\/person\\\/63f693da3e1899361cbe955c46f3232e\",\"name\":\"Lusa\",\"image\":{\"@type\":\"ImageObject\",\"inLanguage\":\"pt-PT\",\"@id\":\"https:\\\/\\\/www.altominho.tv\\\/site\\\/wp-content\\\/uploads\\\/2019\\\/08\\\/LUSA_Logo.gif\",\"url\":\"https:\\\/\\\/www.altominho.tv\\\/site\\\/wp-content\\\/uploads\\\/2019\\\/08\\\/LUSA_Logo.gif\",\"contentUrl\":\"https:\\\/\\\/www.altominho.tv\\\/site\\\/wp-content\\\/uploads\\\/2019\\\/08\\\/LUSA_Logo.gif\",\"caption\":\"Lusa\"},\"sameAs\":[\"http:\\\/\\\/\\\/\\\/www.altominho.tv\\\/site\"],\"url\":\"https:\\\/\\\/www.altominho.tv\\\/site\\\/author\\\/lusa\\\/\"}]}<\/script>\n<!-- \/ Yoast SEO Premium plugin. -->","yoast_head_json":{"title":"Alto Minho lan\u00e7a novo concurso para concessionar transporte p\u00fablico por 30,9 ME","description":"A Comunidade Intermunicipal (CIM) do Alto Minho lan\u00e7ou hoje, por 30,9 milh\u00f5es de euros, um terceiro concurso p\u00fablico para concessionar o servi\u00e7o p\u00fablico de transporte de passageiros.","robots":{"index":"index","follow":"follow","max-snippet":"max-snippet:-1","max-image-preview":"max-image-preview:large","max-video-preview":"max-video-preview:-1"},"canonical":"https:\/\/www.altominho.tv\/site\/2026\/04\/30\/alto-minho-lanca-novo-concurso-para-concessionar-transporte-publico-por-309-me\/","og_locale":"pt_PT","og_type":"article","og_title":"Alto Minho lan\u00e7a novo concurso para concessionar transporte p\u00fablico por 30,9 ME","og_description":"A Comunidade Intermunicipal (CIM) do Alto Minho lan\u00e7ou hoje, por 30,9 milh\u00f5es de euros, um terceiro concurso p\u00fablico para concessionar o servi\u00e7o p\u00fablico de transporte de passageiros.","og_url":"https:\/\/www.altominho.tv\/site\/2026\/04\/30\/alto-minho-lanca-novo-concurso-para-concessionar-transporte-publico-por-309-me\/","og_site_name":"Altominho.tv","article_publisher":"https:\/\/www.facebook.com\/altominhotv","article_published_time":"2026-04-30T10:03:23+00:00","article_modified_time":"2026-04-30T10:03:25+00:00","og_image":[{"width":1200,"height":630,"url":"https:\/\/www.altominho.tv\/site\/wp-content\/uploads\/2025\/08\/autocarro.jpg","type":"image\/jpeg"}],"author":"Lusa","twitter_card":"summary_large_image","twitter_creator":"@altominhoTV","twitter_site":"@altominhoTV","twitter_misc":{"Escrito por":"Lusa","Tempo estimado de leitura":"2 minutos"},"schema":{"@context":"https:\/\/schema.org","@graph":[{"@type":"Article","@id":"https:\/\/www.altominho.tv\/site\/2026\/04\/30\/alto-minho-lanca-novo-concurso-para-concessionar-transporte-publico-por-309-me\/#article","isPartOf":{"@id":"https:\/\/www.altominho.tv\/site\/2026\/04\/30\/alto-minho-lanca-novo-concurso-para-concessionar-transporte-publico-por-309-me\/"},"author":{"name":"Lusa","@id":"https:\/\/www.altominho.tv\/site\/#\/schema\/person\/63f693da3e1899361cbe955c46f3232e"},"headline":"Alto Minho lan\u00e7a novo concurso para concessionar transporte p\u00fablico por 30,9 ME","datePublished":"2026-04-30T10:03:23+00:00","dateModified":"2026-04-30T10:03:25+00:00","mainEntityOfPage":{"@id":"https:\/\/www.altominho.tv\/site\/2026\/04\/30\/alto-minho-lanca-novo-concurso-para-concessionar-transporte-publico-por-309-me\/"},"wordCount":369,"image":{"@id":"https:\/\/www.altominho.tv\/site\/2026\/04\/30\/alto-minho-lanca-novo-concurso-para-concessionar-transporte-publico-por-309-me\/#primaryimage"},"thumbnailUrl":"https:\/\/www.altominho.tv\/site\/wp-content\/uploads\/2025\/08\/autocarro.jpg","keywords":["Sociedade"],"articleSection":["Alto Minho"],"inLanguage":"pt-PT","copyrightYear":"2026","copyrightHolder":{"@id":"https:\/\/www.altominho.tv\/site\/#organization"}},{"@type":"WebPage","@id":"https:\/\/www.altominho.tv\/site\/2026\/04\/30\/alto-minho-lanca-novo-concurso-para-concessionar-transporte-publico-por-309-me\/","url":"https:\/\/www.altominho.tv\/site\/2026\/04\/30\/alto-minho-lanca-novo-concurso-para-concessionar-transporte-publico-por-309-me\/","name":"Alto Minho lan\u00e7a novo concurso para concessionar transporte p\u00fablico por 30,9 ME","isPartOf":{"@id":"https:\/\/www.altominho.tv\/site\/#website"},"primaryImageOfPage":{"@id":"https:\/\/www.altominho.tv\/site\/2026\/04\/30\/alto-minho-lanca-novo-concurso-para-concessionar-transporte-publico-por-309-me\/#primaryimage"},"image":{"@id":"https:\/\/www.altominho.tv\/site\/2026\/04\/30\/alto-minho-lanca-novo-concurso-para-concessionar-transporte-publico-por-309-me\/#primaryimage"},"thumbnailUrl":"https:\/\/www.altominho.tv\/site\/wp-content\/uploads\/2025\/08\/autocarro.jpg","datePublished":"2026-04-30T10:03:23+00:00","dateModified":"2026-04-30T10:03:25+00:00","author":{"@id":"https:\/\/www.altominho.tv\/site\/#\/schema\/person\/63f693da3e1899361cbe955c46f3232e"},"description":"A Comunidade Intermunicipal (CIM) do Alto Minho lan\u00e7ou hoje, por 30,9 milh\u00f5es de euros, um terceiro concurso p\u00fablico para concessionar o servi\u00e7o p\u00fablico de transporte de passageiros.","breadcrumb":{"@id":"https:\/\/www.altominho.tv\/site\/2026\/04\/30\/alto-minho-lanca-novo-concurso-para-concessionar-transporte-publico-por-309-me\/#breadcrumb"},"inLanguage":"pt-PT","potentialAction":[{"@type":"ReadAction","target":["https:\/\/www.altominho.tv\/site\/2026\/04\/30\/alto-minho-lanca-novo-concurso-para-concessionar-transporte-publico-por-309-me\/"]}]},{"@type":"ImageObject","inLanguage":"pt-PT","@id":"https:\/\/www.altominho.tv\/site\/2026\/04\/30\/alto-minho-lanca-novo-concurso-para-concessionar-transporte-publico-por-309-me\/#primaryimage","url":"https:\/\/www.altominho.tv\/site\/wp-content\/uploads\/2025\/08\/autocarro.jpg","contentUrl":"https:\/\/www.altominho.tv\/site\/wp-content\/uploads\/2025\/08\/autocarro.jpg","width":1200,"height":630},{"@type":"BreadcrumbList","@id":"https:\/\/www.altominho.tv\/site\/2026\/04\/30\/alto-minho-lanca-novo-concurso-para-concessionar-transporte-publico-por-309-me\/#breadcrumb","itemListElement":[{"@type":"ListItem","position":1,"name":"In\u00edcio","item":"https:\/\/www.altominho.tv\/site\/"},{"@type":"ListItem","position":2,"name":"Alto Minho lan\u00e7a novo concurso para concessionar transporte p\u00fablico por 30,9 ME"}]},{"@type":"WebSite","@id":"https:\/\/www.altominho.tv\/site\/#website","url":"https:\/\/www.altominho.tv\/site\/","name":"Altominho.tv","description":"A sua regi\u00e3o \u00e0 dist\u00e2ncia de um clique...","potentialAction":[{"@type":"SearchAction","target":{"@type":"EntryPoint","urlTemplate":"https:\/\/www.altominho.tv\/site\/?s={search_term_string}"},"query-input":{"@type":"PropertyValueSpecification","valueRequired":true,"valueName":"search_term_string"}}],"inLanguage":"pt-PT"},{"@type":"Person","@id":"https:\/\/www.altominho.tv\/site\/#\/schema\/person\/63f693da3e1899361cbe955c46f3232e","name":"Lusa","image":{"@type":"ImageObject","inLanguage":"pt-PT","@id":"https:\/\/www.altominho.tv\/site\/wp-content\/uploads\/2019\/08\/LUSA_Logo.gif","url":"https:\/\/www.altominho.tv\/site\/wp-content\/uploads\/2019\/08\/LUSA_Logo.gif","contentUrl":"https:\/\/www.altominho.tv\/site\/wp-content\/uploads\/2019\/08\/LUSA_Logo.gif","caption":"Lusa"},"sameAs":["http:\/\/\/\/www.altominho.tv\/site"],"url":"https:\/\/www.altominho.tv\/site\/author\/lusa\/"}]}},"_links":{"self":[{"href":"https:\/\/www.altominho.tv\/site\/wp-json\/wp\/v2\/posts\/131841","targetHints":{"allow":["GET"]}}],"collection":[{"href":"https:\/\/www.altominho.tv\/site\/wp-json\/wp\/v2\/posts"}],"about":[{"href":"https:\/\/www.altominho.tv\/site\/wp-json\/wp\/v2\/types\/post"}],"author":[{"embeddable":true,"href":"https:\/\/www.altominho.tv\/site\/wp-json\/wp\/v2\/users\/13"}],"replies":[{"embeddable":true,"href":"https:\/\/www.altominho.tv\/site\/wp-json\/wp\/v2\/comments?post=131841"}],"version-history":[{"count":1,"href":"https:\/\/www.altominho.tv\/site\/wp-json\/wp\/v2\/posts\/131841\/revisions"}],"predecessor-version":[{"id":131842,"href":"https:\/\/www.altominho.tv\/site\/wp-json\/wp\/v2\/posts\/131841\/revisions\/131842"}],"wp:featuredmedia":[{"embeddable":true,"href":"https:\/\/www.altominho.tv\/site\/wp-json\/wp\/v2\/media\/121952"}],"wp:attachment":[{"href":"https:\/\/www.altominho.tv\/site\/wp-json\/wp\/v2\/media?parent=131841"}],"wp:term":[{"taxonomy":"category","embeddable":true,"href":"https:\/\/www.altominho.tv\/site\/wp-json\/wp\/v2\/categories?post=131841"},{"taxonomy":"post_tag","embeddable":true,"href":"https:\/\/www.altominho.tv\/site\/wp-json\/wp\/v2\/tags?post=131841"}],"curies":[{"name":"wp","href":"https:\/\/api.w.org\/{rel}","templated":true}]}}