{"id":131835,"date":"2026-04-30T10:47:18","date_gmt":"2026-04-30T09:47:18","guid":{"rendered":"https:\/\/www.altominho.tv\/site\/?p=131835"},"modified":"2026-04-30T10:49:38","modified_gmt":"2026-04-30T09:49:38","slug":"mosteiro-de-sanfins-assinala-dia-da-mae-com-atividades-em-familia","status":"publish","type":"post","link":"https:\/\/www.altominho.tv\/site\/2026\/04\/30\/mosteiro-de-sanfins-assinala-dia-da-mae-com-atividades-em-familia\/","title":{"rendered":"Mosteiro de Sanfins assinala Dia da M\u00e3e com atividades em fam\u00edlia"},"content":{"rendered":"<p data-start=\"155\" data-end=\"367\">O Mosteiro de Sanfins, em Valen\u00e7a, promove este domingo, 3 de maio, uma tarde especial dedicada ao Dia da M\u00e3e e ao Dia Internacional do Sol, com v\u00e1rias atividades gratuitas ao ar livre dirigidas a toda a fam\u00edlia.<\/p>\n<p data-start=\"369\" data-end=\"570\">A iniciativa decorre a partir das 15h00, na antiga Eira da Quinta do Mosteiro, sem necessidade de inscri\u00e7\u00e3o pr\u00e9via, e pretende proporcionar momentos de conv\u00edvio, criatividade e contacto com a natureza.<\/p>\n<p data-start=\"572\" data-end=\"797\">Entre as propostas previstas est\u00e3o a constru\u00e7\u00e3o de um rel\u00f3gio de sol, sess\u00f5es de <em data-start=\"653\" data-end=\"663\">land art<\/em> com elementos naturais e atividades de pintura com tintas naturais, pensadas para m\u00e3es e filhos partilharem experi\u00eancias em conjunto.<\/p>\n<p data-start=\"799\" data-end=\"992\">Num espa\u00e7o marcado pelo valor hist\u00f3rico e pela beleza natural envolvente, o evento convida as fam\u00edlias a desfrutarem de uma tarde tranquila, valorizando o tempo em conjunto e os gestos simples.<\/p>\n<p data-start=\"994\" data-end=\"1228\">A Quinta do Mosteiro de Sanfins tem acesso livre e gratuito durante toda a semana. J\u00e1 o Centro de Interpreta\u00e7\u00e3o do Mosteiro de Sanfins pode ser visitado gratuitamente aos fins de semana, entre as 10h30 e as 12h30 e das 13h30 \u00e0s 19h30.<\/p>\n<p data-start=\"994\" data-end=\"1228\">Foto:\u00a0 Altominho TV<\/p>\n<p data-start=\"994\" data-end=\"1228\"><img loading=\"lazy\" decoding=\"async\" class=\"alignnone size-large wp-image-131836\" src=\"https:\/\/www.altominho.tv\/site\/wp-content\/uploads\/2026\/04\/Sanfins3demaio-1024x573.jpg\" alt=\"\" width=\"770\" height=\"431\" srcset=\"https:\/\/www.altominho.tv\/site\/wp-content\/uploads\/2026\/04\/Sanfins3demaio-1024x573.jpg 1024w, https:\/\/www.altominho.tv\/site\/wp-content\/uploads\/2026\/04\/Sanfins3demaio-770x431.jpg 770w, https:\/\/www.altominho.tv\/site\/wp-content\/uploads\/2026\/04\/Sanfins3demaio-768x430.jpg 768w, https:\/\/www.altominho.tv\/site\/wp-content\/uploads\/2026\/04\/Sanfins3demaio-1536x859.jpg 1536w, https:\/\/www.altominho.tv\/site\/wp-content\/uploads\/2026\/04\/Sanfins3demaio-370x207.jpg 370w, https:\/\/www.altominho.tv\/site\/wp-content\/uploads\/2026\/04\/Sanfins3demaio-270x151.jpg 270w, https:\/\/www.altominho.tv\/site\/wp-content\/uploads\/2026\/04\/Sanfins3demaio-570x319.jpg 570w, https:\/\/www.altominho.tv\/site\/wp-content\/uploads\/2026\/04\/Sanfins3demaio-740x414.jpg 740w, https:\/\/www.altominho.tv\/site\/wp-content\/uploads\/2026\/04\/Sanfins3demaio.jpg 1677w\" sizes=\"auto, (max-width: 770px) 100vw, 770px\" \/><\/p>\n","protected":false},"excerpt":{"rendered":"<p>O Mosteiro de Sanfins, em Valen\u00e7a, promove este domingo, 3 de maio, uma tarde especial dedicada ao Dia da M\u00e3e e ao Dia Internacional do Sol, com v\u00e1rias atividades gratuitas ao ar livre dirigidas a toda a fam\u00edlia. A iniciativa decorre a partir das 15h00, na antiga Eira da Quinta do Mosteiro, sem necessidade de [&hellip;]<\/p>\n","protected":false},"author":1,"featured_media":131840,"comment_status":"closed","ping_status":"closed","sticky":false,"template":"","format":"standard","meta":{"_exactmetrics_skip_tracking":false,"_exactmetrics_sitenote_active":false,"_exactmetrics_sitenote_note":"","_exactmetrics_sitenote_category":0,"footnotes":""},"categories":[13],"tags":[19,23,24],"class_list":["post-131835","post","type-post","status-publish","format-standard","has-post-thumbnail","hentry","category-valenca","tag-cultura","tag-gente","tag-lazer"],"yoast_head":"<!-- This site is optimized with the Yoast SEO Premium plugin v27.5 (Yoast SEO v27.5) - https:\/\/yoast.com\/product\/yoast-seo-premium-wordpress\/ -->\n<title>Mosteiro de Sanfins assinala Dia da M\u00e3e com atividades em fam\u00edlia<\/title>\n<meta name=\"robots\" content=\"index, follow, max-snippet:-1, max-image-preview:large, max-video-preview:-1\" \/>\n<link rel=\"canonical\" href=\"https:\/\/www.altominho.tv\/site\/2026\/04\/30\/mosteiro-de-sanfins-assinala-dia-da-mae-com-atividades-em-familia\/\" \/>\n<meta property=\"og:locale\" content=\"pt_PT\" \/>\n<meta property=\"og:type\" content=\"article\" \/>\n<meta property=\"og:title\" content=\"Mosteiro de Sanfins assinala Dia da M\u00e3e com atividades em fam\u00edlia\" \/>\n<meta property=\"og:description\" content=\"O Mosteiro de Sanfins, em Valen\u00e7a, promove este domingo, 3 de maio, uma tarde especial dedicada ao Dia da M\u00e3e e ao Dia Internacional do Sol, com v\u00e1rias atividades gratuitas ao ar livre dirigidas a toda a fam\u00edlia. A iniciativa decorre a partir das 15h00, na antiga Eira da Quinta do Mosteiro, sem necessidade de [&hellip;]\" \/>\n<meta property=\"og:url\" content=\"https:\/\/www.altominho.tv\/site\/2026\/04\/30\/mosteiro-de-sanfins-assinala-dia-da-mae-com-atividades-em-familia\/\" \/>\n<meta property=\"og:site_name\" content=\"Altominho.tv\" \/>\n<meta property=\"article:publisher\" content=\"https:\/\/www.facebook.com\/altominhotv\" \/>\n<meta property=\"article:published_time\" content=\"2026-04-30T09:47:18+00:00\" \/>\n<meta property=\"article:modified_time\" content=\"2026-04-30T09:49:38+00:00\" \/>\n<meta property=\"og:image\" content=\"https:\/\/www.altominho.tv\/site\/wp-content\/uploads\/2026\/04\/BASE-FB-logo-Branco-1200-x-630-px-19.png\" \/>\n\t<meta property=\"og:image:width\" content=\"1200\" \/>\n\t<meta property=\"og:image:height\" content=\"630\" \/>\n\t<meta property=\"og:image:type\" content=\"image\/png\" \/>\n<meta name=\"author\" content=\"Altominho.tv\" \/>\n<meta name=\"twitter:card\" content=\"summary_large_image\" \/>\n<meta name=\"twitter:creator\" content=\"@altominhoTV\" \/>\n<meta name=\"twitter:site\" content=\"@altominhoTV\" \/>\n<meta name=\"twitter:label1\" content=\"Escrito por\" \/>\n\t<meta name=\"twitter:data1\" content=\"Altominho.tv\" \/>\n\t<meta name=\"twitter:label2\" content=\"Tempo estimado de leitura\" \/>\n\t<meta name=\"twitter:data2\" content=\"2 minutos\" \/>\n<script type=\"application\/ld+json\" class=\"yoast-schema-graph\">{\"@context\":\"https:\\\/\\\/schema.org\",\"@graph\":[{\"@type\":\"Article\",\"@id\":\"https:\\\/\\\/www.altominho.tv\\\/site\\\/2026\\\/04\\\/30\\\/mosteiro-de-sanfins-assinala-dia-da-mae-com-atividades-em-familia\\\/#article\",\"isPartOf\":{\"@id\":\"https:\\\/\\\/www.altominho.tv\\\/site\\\/2026\\\/04\\\/30\\\/mosteiro-de-sanfins-assinala-dia-da-mae-com-atividades-em-familia\\\/\"},\"author\":{\"name\":\"Altominho.tv\",\"@id\":\"https:\\\/\\\/www.altominho.tv\\\/site\\\/#\\\/schema\\\/person\\\/4e536851627d7914baf3dac752b6af22\"},\"headline\":\"Mosteiro de Sanfins assinala Dia da M\u00e3e com atividades em fam\u00edlia\",\"datePublished\":\"2026-04-30T09:47:18+00:00\",\"dateModified\":\"2026-04-30T09:49:38+00:00\",\"mainEntityOfPage\":{\"@id\":\"https:\\\/\\\/www.altominho.tv\\\/site\\\/2026\\\/04\\\/30\\\/mosteiro-de-sanfins-assinala-dia-da-mae-com-atividades-em-familia\\\/\"},\"wordCount\":210,\"image\":{\"@id\":\"https:\\\/\\\/www.altominho.tv\\\/site\\\/2026\\\/04\\\/30\\\/mosteiro-de-sanfins-assinala-dia-da-mae-com-atividades-em-familia\\\/#primaryimage\"},\"thumbnailUrl\":\"https:\\\/\\\/www.altominho.tv\\\/site\\\/wp-content\\\/uploads\\\/2026\\\/04\\\/BASE-FB-logo-Branco-1200-x-630-px-19.png\",\"keywords\":[\"Cultura\",\"Gente\",\"Lazer\"],\"articleSection\":[\"Valen\u00e7a\"],\"inLanguage\":\"pt-PT\",\"copyrightYear\":\"2026\",\"copyrightHolder\":{\"@id\":\"https:\\\/\\\/www.altominho.tv\\\/site\\\/#organization\"}},{\"@type\":\"WebPage\",\"@id\":\"https:\\\/\\\/www.altominho.tv\\\/site\\\/2026\\\/04\\\/30\\\/mosteiro-de-sanfins-assinala-dia-da-mae-com-atividades-em-familia\\\/\",\"url\":\"https:\\\/\\\/www.altominho.tv\\\/site\\\/2026\\\/04\\\/30\\\/mosteiro-de-sanfins-assinala-dia-da-mae-com-atividades-em-familia\\\/\",\"name\":\"Mosteiro de Sanfins assinala Dia da M\u00e3e com atividades em fam\u00edlia\",\"isPartOf\":{\"@id\":\"https:\\\/\\\/www.altominho.tv\\\/site\\\/#website\"},\"primaryImageOfPage\":{\"@id\":\"https:\\\/\\\/www.altominho.tv\\\/site\\\/2026\\\/04\\\/30\\\/mosteiro-de-sanfins-assinala-dia-da-mae-com-atividades-em-familia\\\/#primaryimage\"},\"image\":{\"@id\":\"https:\\\/\\\/www.altominho.tv\\\/site\\\/2026\\\/04\\\/30\\\/mosteiro-de-sanfins-assinala-dia-da-mae-com-atividades-em-familia\\\/#primaryimage\"},\"thumbnailUrl\":\"https:\\\/\\\/www.altominho.tv\\\/site\\\/wp-content\\\/uploads\\\/2026\\\/04\\\/BASE-FB-logo-Branco-1200-x-630-px-19.png\",\"datePublished\":\"2026-04-30T09:47:18+00:00\",\"dateModified\":\"2026-04-30T09:49:38+00:00\",\"author\":{\"@id\":\"https:\\\/\\\/www.altominho.tv\\\/site\\\/#\\\/schema\\\/person\\\/4e536851627d7914baf3dac752b6af22\"},\"breadcrumb\":{\"@id\":\"https:\\\/\\\/www.altominho.tv\\\/site\\\/2026\\\/04\\\/30\\\/mosteiro-de-sanfins-assinala-dia-da-mae-com-atividades-em-familia\\\/#breadcrumb\"},\"inLanguage\":\"pt-PT\",\"potentialAction\":[{\"@type\":\"ReadAction\",\"target\":[\"https:\\\/\\\/www.altominho.tv\\\/site\\\/2026\\\/04\\\/30\\\/mosteiro-de-sanfins-assinala-dia-da-mae-com-atividades-em-familia\\\/\"]}]},{\"@type\":\"ImageObject\",\"inLanguage\":\"pt-PT\",\"@id\":\"https:\\\/\\\/www.altominho.tv\\\/site\\\/2026\\\/04\\\/30\\\/mosteiro-de-sanfins-assinala-dia-da-mae-com-atividades-em-familia\\\/#primaryimage\",\"url\":\"https:\\\/\\\/www.altominho.tv\\\/site\\\/wp-content\\\/uploads\\\/2026\\\/04\\\/BASE-FB-logo-Branco-1200-x-630-px-19.png\",\"contentUrl\":\"https:\\\/\\\/www.altominho.tv\\\/site\\\/wp-content\\\/uploads\\\/2026\\\/04\\\/BASE-FB-logo-Branco-1200-x-630-px-19.png\",\"width\":1200,\"height\":630},{\"@type\":\"BreadcrumbList\",\"@id\":\"https:\\\/\\\/www.altominho.tv\\\/site\\\/2026\\\/04\\\/30\\\/mosteiro-de-sanfins-assinala-dia-da-mae-com-atividades-em-familia\\\/#breadcrumb\",\"itemListElement\":[{\"@type\":\"ListItem\",\"position\":1,\"name\":\"In\u00edcio\",\"item\":\"https:\\\/\\\/www.altominho.tv\\\/site\\\/\"},{\"@type\":\"ListItem\",\"position\":2,\"name\":\"Mosteiro de Sanfins assinala Dia da M\u00e3e com atividades em fam\u00edlia\"}]},{\"@type\":\"WebSite\",\"@id\":\"https:\\\/\\\/www.altominho.tv\\\/site\\\/#website\",\"url\":\"https:\\\/\\\/www.altominho.tv\\\/site\\\/\",\"name\":\"Altominho.tv\",\"description\":\"A sua regi\u00e3o \u00e0 dist\u00e2ncia de um clique...\",\"potentialAction\":[{\"@type\":\"SearchAction\",\"target\":{\"@type\":\"EntryPoint\",\"urlTemplate\":\"https:\\\/\\\/www.altominho.tv\\\/site\\\/?s={search_term_string}\"},\"query-input\":{\"@type\":\"PropertyValueSpecification\",\"valueRequired\":true,\"valueName\":\"search_term_string\"}}],\"inLanguage\":\"pt-PT\"},{\"@type\":\"Person\",\"@id\":\"https:\\\/\\\/www.altominho.tv\\\/site\\\/#\\\/schema\\\/person\\\/4e536851627d7914baf3dac752b6af22\",\"name\":\"Altominho.tv\",\"image\":{\"@type\":\"ImageObject\",\"inLanguage\":\"pt-PT\",\"@id\":\"https:\\\/\\\/www.altominho.tv\\\/site\\\/wp-content\\\/uploads\\\/2019\\\/11\\\/Logo_Avatar_2-150x150.jpg\",\"url\":\"https:\\\/\\\/www.altominho.tv\\\/site\\\/wp-content\\\/uploads\\\/2019\\\/11\\\/Logo_Avatar_2-150x150.jpg\",\"contentUrl\":\"https:\\\/\\\/www.altominho.tv\\\/site\\\/wp-content\\\/uploads\\\/2019\\\/11\\\/Logo_Avatar_2-150x150.jpg\",\"caption\":\"Altominho.tv\"},\"url\":\"https:\\\/\\\/www.altominho.tv\\\/site\\\/author\\\/altominhotv-tecnico\\\/\"}]}<\/script>\n<!-- \/ Yoast SEO Premium plugin. -->","yoast_head_json":{"title":"Mosteiro de Sanfins assinala Dia da M\u00e3e com atividades em fam\u00edlia","robots":{"index":"index","follow":"follow","max-snippet":"max-snippet:-1","max-image-preview":"max-image-preview:large","max-video-preview":"max-video-preview:-1"},"canonical":"https:\/\/www.altominho.tv\/site\/2026\/04\/30\/mosteiro-de-sanfins-assinala-dia-da-mae-com-atividades-em-familia\/","og_locale":"pt_PT","og_type":"article","og_title":"Mosteiro de Sanfins assinala Dia da M\u00e3e com atividades em fam\u00edlia","og_description":"O Mosteiro de Sanfins, em Valen\u00e7a, promove este domingo, 3 de maio, uma tarde especial dedicada ao Dia da M\u00e3e e ao Dia Internacional do Sol, com v\u00e1rias atividades gratuitas ao ar livre dirigidas a toda a fam\u00edlia. A iniciativa decorre a partir das 15h00, na antiga Eira da Quinta do Mosteiro, sem necessidade de [&hellip;]","og_url":"https:\/\/www.altominho.tv\/site\/2026\/04\/30\/mosteiro-de-sanfins-assinala-dia-da-mae-com-atividades-em-familia\/","og_site_name":"Altominho.tv","article_publisher":"https:\/\/www.facebook.com\/altominhotv","article_published_time":"2026-04-30T09:47:18+00:00","article_modified_time":"2026-04-30T09:49:38+00:00","og_image":[{"width":1200,"height":630,"url":"https:\/\/www.altominho.tv\/site\/wp-content\/uploads\/2026\/04\/BASE-FB-logo-Branco-1200-x-630-px-19.png","type":"image\/png"}],"author":"Altominho.tv","twitter_card":"summary_large_image","twitter_creator":"@altominhoTV","twitter_site":"@altominhoTV","twitter_misc":{"Escrito por":"Altominho.tv","Tempo estimado de leitura":"2 minutos"},"schema":{"@context":"https:\/\/schema.org","@graph":[{"@type":"Article","@id":"https:\/\/www.altominho.tv\/site\/2026\/04\/30\/mosteiro-de-sanfins-assinala-dia-da-mae-com-atividades-em-familia\/#article","isPartOf":{"@id":"https:\/\/www.altominho.tv\/site\/2026\/04\/30\/mosteiro-de-sanfins-assinala-dia-da-mae-com-atividades-em-familia\/"},"author":{"name":"Altominho.tv","@id":"https:\/\/www.altominho.tv\/site\/#\/schema\/person\/4e536851627d7914baf3dac752b6af22"},"headline":"Mosteiro de Sanfins assinala Dia da M\u00e3e com atividades em fam\u00edlia","datePublished":"2026-04-30T09:47:18+00:00","dateModified":"2026-04-30T09:49:38+00:00","mainEntityOfPage":{"@id":"https:\/\/www.altominho.tv\/site\/2026\/04\/30\/mosteiro-de-sanfins-assinala-dia-da-mae-com-atividades-em-familia\/"},"wordCount":210,"image":{"@id":"https:\/\/www.altominho.tv\/site\/2026\/04\/30\/mosteiro-de-sanfins-assinala-dia-da-mae-com-atividades-em-familia\/#primaryimage"},"thumbnailUrl":"https:\/\/www.altominho.tv\/site\/wp-content\/uploads\/2026\/04\/BASE-FB-logo-Branco-1200-x-630-px-19.png","keywords":["Cultura","Gente","Lazer"],"articleSection":["Valen\u00e7a"],"inLanguage":"pt-PT","copyrightYear":"2026","copyrightHolder":{"@id":"https:\/\/www.altominho.tv\/site\/#organization"}},{"@type":"WebPage","@id":"https:\/\/www.altominho.tv\/site\/2026\/04\/30\/mosteiro-de-sanfins-assinala-dia-da-mae-com-atividades-em-familia\/","url":"https:\/\/www.altominho.tv\/site\/2026\/04\/30\/mosteiro-de-sanfins-assinala-dia-da-mae-com-atividades-em-familia\/","name":"Mosteiro de Sanfins assinala Dia da M\u00e3e com atividades em fam\u00edlia","isPartOf":{"@id":"https:\/\/www.altominho.tv\/site\/#website"},"primaryImageOfPage":{"@id":"https:\/\/www.altominho.tv\/site\/2026\/04\/30\/mosteiro-de-sanfins-assinala-dia-da-mae-com-atividades-em-familia\/#primaryimage"},"image":{"@id":"https:\/\/www.altominho.tv\/site\/2026\/04\/30\/mosteiro-de-sanfins-assinala-dia-da-mae-com-atividades-em-familia\/#primaryimage"},"thumbnailUrl":"https:\/\/www.altominho.tv\/site\/wp-content\/uploads\/2026\/04\/BASE-FB-logo-Branco-1200-x-630-px-19.png","datePublished":"2026-04-30T09:47:18+00:00","dateModified":"2026-04-30T09:49:38+00:00","author":{"@id":"https:\/\/www.altominho.tv\/site\/#\/schema\/person\/4e536851627d7914baf3dac752b6af22"},"breadcrumb":{"@id":"https:\/\/www.altominho.tv\/site\/2026\/04\/30\/mosteiro-de-sanfins-assinala-dia-da-mae-com-atividades-em-familia\/#breadcrumb"},"inLanguage":"pt-PT","potentialAction":[{"@type":"ReadAction","target":["https:\/\/www.altominho.tv\/site\/2026\/04\/30\/mosteiro-de-sanfins-assinala-dia-da-mae-com-atividades-em-familia\/"]}]},{"@type":"ImageObject","inLanguage":"pt-PT","@id":"https:\/\/www.altominho.tv\/site\/2026\/04\/30\/mosteiro-de-sanfins-assinala-dia-da-mae-com-atividades-em-familia\/#primaryimage","url":"https:\/\/www.altominho.tv\/site\/wp-content\/uploads\/2026\/04\/BASE-FB-logo-Branco-1200-x-630-px-19.png","contentUrl":"https:\/\/www.altominho.tv\/site\/wp-content\/uploads\/2026\/04\/BASE-FB-logo-Branco-1200-x-630-px-19.png","width":1200,"height":630},{"@type":"BreadcrumbList","@id":"https:\/\/www.altominho.tv\/site\/2026\/04\/30\/mosteiro-de-sanfins-assinala-dia-da-mae-com-atividades-em-familia\/#breadcrumb","itemListElement":[{"@type":"ListItem","position":1,"name":"In\u00edcio","item":"https:\/\/www.altominho.tv\/site\/"},{"@type":"ListItem","position":2,"name":"Mosteiro de Sanfins assinala Dia da M\u00e3e com atividades em fam\u00edlia"}]},{"@type":"WebSite","@id":"https:\/\/www.altominho.tv\/site\/#website","url":"https:\/\/www.altominho.tv\/site\/","name":"Altominho.tv","description":"A sua regi\u00e3o \u00e0 dist\u00e2ncia de um clique...","potentialAction":[{"@type":"SearchAction","target":{"@type":"EntryPoint","urlTemplate":"https:\/\/www.altominho.tv\/site\/?s={search_term_string}"},"query-input":{"@type":"PropertyValueSpecification","valueRequired":true,"valueName":"search_term_string"}}],"inLanguage":"pt-PT"},{"@type":"Person","@id":"https:\/\/www.altominho.tv\/site\/#\/schema\/person\/4e536851627d7914baf3dac752b6af22","name":"Altominho.tv","image":{"@type":"ImageObject","inLanguage":"pt-PT","@id":"https:\/\/www.altominho.tv\/site\/wp-content\/uploads\/2019\/11\/Logo_Avatar_2-150x150.jpg","url":"https:\/\/www.altominho.tv\/site\/wp-content\/uploads\/2019\/11\/Logo_Avatar_2-150x150.jpg","contentUrl":"https:\/\/www.altominho.tv\/site\/wp-content\/uploads\/2019\/11\/Logo_Avatar_2-150x150.jpg","caption":"Altominho.tv"},"url":"https:\/\/www.altominho.tv\/site\/author\/altominhotv-tecnico\/"}]}},"_links":{"self":[{"href":"https:\/\/www.altominho.tv\/site\/wp-json\/wp\/v2\/posts\/131835","targetHints":{"allow":["GET"]}}],"collection":[{"href":"https:\/\/www.altominho.tv\/site\/wp-json\/wp\/v2\/posts"}],"about":[{"href":"https:\/\/www.altominho.tv\/site\/wp-json\/wp\/v2\/types\/post"}],"author":[{"embeddable":true,"href":"https:\/\/www.altominho.tv\/site\/wp-json\/wp\/v2\/users\/1"}],"replies":[{"embeddable":true,"href":"https:\/\/www.altominho.tv\/site\/wp-json\/wp\/v2\/comments?post=131835"}],"version-history":[{"count":1,"href":"https:\/\/www.altominho.tv\/site\/wp-json\/wp\/v2\/posts\/131835\/revisions"}],"predecessor-version":[{"id":131839,"href":"https:\/\/www.altominho.tv\/site\/wp-json\/wp\/v2\/posts\/131835\/revisions\/131839"}],"wp:featuredmedia":[{"embeddable":true,"href":"https:\/\/www.altominho.tv\/site\/wp-json\/wp\/v2\/media\/131840"}],"wp:attachment":[{"href":"https:\/\/www.altominho.tv\/site\/wp-json\/wp\/v2\/media?parent=131835"}],"wp:term":[{"taxonomy":"category","embeddable":true,"href":"https:\/\/www.altominho.tv\/site\/wp-json\/wp\/v2\/categories?post=131835"},{"taxonomy":"post_tag","embeddable":true,"href":"https:\/\/www.altominho.tv\/site\/wp-json\/wp\/v2\/tags?post=131835"}],"curies":[{"name":"wp","href":"https:\/\/api.w.org\/{rel}","templated":true}]}}