{"id":131829,"date":"2026-04-30T10:26:28","date_gmt":"2026-04-30T09:26:28","guid":{"rendered":"https:\/\/www.altominho.tv\/site\/?p=131829"},"modified":"2026-04-30T10:31:38","modified_gmt":"2026-04-30T09:31:38","slug":"ponte-de-lima-viamecan-empresas","status":"publish","type":"post","link":"https:\/\/www.altominho.tv\/site\/2026\/04\/30\/ponte-de-lima-viamecan-empresas\/","title":{"rendered":"Viamecan destacada como &#8220;Exportador do M\u00eas&#8221; em abril"},"content":{"rendered":"\n<p>A\u00a0Viamecan, sediada em Ponte de Lima,\u00a0foi a\u00a0empresa destacada pela C\u00e2mara de Com\u00e9rcio e Ind\u00fastria Portuguesa (CCIP) como &#8220;Exportador do M\u00eas&#8221; em abril de 2026.<\/p>\n\n\n\n<p>Com este reconhecimento, a empresa promoveu um dia aberto.<\/p>\n\n\n\n<p>A iniciativa visou dar a conhecer os bastidores da empresa de Ponte de Lima, fundada em 2018, e destacar o seu papel na excel\u00eancia da ind\u00fastria metal\u00fargica e manuten\u00e7\u00e3o industrial no mercado global.<\/p>\n\n\n\n<p>\u00c0 Altominho TV, fonte da Viamecan disse que &#8220;o evento decorreu em\u00a0tr\u00eas momentos distintos. Numa primeira fase, foi feita uma\u00a0breve apresenta\u00e7\u00e3o da empresa, onde foram abordados a sua hist\u00f3ria, os desafios enfrentados ao longo do percurso, o crescimento registado nos \u00faltimos sete anos e o processo de internacionaliza\u00e7\u00e3o&#8221;.<\/p>\n\n\n\n<p>Seguidamente, &#8220;teve lugar um momento de esclarecimento de quest\u00f5es, acompanhado de uma\u00a0visita \u00e0s instala\u00e7\u00f5es da Viamecan, incluindo a \u00e1rea de oficina&#8221;.<\/p>\n\n\n\n<p>Por fim, &#8220;realizou-se um\u00a0almo\u00e7o de networking, bastante produtivo, que proporcionou a partilha de experi\u00eancias, a troca de ideias e um maior aprofundamento das rela\u00e7\u00f5es entre os participantes&#8221;.<\/p>\n\n\n\n<p>No site da C\u00e2mara de Com\u00e9rcio, pode ler-se que &#8220;esta iniciativa permitiu aos participantes um contacto direto com a realidade de uma empresa que, desde 2018, tem consolidado o seu percurso como uma refer\u00eancia na ind\u00fastria metal\u00fargica e manuten\u00e7\u00e3o industrial. A visita aos bastidores da Viamecan proporcionou uma vis\u00e3o privilegiada sobre a estrat\u00e9gia de crescimento e a capacidade t\u00e9cnica que permitem \u00e0 empresa responder com sucesso aos exigentes desafios dos mercados nacionais e internacionais&#8221;.<\/p>\n\n\n\n<p>A entidade sublinhou ainda que &#8220;Este momento de partilha reafirmou o papel da iniciativa &#8220;Exportador do M\u00eas&#8221; enquanto plataforma essencial para a troca de conhecimentos entre empresas portuguesas de sucesso. A passagem pela Viamecan evidenciou como a aposta na qualidade, no compromisso t\u00e9cnico e na inova\u00e7\u00e3o cont\u00ednua s\u00e3o os pilares que sustentam a afirma\u00e7\u00e3o de Portugal al\u00e9m-fronteiras&#8221;.<\/p>\n\n\n\n<p>A C\u00e2mara de Com\u00e9rcio e Ind\u00fastria Portuguesa continua, assim, a destacar empresas que, &#8220;pela sua vis\u00e3o estrat\u00e9gica e resili\u00eancia, elevam a competitividade do tecido empresarial portugu\u00eas no mercado global&#8221;. <\/p>\n\n\n\n<p>Fotografias:<strong> Viamecan<\/strong><\/p>\n","protected":false},"excerpt":{"rendered":"<p>A\u00a0Viamecan, sediada em Ponte de Lima,\u00a0foi a\u00a0empresa destacada pela C\u00e2mara de Com\u00e9rcio e Ind\u00fastria Portuguesa (CCIP) como &#8220;Exportador do M\u00eas&#8221; em abril de 2026. Com este reconhecimento, a empresa promoveu um dia aberto. A iniciativa visou dar a conhecer os bastidores da empresa de Ponte de Lima, fundada em 2018, e destacar o seu papel [&hellip;]<\/p>\n","protected":false},"author":7,"featured_media":131834,"comment_status":"closed","ping_status":"closed","sticky":false,"template":"","format":"standard","meta":{"_exactmetrics_skip_tracking":false,"_exactmetrics_sitenote_active":false,"_exactmetrics_sitenote_note":"","_exactmetrics_sitenote_category":0,"footnotes":""},"categories":[12],"tags":[27],"class_list":["post-131829","post","type-post","status-publish","format-standard","has-post-thumbnail","hentry","category-ponte-de-lima","tag-sociedade"],"yoast_head":"<!-- This site is optimized with the Yoast SEO Premium plugin v27.5 (Yoast SEO v27.5) - https:\/\/yoast.com\/product\/yoast-seo-premium-wordpress\/ -->\n<title>Viamecan destacada como &quot;Exportador do M\u00eas&quot; em abril<\/title>\n<meta name=\"description\" content=\"A empresa Viamecan, sediada em Ponte de Lima, foi destacada como &quot;Exportador do M\u00eas&quot; em abril de 2026.\" \/>\n<meta name=\"robots\" content=\"index, follow, max-snippet:-1, max-image-preview:large, max-video-preview:-1\" \/>\n<link rel=\"canonical\" href=\"https:\/\/www.altominho.tv\/site\/2026\/04\/30\/ponte-de-lima-viamecan-empresas\/\" \/>\n<meta property=\"og:locale\" content=\"pt_PT\" \/>\n<meta property=\"og:type\" content=\"article\" \/>\n<meta property=\"og:title\" content=\"Viamecan destacada como &quot;Exportador do M\u00eas&quot; em abril\" \/>\n<meta property=\"og:description\" content=\"A empresa Viamecan, sediada em Ponte de Lima, foi destacada como &quot;Exportador do M\u00eas&quot; em abril de 2026.\" \/>\n<meta property=\"og:url\" content=\"https:\/\/www.altominho.tv\/site\/2026\/04\/30\/ponte-de-lima-viamecan-empresas\/\" \/>\n<meta property=\"og:site_name\" content=\"Altominho.tv\" \/>\n<meta property=\"article:publisher\" content=\"https:\/\/www.facebook.com\/altominhotv\" \/>\n<meta property=\"article:published_time\" content=\"2026-04-30T09:26:28+00:00\" \/>\n<meta property=\"article:modified_time\" content=\"2026-04-30T09:31:38+00:00\" \/>\n<meta property=\"og:image\" content=\"https:\/\/www.altominho.tv\/site\/wp-content\/uploads\/2026\/04\/viamecan1.png\" \/>\n\t<meta property=\"og:image:width\" content=\"1200\" \/>\n\t<meta property=\"og:image:height\" content=\"630\" \/>\n\t<meta property=\"og:image:type\" content=\"image\/png\" \/>\n<meta name=\"author\" content=\"Andreia Cunha\" \/>\n<meta name=\"twitter:card\" content=\"summary_large_image\" \/>\n<meta name=\"twitter:creator\" content=\"@altominhoTV\" \/>\n<meta name=\"twitter:site\" content=\"@altominhoTV\" \/>\n<meta name=\"twitter:label1\" content=\"Escrito por\" \/>\n\t<meta name=\"twitter:data1\" content=\"Andreia Cunha\" \/>\n\t<meta name=\"twitter:label2\" content=\"Tempo estimado de leitura\" \/>\n\t<meta name=\"twitter:data2\" content=\"3 minutos\" \/>\n<script type=\"application\/ld+json\" class=\"yoast-schema-graph\">{\"@context\":\"https:\\\/\\\/schema.org\",\"@graph\":[{\"@type\":\"Article\",\"@id\":\"https:\\\/\\\/www.altominho.tv\\\/site\\\/2026\\\/04\\\/30\\\/ponte-de-lima-viamecan-empresas\\\/#article\",\"isPartOf\":{\"@id\":\"https:\\\/\\\/www.altominho.tv\\\/site\\\/2026\\\/04\\\/30\\\/ponte-de-lima-viamecan-empresas\\\/\"},\"author\":{\"name\":\"Andreia Cunha\",\"@id\":\"https:\\\/\\\/www.altominho.tv\\\/site\\\/#\\\/schema\\\/person\\\/a0e4ef6d041f98ca284393d8f1d97153\"},\"headline\":\"Viamecan destacada como &#8220;Exportador do M\u00eas&#8221; em abril\",\"datePublished\":\"2026-04-30T09:26:28+00:00\",\"dateModified\":\"2026-04-30T09:31:38+00:00\",\"mainEntityOfPage\":{\"@id\":\"https:\\\/\\\/www.altominho.tv\\\/site\\\/2026\\\/04\\\/30\\\/ponte-de-lima-viamecan-empresas\\\/\"},\"wordCount\":375,\"image\":{\"@id\":\"https:\\\/\\\/www.altominho.tv\\\/site\\\/2026\\\/04\\\/30\\\/ponte-de-lima-viamecan-empresas\\\/#primaryimage\"},\"thumbnailUrl\":\"https:\\\/\\\/www.altominho.tv\\\/site\\\/wp-content\\\/uploads\\\/2026\\\/04\\\/viamecan1.png\",\"keywords\":[\"Sociedade\"],\"articleSection\":[\"Ponte de Lima\"],\"inLanguage\":\"pt-PT\",\"copyrightYear\":\"2026\",\"copyrightHolder\":{\"@id\":\"https:\\\/\\\/www.altominho.tv\\\/site\\\/#organization\"}},{\"@type\":\"WebPage\",\"@id\":\"https:\\\/\\\/www.altominho.tv\\\/site\\\/2026\\\/04\\\/30\\\/ponte-de-lima-viamecan-empresas\\\/\",\"url\":\"https:\\\/\\\/www.altominho.tv\\\/site\\\/2026\\\/04\\\/30\\\/ponte-de-lima-viamecan-empresas\\\/\",\"name\":\"Viamecan destacada como \\\"Exportador do M\u00eas\\\" em abril\",\"isPartOf\":{\"@id\":\"https:\\\/\\\/www.altominho.tv\\\/site\\\/#website\"},\"primaryImageOfPage\":{\"@id\":\"https:\\\/\\\/www.altominho.tv\\\/site\\\/2026\\\/04\\\/30\\\/ponte-de-lima-viamecan-empresas\\\/#primaryimage\"},\"image\":{\"@id\":\"https:\\\/\\\/www.altominho.tv\\\/site\\\/2026\\\/04\\\/30\\\/ponte-de-lima-viamecan-empresas\\\/#primaryimage\"},\"thumbnailUrl\":\"https:\\\/\\\/www.altominho.tv\\\/site\\\/wp-content\\\/uploads\\\/2026\\\/04\\\/viamecan1.png\",\"datePublished\":\"2026-04-30T09:26:28+00:00\",\"dateModified\":\"2026-04-30T09:31:38+00:00\",\"author\":{\"@id\":\"https:\\\/\\\/www.altominho.tv\\\/site\\\/#\\\/schema\\\/person\\\/a0e4ef6d041f98ca284393d8f1d97153\"},\"description\":\"A empresa Viamecan, sediada em Ponte de Lima, foi destacada como \\\"Exportador do M\u00eas\\\" em abril de 2026.\",\"breadcrumb\":{\"@id\":\"https:\\\/\\\/www.altominho.tv\\\/site\\\/2026\\\/04\\\/30\\\/ponte-de-lima-viamecan-empresas\\\/#breadcrumb\"},\"inLanguage\":\"pt-PT\",\"potentialAction\":[{\"@type\":\"ReadAction\",\"target\":[\"https:\\\/\\\/www.altominho.tv\\\/site\\\/2026\\\/04\\\/30\\\/ponte-de-lima-viamecan-empresas\\\/\"]}]},{\"@type\":\"ImageObject\",\"inLanguage\":\"pt-PT\",\"@id\":\"https:\\\/\\\/www.altominho.tv\\\/site\\\/2026\\\/04\\\/30\\\/ponte-de-lima-viamecan-empresas\\\/#primaryimage\",\"url\":\"https:\\\/\\\/www.altominho.tv\\\/site\\\/wp-content\\\/uploads\\\/2026\\\/04\\\/viamecan1.png\",\"contentUrl\":\"https:\\\/\\\/www.altominho.tv\\\/site\\\/wp-content\\\/uploads\\\/2026\\\/04\\\/viamecan1.png\",\"width\":1200,\"height\":630},{\"@type\":\"BreadcrumbList\",\"@id\":\"https:\\\/\\\/www.altominho.tv\\\/site\\\/2026\\\/04\\\/30\\\/ponte-de-lima-viamecan-empresas\\\/#breadcrumb\",\"itemListElement\":[{\"@type\":\"ListItem\",\"position\":1,\"name\":\"In\u00edcio\",\"item\":\"https:\\\/\\\/www.altominho.tv\\\/site\\\/\"},{\"@type\":\"ListItem\",\"position\":2,\"name\":\"Viamecan destacada como &#8220;Exportador do M\u00eas&#8221; em abril\"}]},{\"@type\":\"WebSite\",\"@id\":\"https:\\\/\\\/www.altominho.tv\\\/site\\\/#website\",\"url\":\"https:\\\/\\\/www.altominho.tv\\\/site\\\/\",\"name\":\"Altominho.tv\",\"description\":\"A sua regi\u00e3o \u00e0 dist\u00e2ncia de um clique...\",\"potentialAction\":[{\"@type\":\"SearchAction\",\"target\":{\"@type\":\"EntryPoint\",\"urlTemplate\":\"https:\\\/\\\/www.altominho.tv\\\/site\\\/?s={search_term_string}\"},\"query-input\":{\"@type\":\"PropertyValueSpecification\",\"valueRequired\":true,\"valueName\":\"search_term_string\"}}],\"inLanguage\":\"pt-PT\"},{\"@type\":\"Person\",\"@id\":\"https:\\\/\\\/www.altominho.tv\\\/site\\\/#\\\/schema\\\/person\\\/a0e4ef6d041f98ca284393d8f1d97153\",\"name\":\"Andreia Cunha\",\"image\":{\"@type\":\"ImageObject\",\"inLanguage\":\"pt-PT\",\"@id\":\"https:\\\/\\\/www.altominho.tv\\\/site\\\/wp-content\\\/uploads\\\/2017\\\/11\\\/Andreia_Cunha-1-150x150.jpg\",\"url\":\"https:\\\/\\\/www.altominho.tv\\\/site\\\/wp-content\\\/uploads\\\/2017\\\/11\\\/Andreia_Cunha-1-150x150.jpg\",\"contentUrl\":\"https:\\\/\\\/www.altominho.tv\\\/site\\\/wp-content\\\/uploads\\\/2017\\\/11\\\/Andreia_Cunha-1-150x150.jpg\",\"caption\":\"Andreia Cunha\"},\"url\":\"https:\\\/\\\/www.altominho.tv\\\/site\\\/author\\\/andreiacunha\\\/\"}]}<\/script>\n<!-- \/ Yoast SEO Premium plugin. -->","yoast_head_json":{"title":"Viamecan destacada como \"Exportador do M\u00eas\" em abril","description":"A empresa Viamecan, sediada em Ponte de Lima, foi destacada como \"Exportador do M\u00eas\" em abril de 2026.","robots":{"index":"index","follow":"follow","max-snippet":"max-snippet:-1","max-image-preview":"max-image-preview:large","max-video-preview":"max-video-preview:-1"},"canonical":"https:\/\/www.altominho.tv\/site\/2026\/04\/30\/ponte-de-lima-viamecan-empresas\/","og_locale":"pt_PT","og_type":"article","og_title":"Viamecan destacada como \"Exportador do M\u00eas\" em abril","og_description":"A empresa Viamecan, sediada em Ponte de Lima, foi destacada como \"Exportador do M\u00eas\" em abril de 2026.","og_url":"https:\/\/www.altominho.tv\/site\/2026\/04\/30\/ponte-de-lima-viamecan-empresas\/","og_site_name":"Altominho.tv","article_publisher":"https:\/\/www.facebook.com\/altominhotv","article_published_time":"2026-04-30T09:26:28+00:00","article_modified_time":"2026-04-30T09:31:38+00:00","og_image":[{"width":1200,"height":630,"url":"https:\/\/www.altominho.tv\/site\/wp-content\/uploads\/2026\/04\/viamecan1.png","type":"image\/png"}],"author":"Andreia Cunha","twitter_card":"summary_large_image","twitter_creator":"@altominhoTV","twitter_site":"@altominhoTV","twitter_misc":{"Escrito por":"Andreia Cunha","Tempo estimado de leitura":"3 minutos"},"schema":{"@context":"https:\/\/schema.org","@graph":[{"@type":"Article","@id":"https:\/\/www.altominho.tv\/site\/2026\/04\/30\/ponte-de-lima-viamecan-empresas\/#article","isPartOf":{"@id":"https:\/\/www.altominho.tv\/site\/2026\/04\/30\/ponte-de-lima-viamecan-empresas\/"},"author":{"name":"Andreia Cunha","@id":"https:\/\/www.altominho.tv\/site\/#\/schema\/person\/a0e4ef6d041f98ca284393d8f1d97153"},"headline":"Viamecan destacada como &#8220;Exportador do M\u00eas&#8221; em abril","datePublished":"2026-04-30T09:26:28+00:00","dateModified":"2026-04-30T09:31:38+00:00","mainEntityOfPage":{"@id":"https:\/\/www.altominho.tv\/site\/2026\/04\/30\/ponte-de-lima-viamecan-empresas\/"},"wordCount":375,"image":{"@id":"https:\/\/www.altominho.tv\/site\/2026\/04\/30\/ponte-de-lima-viamecan-empresas\/#primaryimage"},"thumbnailUrl":"https:\/\/www.altominho.tv\/site\/wp-content\/uploads\/2026\/04\/viamecan1.png","keywords":["Sociedade"],"articleSection":["Ponte de Lima"],"inLanguage":"pt-PT","copyrightYear":"2026","copyrightHolder":{"@id":"https:\/\/www.altominho.tv\/site\/#organization"}},{"@type":"WebPage","@id":"https:\/\/www.altominho.tv\/site\/2026\/04\/30\/ponte-de-lima-viamecan-empresas\/","url":"https:\/\/www.altominho.tv\/site\/2026\/04\/30\/ponte-de-lima-viamecan-empresas\/","name":"Viamecan destacada como \"Exportador do M\u00eas\" em abril","isPartOf":{"@id":"https:\/\/www.altominho.tv\/site\/#website"},"primaryImageOfPage":{"@id":"https:\/\/www.altominho.tv\/site\/2026\/04\/30\/ponte-de-lima-viamecan-empresas\/#primaryimage"},"image":{"@id":"https:\/\/www.altominho.tv\/site\/2026\/04\/30\/ponte-de-lima-viamecan-empresas\/#primaryimage"},"thumbnailUrl":"https:\/\/www.altominho.tv\/site\/wp-content\/uploads\/2026\/04\/viamecan1.png","datePublished":"2026-04-30T09:26:28+00:00","dateModified":"2026-04-30T09:31:38+00:00","author":{"@id":"https:\/\/www.altominho.tv\/site\/#\/schema\/person\/a0e4ef6d041f98ca284393d8f1d97153"},"description":"A empresa Viamecan, sediada em Ponte de Lima, foi destacada como \"Exportador do M\u00eas\" em abril de 2026.","breadcrumb":{"@id":"https:\/\/www.altominho.tv\/site\/2026\/04\/30\/ponte-de-lima-viamecan-empresas\/#breadcrumb"},"inLanguage":"pt-PT","potentialAction":[{"@type":"ReadAction","target":["https:\/\/www.altominho.tv\/site\/2026\/04\/30\/ponte-de-lima-viamecan-empresas\/"]}]},{"@type":"ImageObject","inLanguage":"pt-PT","@id":"https:\/\/www.altominho.tv\/site\/2026\/04\/30\/ponte-de-lima-viamecan-empresas\/#primaryimage","url":"https:\/\/www.altominho.tv\/site\/wp-content\/uploads\/2026\/04\/viamecan1.png","contentUrl":"https:\/\/www.altominho.tv\/site\/wp-content\/uploads\/2026\/04\/viamecan1.png","width":1200,"height":630},{"@type":"BreadcrumbList","@id":"https:\/\/www.altominho.tv\/site\/2026\/04\/30\/ponte-de-lima-viamecan-empresas\/#breadcrumb","itemListElement":[{"@type":"ListItem","position":1,"name":"In\u00edcio","item":"https:\/\/www.altominho.tv\/site\/"},{"@type":"ListItem","position":2,"name":"Viamecan destacada como &#8220;Exportador do M\u00eas&#8221; em abril"}]},{"@type":"WebSite","@id":"https:\/\/www.altominho.tv\/site\/#website","url":"https:\/\/www.altominho.tv\/site\/","name":"Altominho.tv","description":"A sua regi\u00e3o \u00e0 dist\u00e2ncia de um clique...","potentialAction":[{"@type":"SearchAction","target":{"@type":"EntryPoint","urlTemplate":"https:\/\/www.altominho.tv\/site\/?s={search_term_string}"},"query-input":{"@type":"PropertyValueSpecification","valueRequired":true,"valueName":"search_term_string"}}],"inLanguage":"pt-PT"},{"@type":"Person","@id":"https:\/\/www.altominho.tv\/site\/#\/schema\/person\/a0e4ef6d041f98ca284393d8f1d97153","name":"Andreia Cunha","image":{"@type":"ImageObject","inLanguage":"pt-PT","@id":"https:\/\/www.altominho.tv\/site\/wp-content\/uploads\/2017\/11\/Andreia_Cunha-1-150x150.jpg","url":"https:\/\/www.altominho.tv\/site\/wp-content\/uploads\/2017\/11\/Andreia_Cunha-1-150x150.jpg","contentUrl":"https:\/\/www.altominho.tv\/site\/wp-content\/uploads\/2017\/11\/Andreia_Cunha-1-150x150.jpg","caption":"Andreia Cunha"},"url":"https:\/\/www.altominho.tv\/site\/author\/andreiacunha\/"}]}},"_links":{"self":[{"href":"https:\/\/www.altominho.tv\/site\/wp-json\/wp\/v2\/posts\/131829","targetHints":{"allow":["GET"]}}],"collection":[{"href":"https:\/\/www.altominho.tv\/site\/wp-json\/wp\/v2\/posts"}],"about":[{"href":"https:\/\/www.altominho.tv\/site\/wp-json\/wp\/v2\/types\/post"}],"author":[{"embeddable":true,"href":"https:\/\/www.altominho.tv\/site\/wp-json\/wp\/v2\/users\/7"}],"replies":[{"embeddable":true,"href":"https:\/\/www.altominho.tv\/site\/wp-json\/wp\/v2\/comments?post=131829"}],"version-history":[{"count":1,"href":"https:\/\/www.altominho.tv\/site\/wp-json\/wp\/v2\/posts\/131829\/revisions"}],"predecessor-version":[{"id":131832,"href":"https:\/\/www.altominho.tv\/site\/wp-json\/wp\/v2\/posts\/131829\/revisions\/131832"}],"wp:featuredmedia":[{"embeddable":true,"href":"https:\/\/www.altominho.tv\/site\/wp-json\/wp\/v2\/media\/131834"}],"wp:attachment":[{"href":"https:\/\/www.altominho.tv\/site\/wp-json\/wp\/v2\/media?parent=131829"}],"wp:term":[{"taxonomy":"category","embeddable":true,"href":"https:\/\/www.altominho.tv\/site\/wp-json\/wp\/v2\/categories?post=131829"},{"taxonomy":"post_tag","embeddable":true,"href":"https:\/\/www.altominho.tv\/site\/wp-json\/wp\/v2\/tags?post=131829"}],"curies":[{"name":"wp","href":"https:\/\/api.w.org\/{rel}","templated":true}]}}