{"id":131826,"date":"2026-04-30T10:11:01","date_gmt":"2026-04-30T09:11:01","guid":{"rendered":"https:\/\/www.altominho.tv\/site\/?p=131826"},"modified":"2026-04-30T11:05:29","modified_gmt":"2026-04-30T10:05:29","slug":"bombeiros-de-arcos-de-valdevez-anunciam-novo-comando-operacional","status":"publish","type":"post","link":"https:\/\/www.altominho.tv\/site\/2026\/04\/30\/bombeiros-de-arcos-de-valdevez-anunciam-novo-comando-operacional\/","title":{"rendered":"Bombeiros de Arcos de Valdevez anunciam novo comando operacional"},"content":{"rendered":"<p data-start=\"141\" data-end=\"458\">A dire\u00e7\u00e3o da Associa\u00e7\u00e3o Humanit\u00e1ria dos Bombeiros Volunt\u00e1rios de Arcos de Valdevez (AHBAV) anunciou hoje a composi\u00e7\u00e3o do novo comando, liderado por Duarte Nuno Pereira, que sucede a Filipe Guimar\u00e3es que, em mar\u00e7o, cessou fun\u00e7\u00f5es, por motivos profissionais.<\/p>\n<p data-start=\"141\" data-end=\"458\">\nEm comunicado, a dire\u00e7\u00e3o da AHBVAV adianta que a nomea\u00e7\u00e3o do novo comando operacional \u201cd\u00e1 in\u00edcio a um novo ciclo de lideran\u00e7a orientado para a continuidade do trabalho desenvolvido, o refor\u00e7o da capacidade de resposta e a consolida\u00e7\u00e3o da miss\u00e3o de prote\u00e7\u00e3o e socorro no concelho de Arcos de Valdevez\u201d.<\/p>\n<p data-start=\"141\" data-end=\"458\">\nAl\u00e9m do comandante Duarte Nuno Pereira, a estrutura de comando integra o segundo-comandante Miguel Lopes e o adjunto de comando, Nuno Amorim.<\/p>\n<p data-start=\"141\" data-end=\"458\">\n\u201cA dire\u00e7\u00e3o endere\u00e7a um voto de confian\u00e7a para o desempenho destas fun\u00e7\u00f5es de elevada exig\u00eancia e responsabilidade\u201d, refere a nota.<\/p>\n<p data-start=\"141\" data-end=\"458\">\nA AHBVAV destaca \u201co percurso e a experi\u00eancia do adjunto de comando Nuno Amorim, que integra a For\u00e7a Especial de Prote\u00e7\u00e3o Civil, onde desempenha fun\u00e7\u00f5es de elevado n\u00edvel de responsabilidade\u201d.<\/p>\n<p data-start=\"141\" data-end=\"458\">\n\u201cA sua experi\u00eancia operacional e o conhecimento t\u00e9cnico adquirido neste contexto altamente exigente constituir\u00e3o uma mais-valia determinante para o refor\u00e7o da qualifica\u00e7\u00e3o, da forma\u00e7\u00e3o e da prepara\u00e7\u00e3o dos operacionais do corpo de bombeiros, contribuindo para a eleva\u00e7\u00e3o dos padr\u00f5es de exig\u00eancia e prontid\u00e3o da institui\u00e7\u00e3o\u201d, real\u00e7a a dire\u00e7\u00e3o.<\/p>\n<p data-start=\"141\" data-end=\"458\">\nOs \u201celementos agora nomeados ser\u00e3o, de imediato, inscritos na Escola Nacional de Bombeiros, com vista \u00e0 obten\u00e7\u00e3o da forma\u00e7\u00e3o espec\u00edfica e certifica\u00e7\u00e3o necess\u00e1rias ao exerc\u00edcio destas fun\u00e7\u00f5es de comando, reconhecendo a complexidade e a import\u00e2ncia de uma prepara\u00e7\u00e3o t\u00e9cnica s\u00f3lida e adequada \u00e0s exig\u00eancias operacionais atuais\u201d.<\/p>\n<p data-start=\"141\" data-end=\"458\">\nA dire\u00e7\u00e3o \u201centende, igualmente, ser fundamental continuar a promover a valoriza\u00e7\u00e3o do papel das mulheres na institui\u00e7\u00e3o, pelo que ser\u00e1 brevemente anunciado o nome de uma bombeira que integrar\u00e1 a estrutura de comando, refor\u00e7ando o compromisso com uma maior representatividade e reconhecimento do contributo feminino no seio da organiza\u00e7\u00e3o\u201d.<\/p>\n<p data-start=\"141\" data-end=\"458\">\n\u201cCom esta nomea\u00e7\u00e3o, a dire\u00e7\u00e3o AHBVAV reafirma o seu empenho em garantir uma lideran\u00e7a competente, respons\u00e1vel e preparada, capaz de dar resposta eficaz aos desafios atuais e futuros, sempre ao servi\u00e7o da popula\u00e7\u00e3o\u201d, l\u00ea-se no comunicado.<br \/>\nO anterior comandante deixou o cargo em mar\u00e7o, depois de 13 anos na fun\u00e7\u00e3o.<\/p>\n<p data-start=\"141\" data-end=\"458\">\nFilipe Guimar\u00e3es disse anteriormente \u00e0 ag\u00eancia Lusa ter sa\u00eddo \u201cem paz\u201d, regressando aos quadros da C\u00e2mara Municipal, alegando que a fam\u00edlia e a licenciatura em Engenharia do Ambiente e Geoinform\u00e1tica, que concluiu, pesaram na decis\u00e3o.<\/p>\n","protected":false},"excerpt":{"rendered":"<p>A dire\u00e7\u00e3o da Associa\u00e7\u00e3o Humanit\u00e1ria dos Bombeiros Volunt\u00e1rios de Arcos de Valdevez (AHBAV) anunciou hoje a composi\u00e7\u00e3o do novo comando, liderado por Duarte Nuno Pereira, que sucede a Filipe Guimar\u00e3es que, em mar\u00e7o, cessou fun\u00e7\u00f5es, por motivos profissionais. Em comunicado, a dire\u00e7\u00e3o da AHBVAV adianta que a nomea\u00e7\u00e3o do novo comando operacional \u201cd\u00e1 in\u00edcio a [&hellip;]<\/p>\n","protected":false},"author":1,"featured_media":131827,"comment_status":"closed","ping_status":"closed","sticky":false,"template":"","format":"standard","meta":{"_exactmetrics_skip_tracking":false,"_exactmetrics_sitenote_active":false,"_exactmetrics_sitenote_note":"","_exactmetrics_sitenote_category":0,"footnotes":""},"categories":[2],"tags":[27],"class_list":["post-131826","post","type-post","status-publish","format-standard","has-post-thumbnail","hentry","category-arcos-de-valdevez","tag-sociedade"],"yoast_head":"<!-- This site is optimized with the Yoast SEO Premium plugin v27.5 (Yoast SEO v27.5) - https:\/\/yoast.com\/product\/yoast-seo-premium-wordpress\/ -->\n<title>Bombeiros de Arcos de Valdevez anunciam novo comando operacional<\/title>\n<meta name=\"robots\" content=\"index, follow, max-snippet:-1, max-image-preview:large, max-video-preview:-1\" \/>\n<link rel=\"canonical\" href=\"https:\/\/www.altominho.tv\/site\/2026\/04\/30\/bombeiros-de-arcos-de-valdevez-anunciam-novo-comando-operacional\/\" \/>\n<meta property=\"og:locale\" content=\"pt_PT\" \/>\n<meta property=\"og:type\" content=\"article\" \/>\n<meta property=\"og:title\" content=\"Bombeiros de Arcos de Valdevez anunciam novo comando operacional\" \/>\n<meta property=\"og:description\" content=\"A dire\u00e7\u00e3o da Associa\u00e7\u00e3o Humanit\u00e1ria dos Bombeiros Volunt\u00e1rios de Arcos de Valdevez (AHBAV) anunciou hoje a composi\u00e7\u00e3o do novo comando, liderado por Duarte Nuno Pereira, que sucede a Filipe Guimar\u00e3es que, em mar\u00e7o, cessou fun\u00e7\u00f5es, por motivos profissionais. Em comunicado, a dire\u00e7\u00e3o da AHBVAV adianta que a nomea\u00e7\u00e3o do novo comando operacional \u201cd\u00e1 in\u00edcio a [&hellip;]\" \/>\n<meta property=\"og:url\" content=\"https:\/\/www.altominho.tv\/site\/2026\/04\/30\/bombeiros-de-arcos-de-valdevez-anunciam-novo-comando-operacional\/\" \/>\n<meta property=\"og:site_name\" content=\"Altominho.tv\" \/>\n<meta property=\"article:publisher\" content=\"https:\/\/www.facebook.com\/altominhotv\" \/>\n<meta property=\"article:published_time\" content=\"2026-04-30T09:11:01+00:00\" \/>\n<meta property=\"article:modified_time\" content=\"2026-04-30T10:05:29+00:00\" \/>\n<meta property=\"og:image\" content=\"https:\/\/www.altominho.tv\/site\/wp-content\/uploads\/2026\/04\/BASE-FB-logo-Branco-1200-x-630-px-18.png\" \/>\n\t<meta property=\"og:image:width\" content=\"1200\" \/>\n\t<meta property=\"og:image:height\" content=\"630\" \/>\n\t<meta property=\"og:image:type\" content=\"image\/png\" \/>\n<meta name=\"author\" content=\"Altominho.tv\" \/>\n<meta name=\"twitter:card\" content=\"summary_large_image\" \/>\n<meta name=\"twitter:creator\" content=\"@altominhoTV\" \/>\n<meta name=\"twitter:site\" content=\"@altominhoTV\" \/>\n<meta name=\"twitter:label1\" content=\"Escrito por\" \/>\n\t<meta name=\"twitter:data1\" content=\"Altominho.tv\" \/>\n\t<meta name=\"twitter:label2\" content=\"Tempo estimado de leitura\" \/>\n\t<meta name=\"twitter:data2\" content=\"3 minutos\" \/>\n<script type=\"application\/ld+json\" class=\"yoast-schema-graph\">{\"@context\":\"https:\\\/\\\/schema.org\",\"@graph\":[{\"@type\":\"Article\",\"@id\":\"https:\\\/\\\/www.altominho.tv\\\/site\\\/2026\\\/04\\\/30\\\/bombeiros-de-arcos-de-valdevez-anunciam-novo-comando-operacional\\\/#article\",\"isPartOf\":{\"@id\":\"https:\\\/\\\/www.altominho.tv\\\/site\\\/2026\\\/04\\\/30\\\/bombeiros-de-arcos-de-valdevez-anunciam-novo-comando-operacional\\\/\"},\"author\":{\"name\":\"Altominho.tv\",\"@id\":\"https:\\\/\\\/www.altominho.tv\\\/site\\\/#\\\/schema\\\/person\\\/4e536851627d7914baf3dac752b6af22\"},\"headline\":\"Bombeiros de Arcos de Valdevez anunciam novo comando operacional\",\"datePublished\":\"2026-04-30T09:11:01+00:00\",\"dateModified\":\"2026-04-30T10:05:29+00:00\",\"mainEntityOfPage\":{\"@id\":\"https:\\\/\\\/www.altominho.tv\\\/site\\\/2026\\\/04\\\/30\\\/bombeiros-de-arcos-de-valdevez-anunciam-novo-comando-operacional\\\/\"},\"wordCount\":469,\"image\":{\"@id\":\"https:\\\/\\\/www.altominho.tv\\\/site\\\/2026\\\/04\\\/30\\\/bombeiros-de-arcos-de-valdevez-anunciam-novo-comando-operacional\\\/#primaryimage\"},\"thumbnailUrl\":\"https:\\\/\\\/www.altominho.tv\\\/site\\\/wp-content\\\/uploads\\\/2026\\\/04\\\/BASE-FB-logo-Branco-1200-x-630-px-18.png\",\"keywords\":[\"Sociedade\"],\"articleSection\":[\"Arcos de Valdevez\"],\"inLanguage\":\"pt-PT\",\"copyrightYear\":\"2026\",\"copyrightHolder\":{\"@id\":\"https:\\\/\\\/www.altominho.tv\\\/site\\\/#organization\"}},{\"@type\":\"WebPage\",\"@id\":\"https:\\\/\\\/www.altominho.tv\\\/site\\\/2026\\\/04\\\/30\\\/bombeiros-de-arcos-de-valdevez-anunciam-novo-comando-operacional\\\/\",\"url\":\"https:\\\/\\\/www.altominho.tv\\\/site\\\/2026\\\/04\\\/30\\\/bombeiros-de-arcos-de-valdevez-anunciam-novo-comando-operacional\\\/\",\"name\":\"Bombeiros de Arcos de Valdevez anunciam novo comando operacional\",\"isPartOf\":{\"@id\":\"https:\\\/\\\/www.altominho.tv\\\/site\\\/#website\"},\"primaryImageOfPage\":{\"@id\":\"https:\\\/\\\/www.altominho.tv\\\/site\\\/2026\\\/04\\\/30\\\/bombeiros-de-arcos-de-valdevez-anunciam-novo-comando-operacional\\\/#primaryimage\"},\"image\":{\"@id\":\"https:\\\/\\\/www.altominho.tv\\\/site\\\/2026\\\/04\\\/30\\\/bombeiros-de-arcos-de-valdevez-anunciam-novo-comando-operacional\\\/#primaryimage\"},\"thumbnailUrl\":\"https:\\\/\\\/www.altominho.tv\\\/site\\\/wp-content\\\/uploads\\\/2026\\\/04\\\/BASE-FB-logo-Branco-1200-x-630-px-18.png\",\"datePublished\":\"2026-04-30T09:11:01+00:00\",\"dateModified\":\"2026-04-30T10:05:29+00:00\",\"author\":{\"@id\":\"https:\\\/\\\/www.altominho.tv\\\/site\\\/#\\\/schema\\\/person\\\/4e536851627d7914baf3dac752b6af22\"},\"breadcrumb\":{\"@id\":\"https:\\\/\\\/www.altominho.tv\\\/site\\\/2026\\\/04\\\/30\\\/bombeiros-de-arcos-de-valdevez-anunciam-novo-comando-operacional\\\/#breadcrumb\"},\"inLanguage\":\"pt-PT\",\"potentialAction\":[{\"@type\":\"ReadAction\",\"target\":[\"https:\\\/\\\/www.altominho.tv\\\/site\\\/2026\\\/04\\\/30\\\/bombeiros-de-arcos-de-valdevez-anunciam-novo-comando-operacional\\\/\"]}]},{\"@type\":\"ImageObject\",\"inLanguage\":\"pt-PT\",\"@id\":\"https:\\\/\\\/www.altominho.tv\\\/site\\\/2026\\\/04\\\/30\\\/bombeiros-de-arcos-de-valdevez-anunciam-novo-comando-operacional\\\/#primaryimage\",\"url\":\"https:\\\/\\\/www.altominho.tv\\\/site\\\/wp-content\\\/uploads\\\/2026\\\/04\\\/BASE-FB-logo-Branco-1200-x-630-px-18.png\",\"contentUrl\":\"https:\\\/\\\/www.altominho.tv\\\/site\\\/wp-content\\\/uploads\\\/2026\\\/04\\\/BASE-FB-logo-Branco-1200-x-630-px-18.png\",\"width\":1200,\"height\":630},{\"@type\":\"BreadcrumbList\",\"@id\":\"https:\\\/\\\/www.altominho.tv\\\/site\\\/2026\\\/04\\\/30\\\/bombeiros-de-arcos-de-valdevez-anunciam-novo-comando-operacional\\\/#breadcrumb\",\"itemListElement\":[{\"@type\":\"ListItem\",\"position\":1,\"name\":\"In\u00edcio\",\"item\":\"https:\\\/\\\/www.altominho.tv\\\/site\\\/\"},{\"@type\":\"ListItem\",\"position\":2,\"name\":\"Bombeiros de Arcos de Valdevez anunciam novo comando operacional\"}]},{\"@type\":\"WebSite\",\"@id\":\"https:\\\/\\\/www.altominho.tv\\\/site\\\/#website\",\"url\":\"https:\\\/\\\/www.altominho.tv\\\/site\\\/\",\"name\":\"Altominho.tv\",\"description\":\"A sua regi\u00e3o \u00e0 dist\u00e2ncia de um clique...\",\"potentialAction\":[{\"@type\":\"SearchAction\",\"target\":{\"@type\":\"EntryPoint\",\"urlTemplate\":\"https:\\\/\\\/www.altominho.tv\\\/site\\\/?s={search_term_string}\"},\"query-input\":{\"@type\":\"PropertyValueSpecification\",\"valueRequired\":true,\"valueName\":\"search_term_string\"}}],\"inLanguage\":\"pt-PT\"},{\"@type\":\"Person\",\"@id\":\"https:\\\/\\\/www.altominho.tv\\\/site\\\/#\\\/schema\\\/person\\\/4e536851627d7914baf3dac752b6af22\",\"name\":\"Altominho.tv\",\"image\":{\"@type\":\"ImageObject\",\"inLanguage\":\"pt-PT\",\"@id\":\"https:\\\/\\\/www.altominho.tv\\\/site\\\/wp-content\\\/uploads\\\/2019\\\/11\\\/Logo_Avatar_2-150x150.jpg\",\"url\":\"https:\\\/\\\/www.altominho.tv\\\/site\\\/wp-content\\\/uploads\\\/2019\\\/11\\\/Logo_Avatar_2-150x150.jpg\",\"contentUrl\":\"https:\\\/\\\/www.altominho.tv\\\/site\\\/wp-content\\\/uploads\\\/2019\\\/11\\\/Logo_Avatar_2-150x150.jpg\",\"caption\":\"Altominho.tv\"},\"url\":\"https:\\\/\\\/www.altominho.tv\\\/site\\\/author\\\/altominhotv-tecnico\\\/\"}]}<\/script>\n<!-- \/ Yoast SEO Premium plugin. -->","yoast_head_json":{"title":"Bombeiros de Arcos de Valdevez anunciam novo comando operacional","robots":{"index":"index","follow":"follow","max-snippet":"max-snippet:-1","max-image-preview":"max-image-preview:large","max-video-preview":"max-video-preview:-1"},"canonical":"https:\/\/www.altominho.tv\/site\/2026\/04\/30\/bombeiros-de-arcos-de-valdevez-anunciam-novo-comando-operacional\/","og_locale":"pt_PT","og_type":"article","og_title":"Bombeiros de Arcos de Valdevez anunciam novo comando operacional","og_description":"A dire\u00e7\u00e3o da Associa\u00e7\u00e3o Humanit\u00e1ria dos Bombeiros Volunt\u00e1rios de Arcos de Valdevez (AHBAV) anunciou hoje a composi\u00e7\u00e3o do novo comando, liderado por Duarte Nuno Pereira, que sucede a Filipe Guimar\u00e3es que, em mar\u00e7o, cessou fun\u00e7\u00f5es, por motivos profissionais. Em comunicado, a dire\u00e7\u00e3o da AHBVAV adianta que a nomea\u00e7\u00e3o do novo comando operacional \u201cd\u00e1 in\u00edcio a [&hellip;]","og_url":"https:\/\/www.altominho.tv\/site\/2026\/04\/30\/bombeiros-de-arcos-de-valdevez-anunciam-novo-comando-operacional\/","og_site_name":"Altominho.tv","article_publisher":"https:\/\/www.facebook.com\/altominhotv","article_published_time":"2026-04-30T09:11:01+00:00","article_modified_time":"2026-04-30T10:05:29+00:00","og_image":[{"width":1200,"height":630,"url":"https:\/\/www.altominho.tv\/site\/wp-content\/uploads\/2026\/04\/BASE-FB-logo-Branco-1200-x-630-px-18.png","type":"image\/png"}],"author":"Altominho.tv","twitter_card":"summary_large_image","twitter_creator":"@altominhoTV","twitter_site":"@altominhoTV","twitter_misc":{"Escrito por":"Altominho.tv","Tempo estimado de leitura":"3 minutos"},"schema":{"@context":"https:\/\/schema.org","@graph":[{"@type":"Article","@id":"https:\/\/www.altominho.tv\/site\/2026\/04\/30\/bombeiros-de-arcos-de-valdevez-anunciam-novo-comando-operacional\/#article","isPartOf":{"@id":"https:\/\/www.altominho.tv\/site\/2026\/04\/30\/bombeiros-de-arcos-de-valdevez-anunciam-novo-comando-operacional\/"},"author":{"name":"Altominho.tv","@id":"https:\/\/www.altominho.tv\/site\/#\/schema\/person\/4e536851627d7914baf3dac752b6af22"},"headline":"Bombeiros de Arcos de Valdevez anunciam novo comando operacional","datePublished":"2026-04-30T09:11:01+00:00","dateModified":"2026-04-30T10:05:29+00:00","mainEntityOfPage":{"@id":"https:\/\/www.altominho.tv\/site\/2026\/04\/30\/bombeiros-de-arcos-de-valdevez-anunciam-novo-comando-operacional\/"},"wordCount":469,"image":{"@id":"https:\/\/www.altominho.tv\/site\/2026\/04\/30\/bombeiros-de-arcos-de-valdevez-anunciam-novo-comando-operacional\/#primaryimage"},"thumbnailUrl":"https:\/\/www.altominho.tv\/site\/wp-content\/uploads\/2026\/04\/BASE-FB-logo-Branco-1200-x-630-px-18.png","keywords":["Sociedade"],"articleSection":["Arcos de Valdevez"],"inLanguage":"pt-PT","copyrightYear":"2026","copyrightHolder":{"@id":"https:\/\/www.altominho.tv\/site\/#organization"}},{"@type":"WebPage","@id":"https:\/\/www.altominho.tv\/site\/2026\/04\/30\/bombeiros-de-arcos-de-valdevez-anunciam-novo-comando-operacional\/","url":"https:\/\/www.altominho.tv\/site\/2026\/04\/30\/bombeiros-de-arcos-de-valdevez-anunciam-novo-comando-operacional\/","name":"Bombeiros de Arcos de Valdevez anunciam novo comando operacional","isPartOf":{"@id":"https:\/\/www.altominho.tv\/site\/#website"},"primaryImageOfPage":{"@id":"https:\/\/www.altominho.tv\/site\/2026\/04\/30\/bombeiros-de-arcos-de-valdevez-anunciam-novo-comando-operacional\/#primaryimage"},"image":{"@id":"https:\/\/www.altominho.tv\/site\/2026\/04\/30\/bombeiros-de-arcos-de-valdevez-anunciam-novo-comando-operacional\/#primaryimage"},"thumbnailUrl":"https:\/\/www.altominho.tv\/site\/wp-content\/uploads\/2026\/04\/BASE-FB-logo-Branco-1200-x-630-px-18.png","datePublished":"2026-04-30T09:11:01+00:00","dateModified":"2026-04-30T10:05:29+00:00","author":{"@id":"https:\/\/www.altominho.tv\/site\/#\/schema\/person\/4e536851627d7914baf3dac752b6af22"},"breadcrumb":{"@id":"https:\/\/www.altominho.tv\/site\/2026\/04\/30\/bombeiros-de-arcos-de-valdevez-anunciam-novo-comando-operacional\/#breadcrumb"},"inLanguage":"pt-PT","potentialAction":[{"@type":"ReadAction","target":["https:\/\/www.altominho.tv\/site\/2026\/04\/30\/bombeiros-de-arcos-de-valdevez-anunciam-novo-comando-operacional\/"]}]},{"@type":"ImageObject","inLanguage":"pt-PT","@id":"https:\/\/www.altominho.tv\/site\/2026\/04\/30\/bombeiros-de-arcos-de-valdevez-anunciam-novo-comando-operacional\/#primaryimage","url":"https:\/\/www.altominho.tv\/site\/wp-content\/uploads\/2026\/04\/BASE-FB-logo-Branco-1200-x-630-px-18.png","contentUrl":"https:\/\/www.altominho.tv\/site\/wp-content\/uploads\/2026\/04\/BASE-FB-logo-Branco-1200-x-630-px-18.png","width":1200,"height":630},{"@type":"BreadcrumbList","@id":"https:\/\/www.altominho.tv\/site\/2026\/04\/30\/bombeiros-de-arcos-de-valdevez-anunciam-novo-comando-operacional\/#breadcrumb","itemListElement":[{"@type":"ListItem","position":1,"name":"In\u00edcio","item":"https:\/\/www.altominho.tv\/site\/"},{"@type":"ListItem","position":2,"name":"Bombeiros de Arcos de Valdevez anunciam novo comando operacional"}]},{"@type":"WebSite","@id":"https:\/\/www.altominho.tv\/site\/#website","url":"https:\/\/www.altominho.tv\/site\/","name":"Altominho.tv","description":"A sua regi\u00e3o \u00e0 dist\u00e2ncia de um clique...","potentialAction":[{"@type":"SearchAction","target":{"@type":"EntryPoint","urlTemplate":"https:\/\/www.altominho.tv\/site\/?s={search_term_string}"},"query-input":{"@type":"PropertyValueSpecification","valueRequired":true,"valueName":"search_term_string"}}],"inLanguage":"pt-PT"},{"@type":"Person","@id":"https:\/\/www.altominho.tv\/site\/#\/schema\/person\/4e536851627d7914baf3dac752b6af22","name":"Altominho.tv","image":{"@type":"ImageObject","inLanguage":"pt-PT","@id":"https:\/\/www.altominho.tv\/site\/wp-content\/uploads\/2019\/11\/Logo_Avatar_2-150x150.jpg","url":"https:\/\/www.altominho.tv\/site\/wp-content\/uploads\/2019\/11\/Logo_Avatar_2-150x150.jpg","contentUrl":"https:\/\/www.altominho.tv\/site\/wp-content\/uploads\/2019\/11\/Logo_Avatar_2-150x150.jpg","caption":"Altominho.tv"},"url":"https:\/\/www.altominho.tv\/site\/author\/altominhotv-tecnico\/"}]}},"_links":{"self":[{"href":"https:\/\/www.altominho.tv\/site\/wp-json\/wp\/v2\/posts\/131826","targetHints":{"allow":["GET"]}}],"collection":[{"href":"https:\/\/www.altominho.tv\/site\/wp-json\/wp\/v2\/posts"}],"about":[{"href":"https:\/\/www.altominho.tv\/site\/wp-json\/wp\/v2\/types\/post"}],"author":[{"embeddable":true,"href":"https:\/\/www.altominho.tv\/site\/wp-json\/wp\/v2\/users\/1"}],"replies":[{"embeddable":true,"href":"https:\/\/www.altominho.tv\/site\/wp-json\/wp\/v2\/comments?post=131826"}],"version-history":[{"count":2,"href":"https:\/\/www.altominho.tv\/site\/wp-json\/wp\/v2\/posts\/131826\/revisions"}],"predecessor-version":[{"id":131843,"href":"https:\/\/www.altominho.tv\/site\/wp-json\/wp\/v2\/posts\/131826\/revisions\/131843"}],"wp:featuredmedia":[{"embeddable":true,"href":"https:\/\/www.altominho.tv\/site\/wp-json\/wp\/v2\/media\/131827"}],"wp:attachment":[{"href":"https:\/\/www.altominho.tv\/site\/wp-json\/wp\/v2\/media?parent=131826"}],"wp:term":[{"taxonomy":"category","embeddable":true,"href":"https:\/\/www.altominho.tv\/site\/wp-json\/wp\/v2\/categories?post=131826"},{"taxonomy":"post_tag","embeddable":true,"href":"https:\/\/www.altominho.tv\/site\/wp-json\/wp\/v2\/tags?post=131826"}],"curies":[{"name":"wp","href":"https:\/\/api.w.org\/{rel}","templated":true}]}}