{"id":131813,"date":"2026-04-30T08:31:12","date_gmt":"2026-04-30T07:31:12","guid":{"rendered":"https:\/\/www.altominho.tv\/site\/?p=131813"},"modified":"2026-04-30T08:31:19","modified_gmt":"2026-04-30T07:31:19","slug":"escola-superior-de-desporto-e-lazer-do-ipvc-assinala-15-anos-com-anuncio-de-primeiro-doutoramento","status":"publish","type":"post","link":"https:\/\/www.altominho.tv\/site\/2026\/04\/30\/escola-superior-de-desporto-e-lazer-do-ipvc-assinala-15-anos-com-anuncio-de-primeiro-doutoramento\/","title":{"rendered":"Escola Superior de Desporto e Lazer do IPVC assinala 15 anos com an\u00fancio de primeiro doutoramento"},"content":{"rendered":"<p data-start=\"140\" data-end=\"447\">A Escola Superior de Desporto e Lazer (ESDL) do Polit\u00e9cnico de Viana do Castelo celebra o seu 15.\u00ba anivers\u00e1rio com o an\u00fancio do primeiro doutoramento da institui\u00e7\u00e3o. J\u00e1 no pr\u00f3ximo ano letivo, arrancar\u00e1 o Doutoramento em Ci\u00eancias do Desporto, refor\u00e7ando a oferta formativa e cient\u00edfica do ensino polit\u00e9cnico.<\/p>\n<p data-start=\"449\" data-end=\"649\">Criada h\u00e1 15 anos, a mais jovem escola superior do IPVC tem-se destacado pela qualidade do ensino, pela liga\u00e7\u00e3o ao territ\u00f3rio e pela forma\u00e7\u00e3o de profissionais nas \u00e1reas do desporto, exerc\u00edcio e sa\u00fade.<\/p>\n<p data-start=\"651\" data-end=\"928\">O novo programa doutoral ser\u00e1 desenvolvido em cons\u00f3rcio com os Polit\u00e9cnicos de Santar\u00e9m, Castelo Branco, Coimbra, Beja e Guarda. A parceria permitir\u00e1 partilhar docentes, laborat\u00f3rios, instala\u00e7\u00f5es e equipamentos especializados, fortalecendo a investiga\u00e7\u00e3o e a forma\u00e7\u00e3o avan\u00e7ada.<\/p>\n<p data-start=\"930\" data-end=\"1257\">As comemora\u00e7\u00f5es decorrem no dia 8 de maio, com um programa que junta reflex\u00e3o e conv\u00edvio acad\u00e9mico. O destaque vai para a confer\u00eancia \u201cEntre o Relvado e a Sala de Aula: decis\u00f5es que mudaram a minha carreira\u201d, marcada para as 15h30 e conduzida por Jo\u00e3o Tom\u00e1s, antigo aluno da ESDL, ex-futebolista profissional e doutorado em Ci\u00eancias do Desporto.<\/p>\n<p data-start=\"1259\" data-end=\"1404\">Pelas 21h30 realiza-se o III Sarau Desportivo Professor Jorge Dantas, homenagem ao antigo subdiretor da Escola e figura marcante da sua hist\u00f3ria.<\/p>\n<div id='gallery-1' class='gallery galleryid-131813 gallery-columns-1 gallery-size-gridlove-single'><figure class='gallery-item'>\n\t\t\t<div class='gallery-icon portrait'>\n\t\t\t\t<a class=\"gridlove-popup\" href='https:\/\/www.altominho.tv\/site\/wp-content\/uploads\/2026\/04\/ESDL_IPVC-scaled.png'><img loading=\"lazy\" decoding=\"async\" width=\"740\" height=\"1283\" src=\"https:\/\/www.altominho.tv\/site\/wp-content\/uploads\/2026\/04\/ESDL_IPVC-740x1283.png\" class=\"attachment-gridlove-single size-gridlove-single\" alt=\"\" srcset=\"https:\/\/www.altominho.tv\/site\/wp-content\/uploads\/2026\/04\/ESDL_IPVC-740x1283.png 740w, https:\/\/www.altominho.tv\/site\/wp-content\/uploads\/2026\/04\/ESDL_IPVC-250x433.png 250w, https:\/\/www.altominho.tv\/site\/wp-content\/uploads\/2026\/04\/ESDL_IPVC-591x1024.png 591w, https:\/\/www.altominho.tv\/site\/wp-content\/uploads\/2026\/04\/ESDL_IPVC-768x1331.png 768w, https:\/\/www.altominho.tv\/site\/wp-content\/uploads\/2026\/04\/ESDL_IPVC-886x1536.png 886w, https:\/\/www.altominho.tv\/site\/wp-content\/uploads\/2026\/04\/ESDL_IPVC-1181x2048.png 1181w, https:\/\/www.altominho.tv\/site\/wp-content\/uploads\/2026\/04\/ESDL_IPVC-370x641.png 370w, https:\/\/www.altominho.tv\/site\/wp-content\/uploads\/2026\/04\/ESDL_IPVC-270x468.png 270w, https:\/\/www.altominho.tv\/site\/wp-content\/uploads\/2026\/04\/ESDL_IPVC-570x988.png 570w, https:\/\/www.altominho.tv\/site\/wp-content\/uploads\/2026\/04\/ESDL_IPVC-scaled.png 1477w\" sizes=\"auto, (max-width: 740px) 100vw, 740px\" \/><\/a>\n\t\t\t<\/div><\/figure><figure class='gallery-item'>\n\t\t\t<div class='gallery-icon portrait'>\n\t\t\t\t<a class=\"gridlove-popup\" href='https:\/\/www.altominho.tv\/site\/wp-content\/uploads\/2026\/04\/ESDL_IPVC.jpg'><img loading=\"lazy\" decoding=\"async\" width=\"740\" height=\"1095\" src=\"https:\/\/www.altominho.tv\/site\/wp-content\/uploads\/2026\/04\/ESDL_IPVC-740x1095.jpg\" class=\"attachment-gridlove-single size-gridlove-single\" alt=\"\" srcset=\"https:\/\/www.altominho.tv\/site\/wp-content\/uploads\/2026\/04\/ESDL_IPVC-740x1095.jpg 740w, https:\/\/www.altominho.tv\/site\/wp-content\/uploads\/2026\/04\/ESDL_IPVC-293x433.jpg 293w, https:\/\/www.altominho.tv\/site\/wp-content\/uploads\/2026\/04\/ESDL_IPVC-692x1024.jpg 692w, https:\/\/www.altominho.tv\/site\/wp-content\/uploads\/2026\/04\/ESDL_IPVC-768x1137.jpg 768w, https:\/\/www.altominho.tv\/site\/wp-content\/uploads\/2026\/04\/ESDL_IPVC-1038x1536.jpg 1038w, https:\/\/www.altominho.tv\/site\/wp-content\/uploads\/2026\/04\/ESDL_IPVC-370x548.jpg 370w, https:\/\/www.altominho.tv\/site\/wp-content\/uploads\/2026\/04\/ESDL_IPVC-270x400.jpg 270w, https:\/\/www.altominho.tv\/site\/wp-content\/uploads\/2026\/04\/ESDL_IPVC-570x844.jpg 570w, https:\/\/www.altominho.tv\/site\/wp-content\/uploads\/2026\/04\/ESDL_IPVC.jpg 1083w\" sizes=\"auto, (max-width: 740px) 100vw, 740px\" \/><\/a>\n\t\t\t<\/div><\/figure>\n\t\t<\/div>\n\n","protected":false},"excerpt":{"rendered":"<p>A Escola Superior de Desporto e Lazer (ESDL) do Polit\u00e9cnico de Viana do Castelo celebra o seu 15.\u00ba anivers\u00e1rio com o an\u00fancio do primeiro doutoramento da institui\u00e7\u00e3o. J\u00e1 no pr\u00f3ximo ano letivo, arrancar\u00e1 o Doutoramento em Ci\u00eancias do Desporto, refor\u00e7ando a oferta formativa e cient\u00edfica do ensino polit\u00e9cnico. Criada h\u00e1 15 anos, a mais jovem [&hellip;]<\/p>\n","protected":false},"author":1,"featured_media":131814,"comment_status":"closed","ping_status":"closed","sticky":false,"template":"","format":"standard","meta":{"_exactmetrics_skip_tracking":false,"_exactmetrics_sitenote_active":false,"_exactmetrics_sitenote_note":"","_exactmetrics_sitenote_category":0,"footnotes":""},"categories":[8],"tags":[20,22,27],"class_list":["post-131813","post","type-post","status-publish","format-standard","has-post-thumbnail","hentry","category-melgaco","tag-desporto","tag-educacao","tag-sociedade"],"yoast_head":"<!-- This site is optimized with the Yoast SEO Premium plugin v27.5 (Yoast SEO v27.5) - https:\/\/yoast.com\/product\/yoast-seo-premium-wordpress\/ -->\n<title>Escola Superior de Desporto e Lazer do IPVC assinala 15 anos com an\u00fancio de primeiro doutoramento<\/title>\n<meta name=\"robots\" content=\"index, follow, max-snippet:-1, max-image-preview:large, max-video-preview:-1\" \/>\n<link rel=\"canonical\" href=\"https:\/\/www.altominho.tv\/site\/2026\/04\/30\/escola-superior-de-desporto-e-lazer-do-ipvc-assinala-15-anos-com-anuncio-de-primeiro-doutoramento\/\" \/>\n<meta property=\"og:locale\" content=\"pt_PT\" \/>\n<meta property=\"og:type\" content=\"article\" \/>\n<meta property=\"og:title\" content=\"Escola Superior de Desporto e Lazer do IPVC assinala 15 anos com an\u00fancio de primeiro doutoramento\" \/>\n<meta property=\"og:description\" content=\"A Escola Superior de Desporto e Lazer (ESDL) do Polit\u00e9cnico de Viana do Castelo celebra o seu 15.\u00ba anivers\u00e1rio com o an\u00fancio do primeiro doutoramento da institui\u00e7\u00e3o. J\u00e1 no pr\u00f3ximo ano letivo, arrancar\u00e1 o Doutoramento em Ci\u00eancias do Desporto, refor\u00e7ando a oferta formativa e cient\u00edfica do ensino polit\u00e9cnico. Criada h\u00e1 15 anos, a mais jovem [&hellip;]\" \/>\n<meta property=\"og:url\" content=\"https:\/\/www.altominho.tv\/site\/2026\/04\/30\/escola-superior-de-desporto-e-lazer-do-ipvc-assinala-15-anos-com-anuncio-de-primeiro-doutoramento\/\" \/>\n<meta property=\"og:site_name\" content=\"Altominho.tv\" \/>\n<meta property=\"article:publisher\" content=\"https:\/\/www.facebook.com\/altominhotv\" \/>\n<meta property=\"article:published_time\" content=\"2026-04-30T07:31:12+00:00\" \/>\n<meta property=\"article:modified_time\" content=\"2026-04-30T07:31:19+00:00\" \/>\n<meta property=\"og:image\" content=\"https:\/\/www.altominho.tv\/site\/wp-content\/uploads\/2026\/04\/BASE-FB-logo-Branco-1200-x-630-px-17.png\" \/>\n\t<meta property=\"og:image:width\" content=\"1200\" \/>\n\t<meta property=\"og:image:height\" content=\"630\" \/>\n\t<meta property=\"og:image:type\" content=\"image\/png\" \/>\n<meta name=\"author\" content=\"Altominho.tv\" \/>\n<meta name=\"twitter:card\" content=\"summary_large_image\" \/>\n<meta name=\"twitter:creator\" content=\"@altominhoTV\" \/>\n<meta name=\"twitter:site\" content=\"@altominhoTV\" \/>\n<meta name=\"twitter:label1\" content=\"Escrito por\" \/>\n\t<meta name=\"twitter:data1\" content=\"Altominho.tv\" \/>\n\t<meta name=\"twitter:label2\" content=\"Tempo estimado de leitura\" \/>\n\t<meta name=\"twitter:data2\" content=\"2 minutos\" \/>\n<script type=\"application\/ld+json\" class=\"yoast-schema-graph\">{\"@context\":\"https:\\\/\\\/schema.org\",\"@graph\":[{\"@type\":\"Article\",\"@id\":\"https:\\\/\\\/www.altominho.tv\\\/site\\\/2026\\\/04\\\/30\\\/escola-superior-de-desporto-e-lazer-do-ipvc-assinala-15-anos-com-anuncio-de-primeiro-doutoramento\\\/#article\",\"isPartOf\":{\"@id\":\"https:\\\/\\\/www.altominho.tv\\\/site\\\/2026\\\/04\\\/30\\\/escola-superior-de-desporto-e-lazer-do-ipvc-assinala-15-anos-com-anuncio-de-primeiro-doutoramento\\\/\"},\"author\":{\"name\":\"Altominho.tv\",\"@id\":\"https:\\\/\\\/www.altominho.tv\\\/site\\\/#\\\/schema\\\/person\\\/4e536851627d7914baf3dac752b6af22\"},\"headline\":\"Escola Superior de Desporto e Lazer do IPVC assinala 15 anos com an\u00fancio de primeiro doutoramento\",\"datePublished\":\"2026-04-30T07:31:12+00:00\",\"dateModified\":\"2026-04-30T07:31:19+00:00\",\"mainEntityOfPage\":{\"@id\":\"https:\\\/\\\/www.altominho.tv\\\/site\\\/2026\\\/04\\\/30\\\/escola-superior-de-desporto-e-lazer-do-ipvc-assinala-15-anos-com-anuncio-de-primeiro-doutoramento\\\/\"},\"wordCount\":247,\"image\":{\"@id\":\"https:\\\/\\\/www.altominho.tv\\\/site\\\/2026\\\/04\\\/30\\\/escola-superior-de-desporto-e-lazer-do-ipvc-assinala-15-anos-com-anuncio-de-primeiro-doutoramento\\\/#primaryimage\"},\"thumbnailUrl\":\"https:\\\/\\\/www.altominho.tv\\\/site\\\/wp-content\\\/uploads\\\/2026\\\/04\\\/BASE-FB-logo-Branco-1200-x-630-px-17.png\",\"keywords\":[\"Desporto\",\"Educa\u00e7\u00e3o\",\"Sociedade\"],\"articleSection\":[\"Melga\u00e7o\"],\"inLanguage\":\"pt-PT\",\"copyrightYear\":\"2026\",\"copyrightHolder\":{\"@id\":\"https:\\\/\\\/www.altominho.tv\\\/site\\\/#organization\"}},{\"@type\":\"WebPage\",\"@id\":\"https:\\\/\\\/www.altominho.tv\\\/site\\\/2026\\\/04\\\/30\\\/escola-superior-de-desporto-e-lazer-do-ipvc-assinala-15-anos-com-anuncio-de-primeiro-doutoramento\\\/\",\"url\":\"https:\\\/\\\/www.altominho.tv\\\/site\\\/2026\\\/04\\\/30\\\/escola-superior-de-desporto-e-lazer-do-ipvc-assinala-15-anos-com-anuncio-de-primeiro-doutoramento\\\/\",\"name\":\"Escola Superior de Desporto e Lazer do IPVC assinala 15 anos com an\u00fancio de primeiro doutoramento\",\"isPartOf\":{\"@id\":\"https:\\\/\\\/www.altominho.tv\\\/site\\\/#website\"},\"primaryImageOfPage\":{\"@id\":\"https:\\\/\\\/www.altominho.tv\\\/site\\\/2026\\\/04\\\/30\\\/escola-superior-de-desporto-e-lazer-do-ipvc-assinala-15-anos-com-anuncio-de-primeiro-doutoramento\\\/#primaryimage\"},\"image\":{\"@id\":\"https:\\\/\\\/www.altominho.tv\\\/site\\\/2026\\\/04\\\/30\\\/escola-superior-de-desporto-e-lazer-do-ipvc-assinala-15-anos-com-anuncio-de-primeiro-doutoramento\\\/#primaryimage\"},\"thumbnailUrl\":\"https:\\\/\\\/www.altominho.tv\\\/site\\\/wp-content\\\/uploads\\\/2026\\\/04\\\/BASE-FB-logo-Branco-1200-x-630-px-17.png\",\"datePublished\":\"2026-04-30T07:31:12+00:00\",\"dateModified\":\"2026-04-30T07:31:19+00:00\",\"author\":{\"@id\":\"https:\\\/\\\/www.altominho.tv\\\/site\\\/#\\\/schema\\\/person\\\/4e536851627d7914baf3dac752b6af22\"},\"breadcrumb\":{\"@id\":\"https:\\\/\\\/www.altominho.tv\\\/site\\\/2026\\\/04\\\/30\\\/escola-superior-de-desporto-e-lazer-do-ipvc-assinala-15-anos-com-anuncio-de-primeiro-doutoramento\\\/#breadcrumb\"},\"inLanguage\":\"pt-PT\",\"potentialAction\":[{\"@type\":\"ReadAction\",\"target\":[\"https:\\\/\\\/www.altominho.tv\\\/site\\\/2026\\\/04\\\/30\\\/escola-superior-de-desporto-e-lazer-do-ipvc-assinala-15-anos-com-anuncio-de-primeiro-doutoramento\\\/\"]}]},{\"@type\":\"ImageObject\",\"inLanguage\":\"pt-PT\",\"@id\":\"https:\\\/\\\/www.altominho.tv\\\/site\\\/2026\\\/04\\\/30\\\/escola-superior-de-desporto-e-lazer-do-ipvc-assinala-15-anos-com-anuncio-de-primeiro-doutoramento\\\/#primaryimage\",\"url\":\"https:\\\/\\\/www.altominho.tv\\\/site\\\/wp-content\\\/uploads\\\/2026\\\/04\\\/BASE-FB-logo-Branco-1200-x-630-px-17.png\",\"contentUrl\":\"https:\\\/\\\/www.altominho.tv\\\/site\\\/wp-content\\\/uploads\\\/2026\\\/04\\\/BASE-FB-logo-Branco-1200-x-630-px-17.png\",\"width\":1200,\"height\":630},{\"@type\":\"BreadcrumbList\",\"@id\":\"https:\\\/\\\/www.altominho.tv\\\/site\\\/2026\\\/04\\\/30\\\/escola-superior-de-desporto-e-lazer-do-ipvc-assinala-15-anos-com-anuncio-de-primeiro-doutoramento\\\/#breadcrumb\",\"itemListElement\":[{\"@type\":\"ListItem\",\"position\":1,\"name\":\"In\u00edcio\",\"item\":\"https:\\\/\\\/www.altominho.tv\\\/site\\\/\"},{\"@type\":\"ListItem\",\"position\":2,\"name\":\"Escola Superior de Desporto e Lazer do IPVC assinala 15 anos com an\u00fancio de primeiro doutoramento\"}]},{\"@type\":\"WebSite\",\"@id\":\"https:\\\/\\\/www.altominho.tv\\\/site\\\/#website\",\"url\":\"https:\\\/\\\/www.altominho.tv\\\/site\\\/\",\"name\":\"Altominho.tv\",\"description\":\"A sua regi\u00e3o \u00e0 dist\u00e2ncia de um clique...\",\"potentialAction\":[{\"@type\":\"SearchAction\",\"target\":{\"@type\":\"EntryPoint\",\"urlTemplate\":\"https:\\\/\\\/www.altominho.tv\\\/site\\\/?s={search_term_string}\"},\"query-input\":{\"@type\":\"PropertyValueSpecification\",\"valueRequired\":true,\"valueName\":\"search_term_string\"}}],\"inLanguage\":\"pt-PT\"},{\"@type\":\"Person\",\"@id\":\"https:\\\/\\\/www.altominho.tv\\\/site\\\/#\\\/schema\\\/person\\\/4e536851627d7914baf3dac752b6af22\",\"name\":\"Altominho.tv\",\"image\":{\"@type\":\"ImageObject\",\"inLanguage\":\"pt-PT\",\"@id\":\"https:\\\/\\\/www.altominho.tv\\\/site\\\/wp-content\\\/uploads\\\/2019\\\/11\\\/Logo_Avatar_2-150x150.jpg\",\"url\":\"https:\\\/\\\/www.altominho.tv\\\/site\\\/wp-content\\\/uploads\\\/2019\\\/11\\\/Logo_Avatar_2-150x150.jpg\",\"contentUrl\":\"https:\\\/\\\/www.altominho.tv\\\/site\\\/wp-content\\\/uploads\\\/2019\\\/11\\\/Logo_Avatar_2-150x150.jpg\",\"caption\":\"Altominho.tv\"},\"url\":\"https:\\\/\\\/www.altominho.tv\\\/site\\\/author\\\/altominhotv-tecnico\\\/\"}]}<\/script>\n<!-- \/ Yoast SEO Premium plugin. -->","yoast_head_json":{"title":"Escola Superior de Desporto e Lazer do IPVC assinala 15 anos com an\u00fancio de primeiro doutoramento","robots":{"index":"index","follow":"follow","max-snippet":"max-snippet:-1","max-image-preview":"max-image-preview:large","max-video-preview":"max-video-preview:-1"},"canonical":"https:\/\/www.altominho.tv\/site\/2026\/04\/30\/escola-superior-de-desporto-e-lazer-do-ipvc-assinala-15-anos-com-anuncio-de-primeiro-doutoramento\/","og_locale":"pt_PT","og_type":"article","og_title":"Escola Superior de Desporto e Lazer do IPVC assinala 15 anos com an\u00fancio de primeiro doutoramento","og_description":"A Escola Superior de Desporto e Lazer (ESDL) do Polit\u00e9cnico de Viana do Castelo celebra o seu 15.\u00ba anivers\u00e1rio com o an\u00fancio do primeiro doutoramento da institui\u00e7\u00e3o. J\u00e1 no pr\u00f3ximo ano letivo, arrancar\u00e1 o Doutoramento em Ci\u00eancias do Desporto, refor\u00e7ando a oferta formativa e cient\u00edfica do ensino polit\u00e9cnico. Criada h\u00e1 15 anos, a mais jovem [&hellip;]","og_url":"https:\/\/www.altominho.tv\/site\/2026\/04\/30\/escola-superior-de-desporto-e-lazer-do-ipvc-assinala-15-anos-com-anuncio-de-primeiro-doutoramento\/","og_site_name":"Altominho.tv","article_publisher":"https:\/\/www.facebook.com\/altominhotv","article_published_time":"2026-04-30T07:31:12+00:00","article_modified_time":"2026-04-30T07:31:19+00:00","og_image":[{"width":1200,"height":630,"url":"https:\/\/www.altominho.tv\/site\/wp-content\/uploads\/2026\/04\/BASE-FB-logo-Branco-1200-x-630-px-17.png","type":"image\/png"}],"author":"Altominho.tv","twitter_card":"summary_large_image","twitter_creator":"@altominhoTV","twitter_site":"@altominhoTV","twitter_misc":{"Escrito por":"Altominho.tv","Tempo estimado de leitura":"2 minutos"},"schema":{"@context":"https:\/\/schema.org","@graph":[{"@type":"Article","@id":"https:\/\/www.altominho.tv\/site\/2026\/04\/30\/escola-superior-de-desporto-e-lazer-do-ipvc-assinala-15-anos-com-anuncio-de-primeiro-doutoramento\/#article","isPartOf":{"@id":"https:\/\/www.altominho.tv\/site\/2026\/04\/30\/escola-superior-de-desporto-e-lazer-do-ipvc-assinala-15-anos-com-anuncio-de-primeiro-doutoramento\/"},"author":{"name":"Altominho.tv","@id":"https:\/\/www.altominho.tv\/site\/#\/schema\/person\/4e536851627d7914baf3dac752b6af22"},"headline":"Escola Superior de Desporto e Lazer do IPVC assinala 15 anos com an\u00fancio de primeiro doutoramento","datePublished":"2026-04-30T07:31:12+00:00","dateModified":"2026-04-30T07:31:19+00:00","mainEntityOfPage":{"@id":"https:\/\/www.altominho.tv\/site\/2026\/04\/30\/escola-superior-de-desporto-e-lazer-do-ipvc-assinala-15-anos-com-anuncio-de-primeiro-doutoramento\/"},"wordCount":247,"image":{"@id":"https:\/\/www.altominho.tv\/site\/2026\/04\/30\/escola-superior-de-desporto-e-lazer-do-ipvc-assinala-15-anos-com-anuncio-de-primeiro-doutoramento\/#primaryimage"},"thumbnailUrl":"https:\/\/www.altominho.tv\/site\/wp-content\/uploads\/2026\/04\/BASE-FB-logo-Branco-1200-x-630-px-17.png","keywords":["Desporto","Educa\u00e7\u00e3o","Sociedade"],"articleSection":["Melga\u00e7o"],"inLanguage":"pt-PT","copyrightYear":"2026","copyrightHolder":{"@id":"https:\/\/www.altominho.tv\/site\/#organization"}},{"@type":"WebPage","@id":"https:\/\/www.altominho.tv\/site\/2026\/04\/30\/escola-superior-de-desporto-e-lazer-do-ipvc-assinala-15-anos-com-anuncio-de-primeiro-doutoramento\/","url":"https:\/\/www.altominho.tv\/site\/2026\/04\/30\/escola-superior-de-desporto-e-lazer-do-ipvc-assinala-15-anos-com-anuncio-de-primeiro-doutoramento\/","name":"Escola Superior de Desporto e Lazer do IPVC assinala 15 anos com an\u00fancio de primeiro doutoramento","isPartOf":{"@id":"https:\/\/www.altominho.tv\/site\/#website"},"primaryImageOfPage":{"@id":"https:\/\/www.altominho.tv\/site\/2026\/04\/30\/escola-superior-de-desporto-e-lazer-do-ipvc-assinala-15-anos-com-anuncio-de-primeiro-doutoramento\/#primaryimage"},"image":{"@id":"https:\/\/www.altominho.tv\/site\/2026\/04\/30\/escola-superior-de-desporto-e-lazer-do-ipvc-assinala-15-anos-com-anuncio-de-primeiro-doutoramento\/#primaryimage"},"thumbnailUrl":"https:\/\/www.altominho.tv\/site\/wp-content\/uploads\/2026\/04\/BASE-FB-logo-Branco-1200-x-630-px-17.png","datePublished":"2026-04-30T07:31:12+00:00","dateModified":"2026-04-30T07:31:19+00:00","author":{"@id":"https:\/\/www.altominho.tv\/site\/#\/schema\/person\/4e536851627d7914baf3dac752b6af22"},"breadcrumb":{"@id":"https:\/\/www.altominho.tv\/site\/2026\/04\/30\/escola-superior-de-desporto-e-lazer-do-ipvc-assinala-15-anos-com-anuncio-de-primeiro-doutoramento\/#breadcrumb"},"inLanguage":"pt-PT","potentialAction":[{"@type":"ReadAction","target":["https:\/\/www.altominho.tv\/site\/2026\/04\/30\/escola-superior-de-desporto-e-lazer-do-ipvc-assinala-15-anos-com-anuncio-de-primeiro-doutoramento\/"]}]},{"@type":"ImageObject","inLanguage":"pt-PT","@id":"https:\/\/www.altominho.tv\/site\/2026\/04\/30\/escola-superior-de-desporto-e-lazer-do-ipvc-assinala-15-anos-com-anuncio-de-primeiro-doutoramento\/#primaryimage","url":"https:\/\/www.altominho.tv\/site\/wp-content\/uploads\/2026\/04\/BASE-FB-logo-Branco-1200-x-630-px-17.png","contentUrl":"https:\/\/www.altominho.tv\/site\/wp-content\/uploads\/2026\/04\/BASE-FB-logo-Branco-1200-x-630-px-17.png","width":1200,"height":630},{"@type":"BreadcrumbList","@id":"https:\/\/www.altominho.tv\/site\/2026\/04\/30\/escola-superior-de-desporto-e-lazer-do-ipvc-assinala-15-anos-com-anuncio-de-primeiro-doutoramento\/#breadcrumb","itemListElement":[{"@type":"ListItem","position":1,"name":"In\u00edcio","item":"https:\/\/www.altominho.tv\/site\/"},{"@type":"ListItem","position":2,"name":"Escola Superior de Desporto e Lazer do IPVC assinala 15 anos com an\u00fancio de primeiro doutoramento"}]},{"@type":"WebSite","@id":"https:\/\/www.altominho.tv\/site\/#website","url":"https:\/\/www.altominho.tv\/site\/","name":"Altominho.tv","description":"A sua regi\u00e3o \u00e0 dist\u00e2ncia de um clique...","potentialAction":[{"@type":"SearchAction","target":{"@type":"EntryPoint","urlTemplate":"https:\/\/www.altominho.tv\/site\/?s={search_term_string}"},"query-input":{"@type":"PropertyValueSpecification","valueRequired":true,"valueName":"search_term_string"}}],"inLanguage":"pt-PT"},{"@type":"Person","@id":"https:\/\/www.altominho.tv\/site\/#\/schema\/person\/4e536851627d7914baf3dac752b6af22","name":"Altominho.tv","image":{"@type":"ImageObject","inLanguage":"pt-PT","@id":"https:\/\/www.altominho.tv\/site\/wp-content\/uploads\/2019\/11\/Logo_Avatar_2-150x150.jpg","url":"https:\/\/www.altominho.tv\/site\/wp-content\/uploads\/2019\/11\/Logo_Avatar_2-150x150.jpg","contentUrl":"https:\/\/www.altominho.tv\/site\/wp-content\/uploads\/2019\/11\/Logo_Avatar_2-150x150.jpg","caption":"Altominho.tv"},"url":"https:\/\/www.altominho.tv\/site\/author\/altominhotv-tecnico\/"}]}},"_links":{"self":[{"href":"https:\/\/www.altominho.tv\/site\/wp-json\/wp\/v2\/posts\/131813","targetHints":{"allow":["GET"]}}],"collection":[{"href":"https:\/\/www.altominho.tv\/site\/wp-json\/wp\/v2\/posts"}],"about":[{"href":"https:\/\/www.altominho.tv\/site\/wp-json\/wp\/v2\/types\/post"}],"author":[{"embeddable":true,"href":"https:\/\/www.altominho.tv\/site\/wp-json\/wp\/v2\/users\/1"}],"replies":[{"embeddable":true,"href":"https:\/\/www.altominho.tv\/site\/wp-json\/wp\/v2\/comments?post=131813"}],"version-history":[{"count":1,"href":"https:\/\/www.altominho.tv\/site\/wp-json\/wp\/v2\/posts\/131813\/revisions"}],"predecessor-version":[{"id":131817,"href":"https:\/\/www.altominho.tv\/site\/wp-json\/wp\/v2\/posts\/131813\/revisions\/131817"}],"wp:featuredmedia":[{"embeddable":true,"href":"https:\/\/www.altominho.tv\/site\/wp-json\/wp\/v2\/media\/131814"}],"wp:attachment":[{"href":"https:\/\/www.altominho.tv\/site\/wp-json\/wp\/v2\/media?parent=131813"}],"wp:term":[{"taxonomy":"category","embeddable":true,"href":"https:\/\/www.altominho.tv\/site\/wp-json\/wp\/v2\/categories?post=131813"},{"taxonomy":"post_tag","embeddable":true,"href":"https:\/\/www.altominho.tv\/site\/wp-json\/wp\/v2\/tags?post=131813"}],"curies":[{"name":"wp","href":"https:\/\/api.w.org\/{rel}","templated":true}]}}