{"id":131806,"date":"2026-04-29T16:22:00","date_gmt":"2026-04-29T15:22:00","guid":{"rendered":"https:\/\/www.altominho.tv\/site\/?p=131806"},"modified":"2026-04-29T16:22:02","modified_gmt":"2026-04-29T15:22:02","slug":"salario-medio-anual-dos-portugueses-38-abaixo-da-media-da-ue","status":"publish","type":"post","link":"https:\/\/www.altominho.tv\/site\/2026\/04\/29\/salario-medio-anual-dos-portugueses-38-abaixo-da-media-da-ue\/","title":{"rendered":"Sal\u00e1rio m\u00e9dio anual dos portugueses 38% abaixo da m\u00e9dia da UE"},"content":{"rendered":"<p class=\"p1\">O sal\u00e1rio m\u00e9dio anual dos portugueses cresceu 1.600 euros entre 2023 e 2024, para 24.800 euros, mas continua 38% abaixo da m\u00e9dia da Uni\u00e3o Europeia, segundo um relat\u00f3rio promovido pela Associa\u00e7\u00e3o Business Roundtable Portugal.<\/p>\n<p class=\"p1\">\u201cApesar do incremento de 1.600 euros entre 2023 e 2024, o sal\u00e1rio m\u00e9dio dos portugueses continuava 38% abaixo da m\u00e9dia salarial da Uni\u00e3o Europeia, que se cifrou em 39.800 euros\u201d, indicou, em comunicado, a associa\u00e7\u00e3o.<\/p>\n<p class=\"p1\">Verifica-se, em termos absolutos, uma diferen\u00e7a de 15 mil euros. Assim, um trabalhador m\u00e9dio da Uni\u00e3o Europeia ganha cerca de 60% mais do que um em Portugal.<\/p>\n<p class=\"p1\">O sal\u00e1rio m\u00e9dio anual em Portugal avan\u00e7ou 7% em 2024, em compara\u00e7\u00e3o com o ano anterior, para 24.800 euros.<\/p>\n<p class=\"p1\">O relat\u00f3rio divulgado concluiu ainda que o sal\u00e1rio m\u00e9dio nacional, naquele ano, ficou cerca de 6% abaixo do que foi praticado pelos pa\u00edses concorrentes \u2013 Espanha, Eslov\u00e9nia, Est\u00f3nia, Gr\u00e9cia, Hungria, It\u00e1lia, Pol\u00f3nia e Ch\u00e9quia -, cuja remunera\u00e7\u00e3o m\u00e9dia se fixou em 26.300 euros, mais 1.500 euros do que em Portugal.<\/p>\n<p class=\"p1\">De acordo com a mesma an\u00e1lise, a diferen\u00e7a salarial entre Portugal e a Uni\u00e3o Europeia pode ser explicada por fatores como a estrutura social do emprego, ou seja, nos \u00faltimos anos, o emprego tem crescido em setores com remunera\u00e7\u00f5es m\u00e9dias mais baixas.<\/p>\n<p class=\"p1\">Em Portugal, o setor das tecnologias de informa\u00e7\u00e3o e comunica\u00e7\u00e3o (TIC) \u00e9 o que melhores sal\u00e1rios paga (acima dos 40.000 euros) e teve um aumento de 42% no n\u00famero de trabalhadores entre 2020 e 2024.<\/p>\n<p class=\"p1\">Destacam-se ainda os setores da energia e ambiente e dos transportes (ambos com sal\u00e1rios m\u00e9dios anuais de 33 mil euros) e a ind\u00fastria (25.800 euros).<\/p>\n<p class=\"p1\">A Associa\u00e7\u00e3o Business Roundtable Portugal \u00e9 composta por 42 l\u00edderes de empresas e grupos que, em conjunto, acumulam receitas globais de 124.000 milh\u00f5es de euros, sendo 59.000 milh\u00f5es de euros a n\u00edvel nacional.<\/p>\n<p class=\"p1\">No total empregam 424 mil pessoas, 218 mil s\u00f3 em Portugal.<\/p>\n<p>Foto: <strong>DR<\/strong><\/p>\n","protected":false},"excerpt":{"rendered":"<p>O sal\u00e1rio m\u00e9dio anual dos portugueses cresceu 1.600 euros entre 2023 e 2024, para 24.800 euros, mas continua 38% abaixo da m\u00e9dia da Uni\u00e3o Europeia, segundo um relat\u00f3rio promovido pela Associa\u00e7\u00e3o Business Roundtable Portugal. \u201cApesar do incremento de 1.600 euros entre 2023 e 2024, o sal\u00e1rio m\u00e9dio dos portugueses continuava 38% abaixo da m\u00e9dia salarial [&hellip;]<\/p>\n","protected":false},"author":13,"featured_media":129041,"comment_status":"closed","ping_status":"closed","sticky":false,"template":"","format":"standard","meta":{"_exactmetrics_skip_tracking":false,"_exactmetrics_sitenote_active":false,"_exactmetrics_sitenote_note":"","_exactmetrics_sitenote_category":0,"footnotes":""},"categories":[56325],"tags":[21],"class_list":["post-131806","post","type-post","status-publish","format-standard","has-post-thumbnail","hentry","category-pais","tag-economia"],"yoast_head":"<!-- This site is optimized with the Yoast SEO Premium plugin v27.5 (Yoast SEO v27.5) - https:\/\/yoast.com\/product\/yoast-seo-premium-wordpress\/ -->\n<title>Sal\u00e1rio m\u00e9dio anual dos portugueses 38% abaixo da m\u00e9dia da UE<\/title>\n<meta name=\"description\" content=\"O sal\u00e1rio m\u00e9dio anual dos portugueses cresceu 1.600 euros entre 2023 e 2024, para 24.800 euros, mas continua 38% abaixo da m\u00e9dia da Uni\u00e3o Europeia, segundo um relat\u00f3rio promovido pela Associa\u00e7\u00e3o Business Roundtable Portugal.\" \/>\n<meta name=\"robots\" content=\"index, follow, max-snippet:-1, max-image-preview:large, max-video-preview:-1\" \/>\n<link rel=\"canonical\" href=\"https:\/\/www.altominho.tv\/site\/2026\/04\/29\/salario-medio-anual-dos-portugueses-38-abaixo-da-media-da-ue\/\" \/>\n<meta property=\"og:locale\" content=\"pt_PT\" \/>\n<meta property=\"og:type\" content=\"article\" \/>\n<meta property=\"og:title\" content=\"Sal\u00e1rio m\u00e9dio anual dos portugueses 38% abaixo da m\u00e9dia da UE\" \/>\n<meta property=\"og:description\" content=\"O sal\u00e1rio m\u00e9dio anual dos portugueses cresceu 1.600 euros entre 2023 e 2024, para 24.800 euros, mas continua 38% abaixo da m\u00e9dia da Uni\u00e3o Europeia, segundo um relat\u00f3rio promovido pela Associa\u00e7\u00e3o Business Roundtable Portugal.\" \/>\n<meta property=\"og:url\" content=\"https:\/\/www.altominho.tv\/site\/2026\/04\/29\/salario-medio-anual-dos-portugueses-38-abaixo-da-media-da-ue\/\" \/>\n<meta property=\"og:site_name\" content=\"Altominho.tv\" \/>\n<meta property=\"article:publisher\" content=\"https:\/\/www.facebook.com\/altominhotv\" \/>\n<meta property=\"article:published_time\" content=\"2026-04-29T15:22:00+00:00\" \/>\n<meta property=\"article:modified_time\" content=\"2026-04-29T15:22:02+00:00\" \/>\n<meta property=\"og:image\" content=\"https:\/\/www.altominho.tv\/site\/wp-content\/uploads\/2026\/02\/dinheiro_.jpg\" \/>\n\t<meta property=\"og:image:width\" content=\"1200\" \/>\n\t<meta property=\"og:image:height\" content=\"630\" \/>\n\t<meta property=\"og:image:type\" content=\"image\/jpeg\" \/>\n<meta name=\"author\" content=\"Lusa\" \/>\n<meta name=\"twitter:card\" content=\"summary_large_image\" \/>\n<meta name=\"twitter:creator\" content=\"@altominhoTV\" \/>\n<meta name=\"twitter:site\" content=\"@altominhoTV\" \/>\n<meta name=\"twitter:label1\" content=\"Escrito por\" \/>\n\t<meta name=\"twitter:data1\" content=\"Lusa\" \/>\n\t<meta name=\"twitter:label2\" content=\"Tempo estimado de leitura\" \/>\n\t<meta name=\"twitter:data2\" content=\"2 minutos\" \/>\n<script type=\"application\/ld+json\" class=\"yoast-schema-graph\">{\"@context\":\"https:\\\/\\\/schema.org\",\"@graph\":[{\"@type\":\"Article\",\"@id\":\"https:\\\/\\\/www.altominho.tv\\\/site\\\/2026\\\/04\\\/29\\\/salario-medio-anual-dos-portugueses-38-abaixo-da-media-da-ue\\\/#article\",\"isPartOf\":{\"@id\":\"https:\\\/\\\/www.altominho.tv\\\/site\\\/2026\\\/04\\\/29\\\/salario-medio-anual-dos-portugueses-38-abaixo-da-media-da-ue\\\/\"},\"author\":{\"name\":\"Lusa\",\"@id\":\"https:\\\/\\\/www.altominho.tv\\\/site\\\/#\\\/schema\\\/person\\\/63f693da3e1899361cbe955c46f3232e\"},\"headline\":\"Sal\u00e1rio m\u00e9dio anual dos portugueses 38% abaixo da m\u00e9dia da UE\",\"datePublished\":\"2026-04-29T15:22:00+00:00\",\"dateModified\":\"2026-04-29T15:22:02+00:00\",\"mainEntityOfPage\":{\"@id\":\"https:\\\/\\\/www.altominho.tv\\\/site\\\/2026\\\/04\\\/29\\\/salario-medio-anual-dos-portugueses-38-abaixo-da-media-da-ue\\\/\"},\"wordCount\":341,\"image\":{\"@id\":\"https:\\\/\\\/www.altominho.tv\\\/site\\\/2026\\\/04\\\/29\\\/salario-medio-anual-dos-portugueses-38-abaixo-da-media-da-ue\\\/#primaryimage\"},\"thumbnailUrl\":\"https:\\\/\\\/www.altominho.tv\\\/site\\\/wp-content\\\/uploads\\\/2026\\\/02\\\/dinheiro_.jpg\",\"keywords\":[\"Economia\"],\"articleSection\":[\"Pa\u00eds\"],\"inLanguage\":\"pt-PT\",\"copyrightYear\":\"2026\",\"copyrightHolder\":{\"@id\":\"https:\\\/\\\/www.altominho.tv\\\/site\\\/#organization\"}},{\"@type\":\"WebPage\",\"@id\":\"https:\\\/\\\/www.altominho.tv\\\/site\\\/2026\\\/04\\\/29\\\/salario-medio-anual-dos-portugueses-38-abaixo-da-media-da-ue\\\/\",\"url\":\"https:\\\/\\\/www.altominho.tv\\\/site\\\/2026\\\/04\\\/29\\\/salario-medio-anual-dos-portugueses-38-abaixo-da-media-da-ue\\\/\",\"name\":\"Sal\u00e1rio m\u00e9dio anual dos portugueses 38% abaixo da m\u00e9dia da UE\",\"isPartOf\":{\"@id\":\"https:\\\/\\\/www.altominho.tv\\\/site\\\/#website\"},\"primaryImageOfPage\":{\"@id\":\"https:\\\/\\\/www.altominho.tv\\\/site\\\/2026\\\/04\\\/29\\\/salario-medio-anual-dos-portugueses-38-abaixo-da-media-da-ue\\\/#primaryimage\"},\"image\":{\"@id\":\"https:\\\/\\\/www.altominho.tv\\\/site\\\/2026\\\/04\\\/29\\\/salario-medio-anual-dos-portugueses-38-abaixo-da-media-da-ue\\\/#primaryimage\"},\"thumbnailUrl\":\"https:\\\/\\\/www.altominho.tv\\\/site\\\/wp-content\\\/uploads\\\/2026\\\/02\\\/dinheiro_.jpg\",\"datePublished\":\"2026-04-29T15:22:00+00:00\",\"dateModified\":\"2026-04-29T15:22:02+00:00\",\"author\":{\"@id\":\"https:\\\/\\\/www.altominho.tv\\\/site\\\/#\\\/schema\\\/person\\\/63f693da3e1899361cbe955c46f3232e\"},\"description\":\"O sal\u00e1rio m\u00e9dio anual dos portugueses cresceu 1.600 euros entre 2023 e 2024, para 24.800 euros, mas continua 38% abaixo da m\u00e9dia da Uni\u00e3o Europeia, segundo um relat\u00f3rio promovido pela Associa\u00e7\u00e3o Business Roundtable Portugal.\",\"breadcrumb\":{\"@id\":\"https:\\\/\\\/www.altominho.tv\\\/site\\\/2026\\\/04\\\/29\\\/salario-medio-anual-dos-portugueses-38-abaixo-da-media-da-ue\\\/#breadcrumb\"},\"inLanguage\":\"pt-PT\",\"potentialAction\":[{\"@type\":\"ReadAction\",\"target\":[\"https:\\\/\\\/www.altominho.tv\\\/site\\\/2026\\\/04\\\/29\\\/salario-medio-anual-dos-portugueses-38-abaixo-da-media-da-ue\\\/\"]}]},{\"@type\":\"ImageObject\",\"inLanguage\":\"pt-PT\",\"@id\":\"https:\\\/\\\/www.altominho.tv\\\/site\\\/2026\\\/04\\\/29\\\/salario-medio-anual-dos-portugueses-38-abaixo-da-media-da-ue\\\/#primaryimage\",\"url\":\"https:\\\/\\\/www.altominho.tv\\\/site\\\/wp-content\\\/uploads\\\/2026\\\/02\\\/dinheiro_.jpg\",\"contentUrl\":\"https:\\\/\\\/www.altominho.tv\\\/site\\\/wp-content\\\/uploads\\\/2026\\\/02\\\/dinheiro_.jpg\",\"width\":1200,\"height\":630},{\"@type\":\"BreadcrumbList\",\"@id\":\"https:\\\/\\\/www.altominho.tv\\\/site\\\/2026\\\/04\\\/29\\\/salario-medio-anual-dos-portugueses-38-abaixo-da-media-da-ue\\\/#breadcrumb\",\"itemListElement\":[{\"@type\":\"ListItem\",\"position\":1,\"name\":\"In\u00edcio\",\"item\":\"https:\\\/\\\/www.altominho.tv\\\/site\\\/\"},{\"@type\":\"ListItem\",\"position\":2,\"name\":\"Sal\u00e1rio m\u00e9dio anual dos portugueses 38% abaixo da m\u00e9dia da UE\"}]},{\"@type\":\"WebSite\",\"@id\":\"https:\\\/\\\/www.altominho.tv\\\/site\\\/#website\",\"url\":\"https:\\\/\\\/www.altominho.tv\\\/site\\\/\",\"name\":\"Altominho.tv\",\"description\":\"A sua regi\u00e3o \u00e0 dist\u00e2ncia de um clique...\",\"potentialAction\":[{\"@type\":\"SearchAction\",\"target\":{\"@type\":\"EntryPoint\",\"urlTemplate\":\"https:\\\/\\\/www.altominho.tv\\\/site\\\/?s={search_term_string}\"},\"query-input\":{\"@type\":\"PropertyValueSpecification\",\"valueRequired\":true,\"valueName\":\"search_term_string\"}}],\"inLanguage\":\"pt-PT\"},{\"@type\":\"Person\",\"@id\":\"https:\\\/\\\/www.altominho.tv\\\/site\\\/#\\\/schema\\\/person\\\/63f693da3e1899361cbe955c46f3232e\",\"name\":\"Lusa\",\"image\":{\"@type\":\"ImageObject\",\"inLanguage\":\"pt-PT\",\"@id\":\"https:\\\/\\\/www.altominho.tv\\\/site\\\/wp-content\\\/uploads\\\/2019\\\/08\\\/LUSA_Logo.gif\",\"url\":\"https:\\\/\\\/www.altominho.tv\\\/site\\\/wp-content\\\/uploads\\\/2019\\\/08\\\/LUSA_Logo.gif\",\"contentUrl\":\"https:\\\/\\\/www.altominho.tv\\\/site\\\/wp-content\\\/uploads\\\/2019\\\/08\\\/LUSA_Logo.gif\",\"caption\":\"Lusa\"},\"sameAs\":[\"http:\\\/\\\/\\\/\\\/www.altominho.tv\\\/site\"],\"url\":\"https:\\\/\\\/www.altominho.tv\\\/site\\\/author\\\/lusa\\\/\"}]}<\/script>\n<!-- \/ Yoast SEO Premium plugin. -->","yoast_head_json":{"title":"Sal\u00e1rio m\u00e9dio anual dos portugueses 38% abaixo da m\u00e9dia da UE","description":"O sal\u00e1rio m\u00e9dio anual dos portugueses cresceu 1.600 euros entre 2023 e 2024, para 24.800 euros, mas continua 38% abaixo da m\u00e9dia da Uni\u00e3o Europeia, segundo um relat\u00f3rio promovido pela Associa\u00e7\u00e3o Business Roundtable Portugal.","robots":{"index":"index","follow":"follow","max-snippet":"max-snippet:-1","max-image-preview":"max-image-preview:large","max-video-preview":"max-video-preview:-1"},"canonical":"https:\/\/www.altominho.tv\/site\/2026\/04\/29\/salario-medio-anual-dos-portugueses-38-abaixo-da-media-da-ue\/","og_locale":"pt_PT","og_type":"article","og_title":"Sal\u00e1rio m\u00e9dio anual dos portugueses 38% abaixo da m\u00e9dia da UE","og_description":"O sal\u00e1rio m\u00e9dio anual dos portugueses cresceu 1.600 euros entre 2023 e 2024, para 24.800 euros, mas continua 38% abaixo da m\u00e9dia da Uni\u00e3o Europeia, segundo um relat\u00f3rio promovido pela Associa\u00e7\u00e3o Business Roundtable Portugal.","og_url":"https:\/\/www.altominho.tv\/site\/2026\/04\/29\/salario-medio-anual-dos-portugueses-38-abaixo-da-media-da-ue\/","og_site_name":"Altominho.tv","article_publisher":"https:\/\/www.facebook.com\/altominhotv","article_published_time":"2026-04-29T15:22:00+00:00","article_modified_time":"2026-04-29T15:22:02+00:00","og_image":[{"width":1200,"height":630,"url":"https:\/\/www.altominho.tv\/site\/wp-content\/uploads\/2026\/02\/dinheiro_.jpg","type":"image\/jpeg"}],"author":"Lusa","twitter_card":"summary_large_image","twitter_creator":"@altominhoTV","twitter_site":"@altominhoTV","twitter_misc":{"Escrito por":"Lusa","Tempo estimado de leitura":"2 minutos"},"schema":{"@context":"https:\/\/schema.org","@graph":[{"@type":"Article","@id":"https:\/\/www.altominho.tv\/site\/2026\/04\/29\/salario-medio-anual-dos-portugueses-38-abaixo-da-media-da-ue\/#article","isPartOf":{"@id":"https:\/\/www.altominho.tv\/site\/2026\/04\/29\/salario-medio-anual-dos-portugueses-38-abaixo-da-media-da-ue\/"},"author":{"name":"Lusa","@id":"https:\/\/www.altominho.tv\/site\/#\/schema\/person\/63f693da3e1899361cbe955c46f3232e"},"headline":"Sal\u00e1rio m\u00e9dio anual dos portugueses 38% abaixo da m\u00e9dia da UE","datePublished":"2026-04-29T15:22:00+00:00","dateModified":"2026-04-29T15:22:02+00:00","mainEntityOfPage":{"@id":"https:\/\/www.altominho.tv\/site\/2026\/04\/29\/salario-medio-anual-dos-portugueses-38-abaixo-da-media-da-ue\/"},"wordCount":341,"image":{"@id":"https:\/\/www.altominho.tv\/site\/2026\/04\/29\/salario-medio-anual-dos-portugueses-38-abaixo-da-media-da-ue\/#primaryimage"},"thumbnailUrl":"https:\/\/www.altominho.tv\/site\/wp-content\/uploads\/2026\/02\/dinheiro_.jpg","keywords":["Economia"],"articleSection":["Pa\u00eds"],"inLanguage":"pt-PT","copyrightYear":"2026","copyrightHolder":{"@id":"https:\/\/www.altominho.tv\/site\/#organization"}},{"@type":"WebPage","@id":"https:\/\/www.altominho.tv\/site\/2026\/04\/29\/salario-medio-anual-dos-portugueses-38-abaixo-da-media-da-ue\/","url":"https:\/\/www.altominho.tv\/site\/2026\/04\/29\/salario-medio-anual-dos-portugueses-38-abaixo-da-media-da-ue\/","name":"Sal\u00e1rio m\u00e9dio anual dos portugueses 38% abaixo da m\u00e9dia da UE","isPartOf":{"@id":"https:\/\/www.altominho.tv\/site\/#website"},"primaryImageOfPage":{"@id":"https:\/\/www.altominho.tv\/site\/2026\/04\/29\/salario-medio-anual-dos-portugueses-38-abaixo-da-media-da-ue\/#primaryimage"},"image":{"@id":"https:\/\/www.altominho.tv\/site\/2026\/04\/29\/salario-medio-anual-dos-portugueses-38-abaixo-da-media-da-ue\/#primaryimage"},"thumbnailUrl":"https:\/\/www.altominho.tv\/site\/wp-content\/uploads\/2026\/02\/dinheiro_.jpg","datePublished":"2026-04-29T15:22:00+00:00","dateModified":"2026-04-29T15:22:02+00:00","author":{"@id":"https:\/\/www.altominho.tv\/site\/#\/schema\/person\/63f693da3e1899361cbe955c46f3232e"},"description":"O sal\u00e1rio m\u00e9dio anual dos portugueses cresceu 1.600 euros entre 2023 e 2024, para 24.800 euros, mas continua 38% abaixo da m\u00e9dia da Uni\u00e3o Europeia, segundo um relat\u00f3rio promovido pela Associa\u00e7\u00e3o Business Roundtable Portugal.","breadcrumb":{"@id":"https:\/\/www.altominho.tv\/site\/2026\/04\/29\/salario-medio-anual-dos-portugueses-38-abaixo-da-media-da-ue\/#breadcrumb"},"inLanguage":"pt-PT","potentialAction":[{"@type":"ReadAction","target":["https:\/\/www.altominho.tv\/site\/2026\/04\/29\/salario-medio-anual-dos-portugueses-38-abaixo-da-media-da-ue\/"]}]},{"@type":"ImageObject","inLanguage":"pt-PT","@id":"https:\/\/www.altominho.tv\/site\/2026\/04\/29\/salario-medio-anual-dos-portugueses-38-abaixo-da-media-da-ue\/#primaryimage","url":"https:\/\/www.altominho.tv\/site\/wp-content\/uploads\/2026\/02\/dinheiro_.jpg","contentUrl":"https:\/\/www.altominho.tv\/site\/wp-content\/uploads\/2026\/02\/dinheiro_.jpg","width":1200,"height":630},{"@type":"BreadcrumbList","@id":"https:\/\/www.altominho.tv\/site\/2026\/04\/29\/salario-medio-anual-dos-portugueses-38-abaixo-da-media-da-ue\/#breadcrumb","itemListElement":[{"@type":"ListItem","position":1,"name":"In\u00edcio","item":"https:\/\/www.altominho.tv\/site\/"},{"@type":"ListItem","position":2,"name":"Sal\u00e1rio m\u00e9dio anual dos portugueses 38% abaixo da m\u00e9dia da UE"}]},{"@type":"WebSite","@id":"https:\/\/www.altominho.tv\/site\/#website","url":"https:\/\/www.altominho.tv\/site\/","name":"Altominho.tv","description":"A sua regi\u00e3o \u00e0 dist\u00e2ncia de um clique...","potentialAction":[{"@type":"SearchAction","target":{"@type":"EntryPoint","urlTemplate":"https:\/\/www.altominho.tv\/site\/?s={search_term_string}"},"query-input":{"@type":"PropertyValueSpecification","valueRequired":true,"valueName":"search_term_string"}}],"inLanguage":"pt-PT"},{"@type":"Person","@id":"https:\/\/www.altominho.tv\/site\/#\/schema\/person\/63f693da3e1899361cbe955c46f3232e","name":"Lusa","image":{"@type":"ImageObject","inLanguage":"pt-PT","@id":"https:\/\/www.altominho.tv\/site\/wp-content\/uploads\/2019\/08\/LUSA_Logo.gif","url":"https:\/\/www.altominho.tv\/site\/wp-content\/uploads\/2019\/08\/LUSA_Logo.gif","contentUrl":"https:\/\/www.altominho.tv\/site\/wp-content\/uploads\/2019\/08\/LUSA_Logo.gif","caption":"Lusa"},"sameAs":["http:\/\/\/\/www.altominho.tv\/site"],"url":"https:\/\/www.altominho.tv\/site\/author\/lusa\/"}]}},"_links":{"self":[{"href":"https:\/\/www.altominho.tv\/site\/wp-json\/wp\/v2\/posts\/131806","targetHints":{"allow":["GET"]}}],"collection":[{"href":"https:\/\/www.altominho.tv\/site\/wp-json\/wp\/v2\/posts"}],"about":[{"href":"https:\/\/www.altominho.tv\/site\/wp-json\/wp\/v2\/types\/post"}],"author":[{"embeddable":true,"href":"https:\/\/www.altominho.tv\/site\/wp-json\/wp\/v2\/users\/13"}],"replies":[{"embeddable":true,"href":"https:\/\/www.altominho.tv\/site\/wp-json\/wp\/v2\/comments?post=131806"}],"version-history":[{"count":2,"href":"https:\/\/www.altominho.tv\/site\/wp-json\/wp\/v2\/posts\/131806\/revisions"}],"predecessor-version":[{"id":131809,"href":"https:\/\/www.altominho.tv\/site\/wp-json\/wp\/v2\/posts\/131806\/revisions\/131809"}],"wp:featuredmedia":[{"embeddable":true,"href":"https:\/\/www.altominho.tv\/site\/wp-json\/wp\/v2\/media\/129041"}],"wp:attachment":[{"href":"https:\/\/www.altominho.tv\/site\/wp-json\/wp\/v2\/media?parent=131806"}],"wp:term":[{"taxonomy":"category","embeddable":true,"href":"https:\/\/www.altominho.tv\/site\/wp-json\/wp\/v2\/categories?post=131806"},{"taxonomy":"post_tag","embeddable":true,"href":"https:\/\/www.altominho.tv\/site\/wp-json\/wp\/v2\/tags?post=131806"}],"curies":[{"name":"wp","href":"https:\/\/api.w.org\/{rel}","templated":true}]}}