{"id":131803,"date":"2026-04-29T15:01:57","date_gmt":"2026-04-29T14:01:57","guid":{"rendered":"https:\/\/www.altominho.tv\/site\/?p=131803"},"modified":"2026-04-29T15:10:48","modified_gmt":"2026-04-29T14:10:48","slug":"enercon-terminou-producao-de-geradores-na-fabrica-de-lanheses","status":"publish","type":"post","link":"https:\/\/www.altominho.tv\/site\/2026\/04\/29\/enercon-terminou-producao-de-geradores-na-fabrica-de-lanheses\/","title":{"rendered":"Enercon terminou produ\u00e7\u00e3o de geradores na f\u00e1brica de Lanheses"},"content":{"rendered":"<p>A Enercon terminou, dia 24, a labora\u00e7\u00e3o e encerrou a f\u00e1brica de geradores em Lanheses, Viana do Castelo, e &#8220;mais de metade dos 68 trabalhadores despedidos j\u00e1 foram absorvidos por empresas da regi\u00e3o\u201d, disse hoje fonte sindical.<\/p>\n<p>Contactado pela ag\u00eancia Lusa, o dirigente em Viana do\u00a0Castelo do Sindicato das Ind\u00fastrias Transformadoras, Energia e Atividades do Ambiente do Norte (SITE-Norte), Augusto Silva\u00a0adiantou que os trabalhadores receberam as\u00a0\u201crescis\u00f5es por motivos operacionais\u201d, uma vez que a f\u00e1brica de Lanheses fechou por\u00a0altera\u00e7\u00e3o da sua linha de produtos e, o grupo alem\u00e3o, &#8220;durante a\u00a0negocia\u00e7\u00e3o do\u00a0despedimento\u00a0coletivo,\u00a0melh<wbr \/>orou o que est\u00e1 contratualizado e, que lei \u00e9 obriga&#8221;.<\/p>\n<p>&#8220;Conseguiu-se\u00a0ir\u00a0mais\u00a0al\u00e9m dos m\u00ednimos que a lei obriga.\u00a0O\u00a0pr\u00e9mio atribu\u00eddo pela conclus\u00e3o, at\u00e9 dia 24, das encomendas que estavam\u00a0pendentes,foi\u00a0igual\u00a0pa<wbr \/>ra\u00a0todos.\u00a0Conseguiu-se\u00a0que\u00a0n\u00e3o<wbr \/> houvesse\u00a0discrimina\u00e7\u00e3o em\u00a0fun\u00e7\u00e3o\u00a0dos\u00a0anos de servi\u00e7o&#8221;, revelou Augusto Silva.<\/p>\n<p>O dirigente sindical acrescentou que &#8220;a\u00a0maioria\u00a0dos trabalhadores, se\u00a0n\u00e3o\u00a0a\u00a0totalidade,\u00a0j\u00e1\u00a0tem,\u00a0o<wbr \/>u contratos assinados, ou promessas de emprego&#8221;.<\/p>\n<p>&#8220;Os trabalhadores t\u00eam\u00a0de\u00a0cumprir\u00a0o\u00a0prazo\u00a0de\u00a0cont<wbr \/>rato com a Enercon, que pela lei s\u00f3 termi<wbr \/>na\u00a0no\u00a0final de\u00a0maio. No entanto,\u00a0h\u00e1\u00a0o\u00a0compromisso\u00a0da\u00a0e<wbr \/>mpresa, uma vez que produ\u00e7\u00e3o terminou, de libertar algum trabalhador que tiver necessidade de come\u00e7ar mais cedo noutra empresa. Certo \u00e9 que a partir do dia 1 de junho<wbr \/>, a situa\u00e7\u00e3o\u00a0de\u00a0todos &#8211;\u00a0ou\u00a0se n\u00e3o de\u00a0todos,\u00a0praticamente\u00a0de\u00a0todo<wbr \/>s &#8211; est\u00e1\u00a0encaminhada. N\u00e3o\u00a0ir\u00e3o\u00a0sequer\u00a0ter\u00a0necessidad<wbr \/>e de se inscrever no centro de emprego&#8221;, sustentou.<\/p>\n<p>Augusto Silva indicou que &#8220;dois ter\u00e7os dos trabalhadores v\u00e3o ser absorvidos, entre outras empresas, pela norueguesa NordicEpod.<\/p>\n<p>A NordicEpod, que resulta da parceira entre o grupo noruegu\u00eas CTS e a norte-americana Eaton, est\u00e1 a construir em Darque, na margem esquerda do rio Lima, uma nova f\u00e1brica de 50 milh\u00f5es de euros que vai criar 500 postos de trabalho diretos que ser\u00e3o preenchidos com m\u00e3o de obra qualificada, sobretudo engenheiros.<\/p>\n<p>Disse ainda que &#8220;a BorgWarner, tamb\u00e9m situada no parque empresarial de Lanheses, demonstrou interesse&#8221; e que &#8220;o pr\u00f3prio grupo tamb\u00e9m coloco<wbr \/>u \u00e0 disposi\u00e7\u00e3o de todos, emprego<wbr \/>s n\u00e3o\u00a0s\u00f3\u00a0no\u00a0pa\u00eds, mais\u00a0na\u00a0\u00e1rea\u00a0da\u00a0manuten\u00e7\u00e3o\u00a0dos<wbr \/> parques e\u00f3licos, mas tamb\u00e9m na\u00a0casa m\u00e3e,\u00a0na\u00a0Alemanha&#8221;, referiu.<\/p>\n<p>Al\u00e9m da f\u00e1brica instalada no parque empresarial Lanheses, a Enercon tem ainda outra unidade de produ\u00e7\u00e3o de aerogeradores, no parque empresarial da Praia Norte, em Viana do Castelo, que emprega 750 trabalhadores.<\/p>\n<p>A f\u00e1brica de Lanheses, que iniciou a labora\u00e7\u00e3o em 2028 \u201cproduz principalmente geradores para os modelos de aerogeradores da plataforma EP2 (2MW de pot\u00eancia)\u201d.<\/p>\n<p>Segundo a Enercon \u201cdevido \u00e0 diminui\u00e7\u00e3o da procura deste produto, uma tend\u00eancia do mercado que j\u00e1 era expect\u00e1vel, a comercializa\u00e7\u00e3o centra-se agora em modelos mais modernos, de maior pot\u00eancia e rendimento, das plataformas EP3 e EP5\u201d.<\/p>\n<p>A multinacional\u00a0revelou que a produ\u00e7\u00e3o de geradores para as plataformas EP3 e EP5 ter\u00e1 lugar no Centro de Excel\u00eancia de Geradores da Enercon, em Magdeburgo, Alemanha\u201d.<\/p>\n<p>Foto:<strong> DR<\/strong><\/p>\n","protected":false},"excerpt":{"rendered":"<p>A Enercon terminou, dia 24, a labora\u00e7\u00e3o e encerrou a f\u00e1brica de geradores em Lanheses, Viana do Castelo, e &#8220;mais de metade dos 68 trabalhadores despedidos j\u00e1 foram absorvidos por empresas da regi\u00e3o\u201d, disse hoje fonte sindical. Contactado pela ag\u00eancia Lusa, o dirigente em Viana do\u00a0Castelo do Sindicato das Ind\u00fastrias Transformadoras, Energia e Atividades do [&hellip;]<\/p>\n","protected":false},"author":13,"featured_media":129052,"comment_status":"closed","ping_status":"closed","sticky":false,"template":"","format":"standard","meta":{"_exactmetrics_skip_tracking":false,"_exactmetrics_sitenote_active":false,"_exactmetrics_sitenote_note":"","_exactmetrics_sitenote_category":0,"footnotes":""},"categories":[14],"tags":[21],"class_list":["post-131803","post","type-post","status-publish","format-standard","has-post-thumbnail","hentry","category-viana-do-castelo","tag-economia"],"yoast_head":"<!-- This site is optimized with the Yoast SEO Premium plugin v27.4 (Yoast SEO v27.4) - https:\/\/yoast.com\/product\/yoast-seo-premium-wordpress\/ -->\n<title>Enercon terminou produ\u00e7\u00e3o de geradores na f\u00e1brica de Lanheses<\/title>\n<meta name=\"description\" content=\"A Enercon terminou, dia 24, a labora\u00e7\u00e3o e encerrou a f\u00e1brica de geradores em Lanheses, Viana do Castelo, e &quot;mais de metade dos 68 trabalhadores despedidos j\u00e1 foram absorvidos por empresas da regi\u00e3o\u201d, disse hoje fonte sindical.\" \/>\n<meta name=\"robots\" content=\"index, follow, max-snippet:-1, max-image-preview:large, max-video-preview:-1\" \/>\n<link rel=\"canonical\" href=\"https:\/\/www.altominho.tv\/site\/2026\/04\/29\/enercon-terminou-producao-de-geradores-na-fabrica-de-lanheses\/\" \/>\n<meta property=\"og:locale\" content=\"pt_PT\" \/>\n<meta property=\"og:type\" content=\"article\" \/>\n<meta property=\"og:title\" content=\"Enercon terminou produ\u00e7\u00e3o de geradores na f\u00e1brica de Lanheses\" \/>\n<meta property=\"og:description\" content=\"A Enercon terminou, dia 24, a labora\u00e7\u00e3o e encerrou a f\u00e1brica de geradores em Lanheses, Viana do Castelo, e &quot;mais de metade dos 68 trabalhadores despedidos j\u00e1 foram absorvidos por empresas da regi\u00e3o\u201d, disse hoje fonte sindical.\" \/>\n<meta property=\"og:url\" content=\"https:\/\/www.altominho.tv\/site\/2026\/04\/29\/enercon-terminou-producao-de-geradores-na-fabrica-de-lanheses\/\" \/>\n<meta property=\"og:site_name\" content=\"Altominho.tv\" \/>\n<meta property=\"article:publisher\" content=\"https:\/\/www.facebook.com\/altominhotv\" \/>\n<meta property=\"article:published_time\" content=\"2026-04-29T14:01:57+00:00\" \/>\n<meta property=\"article:modified_time\" content=\"2026-04-29T14:10:48+00:00\" \/>\n<meta property=\"og:image\" content=\"https:\/\/www.altominho.tv\/site\/wp-content\/uploads\/2026\/02\/enercon.png\" \/>\n\t<meta property=\"og:image:width\" content=\"1200\" \/>\n\t<meta property=\"og:image:height\" content=\"630\" \/>\n\t<meta property=\"og:image:type\" content=\"image\/png\" \/>\n<meta name=\"author\" content=\"Lusa\" \/>\n<meta name=\"twitter:card\" content=\"summary_large_image\" \/>\n<meta name=\"twitter:creator\" content=\"@altominhoTV\" \/>\n<meta name=\"twitter:site\" content=\"@altominhoTV\" \/>\n<meta name=\"twitter:label1\" content=\"Escrito por\" \/>\n\t<meta name=\"twitter:data1\" content=\"Lusa\" \/>\n\t<meta name=\"twitter:label2\" content=\"Tempo estimado de leitura\" \/>\n\t<meta name=\"twitter:data2\" content=\"3 minutos\" \/>\n<script type=\"application\/ld+json\" class=\"yoast-schema-graph\">{\"@context\":\"https:\\\/\\\/schema.org\",\"@graph\":[{\"@type\":\"Article\",\"@id\":\"https:\\\/\\\/www.altominho.tv\\\/site\\\/2026\\\/04\\\/29\\\/enercon-terminou-producao-de-geradores-na-fabrica-de-lanheses\\\/#article\",\"isPartOf\":{\"@id\":\"https:\\\/\\\/www.altominho.tv\\\/site\\\/2026\\\/04\\\/29\\\/enercon-terminou-producao-de-geradores-na-fabrica-de-lanheses\\\/\"},\"author\":{\"name\":\"Lusa\",\"@id\":\"https:\\\/\\\/www.altominho.tv\\\/site\\\/#\\\/schema\\\/person\\\/63f693da3e1899361cbe955c46f3232e\"},\"headline\":\"Enercon terminou produ\u00e7\u00e3o de geradores na f\u00e1brica de Lanheses\",\"datePublished\":\"2026-04-29T14:01:57+00:00\",\"dateModified\":\"2026-04-29T14:10:48+00:00\",\"mainEntityOfPage\":{\"@id\":\"https:\\\/\\\/www.altominho.tv\\\/site\\\/2026\\\/04\\\/29\\\/enercon-terminou-producao-de-geradores-na-fabrica-de-lanheses\\\/\"},\"wordCount\":547,\"image\":{\"@id\":\"https:\\\/\\\/www.altominho.tv\\\/site\\\/2026\\\/04\\\/29\\\/enercon-terminou-producao-de-geradores-na-fabrica-de-lanheses\\\/#primaryimage\"},\"thumbnailUrl\":\"https:\\\/\\\/www.altominho.tv\\\/site\\\/wp-content\\\/uploads\\\/2026\\\/02\\\/enercon.png\",\"keywords\":[\"Economia\"],\"articleSection\":[\"Viana do Castelo\"],\"inLanguage\":\"pt-PT\",\"copyrightYear\":\"2026\",\"copyrightHolder\":{\"@id\":\"https:\\\/\\\/www.altominho.tv\\\/site\\\/#organization\"}},{\"@type\":\"WebPage\",\"@id\":\"https:\\\/\\\/www.altominho.tv\\\/site\\\/2026\\\/04\\\/29\\\/enercon-terminou-producao-de-geradores-na-fabrica-de-lanheses\\\/\",\"url\":\"https:\\\/\\\/www.altominho.tv\\\/site\\\/2026\\\/04\\\/29\\\/enercon-terminou-producao-de-geradores-na-fabrica-de-lanheses\\\/\",\"name\":\"Enercon terminou produ\u00e7\u00e3o de geradores na f\u00e1brica de Lanheses\",\"isPartOf\":{\"@id\":\"https:\\\/\\\/www.altominho.tv\\\/site\\\/#website\"},\"primaryImageOfPage\":{\"@id\":\"https:\\\/\\\/www.altominho.tv\\\/site\\\/2026\\\/04\\\/29\\\/enercon-terminou-producao-de-geradores-na-fabrica-de-lanheses\\\/#primaryimage\"},\"image\":{\"@id\":\"https:\\\/\\\/www.altominho.tv\\\/site\\\/2026\\\/04\\\/29\\\/enercon-terminou-producao-de-geradores-na-fabrica-de-lanheses\\\/#primaryimage\"},\"thumbnailUrl\":\"https:\\\/\\\/www.altominho.tv\\\/site\\\/wp-content\\\/uploads\\\/2026\\\/02\\\/enercon.png\",\"datePublished\":\"2026-04-29T14:01:57+00:00\",\"dateModified\":\"2026-04-29T14:10:48+00:00\",\"author\":{\"@id\":\"https:\\\/\\\/www.altominho.tv\\\/site\\\/#\\\/schema\\\/person\\\/63f693da3e1899361cbe955c46f3232e\"},\"description\":\"A Enercon terminou, dia 24, a labora\u00e7\u00e3o e encerrou a f\u00e1brica de geradores em Lanheses, Viana do Castelo, e \\\"mais de metade dos 68 trabalhadores despedidos j\u00e1 foram absorvidos por empresas da regi\u00e3o\u201d, disse hoje fonte sindical.\",\"breadcrumb\":{\"@id\":\"https:\\\/\\\/www.altominho.tv\\\/site\\\/2026\\\/04\\\/29\\\/enercon-terminou-producao-de-geradores-na-fabrica-de-lanheses\\\/#breadcrumb\"},\"inLanguage\":\"pt-PT\",\"potentialAction\":[{\"@type\":\"ReadAction\",\"target\":[\"https:\\\/\\\/www.altominho.tv\\\/site\\\/2026\\\/04\\\/29\\\/enercon-terminou-producao-de-geradores-na-fabrica-de-lanheses\\\/\"]}]},{\"@type\":\"ImageObject\",\"inLanguage\":\"pt-PT\",\"@id\":\"https:\\\/\\\/www.altominho.tv\\\/site\\\/2026\\\/04\\\/29\\\/enercon-terminou-producao-de-geradores-na-fabrica-de-lanheses\\\/#primaryimage\",\"url\":\"https:\\\/\\\/www.altominho.tv\\\/site\\\/wp-content\\\/uploads\\\/2026\\\/02\\\/enercon.png\",\"contentUrl\":\"https:\\\/\\\/www.altominho.tv\\\/site\\\/wp-content\\\/uploads\\\/2026\\\/02\\\/enercon.png\",\"width\":1200,\"height\":630},{\"@type\":\"BreadcrumbList\",\"@id\":\"https:\\\/\\\/www.altominho.tv\\\/site\\\/2026\\\/04\\\/29\\\/enercon-terminou-producao-de-geradores-na-fabrica-de-lanheses\\\/#breadcrumb\",\"itemListElement\":[{\"@type\":\"ListItem\",\"position\":1,\"name\":\"In\u00edcio\",\"item\":\"https:\\\/\\\/www.altominho.tv\\\/site\\\/\"},{\"@type\":\"ListItem\",\"position\":2,\"name\":\"Enercon terminou produ\u00e7\u00e3o de geradores na f\u00e1brica de Lanheses\"}]},{\"@type\":\"WebSite\",\"@id\":\"https:\\\/\\\/www.altominho.tv\\\/site\\\/#website\",\"url\":\"https:\\\/\\\/www.altominho.tv\\\/site\\\/\",\"name\":\"Altominho.tv\",\"description\":\"A sua regi\u00e3o \u00e0 dist\u00e2ncia de um clique...\",\"potentialAction\":[{\"@type\":\"SearchAction\",\"target\":{\"@type\":\"EntryPoint\",\"urlTemplate\":\"https:\\\/\\\/www.altominho.tv\\\/site\\\/?s={search_term_string}\"},\"query-input\":{\"@type\":\"PropertyValueSpecification\",\"valueRequired\":true,\"valueName\":\"search_term_string\"}}],\"inLanguage\":\"pt-PT\"},{\"@type\":\"Person\",\"@id\":\"https:\\\/\\\/www.altominho.tv\\\/site\\\/#\\\/schema\\\/person\\\/63f693da3e1899361cbe955c46f3232e\",\"name\":\"Lusa\",\"image\":{\"@type\":\"ImageObject\",\"inLanguage\":\"pt-PT\",\"@id\":\"https:\\\/\\\/www.altominho.tv\\\/site\\\/wp-content\\\/uploads\\\/2019\\\/08\\\/LUSA_Logo.gif\",\"url\":\"https:\\\/\\\/www.altominho.tv\\\/site\\\/wp-content\\\/uploads\\\/2019\\\/08\\\/LUSA_Logo.gif\",\"contentUrl\":\"https:\\\/\\\/www.altominho.tv\\\/site\\\/wp-content\\\/uploads\\\/2019\\\/08\\\/LUSA_Logo.gif\",\"caption\":\"Lusa\"},\"sameAs\":[\"http:\\\/\\\/\\\/\\\/www.altominho.tv\\\/site\"],\"url\":\"https:\\\/\\\/www.altominho.tv\\\/site\\\/author\\\/lusa\\\/\"}]}<\/script>\n<!-- \/ Yoast SEO Premium plugin. -->","yoast_head_json":{"title":"Enercon terminou produ\u00e7\u00e3o de geradores na f\u00e1brica de Lanheses","description":"A Enercon terminou, dia 24, a labora\u00e7\u00e3o e encerrou a f\u00e1brica de geradores em Lanheses, Viana do Castelo, e \"mais de metade dos 68 trabalhadores despedidos j\u00e1 foram absorvidos por empresas da regi\u00e3o\u201d, disse hoje fonte sindical.","robots":{"index":"index","follow":"follow","max-snippet":"max-snippet:-1","max-image-preview":"max-image-preview:large","max-video-preview":"max-video-preview:-1"},"canonical":"https:\/\/www.altominho.tv\/site\/2026\/04\/29\/enercon-terminou-producao-de-geradores-na-fabrica-de-lanheses\/","og_locale":"pt_PT","og_type":"article","og_title":"Enercon terminou produ\u00e7\u00e3o de geradores na f\u00e1brica de Lanheses","og_description":"A Enercon terminou, dia 24, a labora\u00e7\u00e3o e encerrou a f\u00e1brica de geradores em Lanheses, Viana do Castelo, e \"mais de metade dos 68 trabalhadores despedidos j\u00e1 foram absorvidos por empresas da regi\u00e3o\u201d, disse hoje fonte sindical.","og_url":"https:\/\/www.altominho.tv\/site\/2026\/04\/29\/enercon-terminou-producao-de-geradores-na-fabrica-de-lanheses\/","og_site_name":"Altominho.tv","article_publisher":"https:\/\/www.facebook.com\/altominhotv","article_published_time":"2026-04-29T14:01:57+00:00","article_modified_time":"2026-04-29T14:10:48+00:00","og_image":[{"width":1200,"height":630,"url":"https:\/\/www.altominho.tv\/site\/wp-content\/uploads\/2026\/02\/enercon.png","type":"image\/png"}],"author":"Lusa","twitter_card":"summary_large_image","twitter_creator":"@altominhoTV","twitter_site":"@altominhoTV","twitter_misc":{"Escrito por":"Lusa","Tempo estimado de leitura":"3 minutos"},"schema":{"@context":"https:\/\/schema.org","@graph":[{"@type":"Article","@id":"https:\/\/www.altominho.tv\/site\/2026\/04\/29\/enercon-terminou-producao-de-geradores-na-fabrica-de-lanheses\/#article","isPartOf":{"@id":"https:\/\/www.altominho.tv\/site\/2026\/04\/29\/enercon-terminou-producao-de-geradores-na-fabrica-de-lanheses\/"},"author":{"name":"Lusa","@id":"https:\/\/www.altominho.tv\/site\/#\/schema\/person\/63f693da3e1899361cbe955c46f3232e"},"headline":"Enercon terminou produ\u00e7\u00e3o de geradores na f\u00e1brica de Lanheses","datePublished":"2026-04-29T14:01:57+00:00","dateModified":"2026-04-29T14:10:48+00:00","mainEntityOfPage":{"@id":"https:\/\/www.altominho.tv\/site\/2026\/04\/29\/enercon-terminou-producao-de-geradores-na-fabrica-de-lanheses\/"},"wordCount":547,"image":{"@id":"https:\/\/www.altominho.tv\/site\/2026\/04\/29\/enercon-terminou-producao-de-geradores-na-fabrica-de-lanheses\/#primaryimage"},"thumbnailUrl":"https:\/\/www.altominho.tv\/site\/wp-content\/uploads\/2026\/02\/enercon.png","keywords":["Economia"],"articleSection":["Viana do Castelo"],"inLanguage":"pt-PT","copyrightYear":"2026","copyrightHolder":{"@id":"https:\/\/www.altominho.tv\/site\/#organization"}},{"@type":"WebPage","@id":"https:\/\/www.altominho.tv\/site\/2026\/04\/29\/enercon-terminou-producao-de-geradores-na-fabrica-de-lanheses\/","url":"https:\/\/www.altominho.tv\/site\/2026\/04\/29\/enercon-terminou-producao-de-geradores-na-fabrica-de-lanheses\/","name":"Enercon terminou produ\u00e7\u00e3o de geradores na f\u00e1brica de Lanheses","isPartOf":{"@id":"https:\/\/www.altominho.tv\/site\/#website"},"primaryImageOfPage":{"@id":"https:\/\/www.altominho.tv\/site\/2026\/04\/29\/enercon-terminou-producao-de-geradores-na-fabrica-de-lanheses\/#primaryimage"},"image":{"@id":"https:\/\/www.altominho.tv\/site\/2026\/04\/29\/enercon-terminou-producao-de-geradores-na-fabrica-de-lanheses\/#primaryimage"},"thumbnailUrl":"https:\/\/www.altominho.tv\/site\/wp-content\/uploads\/2026\/02\/enercon.png","datePublished":"2026-04-29T14:01:57+00:00","dateModified":"2026-04-29T14:10:48+00:00","author":{"@id":"https:\/\/www.altominho.tv\/site\/#\/schema\/person\/63f693da3e1899361cbe955c46f3232e"},"description":"A Enercon terminou, dia 24, a labora\u00e7\u00e3o e encerrou a f\u00e1brica de geradores em Lanheses, Viana do Castelo, e \"mais de metade dos 68 trabalhadores despedidos j\u00e1 foram absorvidos por empresas da regi\u00e3o\u201d, disse hoje fonte sindical.","breadcrumb":{"@id":"https:\/\/www.altominho.tv\/site\/2026\/04\/29\/enercon-terminou-producao-de-geradores-na-fabrica-de-lanheses\/#breadcrumb"},"inLanguage":"pt-PT","potentialAction":[{"@type":"ReadAction","target":["https:\/\/www.altominho.tv\/site\/2026\/04\/29\/enercon-terminou-producao-de-geradores-na-fabrica-de-lanheses\/"]}]},{"@type":"ImageObject","inLanguage":"pt-PT","@id":"https:\/\/www.altominho.tv\/site\/2026\/04\/29\/enercon-terminou-producao-de-geradores-na-fabrica-de-lanheses\/#primaryimage","url":"https:\/\/www.altominho.tv\/site\/wp-content\/uploads\/2026\/02\/enercon.png","contentUrl":"https:\/\/www.altominho.tv\/site\/wp-content\/uploads\/2026\/02\/enercon.png","width":1200,"height":630},{"@type":"BreadcrumbList","@id":"https:\/\/www.altominho.tv\/site\/2026\/04\/29\/enercon-terminou-producao-de-geradores-na-fabrica-de-lanheses\/#breadcrumb","itemListElement":[{"@type":"ListItem","position":1,"name":"In\u00edcio","item":"https:\/\/www.altominho.tv\/site\/"},{"@type":"ListItem","position":2,"name":"Enercon terminou produ\u00e7\u00e3o de geradores na f\u00e1brica de Lanheses"}]},{"@type":"WebSite","@id":"https:\/\/www.altominho.tv\/site\/#website","url":"https:\/\/www.altominho.tv\/site\/","name":"Altominho.tv","description":"A sua regi\u00e3o \u00e0 dist\u00e2ncia de um clique...","potentialAction":[{"@type":"SearchAction","target":{"@type":"EntryPoint","urlTemplate":"https:\/\/www.altominho.tv\/site\/?s={search_term_string}"},"query-input":{"@type":"PropertyValueSpecification","valueRequired":true,"valueName":"search_term_string"}}],"inLanguage":"pt-PT"},{"@type":"Person","@id":"https:\/\/www.altominho.tv\/site\/#\/schema\/person\/63f693da3e1899361cbe955c46f3232e","name":"Lusa","image":{"@type":"ImageObject","inLanguage":"pt-PT","@id":"https:\/\/www.altominho.tv\/site\/wp-content\/uploads\/2019\/08\/LUSA_Logo.gif","url":"https:\/\/www.altominho.tv\/site\/wp-content\/uploads\/2019\/08\/LUSA_Logo.gif","contentUrl":"https:\/\/www.altominho.tv\/site\/wp-content\/uploads\/2019\/08\/LUSA_Logo.gif","caption":"Lusa"},"sameAs":["http:\/\/\/\/www.altominho.tv\/site"],"url":"https:\/\/www.altominho.tv\/site\/author\/lusa\/"}]}},"_links":{"self":[{"href":"https:\/\/www.altominho.tv\/site\/wp-json\/wp\/v2\/posts\/131803","targetHints":{"allow":["GET"]}}],"collection":[{"href":"https:\/\/www.altominho.tv\/site\/wp-json\/wp\/v2\/posts"}],"about":[{"href":"https:\/\/www.altominho.tv\/site\/wp-json\/wp\/v2\/types\/post"}],"author":[{"embeddable":true,"href":"https:\/\/www.altominho.tv\/site\/wp-json\/wp\/v2\/users\/13"}],"replies":[{"embeddable":true,"href":"https:\/\/www.altominho.tv\/site\/wp-json\/wp\/v2\/comments?post=131803"}],"version-history":[{"count":2,"href":"https:\/\/www.altominho.tv\/site\/wp-json\/wp\/v2\/posts\/131803\/revisions"}],"predecessor-version":[{"id":131805,"href":"https:\/\/www.altominho.tv\/site\/wp-json\/wp\/v2\/posts\/131803\/revisions\/131805"}],"wp:featuredmedia":[{"embeddable":true,"href":"https:\/\/www.altominho.tv\/site\/wp-json\/wp\/v2\/media\/129052"}],"wp:attachment":[{"href":"https:\/\/www.altominho.tv\/site\/wp-json\/wp\/v2\/media?parent=131803"}],"wp:term":[{"taxonomy":"category","embeddable":true,"href":"https:\/\/www.altominho.tv\/site\/wp-json\/wp\/v2\/categories?post=131803"},{"taxonomy":"post_tag","embeddable":true,"href":"https:\/\/www.altominho.tv\/site\/wp-json\/wp\/v2\/tags?post=131803"}],"curies":[{"name":"wp","href":"https:\/\/api.w.org\/{rel}","templated":true}]}}