{"id":131800,"date":"2026-04-29T14:38:05","date_gmt":"2026-04-29T13:38:05","guid":{"rendered":"https:\/\/www.altominho.tv\/site\/?p=131800"},"modified":"2026-04-29T14:38:08","modified_gmt":"2026-04-29T13:38:08","slug":"arcos-de-valdevez-aprova-protocolos-com-equipas-de-sapadores-florestais","status":"publish","type":"post","link":"https:\/\/www.altominho.tv\/site\/2026\/04\/29\/arcos-de-valdevez-aprova-protocolos-com-equipas-de-sapadores-florestais\/","title":{"rendered":"Arcos de Valdevez aprova protocolos com equipas de Sapadores Florestais"},"content":{"rendered":"<p>A C\u00e2mara Municipal de Arcos de Valdevez aprovou a celebra\u00e7\u00e3o de protocolos de apoio financeiro com cinco equipas de Sapadores Florestais, num investimento global de 250 mil euros.<\/p>\n<p class=\"p1\">Os apoios ser\u00e3o atribu\u00eddos \u00e0 Associa\u00e7\u00e3o Florestal Atl\u00e2ntica, \u00e0 Associa\u00e7\u00e3o Florestal do Lima, \u00e0s Assembleias de Compartes dos Baldios das Freguesias de Cabreiro, Gavieira e Soajo, contando com as respetivas Juntas de Freguesia como entidades fiscalizadoras.<\/p>\n<p class=\"p1\">Cada entidade beneficiar\u00e1 de um apoio de 50 mil euros, o que representa um aumento de cinco mil euros, face ao ano anterior. Estes protocolos t\u00eam como principal objetivo a preven\u00e7\u00e3o de inc\u00eandios florestais, atrav\u00e9s da realiza\u00e7\u00e3o de a\u00e7\u00f5es de silvicultura preventiva, nomeadamente a cria\u00e7\u00e3o de faixas de gest\u00e3o de combust\u00edveis, a execu\u00e7\u00e3o de fogo controlado, a vigil\u00e2ncia das \u00e1reas rurais, bem como a\u00e7\u00f5es de primeira interven\u00e7\u00e3o, apoio ao combate e \u00e0s subsequentes opera\u00e7\u00f5es de rescaldo e vigil\u00e2ncia p\u00f3s-inc\u00eandio.<\/p>\n<p class=\"p1\">No \u00e2mbito destas a\u00e7\u00f5es, cada equipa ir\u00e1 assegurar a limpeza de cerca de 40km de estradas, duas vezes por ano.<\/p>\n<p class=\"p1\">Enquanto agentes da Prote\u00e7\u00e3o Civil, os Sapadores Florestais, poder\u00e3o ainda intervir nem situa\u00e7\u00f5es como quedas de \u00e1rvores, pequenos deslizamentos de terras, entre outras ocorr\u00eancias, sempre que solicitado pelo Servi\u00e7o Municipal de Prote\u00e7\u00e3o Civil.<\/p>\n<p>Foto: <strong>C\u00e2mara Municipal de Arcos de Valdevez<\/strong><\/p>\n","protected":false},"excerpt":{"rendered":"<p>A C\u00e2mara Municipal de Arcos de Valdevez aprovou a celebra\u00e7\u00e3o de protocolos de apoio financeiro com cinco equipas de Sapadores Florestais, num investimento global de 250 mil euros. Os apoios ser\u00e3o atribu\u00eddos \u00e0 Associa\u00e7\u00e3o Florestal Atl\u00e2ntica, \u00e0 Associa\u00e7\u00e3o Florestal do Lima, \u00e0s Assembleias de Compartes dos Baldios das Freguesias de Cabreiro, Gavieira e Soajo, contando [&hellip;]<\/p>\n","protected":false},"author":30,"featured_media":131801,"comment_status":"closed","ping_status":"closed","sticky":false,"template":"","format":"standard","meta":{"_exactmetrics_skip_tracking":false,"_exactmetrics_sitenote_active":false,"_exactmetrics_sitenote_note":"","_exactmetrics_sitenote_category":0,"footnotes":""},"categories":[2],"tags":[27],"class_list":["post-131800","post","type-post","status-publish","format-standard","has-post-thumbnail","hentry","category-arcos-de-valdevez","tag-sociedade"],"yoast_head":"<!-- This site is optimized with the Yoast SEO Premium plugin v27.4 (Yoast SEO v27.4) - https:\/\/yoast.com\/product\/yoast-seo-premium-wordpress\/ -->\n<title>Arcos de Valdevez aprova protocolos com equipas de Sapadores Florestais<\/title>\n<meta name=\"description\" content=\"A C\u00e2mara Municipal de Arcos de Valdevez aprovou a celebra\u00e7\u00e3o de protocolos de apoio financeiro com cinco equipas de Sapadores Florestais, num investimento global de 250 mil euros.\" \/>\n<meta name=\"robots\" content=\"index, follow, max-snippet:-1, max-image-preview:large, max-video-preview:-1\" \/>\n<link rel=\"canonical\" href=\"https:\/\/www.altominho.tv\/site\/2026\/04\/29\/arcos-de-valdevez-aprova-protocolos-com-equipas-de-sapadores-florestais\/\" \/>\n<meta property=\"og:locale\" content=\"pt_PT\" \/>\n<meta property=\"og:type\" content=\"article\" \/>\n<meta property=\"og:title\" content=\"Arcos de Valdevez aprova protocolos com equipas de Sapadores Florestais\" \/>\n<meta property=\"og:description\" content=\"A C\u00e2mara Municipal de Arcos de Valdevez aprovou a celebra\u00e7\u00e3o de protocolos de apoio financeiro com cinco equipas de Sapadores Florestais, num investimento global de 250 mil euros.\" \/>\n<meta property=\"og:url\" content=\"https:\/\/www.altominho.tv\/site\/2026\/04\/29\/arcos-de-valdevez-aprova-protocolos-com-equipas-de-sapadores-florestais\/\" \/>\n<meta property=\"og:site_name\" content=\"Altominho.tv\" \/>\n<meta property=\"article:publisher\" content=\"https:\/\/www.facebook.com\/altominhotv\" \/>\n<meta property=\"article:published_time\" content=\"2026-04-29T13:38:05+00:00\" \/>\n<meta property=\"article:modified_time\" content=\"2026-04-29T13:38:08+00:00\" \/>\n<meta property=\"og:image\" content=\"https:\/\/www.altominho.tv\/site\/wp-content\/uploads\/2026\/04\/sapador_florestal.jpg\" \/>\n\t<meta property=\"og:image:width\" content=\"1200\" \/>\n\t<meta property=\"og:image:height\" content=\"630\" \/>\n\t<meta property=\"og:image:type\" content=\"image\/jpeg\" \/>\n<meta name=\"author\" content=\"Eduarda Cardoso\" \/>\n<meta name=\"twitter:card\" content=\"summary_large_image\" \/>\n<meta name=\"twitter:creator\" content=\"@altominhoTV\" \/>\n<meta name=\"twitter:site\" content=\"@altominhoTV\" \/>\n<meta name=\"twitter:label1\" content=\"Escrito por\" \/>\n\t<meta name=\"twitter:data1\" content=\"Eduarda Cardoso\" \/>\n\t<meta name=\"twitter:label2\" content=\"Tempo estimado de leitura\" \/>\n\t<meta name=\"twitter:data2\" content=\"2 minutos\" \/>\n<script type=\"application\/ld+json\" class=\"yoast-schema-graph\">{\"@context\":\"https:\\\/\\\/schema.org\",\"@graph\":[{\"@type\":\"Article\",\"@id\":\"https:\\\/\\\/www.altominho.tv\\\/site\\\/2026\\\/04\\\/29\\\/arcos-de-valdevez-aprova-protocolos-com-equipas-de-sapadores-florestais\\\/#article\",\"isPartOf\":{\"@id\":\"https:\\\/\\\/www.altominho.tv\\\/site\\\/2026\\\/04\\\/29\\\/arcos-de-valdevez-aprova-protocolos-com-equipas-de-sapadores-florestais\\\/\"},\"author\":{\"name\":\"Eduarda Cardoso\",\"@id\":\"https:\\\/\\\/www.altominho.tv\\\/site\\\/#\\\/schema\\\/person\\\/9e351387b727413d005ccf1152c93539\"},\"headline\":\"Arcos de Valdevez aprova protocolos com equipas de Sapadores Florestais\",\"datePublished\":\"2026-04-29T13:38:05+00:00\",\"dateModified\":\"2026-04-29T13:38:08+00:00\",\"mainEntityOfPage\":{\"@id\":\"https:\\\/\\\/www.altominho.tv\\\/site\\\/2026\\\/04\\\/29\\\/arcos-de-valdevez-aprova-protocolos-com-equipas-de-sapadores-florestais\\\/\"},\"wordCount\":241,\"image\":{\"@id\":\"https:\\\/\\\/www.altominho.tv\\\/site\\\/2026\\\/04\\\/29\\\/arcos-de-valdevez-aprova-protocolos-com-equipas-de-sapadores-florestais\\\/#primaryimage\"},\"thumbnailUrl\":\"https:\\\/\\\/www.altominho.tv\\\/site\\\/wp-content\\\/uploads\\\/2026\\\/04\\\/sapador_florestal.jpg\",\"keywords\":[\"Sociedade\"],\"articleSection\":[\"Arcos de Valdevez\"],\"inLanguage\":\"pt-PT\",\"copyrightYear\":\"2026\",\"copyrightHolder\":{\"@id\":\"https:\\\/\\\/www.altominho.tv\\\/site\\\/#organization\"}},{\"@type\":\"WebPage\",\"@id\":\"https:\\\/\\\/www.altominho.tv\\\/site\\\/2026\\\/04\\\/29\\\/arcos-de-valdevez-aprova-protocolos-com-equipas-de-sapadores-florestais\\\/\",\"url\":\"https:\\\/\\\/www.altominho.tv\\\/site\\\/2026\\\/04\\\/29\\\/arcos-de-valdevez-aprova-protocolos-com-equipas-de-sapadores-florestais\\\/\",\"name\":\"Arcos de Valdevez aprova protocolos com equipas de Sapadores Florestais\",\"isPartOf\":{\"@id\":\"https:\\\/\\\/www.altominho.tv\\\/site\\\/#website\"},\"primaryImageOfPage\":{\"@id\":\"https:\\\/\\\/www.altominho.tv\\\/site\\\/2026\\\/04\\\/29\\\/arcos-de-valdevez-aprova-protocolos-com-equipas-de-sapadores-florestais\\\/#primaryimage\"},\"image\":{\"@id\":\"https:\\\/\\\/www.altominho.tv\\\/site\\\/2026\\\/04\\\/29\\\/arcos-de-valdevez-aprova-protocolos-com-equipas-de-sapadores-florestais\\\/#primaryimage\"},\"thumbnailUrl\":\"https:\\\/\\\/www.altominho.tv\\\/site\\\/wp-content\\\/uploads\\\/2026\\\/04\\\/sapador_florestal.jpg\",\"datePublished\":\"2026-04-29T13:38:05+00:00\",\"dateModified\":\"2026-04-29T13:38:08+00:00\",\"author\":{\"@id\":\"https:\\\/\\\/www.altominho.tv\\\/site\\\/#\\\/schema\\\/person\\\/9e351387b727413d005ccf1152c93539\"},\"description\":\"A C\u00e2mara Municipal de Arcos de Valdevez aprovou a celebra\u00e7\u00e3o de protocolos de apoio financeiro com cinco equipas de Sapadores Florestais, num investimento global de 250 mil euros.\",\"breadcrumb\":{\"@id\":\"https:\\\/\\\/www.altominho.tv\\\/site\\\/2026\\\/04\\\/29\\\/arcos-de-valdevez-aprova-protocolos-com-equipas-de-sapadores-florestais\\\/#breadcrumb\"},\"inLanguage\":\"pt-PT\",\"potentialAction\":[{\"@type\":\"ReadAction\",\"target\":[\"https:\\\/\\\/www.altominho.tv\\\/site\\\/2026\\\/04\\\/29\\\/arcos-de-valdevez-aprova-protocolos-com-equipas-de-sapadores-florestais\\\/\"]}]},{\"@type\":\"ImageObject\",\"inLanguage\":\"pt-PT\",\"@id\":\"https:\\\/\\\/www.altominho.tv\\\/site\\\/2026\\\/04\\\/29\\\/arcos-de-valdevez-aprova-protocolos-com-equipas-de-sapadores-florestais\\\/#primaryimage\",\"url\":\"https:\\\/\\\/www.altominho.tv\\\/site\\\/wp-content\\\/uploads\\\/2026\\\/04\\\/sapador_florestal.jpg\",\"contentUrl\":\"https:\\\/\\\/www.altominho.tv\\\/site\\\/wp-content\\\/uploads\\\/2026\\\/04\\\/sapador_florestal.jpg\",\"width\":1200,\"height\":630},{\"@type\":\"BreadcrumbList\",\"@id\":\"https:\\\/\\\/www.altominho.tv\\\/site\\\/2026\\\/04\\\/29\\\/arcos-de-valdevez-aprova-protocolos-com-equipas-de-sapadores-florestais\\\/#breadcrumb\",\"itemListElement\":[{\"@type\":\"ListItem\",\"position\":1,\"name\":\"In\u00edcio\",\"item\":\"https:\\\/\\\/www.altominho.tv\\\/site\\\/\"},{\"@type\":\"ListItem\",\"position\":2,\"name\":\"Arcos de Valdevez aprova protocolos com equipas de Sapadores Florestais\"}]},{\"@type\":\"WebSite\",\"@id\":\"https:\\\/\\\/www.altominho.tv\\\/site\\\/#website\",\"url\":\"https:\\\/\\\/www.altominho.tv\\\/site\\\/\",\"name\":\"Altominho.tv\",\"description\":\"A sua regi\u00e3o \u00e0 dist\u00e2ncia de um clique...\",\"potentialAction\":[{\"@type\":\"SearchAction\",\"target\":{\"@type\":\"EntryPoint\",\"urlTemplate\":\"https:\\\/\\\/www.altominho.tv\\\/site\\\/?s={search_term_string}\"},\"query-input\":{\"@type\":\"PropertyValueSpecification\",\"valueRequired\":true,\"valueName\":\"search_term_string\"}}],\"inLanguage\":\"pt-PT\"},{\"@type\":\"Person\",\"@id\":\"https:\\\/\\\/www.altominho.tv\\\/site\\\/#\\\/schema\\\/person\\\/9e351387b727413d005ccf1152c93539\",\"name\":\"Eduarda Cardoso\",\"image\":{\"@type\":\"ImageObject\",\"inLanguage\":\"pt-PT\",\"@id\":\"https:\\\/\\\/www.altominho.tv\\\/site\\\/wp-content\\\/uploads\\\/2021\\\/01\\\/cropped-Logo-ATV_WEB-150x150.png\",\"url\":\"https:\\\/\\\/www.altominho.tv\\\/site\\\/wp-content\\\/uploads\\\/2021\\\/01\\\/cropped-Logo-ATV_WEB-150x150.png\",\"contentUrl\":\"https:\\\/\\\/www.altominho.tv\\\/site\\\/wp-content\\\/uploads\\\/2021\\\/01\\\/cropped-Logo-ATV_WEB-150x150.png\",\"caption\":\"Eduarda Cardoso\"},\"url\":\"https:\\\/\\\/www.altominho.tv\\\/site\\\/author\\\/eduarda-cardoso\\\/\"}]}<\/script>\n<!-- \/ Yoast SEO Premium plugin. -->","yoast_head_json":{"title":"Arcos de Valdevez aprova protocolos com equipas de Sapadores Florestais","description":"A C\u00e2mara Municipal de Arcos de Valdevez aprovou a celebra\u00e7\u00e3o de protocolos de apoio financeiro com cinco equipas de Sapadores Florestais, num investimento global de 250 mil euros.","robots":{"index":"index","follow":"follow","max-snippet":"max-snippet:-1","max-image-preview":"max-image-preview:large","max-video-preview":"max-video-preview:-1"},"canonical":"https:\/\/www.altominho.tv\/site\/2026\/04\/29\/arcos-de-valdevez-aprova-protocolos-com-equipas-de-sapadores-florestais\/","og_locale":"pt_PT","og_type":"article","og_title":"Arcos de Valdevez aprova protocolos com equipas de Sapadores Florestais","og_description":"A C\u00e2mara Municipal de Arcos de Valdevez aprovou a celebra\u00e7\u00e3o de protocolos de apoio financeiro com cinco equipas de Sapadores Florestais, num investimento global de 250 mil euros.","og_url":"https:\/\/www.altominho.tv\/site\/2026\/04\/29\/arcos-de-valdevez-aprova-protocolos-com-equipas-de-sapadores-florestais\/","og_site_name":"Altominho.tv","article_publisher":"https:\/\/www.facebook.com\/altominhotv","article_published_time":"2026-04-29T13:38:05+00:00","article_modified_time":"2026-04-29T13:38:08+00:00","og_image":[{"width":1200,"height":630,"url":"https:\/\/www.altominho.tv\/site\/wp-content\/uploads\/2026\/04\/sapador_florestal.jpg","type":"image\/jpeg"}],"author":"Eduarda Cardoso","twitter_card":"summary_large_image","twitter_creator":"@altominhoTV","twitter_site":"@altominhoTV","twitter_misc":{"Escrito por":"Eduarda Cardoso","Tempo estimado de leitura":"2 minutos"},"schema":{"@context":"https:\/\/schema.org","@graph":[{"@type":"Article","@id":"https:\/\/www.altominho.tv\/site\/2026\/04\/29\/arcos-de-valdevez-aprova-protocolos-com-equipas-de-sapadores-florestais\/#article","isPartOf":{"@id":"https:\/\/www.altominho.tv\/site\/2026\/04\/29\/arcos-de-valdevez-aprova-protocolos-com-equipas-de-sapadores-florestais\/"},"author":{"name":"Eduarda Cardoso","@id":"https:\/\/www.altominho.tv\/site\/#\/schema\/person\/9e351387b727413d005ccf1152c93539"},"headline":"Arcos de Valdevez aprova protocolos com equipas de Sapadores Florestais","datePublished":"2026-04-29T13:38:05+00:00","dateModified":"2026-04-29T13:38:08+00:00","mainEntityOfPage":{"@id":"https:\/\/www.altominho.tv\/site\/2026\/04\/29\/arcos-de-valdevez-aprova-protocolos-com-equipas-de-sapadores-florestais\/"},"wordCount":241,"image":{"@id":"https:\/\/www.altominho.tv\/site\/2026\/04\/29\/arcos-de-valdevez-aprova-protocolos-com-equipas-de-sapadores-florestais\/#primaryimage"},"thumbnailUrl":"https:\/\/www.altominho.tv\/site\/wp-content\/uploads\/2026\/04\/sapador_florestal.jpg","keywords":["Sociedade"],"articleSection":["Arcos de Valdevez"],"inLanguage":"pt-PT","copyrightYear":"2026","copyrightHolder":{"@id":"https:\/\/www.altominho.tv\/site\/#organization"}},{"@type":"WebPage","@id":"https:\/\/www.altominho.tv\/site\/2026\/04\/29\/arcos-de-valdevez-aprova-protocolos-com-equipas-de-sapadores-florestais\/","url":"https:\/\/www.altominho.tv\/site\/2026\/04\/29\/arcos-de-valdevez-aprova-protocolos-com-equipas-de-sapadores-florestais\/","name":"Arcos de Valdevez aprova protocolos com equipas de Sapadores Florestais","isPartOf":{"@id":"https:\/\/www.altominho.tv\/site\/#website"},"primaryImageOfPage":{"@id":"https:\/\/www.altominho.tv\/site\/2026\/04\/29\/arcos-de-valdevez-aprova-protocolos-com-equipas-de-sapadores-florestais\/#primaryimage"},"image":{"@id":"https:\/\/www.altominho.tv\/site\/2026\/04\/29\/arcos-de-valdevez-aprova-protocolos-com-equipas-de-sapadores-florestais\/#primaryimage"},"thumbnailUrl":"https:\/\/www.altominho.tv\/site\/wp-content\/uploads\/2026\/04\/sapador_florestal.jpg","datePublished":"2026-04-29T13:38:05+00:00","dateModified":"2026-04-29T13:38:08+00:00","author":{"@id":"https:\/\/www.altominho.tv\/site\/#\/schema\/person\/9e351387b727413d005ccf1152c93539"},"description":"A C\u00e2mara Municipal de Arcos de Valdevez aprovou a celebra\u00e7\u00e3o de protocolos de apoio financeiro com cinco equipas de Sapadores Florestais, num investimento global de 250 mil euros.","breadcrumb":{"@id":"https:\/\/www.altominho.tv\/site\/2026\/04\/29\/arcos-de-valdevez-aprova-protocolos-com-equipas-de-sapadores-florestais\/#breadcrumb"},"inLanguage":"pt-PT","potentialAction":[{"@type":"ReadAction","target":["https:\/\/www.altominho.tv\/site\/2026\/04\/29\/arcos-de-valdevez-aprova-protocolos-com-equipas-de-sapadores-florestais\/"]}]},{"@type":"ImageObject","inLanguage":"pt-PT","@id":"https:\/\/www.altominho.tv\/site\/2026\/04\/29\/arcos-de-valdevez-aprova-protocolos-com-equipas-de-sapadores-florestais\/#primaryimage","url":"https:\/\/www.altominho.tv\/site\/wp-content\/uploads\/2026\/04\/sapador_florestal.jpg","contentUrl":"https:\/\/www.altominho.tv\/site\/wp-content\/uploads\/2026\/04\/sapador_florestal.jpg","width":1200,"height":630},{"@type":"BreadcrumbList","@id":"https:\/\/www.altominho.tv\/site\/2026\/04\/29\/arcos-de-valdevez-aprova-protocolos-com-equipas-de-sapadores-florestais\/#breadcrumb","itemListElement":[{"@type":"ListItem","position":1,"name":"In\u00edcio","item":"https:\/\/www.altominho.tv\/site\/"},{"@type":"ListItem","position":2,"name":"Arcos de Valdevez aprova protocolos com equipas de Sapadores Florestais"}]},{"@type":"WebSite","@id":"https:\/\/www.altominho.tv\/site\/#website","url":"https:\/\/www.altominho.tv\/site\/","name":"Altominho.tv","description":"A sua regi\u00e3o \u00e0 dist\u00e2ncia de um clique...","potentialAction":[{"@type":"SearchAction","target":{"@type":"EntryPoint","urlTemplate":"https:\/\/www.altominho.tv\/site\/?s={search_term_string}"},"query-input":{"@type":"PropertyValueSpecification","valueRequired":true,"valueName":"search_term_string"}}],"inLanguage":"pt-PT"},{"@type":"Person","@id":"https:\/\/www.altominho.tv\/site\/#\/schema\/person\/9e351387b727413d005ccf1152c93539","name":"Eduarda Cardoso","image":{"@type":"ImageObject","inLanguage":"pt-PT","@id":"https:\/\/www.altominho.tv\/site\/wp-content\/uploads\/2021\/01\/cropped-Logo-ATV_WEB-150x150.png","url":"https:\/\/www.altominho.tv\/site\/wp-content\/uploads\/2021\/01\/cropped-Logo-ATV_WEB-150x150.png","contentUrl":"https:\/\/www.altominho.tv\/site\/wp-content\/uploads\/2021\/01\/cropped-Logo-ATV_WEB-150x150.png","caption":"Eduarda Cardoso"},"url":"https:\/\/www.altominho.tv\/site\/author\/eduarda-cardoso\/"}]}},"_links":{"self":[{"href":"https:\/\/www.altominho.tv\/site\/wp-json\/wp\/v2\/posts\/131800","targetHints":{"allow":["GET"]}}],"collection":[{"href":"https:\/\/www.altominho.tv\/site\/wp-json\/wp\/v2\/posts"}],"about":[{"href":"https:\/\/www.altominho.tv\/site\/wp-json\/wp\/v2\/types\/post"}],"author":[{"embeddable":true,"href":"https:\/\/www.altominho.tv\/site\/wp-json\/wp\/v2\/users\/30"}],"replies":[{"embeddable":true,"href":"https:\/\/www.altominho.tv\/site\/wp-json\/wp\/v2\/comments?post=131800"}],"version-history":[{"count":1,"href":"https:\/\/www.altominho.tv\/site\/wp-json\/wp\/v2\/posts\/131800\/revisions"}],"predecessor-version":[{"id":131802,"href":"https:\/\/www.altominho.tv\/site\/wp-json\/wp\/v2\/posts\/131800\/revisions\/131802"}],"wp:featuredmedia":[{"embeddable":true,"href":"https:\/\/www.altominho.tv\/site\/wp-json\/wp\/v2\/media\/131801"}],"wp:attachment":[{"href":"https:\/\/www.altominho.tv\/site\/wp-json\/wp\/v2\/media?parent=131800"}],"wp:term":[{"taxonomy":"category","embeddable":true,"href":"https:\/\/www.altominho.tv\/site\/wp-json\/wp\/v2\/categories?post=131800"},{"taxonomy":"post_tag","embeddable":true,"href":"https:\/\/www.altominho.tv\/site\/wp-json\/wp\/v2\/tags?post=131800"}],"curies":[{"name":"wp","href":"https:\/\/api.w.org\/{rel}","templated":true}]}}