{"id":131794,"date":"2026-04-29T13:12:49","date_gmt":"2026-04-29T12:12:49","guid":{"rendered":"https:\/\/www.altominho.tv\/site\/?p=131794"},"modified":"2026-04-29T13:12:51","modified_gmt":"2026-04-29T12:12:51","slug":"appacdm-de-viana-do-castelo-conquista-taca-nacional-de-ciclismo","status":"publish","type":"post","link":"https:\/\/www.altominho.tv\/site\/2026\/04\/29\/appacdm-de-viana-do-castelo-conquista-taca-nacional-de-ciclismo\/","title":{"rendered":"APPACDM de Viana do Castelo conquista Ta\u00e7a Nacional de Ciclismo"},"content":{"rendered":"<section class=\"text-token-text-primary w-full focus:outline-none [--shadow-height:45px] has-data-writing-block:pointer-events-none has-data-writing-block:-mt-(--shadow-height) has-data-writing-block:pt-(--shadow-height) [&amp;:has([data-writing-block])&gt;*]:pointer-events-auto [content-visibility:auto] supports-[content-visibility:auto]:[contain-intrinsic-size:auto_100lvh] R6Vx5W_threadScrollVars scroll-mb-[calc(var(--scroll-root-safe-area-inset-bottom,0px)+var(--thread-response-height))] scroll-mt-[calc(var(--header-height)+min(200px,max(70px,20svh)))]\" dir=\"auto\" data-turn-id=\"request-69ef396f-4f3c-8385-8464-cb609c6b13d3-3\" data-testid=\"conversation-turn-14\" data-scroll-anchor=\"false\" data-turn=\"assistant\">\n<div class=\"text-base my-auto mx-auto pb-10 [--thread-content-margin:var(--thread-content-margin-xs,calc(var(--spacing)*4))] @w-sm\/main:[--thread-content-margin:var(--thread-content-margin-sm,calc(var(--spacing)*6))] @w-lg\/main:[--thread-content-margin:var(--thread-content-margin-lg,calc(var(--spacing)*16))] px-(--thread-content-margin)\">\n<div class=\"[--thread-content-max-width:40rem] @w-lg\/main:[--thread-content-max-width:48rem] mx-auto max-w-(--thread-content-max-width) flex-1 group\/turn-messages focus-visible:outline-hidden relative flex w-full min-w-0 flex-col agent-turn\">\n<div class=\"flex max-w-full flex-col gap-4 grow\">\n<div class=\"min-h-8 text-message relative flex w-full flex-col items-end gap-2 text-start break-words whitespace-normal outline-none keyboard-focused:focus-ring [.text-message+&amp;]:mt-1\" dir=\"auto\" tabindex=\"0\" data-message-author-role=\"assistant\" data-message-id=\"aa3b64d9-3e38-4237-a73a-a24e1b37b321\" data-message-model-slug=\"gpt-5-3\" data-turn-start-message=\"true\">\n<div class=\"flex w-full flex-col gap-1 empty:hidden\">\n<div class=\"markdown prose dark:prose-invert w-full wrap-break-word dark markdown-new-styling\">\n<p data-start=\"90\" data-end=\"356\">A <span class=\"hover:entity-accent entity-underline inline cursor-pointer align-baseline\"><span class=\"whitespace-normal\">APPACDM de Viana do Castelo<\/span><\/span> conquistou a 24.\u00aa Ta\u00e7a Nacional de Ciclismo da <span class=\"hover:entity-accent entity-underline inline cursor-pointer align-baseline\"><span class=\"whitespace-normal\">ANDDI (Associa\u00e7\u00e3o Nacional Desporto Desenvolvimento Intelectual)<\/span><\/span>, numa prova realizada a 26 de abril de 2026, integrada na etapa de <span class=\"hover:entity-accent entity-underline inline cursor-pointer align-baseline\"><span class=\"whitespace-normal\">Paredes<\/span><\/span> do Grande Pr\u00e9mio de Ciclismo O Jogo.<\/p>\n<p data-start=\"358\" data-end=\"661\">A institui\u00e7\u00e3o marcou presen\u00e7a com uma comitiva de nove ciclistas \u2014 seis da Unidade de Areosa e tr\u00eas da Unidade do Cabedelo \u2014 numa competi\u00e7\u00e3o que reuniu 24 participantes. O desempenho coletivo destacou-se ao longo da prova, permitindo \u00e0 equipa alcan\u00e7ar o primeiro lugar final por somat\u00f3rio de pontua\u00e7\u00f5es.<\/p>\n<p data-start=\"663\" data-end=\"980\">No escal\u00e3o Master Masculino, a equipa de Viana do Castelo dominou a classifica\u00e7\u00e3o, com Rui Leit\u00e3o a conquistar o primeiro lugar e Jo\u00e3o Romano a assegurar a segunda posi\u00e7\u00e3o. J\u00e1 no escal\u00e3o s\u00e9nior masculino, Jos\u00e9 Lu\u00eds Jesus alcan\u00e7ou o terceiro lugar, seguido por Sebasti\u00e3o Garcias em quarto e Jos\u00e9 Lu\u00eds Queir\u00f3s em sexto.<\/p>\n<p data-start=\"982\" data-end=\"1325\" data-is-last-node=\"\" data-is-only-node=\"\">Na competi\u00e7\u00e3o de desenvolvimento masculino, C\u00e2ndido Carvalho terminou na sexta posi\u00e7\u00e3o, com Jo\u00e3o Pereira em s\u00e9timo e Jo\u00e3o Fernandes em oitavo, enquanto Tiago Castro concluiu a prova no 11.\u00ba lugar.<\/p>\n<p data-start=\"982\" data-end=\"1325\" data-is-last-node=\"\" data-is-only-node=\"\">A vit\u00f3ria coletiva reflete o trabalho desenvolvido pela institui\u00e7\u00e3o na promo\u00e7\u00e3o da pr\u00e1tica desportiva, no \u00e2mbito do projeto \u201cDesporto Para Todos\u201d.<\/p>\n<p data-start=\"982\" data-end=\"1325\" data-is-last-node=\"\" data-is-only-node=\"\">Foto: <strong>APPACDM<\/strong><\/p>\n<\/div>\n<\/div>\n<\/div>\n<\/div>\n<div class=\"z-0 flex min-h-[46px] justify-start\"><\/div>\n<div class=\"mt-3 w-full empty:hidden\">\n<div class=\"text-center\"><\/div>\n<\/div>\n<\/div>\n<\/div>\n<\/section>\n<div class=\"pointer-events-none -mt-px h-px translate-y-[calc(var(--scroll-root-safe-area-inset-bottom)-14*var(--spacing))]\" aria-hidden=\"true\"><\/div>\n","protected":false},"excerpt":{"rendered":"<p>A APPACDM de Viana do Castelo conquistou a 24.\u00aa Ta\u00e7a Nacional de Ciclismo da ANDDI (Associa\u00e7\u00e3o Nacional Desporto Desenvolvimento Intelectual), numa prova realizada a 26 de abril de 2026, integrada na etapa de Paredes do Grande Pr\u00e9mio de Ciclismo O Jogo. A institui\u00e7\u00e3o marcou presen\u00e7a com uma comitiva de nove ciclistas \u2014 seis da Unidade [&hellip;]<\/p>\n","protected":false},"author":24,"featured_media":131795,"comment_status":"closed","ping_status":"closed","sticky":false,"template":"","format":"standard","meta":{"_exactmetrics_skip_tracking":false,"_exactmetrics_sitenote_active":false,"_exactmetrics_sitenote_note":"","_exactmetrics_sitenote_category":0,"footnotes":""},"categories":[14],"tags":[20],"class_list":["post-131794","post","type-post","status-publish","format-standard","has-post-thumbnail","hentry","category-viana-do-castelo","tag-desporto"],"yoast_head":"<!-- This site is optimized with the Yoast SEO Premium plugin v27.4 (Yoast SEO v27.4) - https:\/\/yoast.com\/product\/yoast-seo-premium-wordpress\/ -->\n<title>APPACDM de Viana do Castelo conquista Ta\u00e7a Nacional de Ciclismo<\/title>\n<meta name=\"description\" content=\"A APPACDM de Viana do Castelo conquistou a 24.\u00aa Ta\u00e7a Nacional de Ciclismo da ANDDI (Associa\u00e7\u00e3o Nacional Desporto Desenvolvimento Intelectual), numa prova realizada a 26 de abril de 2026, integrada na etapa de Paredes do Grande Pr\u00e9mio de Ciclismo O Jogo.\" \/>\n<meta name=\"robots\" content=\"index, follow, max-snippet:-1, max-image-preview:large, max-video-preview:-1\" \/>\n<link rel=\"canonical\" href=\"https:\/\/www.altominho.tv\/site\/2026\/04\/29\/appacdm-de-viana-do-castelo-conquista-taca-nacional-de-ciclismo\/\" \/>\n<meta property=\"og:locale\" content=\"pt_PT\" \/>\n<meta property=\"og:type\" content=\"article\" \/>\n<meta property=\"og:title\" content=\"APPACDM de Viana do Castelo conquista Ta\u00e7a Nacional de Ciclismo\" \/>\n<meta property=\"og:description\" content=\"A APPACDM de Viana do Castelo conquistou a 24.\u00aa Ta\u00e7a Nacional de Ciclismo da ANDDI (Associa\u00e7\u00e3o Nacional Desporto Desenvolvimento Intelectual), numa prova realizada a 26 de abril de 2026, integrada na etapa de Paredes do Grande Pr\u00e9mio de Ciclismo O Jogo.\" \/>\n<meta property=\"og:url\" content=\"https:\/\/www.altominho.tv\/site\/2026\/04\/29\/appacdm-de-viana-do-castelo-conquista-taca-nacional-de-ciclismo\/\" \/>\n<meta property=\"og:site_name\" content=\"Altominho.tv\" \/>\n<meta property=\"article:publisher\" content=\"https:\/\/www.facebook.com\/altominhotv\" \/>\n<meta property=\"article:published_time\" content=\"2026-04-29T12:12:49+00:00\" \/>\n<meta property=\"article:modified_time\" content=\"2026-04-29T12:12:51+00:00\" \/>\n<meta property=\"og:image\" content=\"https:\/\/www.altominho.tv\/site\/wp-content\/uploads\/2026\/04\/APPACDM.png\" \/>\n\t<meta property=\"og:image:width\" content=\"1200\" \/>\n\t<meta property=\"og:image:height\" content=\"630\" \/>\n\t<meta property=\"og:image:type\" content=\"image\/png\" \/>\n<meta name=\"author\" content=\"Cesar Lopes\" \/>\n<meta name=\"twitter:card\" content=\"summary_large_image\" \/>\n<meta name=\"twitter:creator\" content=\"@altominhoTV\" \/>\n<meta name=\"twitter:site\" content=\"@altominhoTV\" \/>\n<meta name=\"twitter:label1\" content=\"Escrito por\" \/>\n\t<meta name=\"twitter:data1\" content=\"Cesar Lopes\" \/>\n\t<meta name=\"twitter:label2\" content=\"Tempo estimado de leitura\" \/>\n\t<meta name=\"twitter:data2\" content=\"2 minutos\" \/>\n<script type=\"application\/ld+json\" class=\"yoast-schema-graph\">{\"@context\":\"https:\\\/\\\/schema.org\",\"@graph\":[{\"@type\":\"Article\",\"@id\":\"https:\\\/\\\/www.altominho.tv\\\/site\\\/2026\\\/04\\\/29\\\/appacdm-de-viana-do-castelo-conquista-taca-nacional-de-ciclismo\\\/#article\",\"isPartOf\":{\"@id\":\"https:\\\/\\\/www.altominho.tv\\\/site\\\/2026\\\/04\\\/29\\\/appacdm-de-viana-do-castelo-conquista-taca-nacional-de-ciclismo\\\/\"},\"author\":{\"name\":\"Cesar Lopes\",\"@id\":\"https:\\\/\\\/www.altominho.tv\\\/site\\\/#\\\/schema\\\/person\\\/c5570e5afb933b8d08c43373326ef1b1\"},\"headline\":\"APPACDM de Viana do Castelo conquista Ta\u00e7a Nacional de Ciclismo\",\"datePublished\":\"2026-04-29T12:12:49+00:00\",\"dateModified\":\"2026-04-29T12:12:51+00:00\",\"mainEntityOfPage\":{\"@id\":\"https:\\\/\\\/www.altominho.tv\\\/site\\\/2026\\\/04\\\/29\\\/appacdm-de-viana-do-castelo-conquista-taca-nacional-de-ciclismo\\\/\"},\"wordCount\":231,\"image\":{\"@id\":\"https:\\\/\\\/www.altominho.tv\\\/site\\\/2026\\\/04\\\/29\\\/appacdm-de-viana-do-castelo-conquista-taca-nacional-de-ciclismo\\\/#primaryimage\"},\"thumbnailUrl\":\"https:\\\/\\\/www.altominho.tv\\\/site\\\/wp-content\\\/uploads\\\/2026\\\/04\\\/APPACDM.png\",\"keywords\":[\"Desporto\"],\"articleSection\":[\"Viana do Castelo\"],\"inLanguage\":\"pt-PT\",\"copyrightYear\":\"2026\",\"copyrightHolder\":{\"@id\":\"https:\\\/\\\/www.altominho.tv\\\/site\\\/#organization\"}},{\"@type\":\"WebPage\",\"@id\":\"https:\\\/\\\/www.altominho.tv\\\/site\\\/2026\\\/04\\\/29\\\/appacdm-de-viana-do-castelo-conquista-taca-nacional-de-ciclismo\\\/\",\"url\":\"https:\\\/\\\/www.altominho.tv\\\/site\\\/2026\\\/04\\\/29\\\/appacdm-de-viana-do-castelo-conquista-taca-nacional-de-ciclismo\\\/\",\"name\":\"APPACDM de Viana do Castelo conquista Ta\u00e7a Nacional de Ciclismo\",\"isPartOf\":{\"@id\":\"https:\\\/\\\/www.altominho.tv\\\/site\\\/#website\"},\"primaryImageOfPage\":{\"@id\":\"https:\\\/\\\/www.altominho.tv\\\/site\\\/2026\\\/04\\\/29\\\/appacdm-de-viana-do-castelo-conquista-taca-nacional-de-ciclismo\\\/#primaryimage\"},\"image\":{\"@id\":\"https:\\\/\\\/www.altominho.tv\\\/site\\\/2026\\\/04\\\/29\\\/appacdm-de-viana-do-castelo-conquista-taca-nacional-de-ciclismo\\\/#primaryimage\"},\"thumbnailUrl\":\"https:\\\/\\\/www.altominho.tv\\\/site\\\/wp-content\\\/uploads\\\/2026\\\/04\\\/APPACDM.png\",\"datePublished\":\"2026-04-29T12:12:49+00:00\",\"dateModified\":\"2026-04-29T12:12:51+00:00\",\"author\":{\"@id\":\"https:\\\/\\\/www.altominho.tv\\\/site\\\/#\\\/schema\\\/person\\\/c5570e5afb933b8d08c43373326ef1b1\"},\"description\":\"A APPACDM de Viana do Castelo conquistou a 24.\u00aa Ta\u00e7a Nacional de Ciclismo da ANDDI (Associa\u00e7\u00e3o Nacional Desporto Desenvolvimento Intelectual), numa prova realizada a 26 de abril de 2026, integrada na etapa de Paredes do Grande Pr\u00e9mio de Ciclismo O Jogo.\",\"breadcrumb\":{\"@id\":\"https:\\\/\\\/www.altominho.tv\\\/site\\\/2026\\\/04\\\/29\\\/appacdm-de-viana-do-castelo-conquista-taca-nacional-de-ciclismo\\\/#breadcrumb\"},\"inLanguage\":\"pt-PT\",\"potentialAction\":[{\"@type\":\"ReadAction\",\"target\":[\"https:\\\/\\\/www.altominho.tv\\\/site\\\/2026\\\/04\\\/29\\\/appacdm-de-viana-do-castelo-conquista-taca-nacional-de-ciclismo\\\/\"]}]},{\"@type\":\"ImageObject\",\"inLanguage\":\"pt-PT\",\"@id\":\"https:\\\/\\\/www.altominho.tv\\\/site\\\/2026\\\/04\\\/29\\\/appacdm-de-viana-do-castelo-conquista-taca-nacional-de-ciclismo\\\/#primaryimage\",\"url\":\"https:\\\/\\\/www.altominho.tv\\\/site\\\/wp-content\\\/uploads\\\/2026\\\/04\\\/APPACDM.png\",\"contentUrl\":\"https:\\\/\\\/www.altominho.tv\\\/site\\\/wp-content\\\/uploads\\\/2026\\\/04\\\/APPACDM.png\",\"width\":1200,\"height\":630},{\"@type\":\"BreadcrumbList\",\"@id\":\"https:\\\/\\\/www.altominho.tv\\\/site\\\/2026\\\/04\\\/29\\\/appacdm-de-viana-do-castelo-conquista-taca-nacional-de-ciclismo\\\/#breadcrumb\",\"itemListElement\":[{\"@type\":\"ListItem\",\"position\":1,\"name\":\"In\u00edcio\",\"item\":\"https:\\\/\\\/www.altominho.tv\\\/site\\\/\"},{\"@type\":\"ListItem\",\"position\":2,\"name\":\"APPACDM de Viana do Castelo conquista Ta\u00e7a Nacional de Ciclismo\"}]},{\"@type\":\"WebSite\",\"@id\":\"https:\\\/\\\/www.altominho.tv\\\/site\\\/#website\",\"url\":\"https:\\\/\\\/www.altominho.tv\\\/site\\\/\",\"name\":\"Altominho.tv\",\"description\":\"A sua regi\u00e3o \u00e0 dist\u00e2ncia de um clique...\",\"potentialAction\":[{\"@type\":\"SearchAction\",\"target\":{\"@type\":\"EntryPoint\",\"urlTemplate\":\"https:\\\/\\\/www.altominho.tv\\\/site\\\/?s={search_term_string}\"},\"query-input\":{\"@type\":\"PropertyValueSpecification\",\"valueRequired\":true,\"valueName\":\"search_term_string\"}}],\"inLanguage\":\"pt-PT\"},{\"@type\":\"Person\",\"@id\":\"https:\\\/\\\/www.altominho.tv\\\/site\\\/#\\\/schema\\\/person\\\/c5570e5afb933b8d08c43373326ef1b1\",\"name\":\"Cesar Lopes\",\"image\":{\"@type\":\"ImageObject\",\"inLanguage\":\"pt-PT\",\"@id\":\"https:\\\/\\\/www.altominho.tv\\\/site\\\/wp-content\\\/uploads\\\/2022\\\/10\\\/Sem-Titulo-150x150.jpg\",\"url\":\"https:\\\/\\\/www.altominho.tv\\\/site\\\/wp-content\\\/uploads\\\/2022\\\/10\\\/Sem-Titulo-150x150.jpg\",\"contentUrl\":\"https:\\\/\\\/www.altominho.tv\\\/site\\\/wp-content\\\/uploads\\\/2022\\\/10\\\/Sem-Titulo-150x150.jpg\",\"caption\":\"Cesar Lopes\"},\"url\":\"https:\\\/\\\/www.altominho.tv\\\/site\\\/author\\\/cesarlopes\\\/\"}]}<\/script>\n<!-- \/ Yoast SEO Premium plugin. -->","yoast_head_json":{"title":"APPACDM de Viana do Castelo conquista Ta\u00e7a Nacional de Ciclismo","description":"A APPACDM de Viana do Castelo conquistou a 24.\u00aa Ta\u00e7a Nacional de Ciclismo da ANDDI (Associa\u00e7\u00e3o Nacional Desporto Desenvolvimento Intelectual), numa prova realizada a 26 de abril de 2026, integrada na etapa de Paredes do Grande Pr\u00e9mio de Ciclismo O Jogo.","robots":{"index":"index","follow":"follow","max-snippet":"max-snippet:-1","max-image-preview":"max-image-preview:large","max-video-preview":"max-video-preview:-1"},"canonical":"https:\/\/www.altominho.tv\/site\/2026\/04\/29\/appacdm-de-viana-do-castelo-conquista-taca-nacional-de-ciclismo\/","og_locale":"pt_PT","og_type":"article","og_title":"APPACDM de Viana do Castelo conquista Ta\u00e7a Nacional de Ciclismo","og_description":"A APPACDM de Viana do Castelo conquistou a 24.\u00aa Ta\u00e7a Nacional de Ciclismo da ANDDI (Associa\u00e7\u00e3o Nacional Desporto Desenvolvimento Intelectual), numa prova realizada a 26 de abril de 2026, integrada na etapa de Paredes do Grande Pr\u00e9mio de Ciclismo O Jogo.","og_url":"https:\/\/www.altominho.tv\/site\/2026\/04\/29\/appacdm-de-viana-do-castelo-conquista-taca-nacional-de-ciclismo\/","og_site_name":"Altominho.tv","article_publisher":"https:\/\/www.facebook.com\/altominhotv","article_published_time":"2026-04-29T12:12:49+00:00","article_modified_time":"2026-04-29T12:12:51+00:00","og_image":[{"width":1200,"height":630,"url":"https:\/\/www.altominho.tv\/site\/wp-content\/uploads\/2026\/04\/APPACDM.png","type":"image\/png"}],"author":"Cesar Lopes","twitter_card":"summary_large_image","twitter_creator":"@altominhoTV","twitter_site":"@altominhoTV","twitter_misc":{"Escrito por":"Cesar Lopes","Tempo estimado de leitura":"2 minutos"},"schema":{"@context":"https:\/\/schema.org","@graph":[{"@type":"Article","@id":"https:\/\/www.altominho.tv\/site\/2026\/04\/29\/appacdm-de-viana-do-castelo-conquista-taca-nacional-de-ciclismo\/#article","isPartOf":{"@id":"https:\/\/www.altominho.tv\/site\/2026\/04\/29\/appacdm-de-viana-do-castelo-conquista-taca-nacional-de-ciclismo\/"},"author":{"name":"Cesar Lopes","@id":"https:\/\/www.altominho.tv\/site\/#\/schema\/person\/c5570e5afb933b8d08c43373326ef1b1"},"headline":"APPACDM de Viana do Castelo conquista Ta\u00e7a Nacional de Ciclismo","datePublished":"2026-04-29T12:12:49+00:00","dateModified":"2026-04-29T12:12:51+00:00","mainEntityOfPage":{"@id":"https:\/\/www.altominho.tv\/site\/2026\/04\/29\/appacdm-de-viana-do-castelo-conquista-taca-nacional-de-ciclismo\/"},"wordCount":231,"image":{"@id":"https:\/\/www.altominho.tv\/site\/2026\/04\/29\/appacdm-de-viana-do-castelo-conquista-taca-nacional-de-ciclismo\/#primaryimage"},"thumbnailUrl":"https:\/\/www.altominho.tv\/site\/wp-content\/uploads\/2026\/04\/APPACDM.png","keywords":["Desporto"],"articleSection":["Viana do Castelo"],"inLanguage":"pt-PT","copyrightYear":"2026","copyrightHolder":{"@id":"https:\/\/www.altominho.tv\/site\/#organization"}},{"@type":"WebPage","@id":"https:\/\/www.altominho.tv\/site\/2026\/04\/29\/appacdm-de-viana-do-castelo-conquista-taca-nacional-de-ciclismo\/","url":"https:\/\/www.altominho.tv\/site\/2026\/04\/29\/appacdm-de-viana-do-castelo-conquista-taca-nacional-de-ciclismo\/","name":"APPACDM de Viana do Castelo conquista Ta\u00e7a Nacional de Ciclismo","isPartOf":{"@id":"https:\/\/www.altominho.tv\/site\/#website"},"primaryImageOfPage":{"@id":"https:\/\/www.altominho.tv\/site\/2026\/04\/29\/appacdm-de-viana-do-castelo-conquista-taca-nacional-de-ciclismo\/#primaryimage"},"image":{"@id":"https:\/\/www.altominho.tv\/site\/2026\/04\/29\/appacdm-de-viana-do-castelo-conquista-taca-nacional-de-ciclismo\/#primaryimage"},"thumbnailUrl":"https:\/\/www.altominho.tv\/site\/wp-content\/uploads\/2026\/04\/APPACDM.png","datePublished":"2026-04-29T12:12:49+00:00","dateModified":"2026-04-29T12:12:51+00:00","author":{"@id":"https:\/\/www.altominho.tv\/site\/#\/schema\/person\/c5570e5afb933b8d08c43373326ef1b1"},"description":"A APPACDM de Viana do Castelo conquistou a 24.\u00aa Ta\u00e7a Nacional de Ciclismo da ANDDI (Associa\u00e7\u00e3o Nacional Desporto Desenvolvimento Intelectual), numa prova realizada a 26 de abril de 2026, integrada na etapa de Paredes do Grande Pr\u00e9mio de Ciclismo O Jogo.","breadcrumb":{"@id":"https:\/\/www.altominho.tv\/site\/2026\/04\/29\/appacdm-de-viana-do-castelo-conquista-taca-nacional-de-ciclismo\/#breadcrumb"},"inLanguage":"pt-PT","potentialAction":[{"@type":"ReadAction","target":["https:\/\/www.altominho.tv\/site\/2026\/04\/29\/appacdm-de-viana-do-castelo-conquista-taca-nacional-de-ciclismo\/"]}]},{"@type":"ImageObject","inLanguage":"pt-PT","@id":"https:\/\/www.altominho.tv\/site\/2026\/04\/29\/appacdm-de-viana-do-castelo-conquista-taca-nacional-de-ciclismo\/#primaryimage","url":"https:\/\/www.altominho.tv\/site\/wp-content\/uploads\/2026\/04\/APPACDM.png","contentUrl":"https:\/\/www.altominho.tv\/site\/wp-content\/uploads\/2026\/04\/APPACDM.png","width":1200,"height":630},{"@type":"BreadcrumbList","@id":"https:\/\/www.altominho.tv\/site\/2026\/04\/29\/appacdm-de-viana-do-castelo-conquista-taca-nacional-de-ciclismo\/#breadcrumb","itemListElement":[{"@type":"ListItem","position":1,"name":"In\u00edcio","item":"https:\/\/www.altominho.tv\/site\/"},{"@type":"ListItem","position":2,"name":"APPACDM de Viana do Castelo conquista Ta\u00e7a Nacional de Ciclismo"}]},{"@type":"WebSite","@id":"https:\/\/www.altominho.tv\/site\/#website","url":"https:\/\/www.altominho.tv\/site\/","name":"Altominho.tv","description":"A sua regi\u00e3o \u00e0 dist\u00e2ncia de um clique...","potentialAction":[{"@type":"SearchAction","target":{"@type":"EntryPoint","urlTemplate":"https:\/\/www.altominho.tv\/site\/?s={search_term_string}"},"query-input":{"@type":"PropertyValueSpecification","valueRequired":true,"valueName":"search_term_string"}}],"inLanguage":"pt-PT"},{"@type":"Person","@id":"https:\/\/www.altominho.tv\/site\/#\/schema\/person\/c5570e5afb933b8d08c43373326ef1b1","name":"Cesar Lopes","image":{"@type":"ImageObject","inLanguage":"pt-PT","@id":"https:\/\/www.altominho.tv\/site\/wp-content\/uploads\/2022\/10\/Sem-Titulo-150x150.jpg","url":"https:\/\/www.altominho.tv\/site\/wp-content\/uploads\/2022\/10\/Sem-Titulo-150x150.jpg","contentUrl":"https:\/\/www.altominho.tv\/site\/wp-content\/uploads\/2022\/10\/Sem-Titulo-150x150.jpg","caption":"Cesar Lopes"},"url":"https:\/\/www.altominho.tv\/site\/author\/cesarlopes\/"}]}},"_links":{"self":[{"href":"https:\/\/www.altominho.tv\/site\/wp-json\/wp\/v2\/posts\/131794","targetHints":{"allow":["GET"]}}],"collection":[{"href":"https:\/\/www.altominho.tv\/site\/wp-json\/wp\/v2\/posts"}],"about":[{"href":"https:\/\/www.altominho.tv\/site\/wp-json\/wp\/v2\/types\/post"}],"author":[{"embeddable":true,"href":"https:\/\/www.altominho.tv\/site\/wp-json\/wp\/v2\/users\/24"}],"replies":[{"embeddable":true,"href":"https:\/\/www.altominho.tv\/site\/wp-json\/wp\/v2\/comments?post=131794"}],"version-history":[{"count":1,"href":"https:\/\/www.altominho.tv\/site\/wp-json\/wp\/v2\/posts\/131794\/revisions"}],"predecessor-version":[{"id":131796,"href":"https:\/\/www.altominho.tv\/site\/wp-json\/wp\/v2\/posts\/131794\/revisions\/131796"}],"wp:featuredmedia":[{"embeddable":true,"href":"https:\/\/www.altominho.tv\/site\/wp-json\/wp\/v2\/media\/131795"}],"wp:attachment":[{"href":"https:\/\/www.altominho.tv\/site\/wp-json\/wp\/v2\/media?parent=131794"}],"wp:term":[{"taxonomy":"category","embeddable":true,"href":"https:\/\/www.altominho.tv\/site\/wp-json\/wp\/v2\/categories?post=131794"},{"taxonomy":"post_tag","embeddable":true,"href":"https:\/\/www.altominho.tv\/site\/wp-json\/wp\/v2\/tags?post=131794"}],"curies":[{"name":"wp","href":"https:\/\/api.w.org\/{rel}","templated":true}]}}