{"id":131775,"date":"2026-04-29T09:33:33","date_gmt":"2026-04-29T08:33:33","guid":{"rendered":"https:\/\/www.altominho.tv\/site\/?p=131775"},"modified":"2026-04-29T09:33:36","modified_gmt":"2026-04-29T08:33:36","slug":"tiago-maciel-conquista-quatro-medalhas-de-ouro","status":"publish","type":"post","link":"https:\/\/www.altominho.tv\/site\/2026\/04\/29\/tiago-maciel-conquista-quatro-medalhas-de-ouro\/","title":{"rendered":"Tiago Maciel conquista quatro medalhas de ouro na Ta\u00e7a de Portugal de Velocidade"},"content":{"rendered":"<p class=\"p1\">O atleta do Viana Gar\u00e7as Clube, Tiago Maciel, esteve em grande destaque na Ta\u00e7a de Portugal de Velocidade de Canoagem \/ Seletiva Nacional, na categoria Canoas Seniores Masculinas, realizada entre os dias 17 e 19 de abril, em Montemor-o-Velho.<\/p>\n<p class=\"p1\">O jovem atleta conquistou quatro medalhas de ouro, vencendo o C1 S\u00e9nior 1000m, o C1 Sub23 1000m, o C1 S\u00e9nior 500m e o C1 Sub23 500m.<\/p>\n<p class=\"p1\">Tamb\u00e9m o seu irm\u00e3o, S\u00e9rgio Maciel, maratonista, alcan\u00e7ou o 4.\u00ba lugar no C1 S\u00e9nior 1000m e o 7.\u00ba lugar nos 500m.<\/p>\n<p class=\"p1\">Com estes resultados, o Viana Gar\u00e7as Clube, foi o \u00fanico clube nacional a qualificar dois atletas para as Finais A, nas distancias ol\u00edmpicas de C1\u00a0500m e C1 1000m.<\/p>\n<p class=\"p1\">Foto: <strong>Viana Gar\u00e7as Clube<\/strong><\/p>\n","protected":false},"excerpt":{"rendered":"<p>O atleta do Viana Gar\u00e7as Clube, Tiago Maciel, esteve em grande destaque na Ta\u00e7a de Portugal de Velocidade de Canoagem \/ Seletiva Nacional, na categoria Canoas Seniores Masculinas, realizada entre os dias 17 e 19 de abril, em Montemor-o-Velho. O jovem atleta conquistou quatro medalhas de ouro, vencendo o C1 S\u00e9nior 1000m, o C1 Sub23 [&hellip;]<\/p>\n","protected":false},"author":30,"featured_media":131776,"comment_status":"closed","ping_status":"closed","sticky":false,"template":"","format":"standard","meta":{"_exactmetrics_skip_tracking":false,"_exactmetrics_sitenote_active":false,"_exactmetrics_sitenote_note":"","_exactmetrics_sitenote_category":0,"footnotes":""},"categories":[14],"tags":[20],"class_list":["post-131775","post","type-post","status-publish","format-standard","has-post-thumbnail","hentry","category-viana-do-castelo","tag-desporto"],"yoast_head":"<!-- This site is optimized with the Yoast SEO Premium plugin v27.4 (Yoast SEO v27.4) - https:\/\/yoast.com\/product\/yoast-seo-premium-wordpress\/ -->\n<title>Tiago Maciel conquista quatro medalhas de ouro na Ta\u00e7a de Portugal de Velocidade<\/title>\n<meta name=\"description\" content=\"O atleta do Viana Gar\u00e7as Clube, Tiago Maciel, esteve em grande destaque na Ta\u00e7a de Portugal de Velocidade de Canoagem \/ Seletiva Nacional, na categoria Canoas Seniores Masculinas, realizada entre os dias 17 e 19 de abril, em Montemor-o-Velho.\" \/>\n<meta name=\"robots\" content=\"index, follow, max-snippet:-1, max-image-preview:large, max-video-preview:-1\" \/>\n<link rel=\"canonical\" href=\"https:\/\/www.altominho.tv\/site\/2026\/04\/29\/tiago-maciel-conquista-quatro-medalhas-de-ouro\/\" \/>\n<meta property=\"og:locale\" content=\"pt_PT\" \/>\n<meta property=\"og:type\" content=\"article\" \/>\n<meta property=\"og:title\" content=\"Tiago Maciel conquista quatro medalhas de ouro na Ta\u00e7a de Portugal de Velocidade\" \/>\n<meta property=\"og:description\" content=\"O atleta do Viana Gar\u00e7as Clube, Tiago Maciel, esteve em grande destaque na Ta\u00e7a de Portugal de Velocidade de Canoagem \/ Seletiva Nacional, na categoria Canoas Seniores Masculinas, realizada entre os dias 17 e 19 de abril, em Montemor-o-Velho.\" \/>\n<meta property=\"og:url\" content=\"https:\/\/www.altominho.tv\/site\/2026\/04\/29\/tiago-maciel-conquista-quatro-medalhas-de-ouro\/\" \/>\n<meta property=\"og:site_name\" content=\"Altominho.tv\" \/>\n<meta property=\"article:publisher\" content=\"https:\/\/www.facebook.com\/altominhotv\" \/>\n<meta property=\"article:published_time\" content=\"2026-04-29T08:33:33+00:00\" \/>\n<meta property=\"article:modified_time\" content=\"2026-04-29T08:33:36+00:00\" \/>\n<meta property=\"og:image\" content=\"https:\/\/www.altominho.tv\/site\/wp-content\/uploads\/2026\/04\/tiago_maciel.jpg\" \/>\n\t<meta property=\"og:image:width\" content=\"1200\" \/>\n\t<meta property=\"og:image:height\" content=\"630\" \/>\n\t<meta property=\"og:image:type\" content=\"image\/jpeg\" \/>\n<meta name=\"author\" content=\"Eduarda Cardoso\" \/>\n<meta name=\"twitter:card\" content=\"summary_large_image\" \/>\n<meta name=\"twitter:creator\" content=\"@altominhoTV\" \/>\n<meta name=\"twitter:site\" content=\"@altominhoTV\" \/>\n<meta name=\"twitter:label1\" content=\"Escrito por\" \/>\n\t<meta name=\"twitter:data1\" content=\"Eduarda Cardoso\" \/>\n\t<meta name=\"twitter:label2\" content=\"Tempo estimado de leitura\" \/>\n\t<meta name=\"twitter:data2\" content=\"1 minuto\" \/>\n<script type=\"application\/ld+json\" class=\"yoast-schema-graph\">{\"@context\":\"https:\\\/\\\/schema.org\",\"@graph\":[{\"@type\":\"Article\",\"@id\":\"https:\\\/\\\/www.altominho.tv\\\/site\\\/2026\\\/04\\\/29\\\/tiago-maciel-conquista-quatro-medalhas-de-ouro\\\/#article\",\"isPartOf\":{\"@id\":\"https:\\\/\\\/www.altominho.tv\\\/site\\\/2026\\\/04\\\/29\\\/tiago-maciel-conquista-quatro-medalhas-de-ouro\\\/\"},\"author\":{\"name\":\"Eduarda Cardoso\",\"@id\":\"https:\\\/\\\/www.altominho.tv\\\/site\\\/#\\\/schema\\\/person\\\/9e351387b727413d005ccf1152c93539\"},\"headline\":\"Tiago Maciel conquista quatro medalhas de ouro na Ta\u00e7a de Portugal de Velocidade\",\"datePublished\":\"2026-04-29T08:33:33+00:00\",\"dateModified\":\"2026-04-29T08:33:36+00:00\",\"mainEntityOfPage\":{\"@id\":\"https:\\\/\\\/www.altominho.tv\\\/site\\\/2026\\\/04\\\/29\\\/tiago-maciel-conquista-quatro-medalhas-de-ouro\\\/\"},\"wordCount\":140,\"image\":{\"@id\":\"https:\\\/\\\/www.altominho.tv\\\/site\\\/2026\\\/04\\\/29\\\/tiago-maciel-conquista-quatro-medalhas-de-ouro\\\/#primaryimage\"},\"thumbnailUrl\":\"https:\\\/\\\/www.altominho.tv\\\/site\\\/wp-content\\\/uploads\\\/2026\\\/04\\\/tiago_maciel.jpg\",\"keywords\":[\"Desporto\"],\"articleSection\":[\"Viana do Castelo\"],\"inLanguage\":\"pt-PT\",\"copyrightYear\":\"2026\",\"copyrightHolder\":{\"@id\":\"https:\\\/\\\/www.altominho.tv\\\/site\\\/#organization\"}},{\"@type\":\"WebPage\",\"@id\":\"https:\\\/\\\/www.altominho.tv\\\/site\\\/2026\\\/04\\\/29\\\/tiago-maciel-conquista-quatro-medalhas-de-ouro\\\/\",\"url\":\"https:\\\/\\\/www.altominho.tv\\\/site\\\/2026\\\/04\\\/29\\\/tiago-maciel-conquista-quatro-medalhas-de-ouro\\\/\",\"name\":\"Tiago Maciel conquista quatro medalhas de ouro na Ta\u00e7a de Portugal de Velocidade\",\"isPartOf\":{\"@id\":\"https:\\\/\\\/www.altominho.tv\\\/site\\\/#website\"},\"primaryImageOfPage\":{\"@id\":\"https:\\\/\\\/www.altominho.tv\\\/site\\\/2026\\\/04\\\/29\\\/tiago-maciel-conquista-quatro-medalhas-de-ouro\\\/#primaryimage\"},\"image\":{\"@id\":\"https:\\\/\\\/www.altominho.tv\\\/site\\\/2026\\\/04\\\/29\\\/tiago-maciel-conquista-quatro-medalhas-de-ouro\\\/#primaryimage\"},\"thumbnailUrl\":\"https:\\\/\\\/www.altominho.tv\\\/site\\\/wp-content\\\/uploads\\\/2026\\\/04\\\/tiago_maciel.jpg\",\"datePublished\":\"2026-04-29T08:33:33+00:00\",\"dateModified\":\"2026-04-29T08:33:36+00:00\",\"author\":{\"@id\":\"https:\\\/\\\/www.altominho.tv\\\/site\\\/#\\\/schema\\\/person\\\/9e351387b727413d005ccf1152c93539\"},\"description\":\"O atleta do Viana Gar\u00e7as Clube, Tiago Maciel, esteve em grande destaque na Ta\u00e7a de Portugal de Velocidade de Canoagem \\\/ Seletiva Nacional, na categoria Canoas Seniores Masculinas, realizada entre os dias 17 e 19 de abril, em Montemor-o-Velho.\",\"breadcrumb\":{\"@id\":\"https:\\\/\\\/www.altominho.tv\\\/site\\\/2026\\\/04\\\/29\\\/tiago-maciel-conquista-quatro-medalhas-de-ouro\\\/#breadcrumb\"},\"inLanguage\":\"pt-PT\",\"potentialAction\":[{\"@type\":\"ReadAction\",\"target\":[\"https:\\\/\\\/www.altominho.tv\\\/site\\\/2026\\\/04\\\/29\\\/tiago-maciel-conquista-quatro-medalhas-de-ouro\\\/\"]}]},{\"@type\":\"ImageObject\",\"inLanguage\":\"pt-PT\",\"@id\":\"https:\\\/\\\/www.altominho.tv\\\/site\\\/2026\\\/04\\\/29\\\/tiago-maciel-conquista-quatro-medalhas-de-ouro\\\/#primaryimage\",\"url\":\"https:\\\/\\\/www.altominho.tv\\\/site\\\/wp-content\\\/uploads\\\/2026\\\/04\\\/tiago_maciel.jpg\",\"contentUrl\":\"https:\\\/\\\/www.altominho.tv\\\/site\\\/wp-content\\\/uploads\\\/2026\\\/04\\\/tiago_maciel.jpg\",\"width\":1200,\"height\":630},{\"@type\":\"BreadcrumbList\",\"@id\":\"https:\\\/\\\/www.altominho.tv\\\/site\\\/2026\\\/04\\\/29\\\/tiago-maciel-conquista-quatro-medalhas-de-ouro\\\/#breadcrumb\",\"itemListElement\":[{\"@type\":\"ListItem\",\"position\":1,\"name\":\"In\u00edcio\",\"item\":\"https:\\\/\\\/www.altominho.tv\\\/site\\\/\"},{\"@type\":\"ListItem\",\"position\":2,\"name\":\"Tiago Maciel conquista quatro medalhas de ouro na Ta\u00e7a de Portugal de Velocidade\"}]},{\"@type\":\"WebSite\",\"@id\":\"https:\\\/\\\/www.altominho.tv\\\/site\\\/#website\",\"url\":\"https:\\\/\\\/www.altominho.tv\\\/site\\\/\",\"name\":\"Altominho.tv\",\"description\":\"A sua regi\u00e3o \u00e0 dist\u00e2ncia de um clique...\",\"potentialAction\":[{\"@type\":\"SearchAction\",\"target\":{\"@type\":\"EntryPoint\",\"urlTemplate\":\"https:\\\/\\\/www.altominho.tv\\\/site\\\/?s={search_term_string}\"},\"query-input\":{\"@type\":\"PropertyValueSpecification\",\"valueRequired\":true,\"valueName\":\"search_term_string\"}}],\"inLanguage\":\"pt-PT\"},{\"@type\":\"Person\",\"@id\":\"https:\\\/\\\/www.altominho.tv\\\/site\\\/#\\\/schema\\\/person\\\/9e351387b727413d005ccf1152c93539\",\"name\":\"Eduarda Cardoso\",\"image\":{\"@type\":\"ImageObject\",\"inLanguage\":\"pt-PT\",\"@id\":\"https:\\\/\\\/www.altominho.tv\\\/site\\\/wp-content\\\/uploads\\\/2021\\\/01\\\/cropped-Logo-ATV_WEB-150x150.png\",\"url\":\"https:\\\/\\\/www.altominho.tv\\\/site\\\/wp-content\\\/uploads\\\/2021\\\/01\\\/cropped-Logo-ATV_WEB-150x150.png\",\"contentUrl\":\"https:\\\/\\\/www.altominho.tv\\\/site\\\/wp-content\\\/uploads\\\/2021\\\/01\\\/cropped-Logo-ATV_WEB-150x150.png\",\"caption\":\"Eduarda Cardoso\"},\"url\":\"https:\\\/\\\/www.altominho.tv\\\/site\\\/author\\\/eduarda-cardoso\\\/\"}]}<\/script>\n<!-- \/ Yoast SEO Premium plugin. -->","yoast_head_json":{"title":"Tiago Maciel conquista quatro medalhas de ouro na Ta\u00e7a de Portugal de Velocidade","description":"O atleta do Viana Gar\u00e7as Clube, Tiago Maciel, esteve em grande destaque na Ta\u00e7a de Portugal de Velocidade de Canoagem \/ Seletiva Nacional, na categoria Canoas Seniores Masculinas, realizada entre os dias 17 e 19 de abril, em Montemor-o-Velho.","robots":{"index":"index","follow":"follow","max-snippet":"max-snippet:-1","max-image-preview":"max-image-preview:large","max-video-preview":"max-video-preview:-1"},"canonical":"https:\/\/www.altominho.tv\/site\/2026\/04\/29\/tiago-maciel-conquista-quatro-medalhas-de-ouro\/","og_locale":"pt_PT","og_type":"article","og_title":"Tiago Maciel conquista quatro medalhas de ouro na Ta\u00e7a de Portugal de Velocidade","og_description":"O atleta do Viana Gar\u00e7as Clube, Tiago Maciel, esteve em grande destaque na Ta\u00e7a de Portugal de Velocidade de Canoagem \/ Seletiva Nacional, na categoria Canoas Seniores Masculinas, realizada entre os dias 17 e 19 de abril, em Montemor-o-Velho.","og_url":"https:\/\/www.altominho.tv\/site\/2026\/04\/29\/tiago-maciel-conquista-quatro-medalhas-de-ouro\/","og_site_name":"Altominho.tv","article_publisher":"https:\/\/www.facebook.com\/altominhotv","article_published_time":"2026-04-29T08:33:33+00:00","article_modified_time":"2026-04-29T08:33:36+00:00","og_image":[{"width":1200,"height":630,"url":"https:\/\/www.altominho.tv\/site\/wp-content\/uploads\/2026\/04\/tiago_maciel.jpg","type":"image\/jpeg"}],"author":"Eduarda Cardoso","twitter_card":"summary_large_image","twitter_creator":"@altominhoTV","twitter_site":"@altominhoTV","twitter_misc":{"Escrito por":"Eduarda Cardoso","Tempo estimado de leitura":"1 minuto"},"schema":{"@context":"https:\/\/schema.org","@graph":[{"@type":"Article","@id":"https:\/\/www.altominho.tv\/site\/2026\/04\/29\/tiago-maciel-conquista-quatro-medalhas-de-ouro\/#article","isPartOf":{"@id":"https:\/\/www.altominho.tv\/site\/2026\/04\/29\/tiago-maciel-conquista-quatro-medalhas-de-ouro\/"},"author":{"name":"Eduarda Cardoso","@id":"https:\/\/www.altominho.tv\/site\/#\/schema\/person\/9e351387b727413d005ccf1152c93539"},"headline":"Tiago Maciel conquista quatro medalhas de ouro na Ta\u00e7a de Portugal de Velocidade","datePublished":"2026-04-29T08:33:33+00:00","dateModified":"2026-04-29T08:33:36+00:00","mainEntityOfPage":{"@id":"https:\/\/www.altominho.tv\/site\/2026\/04\/29\/tiago-maciel-conquista-quatro-medalhas-de-ouro\/"},"wordCount":140,"image":{"@id":"https:\/\/www.altominho.tv\/site\/2026\/04\/29\/tiago-maciel-conquista-quatro-medalhas-de-ouro\/#primaryimage"},"thumbnailUrl":"https:\/\/www.altominho.tv\/site\/wp-content\/uploads\/2026\/04\/tiago_maciel.jpg","keywords":["Desporto"],"articleSection":["Viana do Castelo"],"inLanguage":"pt-PT","copyrightYear":"2026","copyrightHolder":{"@id":"https:\/\/www.altominho.tv\/site\/#organization"}},{"@type":"WebPage","@id":"https:\/\/www.altominho.tv\/site\/2026\/04\/29\/tiago-maciel-conquista-quatro-medalhas-de-ouro\/","url":"https:\/\/www.altominho.tv\/site\/2026\/04\/29\/tiago-maciel-conquista-quatro-medalhas-de-ouro\/","name":"Tiago Maciel conquista quatro medalhas de ouro na Ta\u00e7a de Portugal de Velocidade","isPartOf":{"@id":"https:\/\/www.altominho.tv\/site\/#website"},"primaryImageOfPage":{"@id":"https:\/\/www.altominho.tv\/site\/2026\/04\/29\/tiago-maciel-conquista-quatro-medalhas-de-ouro\/#primaryimage"},"image":{"@id":"https:\/\/www.altominho.tv\/site\/2026\/04\/29\/tiago-maciel-conquista-quatro-medalhas-de-ouro\/#primaryimage"},"thumbnailUrl":"https:\/\/www.altominho.tv\/site\/wp-content\/uploads\/2026\/04\/tiago_maciel.jpg","datePublished":"2026-04-29T08:33:33+00:00","dateModified":"2026-04-29T08:33:36+00:00","author":{"@id":"https:\/\/www.altominho.tv\/site\/#\/schema\/person\/9e351387b727413d005ccf1152c93539"},"description":"O atleta do Viana Gar\u00e7as Clube, Tiago Maciel, esteve em grande destaque na Ta\u00e7a de Portugal de Velocidade de Canoagem \/ Seletiva Nacional, na categoria Canoas Seniores Masculinas, realizada entre os dias 17 e 19 de abril, em Montemor-o-Velho.","breadcrumb":{"@id":"https:\/\/www.altominho.tv\/site\/2026\/04\/29\/tiago-maciel-conquista-quatro-medalhas-de-ouro\/#breadcrumb"},"inLanguage":"pt-PT","potentialAction":[{"@type":"ReadAction","target":["https:\/\/www.altominho.tv\/site\/2026\/04\/29\/tiago-maciel-conquista-quatro-medalhas-de-ouro\/"]}]},{"@type":"ImageObject","inLanguage":"pt-PT","@id":"https:\/\/www.altominho.tv\/site\/2026\/04\/29\/tiago-maciel-conquista-quatro-medalhas-de-ouro\/#primaryimage","url":"https:\/\/www.altominho.tv\/site\/wp-content\/uploads\/2026\/04\/tiago_maciel.jpg","contentUrl":"https:\/\/www.altominho.tv\/site\/wp-content\/uploads\/2026\/04\/tiago_maciel.jpg","width":1200,"height":630},{"@type":"BreadcrumbList","@id":"https:\/\/www.altominho.tv\/site\/2026\/04\/29\/tiago-maciel-conquista-quatro-medalhas-de-ouro\/#breadcrumb","itemListElement":[{"@type":"ListItem","position":1,"name":"In\u00edcio","item":"https:\/\/www.altominho.tv\/site\/"},{"@type":"ListItem","position":2,"name":"Tiago Maciel conquista quatro medalhas de ouro na Ta\u00e7a de Portugal de Velocidade"}]},{"@type":"WebSite","@id":"https:\/\/www.altominho.tv\/site\/#website","url":"https:\/\/www.altominho.tv\/site\/","name":"Altominho.tv","description":"A sua regi\u00e3o \u00e0 dist\u00e2ncia de um clique...","potentialAction":[{"@type":"SearchAction","target":{"@type":"EntryPoint","urlTemplate":"https:\/\/www.altominho.tv\/site\/?s={search_term_string}"},"query-input":{"@type":"PropertyValueSpecification","valueRequired":true,"valueName":"search_term_string"}}],"inLanguage":"pt-PT"},{"@type":"Person","@id":"https:\/\/www.altominho.tv\/site\/#\/schema\/person\/9e351387b727413d005ccf1152c93539","name":"Eduarda Cardoso","image":{"@type":"ImageObject","inLanguage":"pt-PT","@id":"https:\/\/www.altominho.tv\/site\/wp-content\/uploads\/2021\/01\/cropped-Logo-ATV_WEB-150x150.png","url":"https:\/\/www.altominho.tv\/site\/wp-content\/uploads\/2021\/01\/cropped-Logo-ATV_WEB-150x150.png","contentUrl":"https:\/\/www.altominho.tv\/site\/wp-content\/uploads\/2021\/01\/cropped-Logo-ATV_WEB-150x150.png","caption":"Eduarda Cardoso"},"url":"https:\/\/www.altominho.tv\/site\/author\/eduarda-cardoso\/"}]}},"_links":{"self":[{"href":"https:\/\/www.altominho.tv\/site\/wp-json\/wp\/v2\/posts\/131775","targetHints":{"allow":["GET"]}}],"collection":[{"href":"https:\/\/www.altominho.tv\/site\/wp-json\/wp\/v2\/posts"}],"about":[{"href":"https:\/\/www.altominho.tv\/site\/wp-json\/wp\/v2\/types\/post"}],"author":[{"embeddable":true,"href":"https:\/\/www.altominho.tv\/site\/wp-json\/wp\/v2\/users\/30"}],"replies":[{"embeddable":true,"href":"https:\/\/www.altominho.tv\/site\/wp-json\/wp\/v2\/comments?post=131775"}],"version-history":[{"count":1,"href":"https:\/\/www.altominho.tv\/site\/wp-json\/wp\/v2\/posts\/131775\/revisions"}],"predecessor-version":[{"id":131777,"href":"https:\/\/www.altominho.tv\/site\/wp-json\/wp\/v2\/posts\/131775\/revisions\/131777"}],"wp:featuredmedia":[{"embeddable":true,"href":"https:\/\/www.altominho.tv\/site\/wp-json\/wp\/v2\/media\/131776"}],"wp:attachment":[{"href":"https:\/\/www.altominho.tv\/site\/wp-json\/wp\/v2\/media?parent=131775"}],"wp:term":[{"taxonomy":"category","embeddable":true,"href":"https:\/\/www.altominho.tv\/site\/wp-json\/wp\/v2\/categories?post=131775"},{"taxonomy":"post_tag","embeddable":true,"href":"https:\/\/www.altominho.tv\/site\/wp-json\/wp\/v2\/tags?post=131775"}],"curies":[{"name":"wp","href":"https:\/\/api.w.org\/{rel}","templated":true}]}}