{"id":131773,"date":"2026-04-29T09:39:22","date_gmt":"2026-04-29T08:39:22","guid":{"rendered":"https:\/\/www.altominho.tv\/site\/?p=131773"},"modified":"2026-04-29T09:39:24","modified_gmt":"2026-04-29T08:39:24","slug":"caminha-quer-democratizar-energia-renovavel-com-comunidade-aberta-a-todo-o-concelho","status":"publish","type":"post","link":"https:\/\/www.altominho.tv\/site\/2026\/04\/29\/caminha-quer-democratizar-energia-renovavel-com-comunidade-aberta-a-todo-o-concelho\/","title":{"rendered":"Caminha quer democratizar energia renov\u00e1vel com comunidade aberta a todo o concelho"},"content":{"rendered":"<section class=\"text-token-text-primary w-full focus:outline-none [--shadow-height:45px] has-data-writing-block:pointer-events-none has-data-writing-block:-mt-(--shadow-height) has-data-writing-block:pt-(--shadow-height) [&amp;:has([data-writing-block])&gt;*]:pointer-events-auto [content-visibility:auto] supports-[content-visibility:auto]:[contain-intrinsic-size:auto_100lvh] R6Vx5W_threadScrollVars scroll-mb-[calc(var(--scroll-root-safe-area-inset-bottom,0px)+var(--thread-response-height))] scroll-mt-[calc(var(--header-height)+min(200px,max(70px,20svh)))]\" dir=\"auto\" data-turn-id=\"request-69ef396f-4f3c-8385-8464-cb609c6b13d3-0\" data-testid=\"conversation-turn-8\" data-scroll-anchor=\"false\" data-turn=\"assistant\">\n<div class=\"text-base my-auto mx-auto pb-10 [--thread-content-margin:var(--thread-content-margin-xs,calc(var(--spacing)*4))] @w-sm\/main:[--thread-content-margin:var(--thread-content-margin-sm,calc(var(--spacing)*6))] @w-lg\/main:[--thread-content-margin:var(--thread-content-margin-lg,calc(var(--spacing)*16))] px-(--thread-content-margin)\">\n<div class=\"[--thread-content-max-width:40rem] @w-lg\/main:[--thread-content-max-width:48rem] mx-auto max-w-(--thread-content-max-width) flex-1 group\/turn-messages focus-visible:outline-hidden relative flex w-full min-w-0 flex-col agent-turn\">\n<div class=\"flex max-w-full flex-col gap-4 grow\">\n<div class=\"min-h-8 text-message relative flex w-full flex-col items-end gap-2 text-start break-words whitespace-normal outline-none keyboard-focused:focus-ring [.text-message+&amp;]:mt-1\" dir=\"auto\" tabindex=\"0\" data-message-author-role=\"assistant\" data-message-id=\"1a2fa79c-c2a0-4fe5-83f8-2ab66c5736e8\" data-message-model-slug=\"gpt-5-3\" data-turn-start-message=\"true\">\n<div class=\"flex w-full flex-col gap-1 empty:hidden\">\n<div class=\"markdown prose dark:prose-invert w-full wrap-break-word dark markdown-new-styling\">\n<p data-start=\"89\" data-end=\"448\">A Comunidade de Energia Renov\u00e1vel de Caminha (CERCAMINHA) deu um passo decisivo rumo \u00e0 sua expans\u00e3o, com o objetivo de se tornar uma rede inter-aut\u00e1rquica de \u00e2mbito concelhio e, a longo prazo, aberta a todos os mun\u00edcipes. A iniciativa pretende alargar o acesso \u00e0 produ\u00e7\u00e3o e partilha de energia renov\u00e1vel no territ\u00f3rio de <span class=\"hover:entity-accent entity-underline inline cursor-pointer align-baseline\"><span class=\"whitespace-normal\">Caminha<\/span><\/span>.<\/p>\n<p data-start=\"450\" data-end=\"863\">Criada como Associa\u00e7\u00e3o de Direito P\u00fablico ao abrigo do Decreto-Lei n.\u00ba 15\/2022, a CERCAMINHA foi inicialmente constitu\u00edda pelo Munic\u00edpio de Caminha e pela Uni\u00e3o de Freguesias de <span class=\"hover:entity-accent entity-underline inline cursor-pointer align-baseline\"><span class=\"whitespace-normal\">Moledo e Cristelo<\/span><\/span>. Numa reuni\u00e3o realizada a 21 de abril, o executivo municipal apresentou o projeto a todos os presidentes de junta do concelho, com vista ao alargamento da comunidade e \u00e0 ades\u00e3o de novas freguesias.<\/p>\n<p data-start=\"865\" data-end=\"1366\">A miss\u00e3o da CERCAMINHA centra-se na produ\u00e7\u00e3o de energia a partir de fontes renov\u00e1veis, com destaque para a solar fotovoltaica, promovendo a partilha entre os membros e a redu\u00e7\u00e3o estrutural dos custos energ\u00e9ticos. Um dos principais atrativos para as juntas de freguesia \u00e9 o modelo de financiamento, que n\u00e3o implica investimento direto: o Munic\u00edpio assume os custos iniciais e de opera\u00e7\u00e3o, enquanto as autarquias locais disponibilizam espa\u00e7os para instala\u00e7\u00e3o dos sistemas e consomem a energia produzida.<\/p>\n<p data-start=\"1368\" data-end=\"1811\" data-is-last-node=\"\" data-is-only-node=\"\">O projeto ser\u00e1 financiado atrav\u00e9s de fundos comunit\u00e1rios do Portugal 2030 e entra agora nas fases t\u00e9cnicas, que incluem auditorias energ\u00e9ticas, elabora\u00e7\u00e3o de anteprojetos e obten\u00e7\u00e3o de pareceres das entidades competentes.<\/p>\n<p data-start=\"1368\" data-end=\"1811\" data-is-last-node=\"\" data-is-only-node=\"\">A autarquia sublinha que, numa fase futura, a comunidade ser\u00e1 aberta a cidad\u00e3os, empresas e organiza\u00e7\u00f5es locais, permitindo um acesso mais alargado \u00e0 energia renov\u00e1vel e refor\u00e7ando a competitividade no mercado energ\u00e9tico.<\/p>\n<p data-start=\"1368\" data-end=\"1811\" data-is-last-node=\"\" data-is-only-node=\"\">Foto: <strong>DR<\/strong><\/p>\n<\/div>\n<\/div>\n<\/div>\n<\/div>\n<div class=\"z-0 flex min-h-[46px] justify-start\"><\/div>\n<div class=\"mt-3 w-full empty:hidden\">\n<div class=\"text-center\"><\/div>\n<\/div>\n<\/div>\n<\/div>\n<\/section>\n<div class=\"pointer-events-none -mt-px h-px translate-y-[calc(var(--scroll-root-safe-area-inset-bottom)-14*var(--spacing))]\" aria-hidden=\"true\"><\/div>\n","protected":false},"excerpt":{"rendered":"<p>A Comunidade de Energia Renov\u00e1vel de Caminha (CERCAMINHA) deu um passo decisivo rumo \u00e0 sua expans\u00e3o, com o objetivo de se tornar uma rede inter-aut\u00e1rquica de \u00e2mbito concelhio e, a longo prazo, aberta a todos os mun\u00edcipes. A iniciativa pretende alargar o acesso \u00e0 produ\u00e7\u00e3o e partilha de energia renov\u00e1vel no territ\u00f3rio de Caminha. Criada [&hellip;]<\/p>\n","protected":false},"author":24,"featured_media":131778,"comment_status":"closed","ping_status":"closed","sticky":false,"template":"","format":"standard","meta":{"_exactmetrics_skip_tracking":false,"_exactmetrics_sitenote_active":false,"_exactmetrics_sitenote_note":"","_exactmetrics_sitenote_category":0,"footnotes":""},"categories":[7],"tags":[56336],"class_list":["post-131773","post","type-post","status-publish","format-standard","has-post-thumbnail","hentry","category-caminha","tag-ambiente"],"yoast_head":"<!-- This site is optimized with the Yoast SEO Premium plugin v27.4 (Yoast SEO v27.4) - https:\/\/yoast.com\/product\/yoast-seo-premium-wordpress\/ -->\n<title>Caminha quer democratizar energia renov\u00e1vel com comunidade aberta a todo o concelho<\/title>\n<meta name=\"description\" content=\"A Comunidade de Energia Renov\u00e1vel de Caminha (CERCAMINHA) deu um passo decisivo rumo \u00e0 sua expans\u00e3o, com o objetivo de se tornar uma rede inter-aut\u00e1rquica de \u00e2mbito concelhio e, a longo prazo, aberta a todos os mun\u00edcipes. A iniciativa pretende alargar o acesso \u00e0 produ\u00e7\u00e3o e partilha de energia renov\u00e1vel no territ\u00f3rio de Caminha.\" \/>\n<meta name=\"robots\" content=\"index, follow, max-snippet:-1, max-image-preview:large, max-video-preview:-1\" \/>\n<link rel=\"canonical\" href=\"https:\/\/www.altominho.tv\/site\/2026\/04\/29\/caminha-quer-democratizar-energia-renovavel-com-comunidade-aberta-a-todo-o-concelho\/\" \/>\n<meta property=\"og:locale\" content=\"pt_PT\" \/>\n<meta property=\"og:type\" content=\"article\" \/>\n<meta property=\"og:title\" content=\"Caminha quer democratizar energia renov\u00e1vel com comunidade aberta a todo o concelho\" \/>\n<meta property=\"og:description\" content=\"A Comunidade de Energia Renov\u00e1vel de Caminha (CERCAMINHA) deu um passo decisivo rumo \u00e0 sua expans\u00e3o, com o objetivo de se tornar uma rede inter-aut\u00e1rquica de \u00e2mbito concelhio e, a longo prazo, aberta a todos os mun\u00edcipes. A iniciativa pretende alargar o acesso \u00e0 produ\u00e7\u00e3o e partilha de energia renov\u00e1vel no territ\u00f3rio de Caminha.\" \/>\n<meta property=\"og:url\" content=\"https:\/\/www.altominho.tv\/site\/2026\/04\/29\/caminha-quer-democratizar-energia-renovavel-com-comunidade-aberta-a-todo-o-concelho\/\" \/>\n<meta property=\"og:site_name\" content=\"Altominho.tv\" \/>\n<meta property=\"article:publisher\" content=\"https:\/\/www.facebook.com\/altominhotv\" \/>\n<meta property=\"article:published_time\" content=\"2026-04-29T08:39:22+00:00\" \/>\n<meta property=\"article:modified_time\" content=\"2026-04-29T08:39:24+00:00\" \/>\n<meta property=\"og:image\" content=\"https:\/\/www.altominho.tv\/site\/wp-content\/uploads\/2026\/04\/energias-renovaveis.png\" \/>\n\t<meta property=\"og:image:width\" content=\"1200\" \/>\n\t<meta property=\"og:image:height\" content=\"630\" \/>\n\t<meta property=\"og:image:type\" content=\"image\/png\" \/>\n<meta name=\"author\" content=\"Cesar Lopes\" \/>\n<meta name=\"twitter:card\" content=\"summary_large_image\" \/>\n<meta name=\"twitter:creator\" content=\"@altominhoTV\" \/>\n<meta name=\"twitter:site\" content=\"@altominhoTV\" \/>\n<meta name=\"twitter:label1\" content=\"Escrito por\" \/>\n\t<meta name=\"twitter:data1\" content=\"Cesar Lopes\" \/>\n\t<meta name=\"twitter:label2\" content=\"Tempo estimado de leitura\" \/>\n\t<meta name=\"twitter:data2\" content=\"2 minutos\" \/>\n<script type=\"application\/ld+json\" class=\"yoast-schema-graph\">{\"@context\":\"https:\\\/\\\/schema.org\",\"@graph\":[{\"@type\":\"Article\",\"@id\":\"https:\\\/\\\/www.altominho.tv\\\/site\\\/2026\\\/04\\\/29\\\/caminha-quer-democratizar-energia-renovavel-com-comunidade-aberta-a-todo-o-concelho\\\/#article\",\"isPartOf\":{\"@id\":\"https:\\\/\\\/www.altominho.tv\\\/site\\\/2026\\\/04\\\/29\\\/caminha-quer-democratizar-energia-renovavel-com-comunidade-aberta-a-todo-o-concelho\\\/\"},\"author\":{\"name\":\"Cesar Lopes\",\"@id\":\"https:\\\/\\\/www.altominho.tv\\\/site\\\/#\\\/schema\\\/person\\\/c5570e5afb933b8d08c43373326ef1b1\"},\"headline\":\"Caminha quer democratizar energia renov\u00e1vel com comunidade aberta a todo o concelho\",\"datePublished\":\"2026-04-29T08:39:22+00:00\",\"dateModified\":\"2026-04-29T08:39:24+00:00\",\"mainEntityOfPage\":{\"@id\":\"https:\\\/\\\/www.altominho.tv\\\/site\\\/2026\\\/04\\\/29\\\/caminha-quer-democratizar-energia-renovavel-com-comunidade-aberta-a-todo-o-concelho\\\/\"},\"wordCount\":298,\"image\":{\"@id\":\"https:\\\/\\\/www.altominho.tv\\\/site\\\/2026\\\/04\\\/29\\\/caminha-quer-democratizar-energia-renovavel-com-comunidade-aberta-a-todo-o-concelho\\\/#primaryimage\"},\"thumbnailUrl\":\"https:\\\/\\\/www.altominho.tv\\\/site\\\/wp-content\\\/uploads\\\/2026\\\/04\\\/energias-renovaveis.png\",\"keywords\":[\"Ambiente\"],\"articleSection\":[\"Caminha\"],\"inLanguage\":\"pt-PT\",\"copyrightYear\":\"2026\",\"copyrightHolder\":{\"@id\":\"https:\\\/\\\/www.altominho.tv\\\/site\\\/#organization\"}},{\"@type\":\"WebPage\",\"@id\":\"https:\\\/\\\/www.altominho.tv\\\/site\\\/2026\\\/04\\\/29\\\/caminha-quer-democratizar-energia-renovavel-com-comunidade-aberta-a-todo-o-concelho\\\/\",\"url\":\"https:\\\/\\\/www.altominho.tv\\\/site\\\/2026\\\/04\\\/29\\\/caminha-quer-democratizar-energia-renovavel-com-comunidade-aberta-a-todo-o-concelho\\\/\",\"name\":\"Caminha quer democratizar energia renov\u00e1vel com comunidade aberta a todo o concelho\",\"isPartOf\":{\"@id\":\"https:\\\/\\\/www.altominho.tv\\\/site\\\/#website\"},\"primaryImageOfPage\":{\"@id\":\"https:\\\/\\\/www.altominho.tv\\\/site\\\/2026\\\/04\\\/29\\\/caminha-quer-democratizar-energia-renovavel-com-comunidade-aberta-a-todo-o-concelho\\\/#primaryimage\"},\"image\":{\"@id\":\"https:\\\/\\\/www.altominho.tv\\\/site\\\/2026\\\/04\\\/29\\\/caminha-quer-democratizar-energia-renovavel-com-comunidade-aberta-a-todo-o-concelho\\\/#primaryimage\"},\"thumbnailUrl\":\"https:\\\/\\\/www.altominho.tv\\\/site\\\/wp-content\\\/uploads\\\/2026\\\/04\\\/energias-renovaveis.png\",\"datePublished\":\"2026-04-29T08:39:22+00:00\",\"dateModified\":\"2026-04-29T08:39:24+00:00\",\"author\":{\"@id\":\"https:\\\/\\\/www.altominho.tv\\\/site\\\/#\\\/schema\\\/person\\\/c5570e5afb933b8d08c43373326ef1b1\"},\"description\":\"A Comunidade de Energia Renov\u00e1vel de Caminha (CERCAMINHA) deu um passo decisivo rumo \u00e0 sua expans\u00e3o, com o objetivo de se tornar uma rede inter-aut\u00e1rquica de \u00e2mbito concelhio e, a longo prazo, aberta a todos os mun\u00edcipes. A iniciativa pretende alargar o acesso \u00e0 produ\u00e7\u00e3o e partilha de energia renov\u00e1vel no territ\u00f3rio de Caminha.\",\"breadcrumb\":{\"@id\":\"https:\\\/\\\/www.altominho.tv\\\/site\\\/2026\\\/04\\\/29\\\/caminha-quer-democratizar-energia-renovavel-com-comunidade-aberta-a-todo-o-concelho\\\/#breadcrumb\"},\"inLanguage\":\"pt-PT\",\"potentialAction\":[{\"@type\":\"ReadAction\",\"target\":[\"https:\\\/\\\/www.altominho.tv\\\/site\\\/2026\\\/04\\\/29\\\/caminha-quer-democratizar-energia-renovavel-com-comunidade-aberta-a-todo-o-concelho\\\/\"]}]},{\"@type\":\"ImageObject\",\"inLanguage\":\"pt-PT\",\"@id\":\"https:\\\/\\\/www.altominho.tv\\\/site\\\/2026\\\/04\\\/29\\\/caminha-quer-democratizar-energia-renovavel-com-comunidade-aberta-a-todo-o-concelho\\\/#primaryimage\",\"url\":\"https:\\\/\\\/www.altominho.tv\\\/site\\\/wp-content\\\/uploads\\\/2026\\\/04\\\/energias-renovaveis.png\",\"contentUrl\":\"https:\\\/\\\/www.altominho.tv\\\/site\\\/wp-content\\\/uploads\\\/2026\\\/04\\\/energias-renovaveis.png\",\"width\":1200,\"height\":630},{\"@type\":\"BreadcrumbList\",\"@id\":\"https:\\\/\\\/www.altominho.tv\\\/site\\\/2026\\\/04\\\/29\\\/caminha-quer-democratizar-energia-renovavel-com-comunidade-aberta-a-todo-o-concelho\\\/#breadcrumb\",\"itemListElement\":[{\"@type\":\"ListItem\",\"position\":1,\"name\":\"In\u00edcio\",\"item\":\"https:\\\/\\\/www.altominho.tv\\\/site\\\/\"},{\"@type\":\"ListItem\",\"position\":2,\"name\":\"Caminha quer democratizar energia renov\u00e1vel com comunidade aberta a todo o concelho\"}]},{\"@type\":\"WebSite\",\"@id\":\"https:\\\/\\\/www.altominho.tv\\\/site\\\/#website\",\"url\":\"https:\\\/\\\/www.altominho.tv\\\/site\\\/\",\"name\":\"Altominho.tv\",\"description\":\"A sua regi\u00e3o \u00e0 dist\u00e2ncia de um clique...\",\"potentialAction\":[{\"@type\":\"SearchAction\",\"target\":{\"@type\":\"EntryPoint\",\"urlTemplate\":\"https:\\\/\\\/www.altominho.tv\\\/site\\\/?s={search_term_string}\"},\"query-input\":{\"@type\":\"PropertyValueSpecification\",\"valueRequired\":true,\"valueName\":\"search_term_string\"}}],\"inLanguage\":\"pt-PT\"},{\"@type\":\"Person\",\"@id\":\"https:\\\/\\\/www.altominho.tv\\\/site\\\/#\\\/schema\\\/person\\\/c5570e5afb933b8d08c43373326ef1b1\",\"name\":\"Cesar Lopes\",\"image\":{\"@type\":\"ImageObject\",\"inLanguage\":\"pt-PT\",\"@id\":\"https:\\\/\\\/www.altominho.tv\\\/site\\\/wp-content\\\/uploads\\\/2022\\\/10\\\/Sem-Titulo-150x150.jpg\",\"url\":\"https:\\\/\\\/www.altominho.tv\\\/site\\\/wp-content\\\/uploads\\\/2022\\\/10\\\/Sem-Titulo-150x150.jpg\",\"contentUrl\":\"https:\\\/\\\/www.altominho.tv\\\/site\\\/wp-content\\\/uploads\\\/2022\\\/10\\\/Sem-Titulo-150x150.jpg\",\"caption\":\"Cesar Lopes\"},\"url\":\"https:\\\/\\\/www.altominho.tv\\\/site\\\/author\\\/cesarlopes\\\/\"}]}<\/script>\n<!-- \/ Yoast SEO Premium plugin. -->","yoast_head_json":{"title":"Caminha quer democratizar energia renov\u00e1vel com comunidade aberta a todo o concelho","description":"A Comunidade de Energia Renov\u00e1vel de Caminha (CERCAMINHA) deu um passo decisivo rumo \u00e0 sua expans\u00e3o, com o objetivo de se tornar uma rede inter-aut\u00e1rquica de \u00e2mbito concelhio e, a longo prazo, aberta a todos os mun\u00edcipes. A iniciativa pretende alargar o acesso \u00e0 produ\u00e7\u00e3o e partilha de energia renov\u00e1vel no territ\u00f3rio de Caminha.","robots":{"index":"index","follow":"follow","max-snippet":"max-snippet:-1","max-image-preview":"max-image-preview:large","max-video-preview":"max-video-preview:-1"},"canonical":"https:\/\/www.altominho.tv\/site\/2026\/04\/29\/caminha-quer-democratizar-energia-renovavel-com-comunidade-aberta-a-todo-o-concelho\/","og_locale":"pt_PT","og_type":"article","og_title":"Caminha quer democratizar energia renov\u00e1vel com comunidade aberta a todo o concelho","og_description":"A Comunidade de Energia Renov\u00e1vel de Caminha (CERCAMINHA) deu um passo decisivo rumo \u00e0 sua expans\u00e3o, com o objetivo de se tornar uma rede inter-aut\u00e1rquica de \u00e2mbito concelhio e, a longo prazo, aberta a todos os mun\u00edcipes. A iniciativa pretende alargar o acesso \u00e0 produ\u00e7\u00e3o e partilha de energia renov\u00e1vel no territ\u00f3rio de Caminha.","og_url":"https:\/\/www.altominho.tv\/site\/2026\/04\/29\/caminha-quer-democratizar-energia-renovavel-com-comunidade-aberta-a-todo-o-concelho\/","og_site_name":"Altominho.tv","article_publisher":"https:\/\/www.facebook.com\/altominhotv","article_published_time":"2026-04-29T08:39:22+00:00","article_modified_time":"2026-04-29T08:39:24+00:00","og_image":[{"width":1200,"height":630,"url":"https:\/\/www.altominho.tv\/site\/wp-content\/uploads\/2026\/04\/energias-renovaveis.png","type":"image\/png"}],"author":"Cesar Lopes","twitter_card":"summary_large_image","twitter_creator":"@altominhoTV","twitter_site":"@altominhoTV","twitter_misc":{"Escrito por":"Cesar Lopes","Tempo estimado de leitura":"2 minutos"},"schema":{"@context":"https:\/\/schema.org","@graph":[{"@type":"Article","@id":"https:\/\/www.altominho.tv\/site\/2026\/04\/29\/caminha-quer-democratizar-energia-renovavel-com-comunidade-aberta-a-todo-o-concelho\/#article","isPartOf":{"@id":"https:\/\/www.altominho.tv\/site\/2026\/04\/29\/caminha-quer-democratizar-energia-renovavel-com-comunidade-aberta-a-todo-o-concelho\/"},"author":{"name":"Cesar Lopes","@id":"https:\/\/www.altominho.tv\/site\/#\/schema\/person\/c5570e5afb933b8d08c43373326ef1b1"},"headline":"Caminha quer democratizar energia renov\u00e1vel com comunidade aberta a todo o concelho","datePublished":"2026-04-29T08:39:22+00:00","dateModified":"2026-04-29T08:39:24+00:00","mainEntityOfPage":{"@id":"https:\/\/www.altominho.tv\/site\/2026\/04\/29\/caminha-quer-democratizar-energia-renovavel-com-comunidade-aberta-a-todo-o-concelho\/"},"wordCount":298,"image":{"@id":"https:\/\/www.altominho.tv\/site\/2026\/04\/29\/caminha-quer-democratizar-energia-renovavel-com-comunidade-aberta-a-todo-o-concelho\/#primaryimage"},"thumbnailUrl":"https:\/\/www.altominho.tv\/site\/wp-content\/uploads\/2026\/04\/energias-renovaveis.png","keywords":["Ambiente"],"articleSection":["Caminha"],"inLanguage":"pt-PT","copyrightYear":"2026","copyrightHolder":{"@id":"https:\/\/www.altominho.tv\/site\/#organization"}},{"@type":"WebPage","@id":"https:\/\/www.altominho.tv\/site\/2026\/04\/29\/caminha-quer-democratizar-energia-renovavel-com-comunidade-aberta-a-todo-o-concelho\/","url":"https:\/\/www.altominho.tv\/site\/2026\/04\/29\/caminha-quer-democratizar-energia-renovavel-com-comunidade-aberta-a-todo-o-concelho\/","name":"Caminha quer democratizar energia renov\u00e1vel com comunidade aberta a todo o concelho","isPartOf":{"@id":"https:\/\/www.altominho.tv\/site\/#website"},"primaryImageOfPage":{"@id":"https:\/\/www.altominho.tv\/site\/2026\/04\/29\/caminha-quer-democratizar-energia-renovavel-com-comunidade-aberta-a-todo-o-concelho\/#primaryimage"},"image":{"@id":"https:\/\/www.altominho.tv\/site\/2026\/04\/29\/caminha-quer-democratizar-energia-renovavel-com-comunidade-aberta-a-todo-o-concelho\/#primaryimage"},"thumbnailUrl":"https:\/\/www.altominho.tv\/site\/wp-content\/uploads\/2026\/04\/energias-renovaveis.png","datePublished":"2026-04-29T08:39:22+00:00","dateModified":"2026-04-29T08:39:24+00:00","author":{"@id":"https:\/\/www.altominho.tv\/site\/#\/schema\/person\/c5570e5afb933b8d08c43373326ef1b1"},"description":"A Comunidade de Energia Renov\u00e1vel de Caminha (CERCAMINHA) deu um passo decisivo rumo \u00e0 sua expans\u00e3o, com o objetivo de se tornar uma rede inter-aut\u00e1rquica de \u00e2mbito concelhio e, a longo prazo, aberta a todos os mun\u00edcipes. A iniciativa pretende alargar o acesso \u00e0 produ\u00e7\u00e3o e partilha de energia renov\u00e1vel no territ\u00f3rio de Caminha.","breadcrumb":{"@id":"https:\/\/www.altominho.tv\/site\/2026\/04\/29\/caminha-quer-democratizar-energia-renovavel-com-comunidade-aberta-a-todo-o-concelho\/#breadcrumb"},"inLanguage":"pt-PT","potentialAction":[{"@type":"ReadAction","target":["https:\/\/www.altominho.tv\/site\/2026\/04\/29\/caminha-quer-democratizar-energia-renovavel-com-comunidade-aberta-a-todo-o-concelho\/"]}]},{"@type":"ImageObject","inLanguage":"pt-PT","@id":"https:\/\/www.altominho.tv\/site\/2026\/04\/29\/caminha-quer-democratizar-energia-renovavel-com-comunidade-aberta-a-todo-o-concelho\/#primaryimage","url":"https:\/\/www.altominho.tv\/site\/wp-content\/uploads\/2026\/04\/energias-renovaveis.png","contentUrl":"https:\/\/www.altominho.tv\/site\/wp-content\/uploads\/2026\/04\/energias-renovaveis.png","width":1200,"height":630},{"@type":"BreadcrumbList","@id":"https:\/\/www.altominho.tv\/site\/2026\/04\/29\/caminha-quer-democratizar-energia-renovavel-com-comunidade-aberta-a-todo-o-concelho\/#breadcrumb","itemListElement":[{"@type":"ListItem","position":1,"name":"In\u00edcio","item":"https:\/\/www.altominho.tv\/site\/"},{"@type":"ListItem","position":2,"name":"Caminha quer democratizar energia renov\u00e1vel com comunidade aberta a todo o concelho"}]},{"@type":"WebSite","@id":"https:\/\/www.altominho.tv\/site\/#website","url":"https:\/\/www.altominho.tv\/site\/","name":"Altominho.tv","description":"A sua regi\u00e3o \u00e0 dist\u00e2ncia de um clique...","potentialAction":[{"@type":"SearchAction","target":{"@type":"EntryPoint","urlTemplate":"https:\/\/www.altominho.tv\/site\/?s={search_term_string}"},"query-input":{"@type":"PropertyValueSpecification","valueRequired":true,"valueName":"search_term_string"}}],"inLanguage":"pt-PT"},{"@type":"Person","@id":"https:\/\/www.altominho.tv\/site\/#\/schema\/person\/c5570e5afb933b8d08c43373326ef1b1","name":"Cesar Lopes","image":{"@type":"ImageObject","inLanguage":"pt-PT","@id":"https:\/\/www.altominho.tv\/site\/wp-content\/uploads\/2022\/10\/Sem-Titulo-150x150.jpg","url":"https:\/\/www.altominho.tv\/site\/wp-content\/uploads\/2022\/10\/Sem-Titulo-150x150.jpg","contentUrl":"https:\/\/www.altominho.tv\/site\/wp-content\/uploads\/2022\/10\/Sem-Titulo-150x150.jpg","caption":"Cesar Lopes"},"url":"https:\/\/www.altominho.tv\/site\/author\/cesarlopes\/"}]}},"_links":{"self":[{"href":"https:\/\/www.altominho.tv\/site\/wp-json\/wp\/v2\/posts\/131773","targetHints":{"allow":["GET"]}}],"collection":[{"href":"https:\/\/www.altominho.tv\/site\/wp-json\/wp\/v2\/posts"}],"about":[{"href":"https:\/\/www.altominho.tv\/site\/wp-json\/wp\/v2\/types\/post"}],"author":[{"embeddable":true,"href":"https:\/\/www.altominho.tv\/site\/wp-json\/wp\/v2\/users\/24"}],"replies":[{"embeddable":true,"href":"https:\/\/www.altominho.tv\/site\/wp-json\/wp\/v2\/comments?post=131773"}],"version-history":[{"count":1,"href":"https:\/\/www.altominho.tv\/site\/wp-json\/wp\/v2\/posts\/131773\/revisions"}],"predecessor-version":[{"id":131779,"href":"https:\/\/www.altominho.tv\/site\/wp-json\/wp\/v2\/posts\/131773\/revisions\/131779"}],"wp:featuredmedia":[{"embeddable":true,"href":"https:\/\/www.altominho.tv\/site\/wp-json\/wp\/v2\/media\/131778"}],"wp:attachment":[{"href":"https:\/\/www.altominho.tv\/site\/wp-json\/wp\/v2\/media?parent=131773"}],"wp:term":[{"taxonomy":"category","embeddable":true,"href":"https:\/\/www.altominho.tv\/site\/wp-json\/wp\/v2\/categories?post=131773"},{"taxonomy":"post_tag","embeddable":true,"href":"https:\/\/www.altominho.tv\/site\/wp-json\/wp\/v2\/tags?post=131773"}],"curies":[{"name":"wp","href":"https:\/\/api.w.org\/{rel}","templated":true}]}}