{"id":131763,"date":"2026-04-29T08:36:13","date_gmt":"2026-04-29T07:36:13","guid":{"rendered":"https:\/\/www.altominho.tv\/site\/?p=131763"},"modified":"2026-04-29T08:36:15","modified_gmt":"2026-04-29T07:36:15","slug":"criancas-e-jovens-de-viana-do-castelo-ja-podem-preparar-ferias-de-verao-2026","status":"publish","type":"post","link":"https:\/\/www.altominho.tv\/site\/2026\/04\/29\/criancas-e-jovens-de-viana-do-castelo-ja-podem-preparar-ferias-de-verao-2026\/","title":{"rendered":"Crian\u00e7as e jovens de Viana do Castelo j\u00e1 podem preparar F\u00e9rias de Ver\u00e3o 2026"},"content":{"rendered":"<p>O executivo municipal de Viana do Castelo aprovou, por unanimidade, a proposta de F\u00e9rias de Ver\u00e3o 2026, promovidas pela autarquia para crian\u00e7as e jovens dos 6 aos 14 anos.<\/p>\n<p>As crian\u00e7as e jovens tem de ser residentes no concelho de Viana do Castelo e freguesias lim\u00edtrofes, cujas inscri\u00e7\u00f5es acontecem a partir das 10h00 de 9 de maio.<\/p>\n<p>O primeiro per\u00edodo das F\u00e9rias de Ver\u00e3o acontece de 1 a 17 de julho e o segundo per\u00edodo de 20 a 31 de julho.<\/p>\n<p>Foto: DR<\/p>\n","protected":false},"excerpt":{"rendered":"<p>O executivo municipal de Viana do Castelo aprovou, por unanimidade, a proposta de F\u00e9rias de Ver\u00e3o 2026, promovidas pela autarquia para crian\u00e7as e jovens dos 6 aos 14 anos. As crian\u00e7as e jovens tem de ser residentes no concelho de Viana do Castelo e freguesias lim\u00edtrofes, cujas inscri\u00e7\u00f5es acontecem a partir das 10h00 de 9 [&hellip;]<\/p>\n","protected":false},"author":1,"featured_media":131764,"comment_status":"closed","ping_status":"closed","sticky":false,"template":"","format":"standard","meta":{"_exactmetrics_skip_tracking":false,"_exactmetrics_sitenote_active":false,"_exactmetrics_sitenote_note":"","_exactmetrics_sitenote_category":0,"footnotes":""},"categories":[14],"tags":[22,24],"class_list":["post-131763","post","type-post","status-publish","format-standard","has-post-thumbnail","hentry","category-viana-do-castelo","tag-educacao","tag-lazer"],"yoast_head":"<!-- This site is optimized with the Yoast SEO Premium plugin v27.4 (Yoast SEO v27.4) - https:\/\/yoast.com\/product\/yoast-seo-premium-wordpress\/ -->\n<title>Crian\u00e7as e jovens de Viana do Castelo j\u00e1 podem preparar F\u00e9rias de Ver\u00e3o 2026<\/title>\n<meta name=\"robots\" content=\"index, follow, max-snippet:-1, max-image-preview:large, max-video-preview:-1\" \/>\n<link rel=\"canonical\" href=\"https:\/\/www.altominho.tv\/site\/2026\/04\/29\/criancas-e-jovens-de-viana-do-castelo-ja-podem-preparar-ferias-de-verao-2026\/\" \/>\n<meta property=\"og:locale\" content=\"pt_PT\" \/>\n<meta property=\"og:type\" content=\"article\" \/>\n<meta property=\"og:title\" content=\"Crian\u00e7as e jovens de Viana do Castelo j\u00e1 podem preparar F\u00e9rias de Ver\u00e3o 2026\" \/>\n<meta property=\"og:description\" content=\"O executivo municipal de Viana do Castelo aprovou, por unanimidade, a proposta de F\u00e9rias de Ver\u00e3o 2026, promovidas pela autarquia para crian\u00e7as e jovens dos 6 aos 14 anos. As crian\u00e7as e jovens tem de ser residentes no concelho de Viana do Castelo e freguesias lim\u00edtrofes, cujas inscri\u00e7\u00f5es acontecem a partir das 10h00 de 9 [&hellip;]\" \/>\n<meta property=\"og:url\" content=\"https:\/\/www.altominho.tv\/site\/2026\/04\/29\/criancas-e-jovens-de-viana-do-castelo-ja-podem-preparar-ferias-de-verao-2026\/\" \/>\n<meta property=\"og:site_name\" content=\"Altominho.tv\" \/>\n<meta property=\"article:publisher\" content=\"https:\/\/www.facebook.com\/altominhotv\" \/>\n<meta property=\"article:published_time\" content=\"2026-04-29T07:36:13+00:00\" \/>\n<meta property=\"article:modified_time\" content=\"2026-04-29T07:36:15+00:00\" \/>\n<meta property=\"og:image\" content=\"https:\/\/www.altominho.tv\/site\/wp-content\/uploads\/2026\/04\/BASE-FB-logo-Branco-1200-x-630-px-14.png\" \/>\n\t<meta property=\"og:image:width\" content=\"1200\" \/>\n\t<meta property=\"og:image:height\" content=\"630\" \/>\n\t<meta property=\"og:image:type\" content=\"image\/png\" \/>\n<meta name=\"author\" content=\"Altominho.tv\" \/>\n<meta name=\"twitter:card\" content=\"summary_large_image\" \/>\n<meta name=\"twitter:creator\" content=\"@altominhoTV\" \/>\n<meta name=\"twitter:site\" content=\"@altominhoTV\" \/>\n<meta name=\"twitter:label1\" content=\"Escrito por\" \/>\n\t<meta name=\"twitter:data1\" content=\"Altominho.tv\" \/>\n\t<meta name=\"twitter:label2\" content=\"Tempo estimado de leitura\" \/>\n\t<meta name=\"twitter:data2\" content=\"1 minuto\" \/>\n<script type=\"application\/ld+json\" class=\"yoast-schema-graph\">{\"@context\":\"https:\\\/\\\/schema.org\",\"@graph\":[{\"@type\":\"Article\",\"@id\":\"https:\\\/\\\/www.altominho.tv\\\/site\\\/2026\\\/04\\\/29\\\/criancas-e-jovens-de-viana-do-castelo-ja-podem-preparar-ferias-de-verao-2026\\\/#article\",\"isPartOf\":{\"@id\":\"https:\\\/\\\/www.altominho.tv\\\/site\\\/2026\\\/04\\\/29\\\/criancas-e-jovens-de-viana-do-castelo-ja-podem-preparar-ferias-de-verao-2026\\\/\"},\"author\":{\"name\":\"Altominho.tv\",\"@id\":\"https:\\\/\\\/www.altominho.tv\\\/site\\\/#\\\/schema\\\/person\\\/4e536851627d7914baf3dac752b6af22\"},\"headline\":\"Crian\u00e7as e jovens de Viana do Castelo j\u00e1 podem preparar F\u00e9rias de Ver\u00e3o 2026\",\"datePublished\":\"2026-04-29T07:36:13+00:00\",\"dateModified\":\"2026-04-29T07:36:15+00:00\",\"mainEntityOfPage\":{\"@id\":\"https:\\\/\\\/www.altominho.tv\\\/site\\\/2026\\\/04\\\/29\\\/criancas-e-jovens-de-viana-do-castelo-ja-podem-preparar-ferias-de-verao-2026\\\/\"},\"wordCount\":101,\"image\":{\"@id\":\"https:\\\/\\\/www.altominho.tv\\\/site\\\/2026\\\/04\\\/29\\\/criancas-e-jovens-de-viana-do-castelo-ja-podem-preparar-ferias-de-verao-2026\\\/#primaryimage\"},\"thumbnailUrl\":\"https:\\\/\\\/www.altominho.tv\\\/site\\\/wp-content\\\/uploads\\\/2026\\\/04\\\/BASE-FB-logo-Branco-1200-x-630-px-14.png\",\"keywords\":[\"Educa\u00e7\u00e3o\",\"Lazer\"],\"articleSection\":[\"Viana do Castelo\"],\"inLanguage\":\"pt-PT\",\"copyrightYear\":\"2026\",\"copyrightHolder\":{\"@id\":\"https:\\\/\\\/www.altominho.tv\\\/site\\\/#organization\"}},{\"@type\":\"WebPage\",\"@id\":\"https:\\\/\\\/www.altominho.tv\\\/site\\\/2026\\\/04\\\/29\\\/criancas-e-jovens-de-viana-do-castelo-ja-podem-preparar-ferias-de-verao-2026\\\/\",\"url\":\"https:\\\/\\\/www.altominho.tv\\\/site\\\/2026\\\/04\\\/29\\\/criancas-e-jovens-de-viana-do-castelo-ja-podem-preparar-ferias-de-verao-2026\\\/\",\"name\":\"Crian\u00e7as e jovens de Viana do Castelo j\u00e1 podem preparar F\u00e9rias de Ver\u00e3o 2026\",\"isPartOf\":{\"@id\":\"https:\\\/\\\/www.altominho.tv\\\/site\\\/#website\"},\"primaryImageOfPage\":{\"@id\":\"https:\\\/\\\/www.altominho.tv\\\/site\\\/2026\\\/04\\\/29\\\/criancas-e-jovens-de-viana-do-castelo-ja-podem-preparar-ferias-de-verao-2026\\\/#primaryimage\"},\"image\":{\"@id\":\"https:\\\/\\\/www.altominho.tv\\\/site\\\/2026\\\/04\\\/29\\\/criancas-e-jovens-de-viana-do-castelo-ja-podem-preparar-ferias-de-verao-2026\\\/#primaryimage\"},\"thumbnailUrl\":\"https:\\\/\\\/www.altominho.tv\\\/site\\\/wp-content\\\/uploads\\\/2026\\\/04\\\/BASE-FB-logo-Branco-1200-x-630-px-14.png\",\"datePublished\":\"2026-04-29T07:36:13+00:00\",\"dateModified\":\"2026-04-29T07:36:15+00:00\",\"author\":{\"@id\":\"https:\\\/\\\/www.altominho.tv\\\/site\\\/#\\\/schema\\\/person\\\/4e536851627d7914baf3dac752b6af22\"},\"breadcrumb\":{\"@id\":\"https:\\\/\\\/www.altominho.tv\\\/site\\\/2026\\\/04\\\/29\\\/criancas-e-jovens-de-viana-do-castelo-ja-podem-preparar-ferias-de-verao-2026\\\/#breadcrumb\"},\"inLanguage\":\"pt-PT\",\"potentialAction\":[{\"@type\":\"ReadAction\",\"target\":[\"https:\\\/\\\/www.altominho.tv\\\/site\\\/2026\\\/04\\\/29\\\/criancas-e-jovens-de-viana-do-castelo-ja-podem-preparar-ferias-de-verao-2026\\\/\"]}]},{\"@type\":\"ImageObject\",\"inLanguage\":\"pt-PT\",\"@id\":\"https:\\\/\\\/www.altominho.tv\\\/site\\\/2026\\\/04\\\/29\\\/criancas-e-jovens-de-viana-do-castelo-ja-podem-preparar-ferias-de-verao-2026\\\/#primaryimage\",\"url\":\"https:\\\/\\\/www.altominho.tv\\\/site\\\/wp-content\\\/uploads\\\/2026\\\/04\\\/BASE-FB-logo-Branco-1200-x-630-px-14.png\",\"contentUrl\":\"https:\\\/\\\/www.altominho.tv\\\/site\\\/wp-content\\\/uploads\\\/2026\\\/04\\\/BASE-FB-logo-Branco-1200-x-630-px-14.png\",\"width\":1200,\"height\":630},{\"@type\":\"BreadcrumbList\",\"@id\":\"https:\\\/\\\/www.altominho.tv\\\/site\\\/2026\\\/04\\\/29\\\/criancas-e-jovens-de-viana-do-castelo-ja-podem-preparar-ferias-de-verao-2026\\\/#breadcrumb\",\"itemListElement\":[{\"@type\":\"ListItem\",\"position\":1,\"name\":\"In\u00edcio\",\"item\":\"https:\\\/\\\/www.altominho.tv\\\/site\\\/\"},{\"@type\":\"ListItem\",\"position\":2,\"name\":\"Crian\u00e7as e jovens de Viana do Castelo j\u00e1 podem preparar F\u00e9rias de Ver\u00e3o 2026\"}]},{\"@type\":\"WebSite\",\"@id\":\"https:\\\/\\\/www.altominho.tv\\\/site\\\/#website\",\"url\":\"https:\\\/\\\/www.altominho.tv\\\/site\\\/\",\"name\":\"Altominho.tv\",\"description\":\"A sua regi\u00e3o \u00e0 dist\u00e2ncia de um clique...\",\"potentialAction\":[{\"@type\":\"SearchAction\",\"target\":{\"@type\":\"EntryPoint\",\"urlTemplate\":\"https:\\\/\\\/www.altominho.tv\\\/site\\\/?s={search_term_string}\"},\"query-input\":{\"@type\":\"PropertyValueSpecification\",\"valueRequired\":true,\"valueName\":\"search_term_string\"}}],\"inLanguage\":\"pt-PT\"},{\"@type\":\"Person\",\"@id\":\"https:\\\/\\\/www.altominho.tv\\\/site\\\/#\\\/schema\\\/person\\\/4e536851627d7914baf3dac752b6af22\",\"name\":\"Altominho.tv\",\"image\":{\"@type\":\"ImageObject\",\"inLanguage\":\"pt-PT\",\"@id\":\"https:\\\/\\\/www.altominho.tv\\\/site\\\/wp-content\\\/uploads\\\/2019\\\/11\\\/Logo_Avatar_2-150x150.jpg\",\"url\":\"https:\\\/\\\/www.altominho.tv\\\/site\\\/wp-content\\\/uploads\\\/2019\\\/11\\\/Logo_Avatar_2-150x150.jpg\",\"contentUrl\":\"https:\\\/\\\/www.altominho.tv\\\/site\\\/wp-content\\\/uploads\\\/2019\\\/11\\\/Logo_Avatar_2-150x150.jpg\",\"caption\":\"Altominho.tv\"},\"url\":\"https:\\\/\\\/www.altominho.tv\\\/site\\\/author\\\/altominhotv-tecnico\\\/\"}]}<\/script>\n<!-- \/ Yoast SEO Premium plugin. -->","yoast_head_json":{"title":"Crian\u00e7as e jovens de Viana do Castelo j\u00e1 podem preparar F\u00e9rias de Ver\u00e3o 2026","robots":{"index":"index","follow":"follow","max-snippet":"max-snippet:-1","max-image-preview":"max-image-preview:large","max-video-preview":"max-video-preview:-1"},"canonical":"https:\/\/www.altominho.tv\/site\/2026\/04\/29\/criancas-e-jovens-de-viana-do-castelo-ja-podem-preparar-ferias-de-verao-2026\/","og_locale":"pt_PT","og_type":"article","og_title":"Crian\u00e7as e jovens de Viana do Castelo j\u00e1 podem preparar F\u00e9rias de Ver\u00e3o 2026","og_description":"O executivo municipal de Viana do Castelo aprovou, por unanimidade, a proposta de F\u00e9rias de Ver\u00e3o 2026, promovidas pela autarquia para crian\u00e7as e jovens dos 6 aos 14 anos. As crian\u00e7as e jovens tem de ser residentes no concelho de Viana do Castelo e freguesias lim\u00edtrofes, cujas inscri\u00e7\u00f5es acontecem a partir das 10h00 de 9 [&hellip;]","og_url":"https:\/\/www.altominho.tv\/site\/2026\/04\/29\/criancas-e-jovens-de-viana-do-castelo-ja-podem-preparar-ferias-de-verao-2026\/","og_site_name":"Altominho.tv","article_publisher":"https:\/\/www.facebook.com\/altominhotv","article_published_time":"2026-04-29T07:36:13+00:00","article_modified_time":"2026-04-29T07:36:15+00:00","og_image":[{"width":1200,"height":630,"url":"https:\/\/www.altominho.tv\/site\/wp-content\/uploads\/2026\/04\/BASE-FB-logo-Branco-1200-x-630-px-14.png","type":"image\/png"}],"author":"Altominho.tv","twitter_card":"summary_large_image","twitter_creator":"@altominhoTV","twitter_site":"@altominhoTV","twitter_misc":{"Escrito por":"Altominho.tv","Tempo estimado de leitura":"1 minuto"},"schema":{"@context":"https:\/\/schema.org","@graph":[{"@type":"Article","@id":"https:\/\/www.altominho.tv\/site\/2026\/04\/29\/criancas-e-jovens-de-viana-do-castelo-ja-podem-preparar-ferias-de-verao-2026\/#article","isPartOf":{"@id":"https:\/\/www.altominho.tv\/site\/2026\/04\/29\/criancas-e-jovens-de-viana-do-castelo-ja-podem-preparar-ferias-de-verao-2026\/"},"author":{"name":"Altominho.tv","@id":"https:\/\/www.altominho.tv\/site\/#\/schema\/person\/4e536851627d7914baf3dac752b6af22"},"headline":"Crian\u00e7as e jovens de Viana do Castelo j\u00e1 podem preparar F\u00e9rias de Ver\u00e3o 2026","datePublished":"2026-04-29T07:36:13+00:00","dateModified":"2026-04-29T07:36:15+00:00","mainEntityOfPage":{"@id":"https:\/\/www.altominho.tv\/site\/2026\/04\/29\/criancas-e-jovens-de-viana-do-castelo-ja-podem-preparar-ferias-de-verao-2026\/"},"wordCount":101,"image":{"@id":"https:\/\/www.altominho.tv\/site\/2026\/04\/29\/criancas-e-jovens-de-viana-do-castelo-ja-podem-preparar-ferias-de-verao-2026\/#primaryimage"},"thumbnailUrl":"https:\/\/www.altominho.tv\/site\/wp-content\/uploads\/2026\/04\/BASE-FB-logo-Branco-1200-x-630-px-14.png","keywords":["Educa\u00e7\u00e3o","Lazer"],"articleSection":["Viana do Castelo"],"inLanguage":"pt-PT","copyrightYear":"2026","copyrightHolder":{"@id":"https:\/\/www.altominho.tv\/site\/#organization"}},{"@type":"WebPage","@id":"https:\/\/www.altominho.tv\/site\/2026\/04\/29\/criancas-e-jovens-de-viana-do-castelo-ja-podem-preparar-ferias-de-verao-2026\/","url":"https:\/\/www.altominho.tv\/site\/2026\/04\/29\/criancas-e-jovens-de-viana-do-castelo-ja-podem-preparar-ferias-de-verao-2026\/","name":"Crian\u00e7as e jovens de Viana do Castelo j\u00e1 podem preparar F\u00e9rias de Ver\u00e3o 2026","isPartOf":{"@id":"https:\/\/www.altominho.tv\/site\/#website"},"primaryImageOfPage":{"@id":"https:\/\/www.altominho.tv\/site\/2026\/04\/29\/criancas-e-jovens-de-viana-do-castelo-ja-podem-preparar-ferias-de-verao-2026\/#primaryimage"},"image":{"@id":"https:\/\/www.altominho.tv\/site\/2026\/04\/29\/criancas-e-jovens-de-viana-do-castelo-ja-podem-preparar-ferias-de-verao-2026\/#primaryimage"},"thumbnailUrl":"https:\/\/www.altominho.tv\/site\/wp-content\/uploads\/2026\/04\/BASE-FB-logo-Branco-1200-x-630-px-14.png","datePublished":"2026-04-29T07:36:13+00:00","dateModified":"2026-04-29T07:36:15+00:00","author":{"@id":"https:\/\/www.altominho.tv\/site\/#\/schema\/person\/4e536851627d7914baf3dac752b6af22"},"breadcrumb":{"@id":"https:\/\/www.altominho.tv\/site\/2026\/04\/29\/criancas-e-jovens-de-viana-do-castelo-ja-podem-preparar-ferias-de-verao-2026\/#breadcrumb"},"inLanguage":"pt-PT","potentialAction":[{"@type":"ReadAction","target":["https:\/\/www.altominho.tv\/site\/2026\/04\/29\/criancas-e-jovens-de-viana-do-castelo-ja-podem-preparar-ferias-de-verao-2026\/"]}]},{"@type":"ImageObject","inLanguage":"pt-PT","@id":"https:\/\/www.altominho.tv\/site\/2026\/04\/29\/criancas-e-jovens-de-viana-do-castelo-ja-podem-preparar-ferias-de-verao-2026\/#primaryimage","url":"https:\/\/www.altominho.tv\/site\/wp-content\/uploads\/2026\/04\/BASE-FB-logo-Branco-1200-x-630-px-14.png","contentUrl":"https:\/\/www.altominho.tv\/site\/wp-content\/uploads\/2026\/04\/BASE-FB-logo-Branco-1200-x-630-px-14.png","width":1200,"height":630},{"@type":"BreadcrumbList","@id":"https:\/\/www.altominho.tv\/site\/2026\/04\/29\/criancas-e-jovens-de-viana-do-castelo-ja-podem-preparar-ferias-de-verao-2026\/#breadcrumb","itemListElement":[{"@type":"ListItem","position":1,"name":"In\u00edcio","item":"https:\/\/www.altominho.tv\/site\/"},{"@type":"ListItem","position":2,"name":"Crian\u00e7as e jovens de Viana do Castelo j\u00e1 podem preparar F\u00e9rias de Ver\u00e3o 2026"}]},{"@type":"WebSite","@id":"https:\/\/www.altominho.tv\/site\/#website","url":"https:\/\/www.altominho.tv\/site\/","name":"Altominho.tv","description":"A sua regi\u00e3o \u00e0 dist\u00e2ncia de um clique...","potentialAction":[{"@type":"SearchAction","target":{"@type":"EntryPoint","urlTemplate":"https:\/\/www.altominho.tv\/site\/?s={search_term_string}"},"query-input":{"@type":"PropertyValueSpecification","valueRequired":true,"valueName":"search_term_string"}}],"inLanguage":"pt-PT"},{"@type":"Person","@id":"https:\/\/www.altominho.tv\/site\/#\/schema\/person\/4e536851627d7914baf3dac752b6af22","name":"Altominho.tv","image":{"@type":"ImageObject","inLanguage":"pt-PT","@id":"https:\/\/www.altominho.tv\/site\/wp-content\/uploads\/2019\/11\/Logo_Avatar_2-150x150.jpg","url":"https:\/\/www.altominho.tv\/site\/wp-content\/uploads\/2019\/11\/Logo_Avatar_2-150x150.jpg","contentUrl":"https:\/\/www.altominho.tv\/site\/wp-content\/uploads\/2019\/11\/Logo_Avatar_2-150x150.jpg","caption":"Altominho.tv"},"url":"https:\/\/www.altominho.tv\/site\/author\/altominhotv-tecnico\/"}]}},"_links":{"self":[{"href":"https:\/\/www.altominho.tv\/site\/wp-json\/wp\/v2\/posts\/131763","targetHints":{"allow":["GET"]}}],"collection":[{"href":"https:\/\/www.altominho.tv\/site\/wp-json\/wp\/v2\/posts"}],"about":[{"href":"https:\/\/www.altominho.tv\/site\/wp-json\/wp\/v2\/types\/post"}],"author":[{"embeddable":true,"href":"https:\/\/www.altominho.tv\/site\/wp-json\/wp\/v2\/users\/1"}],"replies":[{"embeddable":true,"href":"https:\/\/www.altominho.tv\/site\/wp-json\/wp\/v2\/comments?post=131763"}],"version-history":[{"count":1,"href":"https:\/\/www.altominho.tv\/site\/wp-json\/wp\/v2\/posts\/131763\/revisions"}],"predecessor-version":[{"id":131765,"href":"https:\/\/www.altominho.tv\/site\/wp-json\/wp\/v2\/posts\/131763\/revisions\/131765"}],"wp:featuredmedia":[{"embeddable":true,"href":"https:\/\/www.altominho.tv\/site\/wp-json\/wp\/v2\/media\/131764"}],"wp:attachment":[{"href":"https:\/\/www.altominho.tv\/site\/wp-json\/wp\/v2\/media?parent=131763"}],"wp:term":[{"taxonomy":"category","embeddable":true,"href":"https:\/\/www.altominho.tv\/site\/wp-json\/wp\/v2\/categories?post=131763"},{"taxonomy":"post_tag","embeddable":true,"href":"https:\/\/www.altominho.tv\/site\/wp-json\/wp\/v2\/tags?post=131763"}],"curies":[{"name":"wp","href":"https:\/\/api.w.org\/{rel}","templated":true}]}}