{"id":131757,"date":"2026-04-28T16:54:47","date_gmt":"2026-04-28T15:54:47","guid":{"rendered":"https:\/\/www.altominho.tv\/site\/?p=131757"},"modified":"2026-04-28T16:54:50","modified_gmt":"2026-04-28T15:54:50","slug":"viana-do-castelo-com-duvidas-sobre-compatibilizacao-de-trotinetes-com-espaco-partilhado","status":"publish","type":"post","link":"https:\/\/www.altominho.tv\/site\/2026\/04\/28\/viana-do-castelo-com-duvidas-sobre-compatibilizacao-de-trotinetes-com-espaco-partilhado\/","title":{"rendered":"Viana do Castelo com \u201cd\u00favidas\u201d sobre compatibiliza\u00e7\u00e3o de trotinetes com espa\u00e7o partilhado"},"content":{"rendered":"<p>O presidente da C\u00e2mara de Viana do Castelo disse hoje n\u00e3o ser \u201cpor acaso\u201d que a cidade n\u00e3o tem empresas com servi\u00e7o de trotinetes por ter \u201cmuitas d\u00favidas\u201d quanto \u00e0 compatibiliza\u00e7\u00e3o com pe\u00f5es, em espa\u00e7o partilhado.<\/p>\n<p>\u201cN\u00e3o \u00e9 por acaso que n\u00e3o temos empresas com esse servi\u00e7o instalado na nossa cidade. N\u00e3o \u00e9 inocente. Estive 12 anos com o pelouro da mobilidade. N\u00e3o foi por falta de oportunidade que n\u00e3o instal\u00e1mos esse servi\u00e7o. Sempre tive muitas d\u00favidas sobre a compatibiliza\u00e7\u00e3o desse servi\u00e7o com o espa\u00e7o partilhado\u201d, afirmou Lu\u00eds Nobre.<\/p>\n<p>O autarca socialista, que falava aos jornalistas no final da reuni\u00e3o de c\u00e2mara, disse que, em Viana do Castelo, os problemas \u201cidentificados s\u00e3o com trotinetes de particulares\u201d, devido \u201cao comportamento individual\u201d de quem as utiliza.<\/p>\n<p>O problema da utiliza\u00e7\u00e3o de trotinetes nas ruas da cidade foi levantado por um mun\u00edcipe, no per\u00edodo aberto ao p\u00fablico. O mun\u00edcipe apontou o caso de uma rua no centro hist\u00f3rico, bastante movimentada, na qual as trotinetes circulam com muita velocidade.<\/p>\n<p>Segundo Lu\u00eds Nobre, \u201cas pessoas utilizam esse equipamento de forma indevida\u201d, sublinhando que, em Viana do Castelo, o problema n\u00e3o \u00e9 o mesmo de \u201coutras cidades que permitiram que v\u00e1rias empresas instalassem redes de trotinetes e bicicletas e hoje h\u00e1 a dificuldade que h\u00e1\u201d.<\/p>\n<p>\u201cA conflitualidade aumentou e risco tamb\u00e9m. O n\u00famero de acidentes tem aumentado porque n\u00e3o se regulou. As trotinetes chegaram, foram inovadoras, ajudaram a dinamizar os modos suaves nas cidades, mas hoje transformaram-se num problema.<\/p>\n<p>H\u00e1 munic\u00edpios a interromper procedimentos p\u00fablicos para a instala\u00e7\u00e3o de mais servi\u00e7os\u201d, afirmou.<\/p>\n<p>Lu\u00eds Nobre defendeu que a quest\u00e3o \u201ctem de ser reinterpretada, reduzida\u201d, mas sem deixar de existir, referindo que, ao abrigo do Plano de Mobilidade Sustentada, recentemente apresentado, \u201co munic\u00edpio ir\u00e1 analisar, de forma integrada, e incorporar todas as possibilidades\u201d.<\/p>\n<p>\u201cPor isso, remeto para o Plano de Mobilidade Sustentada uma solu\u00e7\u00e3o para este caso. Sou contra medidas avulsas (\u2026). Temos uma press\u00e3o na \u00e1rea urbana e temos de ter solu\u00e7\u00f5es. Cada vez tenho mais certeza que temos de ter mais cuidado com a implementa\u00e7\u00e3o desse servi\u00e7o com empresas que est\u00e3o dispon\u00edveis para o fazer. Viana do Castelo n\u00e3o est\u00e1 fora dessa aptid\u00e3o ou dessa vontade\u201d, observou.<\/p>\n<p>Apontou medidas que est\u00e3o a ser equacionadas, desde a sensibiliza\u00e7\u00e3o dos utilizadores de trotinetes, \u00e0 introdu\u00e7\u00e3o dos 30 quil\u00f3metros de velocidade m\u00e1xima nas ruas partilhadas e fiscaliza\u00e7\u00e3o\u201d.<\/p>\n<p>\u201cPor isso, estamos a trabalhar na cria\u00e7\u00e3o da pol\u00edcia municipal. H\u00e1 toda uma estrat\u00e9gia, com v\u00e1rias pe\u00e7as para fechar este &#8216;puzzle&#8217; de gest\u00e3o da cidade, criando um ambiente e compromisso de gest\u00e3o\u201d, real\u00e7ou.<\/p>\n<p>Lu\u00eds Nobre disse que a autarquia sabe que modelo de cidade que quer e os elementos que fazem falta.<\/p>\n<p>\u201cPrecis\u00e1vamos de instalar um servi\u00e7o de transportes p\u00fablicos e foi o que fizemos. Precisamos de refor\u00e7ar os modos suaves, sejam pedonais sejam clic\u00e1veis. Precisamos de, gradualmente, assumir um modelo de gest\u00e3o do espa\u00e7o de estacionamento \u00e0 superf\u00edcie ou subterr\u00e2neo, \u00a0de melhorar as liga\u00e7\u00f5es fluviais e ferrovi\u00e1rias entre as duas margens do rio Lima, ma n\u00e3o temos as condi\u00e7\u00f5es formais, nem meios financeiros e f\u00edsicos, para implementar tudo em simult\u00e2neo\u201d, apontou.<\/p>\n<p>Para o autarca, face ao &#8220;aumento de conflitualidade que tem de se gerir nos espa\u00e7os partilhados, nomeadamente as ruas que t\u00eam perfil para haver compatibiliza\u00e7\u00e3o\u201d, tem de &#8220;haver respeitabilidade&#8221;.<\/p>\n<p>&#8220;A trotinete tem de respeitar o pe\u00e3o, o pe\u00e3o tem de respeitar a trotinete e, vice-versa\u201d, alertou.<\/p>\n<p>Na semana passada, em Gaia, distrito do Porto, foi cancelado um concurso para disponibiliza\u00e7\u00e3o de trotinetes el\u00e9tricas, alegando raz\u00f5es de seguran\u00e7a, e tamb\u00e9m foi aprovada na C\u00e2mara, ap\u00f3s proposta do PS, um estudo para o mesmo efeito.<\/p>\n<p>Tamb\u00e9m a C\u00e2mara do Porto aprovou a elabora\u00e7\u00e3o de um estudo sobre a utiliza\u00e7\u00e3o de trotinetes el\u00e9tricas e sinistralidade associada \u00e0quele meio e mostrou preocupa\u00e7\u00e3o com a seguran\u00e7a de utilizadores e transeuntes.<\/p>\n<p>A proposta surgiu na sequ\u00eancia da morte de uma mulher de 25 anos num acidente com uma trotinete el\u00e9trica, no Porto.<\/p>\n<p>No in\u00edcio desta semana,\u00a0 a associa\u00e7\u00e3o Estrada Viva defendeu que as trotinetes &#8220;n\u00e3o s\u00e3o um problema comparadas com os autom\u00f3veis&#8221;, considerando que o foco neste meio, que gerou debate recente no Porto e em Gaia, ignora o dom\u00ednio do autom\u00f3vel na sinistralidade rodovi\u00e1ria.<\/p>\n<p>Foto: DR<\/p>\n","protected":false},"excerpt":{"rendered":"<p>O presidente da C\u00e2mara de Viana do Castelo disse hoje n\u00e3o ser \u201cpor acaso\u201d que a cidade n\u00e3o tem empresas com servi\u00e7o de trotinetes por ter \u201cmuitas d\u00favidas\u201d quanto \u00e0 compatibiliza\u00e7\u00e3o com pe\u00f5es, em espa\u00e7o partilhado. \u201cN\u00e3o \u00e9 por acaso que n\u00e3o temos empresas com esse servi\u00e7o instalado na nossa cidade. N\u00e3o \u00e9 inocente. Estive [&hellip;]<\/p>\n","protected":false},"author":13,"featured_media":131758,"comment_status":"closed","ping_status":"closed","sticky":false,"template":"","format":"standard","meta":{"_exactmetrics_skip_tracking":false,"_exactmetrics_sitenote_active":false,"_exactmetrics_sitenote_note":"","_exactmetrics_sitenote_category":0,"footnotes":""},"categories":[14],"tags":[27],"class_list":["post-131757","post","type-post","status-publish","format-standard","has-post-thumbnail","hentry","category-viana-do-castelo","tag-sociedade"],"yoast_head":"<!-- This site is optimized with the Yoast SEO Premium plugin v27.4 (Yoast SEO v27.4) - https:\/\/yoast.com\/product\/yoast-seo-premium-wordpress\/ -->\n<title>Viana do Castelo com \u201cd\u00favidas\u201d sobre compatibiliza\u00e7\u00e3o de trotinetes com espa\u00e7o partilhado<\/title>\n<meta name=\"robots\" content=\"index, follow, max-snippet:-1, max-image-preview:large, max-video-preview:-1\" \/>\n<link rel=\"canonical\" href=\"https:\/\/www.altominho.tv\/site\/2026\/04\/28\/viana-do-castelo-com-duvidas-sobre-compatibilizacao-de-trotinetes-com-espaco-partilhado\/\" \/>\n<meta property=\"og:locale\" content=\"pt_PT\" \/>\n<meta property=\"og:type\" content=\"article\" \/>\n<meta property=\"og:title\" content=\"Viana do Castelo com \u201cd\u00favidas\u201d sobre compatibiliza\u00e7\u00e3o de trotinetes com espa\u00e7o partilhado\" \/>\n<meta property=\"og:description\" content=\"O presidente da C\u00e2mara de Viana do Castelo disse hoje n\u00e3o ser \u201cpor acaso\u201d que a cidade n\u00e3o tem empresas com servi\u00e7o de trotinetes por ter \u201cmuitas d\u00favidas\u201d quanto \u00e0 compatibiliza\u00e7\u00e3o com pe\u00f5es, em espa\u00e7o partilhado. \u201cN\u00e3o \u00e9 por acaso que n\u00e3o temos empresas com esse servi\u00e7o instalado na nossa cidade. N\u00e3o \u00e9 inocente. Estive [&hellip;]\" \/>\n<meta property=\"og:url\" content=\"https:\/\/www.altominho.tv\/site\/2026\/04\/28\/viana-do-castelo-com-duvidas-sobre-compatibilizacao-de-trotinetes-com-espaco-partilhado\/\" \/>\n<meta property=\"og:site_name\" content=\"Altominho.tv\" \/>\n<meta property=\"article:publisher\" content=\"https:\/\/www.facebook.com\/altominhotv\" \/>\n<meta property=\"article:published_time\" content=\"2026-04-28T15:54:47+00:00\" \/>\n<meta property=\"article:modified_time\" content=\"2026-04-28T15:54:50+00:00\" \/>\n<meta property=\"og:image\" content=\"https:\/\/www.altominho.tv\/site\/wp-content\/uploads\/2026\/04\/BASE-FB-logo-Branco-1200-x-630-px-12.png\" \/>\n\t<meta property=\"og:image:width\" content=\"1200\" \/>\n\t<meta property=\"og:image:height\" content=\"630\" \/>\n\t<meta property=\"og:image:type\" content=\"image\/png\" \/>\n<meta name=\"author\" content=\"Lusa\" \/>\n<meta name=\"twitter:card\" content=\"summary_large_image\" \/>\n<meta name=\"twitter:creator\" content=\"@altominhoTV\" \/>\n<meta name=\"twitter:site\" content=\"@altominhoTV\" \/>\n<meta name=\"twitter:label1\" content=\"Escrito por\" \/>\n\t<meta name=\"twitter:data1\" content=\"Lusa\" \/>\n\t<meta name=\"twitter:label2\" content=\"Tempo estimado de leitura\" \/>\n\t<meta name=\"twitter:data2\" content=\"5 minutos\" \/>\n<script type=\"application\/ld+json\" class=\"yoast-schema-graph\">{\"@context\":\"https:\\\/\\\/schema.org\",\"@graph\":[{\"@type\":\"Article\",\"@id\":\"https:\\\/\\\/www.altominho.tv\\\/site\\\/2026\\\/04\\\/28\\\/viana-do-castelo-com-duvidas-sobre-compatibilizacao-de-trotinetes-com-espaco-partilhado\\\/#article\",\"isPartOf\":{\"@id\":\"https:\\\/\\\/www.altominho.tv\\\/site\\\/2026\\\/04\\\/28\\\/viana-do-castelo-com-duvidas-sobre-compatibilizacao-de-trotinetes-com-espaco-partilhado\\\/\"},\"author\":{\"name\":\"Lusa\",\"@id\":\"https:\\\/\\\/www.altominho.tv\\\/site\\\/#\\\/schema\\\/person\\\/63f693da3e1899361cbe955c46f3232e\"},\"headline\":\"Viana do Castelo com \u201cd\u00favidas\u201d sobre compatibiliza\u00e7\u00e3o de trotinetes com espa\u00e7o partilhado\",\"datePublished\":\"2026-04-28T15:54:47+00:00\",\"dateModified\":\"2026-04-28T15:54:50+00:00\",\"mainEntityOfPage\":{\"@id\":\"https:\\\/\\\/www.altominho.tv\\\/site\\\/2026\\\/04\\\/28\\\/viana-do-castelo-com-duvidas-sobre-compatibilizacao-de-trotinetes-com-espaco-partilhado\\\/\"},\"wordCount\":807,\"image\":{\"@id\":\"https:\\\/\\\/www.altominho.tv\\\/site\\\/2026\\\/04\\\/28\\\/viana-do-castelo-com-duvidas-sobre-compatibilizacao-de-trotinetes-com-espaco-partilhado\\\/#primaryimage\"},\"thumbnailUrl\":\"https:\\\/\\\/www.altominho.tv\\\/site\\\/wp-content\\\/uploads\\\/2026\\\/04\\\/BASE-FB-logo-Branco-1200-x-630-px-12.png\",\"keywords\":[\"Sociedade\"],\"articleSection\":[\"Viana do Castelo\"],\"inLanguage\":\"pt-PT\",\"copyrightYear\":\"2026\",\"copyrightHolder\":{\"@id\":\"https:\\\/\\\/www.altominho.tv\\\/site\\\/#organization\"}},{\"@type\":\"WebPage\",\"@id\":\"https:\\\/\\\/www.altominho.tv\\\/site\\\/2026\\\/04\\\/28\\\/viana-do-castelo-com-duvidas-sobre-compatibilizacao-de-trotinetes-com-espaco-partilhado\\\/\",\"url\":\"https:\\\/\\\/www.altominho.tv\\\/site\\\/2026\\\/04\\\/28\\\/viana-do-castelo-com-duvidas-sobre-compatibilizacao-de-trotinetes-com-espaco-partilhado\\\/\",\"name\":\"Viana do Castelo com \u201cd\u00favidas\u201d sobre compatibiliza\u00e7\u00e3o de trotinetes com espa\u00e7o partilhado\",\"isPartOf\":{\"@id\":\"https:\\\/\\\/www.altominho.tv\\\/site\\\/#website\"},\"primaryImageOfPage\":{\"@id\":\"https:\\\/\\\/www.altominho.tv\\\/site\\\/2026\\\/04\\\/28\\\/viana-do-castelo-com-duvidas-sobre-compatibilizacao-de-trotinetes-com-espaco-partilhado\\\/#primaryimage\"},\"image\":{\"@id\":\"https:\\\/\\\/www.altominho.tv\\\/site\\\/2026\\\/04\\\/28\\\/viana-do-castelo-com-duvidas-sobre-compatibilizacao-de-trotinetes-com-espaco-partilhado\\\/#primaryimage\"},\"thumbnailUrl\":\"https:\\\/\\\/www.altominho.tv\\\/site\\\/wp-content\\\/uploads\\\/2026\\\/04\\\/BASE-FB-logo-Branco-1200-x-630-px-12.png\",\"datePublished\":\"2026-04-28T15:54:47+00:00\",\"dateModified\":\"2026-04-28T15:54:50+00:00\",\"author\":{\"@id\":\"https:\\\/\\\/www.altominho.tv\\\/site\\\/#\\\/schema\\\/person\\\/63f693da3e1899361cbe955c46f3232e\"},\"breadcrumb\":{\"@id\":\"https:\\\/\\\/www.altominho.tv\\\/site\\\/2026\\\/04\\\/28\\\/viana-do-castelo-com-duvidas-sobre-compatibilizacao-de-trotinetes-com-espaco-partilhado\\\/#breadcrumb\"},\"inLanguage\":\"pt-PT\",\"potentialAction\":[{\"@type\":\"ReadAction\",\"target\":[\"https:\\\/\\\/www.altominho.tv\\\/site\\\/2026\\\/04\\\/28\\\/viana-do-castelo-com-duvidas-sobre-compatibilizacao-de-trotinetes-com-espaco-partilhado\\\/\"]}]},{\"@type\":\"ImageObject\",\"inLanguage\":\"pt-PT\",\"@id\":\"https:\\\/\\\/www.altominho.tv\\\/site\\\/2026\\\/04\\\/28\\\/viana-do-castelo-com-duvidas-sobre-compatibilizacao-de-trotinetes-com-espaco-partilhado\\\/#primaryimage\",\"url\":\"https:\\\/\\\/www.altominho.tv\\\/site\\\/wp-content\\\/uploads\\\/2026\\\/04\\\/BASE-FB-logo-Branco-1200-x-630-px-12.png\",\"contentUrl\":\"https:\\\/\\\/www.altominho.tv\\\/site\\\/wp-content\\\/uploads\\\/2026\\\/04\\\/BASE-FB-logo-Branco-1200-x-630-px-12.png\",\"width\":1200,\"height\":630},{\"@type\":\"BreadcrumbList\",\"@id\":\"https:\\\/\\\/www.altominho.tv\\\/site\\\/2026\\\/04\\\/28\\\/viana-do-castelo-com-duvidas-sobre-compatibilizacao-de-trotinetes-com-espaco-partilhado\\\/#breadcrumb\",\"itemListElement\":[{\"@type\":\"ListItem\",\"position\":1,\"name\":\"In\u00edcio\",\"item\":\"https:\\\/\\\/www.altominho.tv\\\/site\\\/\"},{\"@type\":\"ListItem\",\"position\":2,\"name\":\"Viana do Castelo com \u201cd\u00favidas\u201d sobre compatibiliza\u00e7\u00e3o de trotinetes com espa\u00e7o partilhado\"}]},{\"@type\":\"WebSite\",\"@id\":\"https:\\\/\\\/www.altominho.tv\\\/site\\\/#website\",\"url\":\"https:\\\/\\\/www.altominho.tv\\\/site\\\/\",\"name\":\"Altominho.tv\",\"description\":\"A sua regi\u00e3o \u00e0 dist\u00e2ncia de um clique...\",\"potentialAction\":[{\"@type\":\"SearchAction\",\"target\":{\"@type\":\"EntryPoint\",\"urlTemplate\":\"https:\\\/\\\/www.altominho.tv\\\/site\\\/?s={search_term_string}\"},\"query-input\":{\"@type\":\"PropertyValueSpecification\",\"valueRequired\":true,\"valueName\":\"search_term_string\"}}],\"inLanguage\":\"pt-PT\"},{\"@type\":\"Person\",\"@id\":\"https:\\\/\\\/www.altominho.tv\\\/site\\\/#\\\/schema\\\/person\\\/63f693da3e1899361cbe955c46f3232e\",\"name\":\"Lusa\",\"image\":{\"@type\":\"ImageObject\",\"inLanguage\":\"pt-PT\",\"@id\":\"https:\\\/\\\/www.altominho.tv\\\/site\\\/wp-content\\\/uploads\\\/2019\\\/08\\\/LUSA_Logo.gif\",\"url\":\"https:\\\/\\\/www.altominho.tv\\\/site\\\/wp-content\\\/uploads\\\/2019\\\/08\\\/LUSA_Logo.gif\",\"contentUrl\":\"https:\\\/\\\/www.altominho.tv\\\/site\\\/wp-content\\\/uploads\\\/2019\\\/08\\\/LUSA_Logo.gif\",\"caption\":\"Lusa\"},\"sameAs\":[\"http:\\\/\\\/\\\/\\\/www.altominho.tv\\\/site\"],\"url\":\"https:\\\/\\\/www.altominho.tv\\\/site\\\/author\\\/lusa\\\/\"}]}<\/script>\n<!-- \/ Yoast SEO Premium plugin. -->","yoast_head_json":{"title":"Viana do Castelo com \u201cd\u00favidas\u201d sobre compatibiliza\u00e7\u00e3o de trotinetes com espa\u00e7o partilhado","robots":{"index":"index","follow":"follow","max-snippet":"max-snippet:-1","max-image-preview":"max-image-preview:large","max-video-preview":"max-video-preview:-1"},"canonical":"https:\/\/www.altominho.tv\/site\/2026\/04\/28\/viana-do-castelo-com-duvidas-sobre-compatibilizacao-de-trotinetes-com-espaco-partilhado\/","og_locale":"pt_PT","og_type":"article","og_title":"Viana do Castelo com \u201cd\u00favidas\u201d sobre compatibiliza\u00e7\u00e3o de trotinetes com espa\u00e7o partilhado","og_description":"O presidente da C\u00e2mara de Viana do Castelo disse hoje n\u00e3o ser \u201cpor acaso\u201d que a cidade n\u00e3o tem empresas com servi\u00e7o de trotinetes por ter \u201cmuitas d\u00favidas\u201d quanto \u00e0 compatibiliza\u00e7\u00e3o com pe\u00f5es, em espa\u00e7o partilhado. \u201cN\u00e3o \u00e9 por acaso que n\u00e3o temos empresas com esse servi\u00e7o instalado na nossa cidade. N\u00e3o \u00e9 inocente. Estive [&hellip;]","og_url":"https:\/\/www.altominho.tv\/site\/2026\/04\/28\/viana-do-castelo-com-duvidas-sobre-compatibilizacao-de-trotinetes-com-espaco-partilhado\/","og_site_name":"Altominho.tv","article_publisher":"https:\/\/www.facebook.com\/altominhotv","article_published_time":"2026-04-28T15:54:47+00:00","article_modified_time":"2026-04-28T15:54:50+00:00","og_image":[{"width":1200,"height":630,"url":"https:\/\/www.altominho.tv\/site\/wp-content\/uploads\/2026\/04\/BASE-FB-logo-Branco-1200-x-630-px-12.png","type":"image\/png"}],"author":"Lusa","twitter_card":"summary_large_image","twitter_creator":"@altominhoTV","twitter_site":"@altominhoTV","twitter_misc":{"Escrito por":"Lusa","Tempo estimado de leitura":"5 minutos"},"schema":{"@context":"https:\/\/schema.org","@graph":[{"@type":"Article","@id":"https:\/\/www.altominho.tv\/site\/2026\/04\/28\/viana-do-castelo-com-duvidas-sobre-compatibilizacao-de-trotinetes-com-espaco-partilhado\/#article","isPartOf":{"@id":"https:\/\/www.altominho.tv\/site\/2026\/04\/28\/viana-do-castelo-com-duvidas-sobre-compatibilizacao-de-trotinetes-com-espaco-partilhado\/"},"author":{"name":"Lusa","@id":"https:\/\/www.altominho.tv\/site\/#\/schema\/person\/63f693da3e1899361cbe955c46f3232e"},"headline":"Viana do Castelo com \u201cd\u00favidas\u201d sobre compatibiliza\u00e7\u00e3o de trotinetes com espa\u00e7o partilhado","datePublished":"2026-04-28T15:54:47+00:00","dateModified":"2026-04-28T15:54:50+00:00","mainEntityOfPage":{"@id":"https:\/\/www.altominho.tv\/site\/2026\/04\/28\/viana-do-castelo-com-duvidas-sobre-compatibilizacao-de-trotinetes-com-espaco-partilhado\/"},"wordCount":807,"image":{"@id":"https:\/\/www.altominho.tv\/site\/2026\/04\/28\/viana-do-castelo-com-duvidas-sobre-compatibilizacao-de-trotinetes-com-espaco-partilhado\/#primaryimage"},"thumbnailUrl":"https:\/\/www.altominho.tv\/site\/wp-content\/uploads\/2026\/04\/BASE-FB-logo-Branco-1200-x-630-px-12.png","keywords":["Sociedade"],"articleSection":["Viana do Castelo"],"inLanguage":"pt-PT","copyrightYear":"2026","copyrightHolder":{"@id":"https:\/\/www.altominho.tv\/site\/#organization"}},{"@type":"WebPage","@id":"https:\/\/www.altominho.tv\/site\/2026\/04\/28\/viana-do-castelo-com-duvidas-sobre-compatibilizacao-de-trotinetes-com-espaco-partilhado\/","url":"https:\/\/www.altominho.tv\/site\/2026\/04\/28\/viana-do-castelo-com-duvidas-sobre-compatibilizacao-de-trotinetes-com-espaco-partilhado\/","name":"Viana do Castelo com \u201cd\u00favidas\u201d sobre compatibiliza\u00e7\u00e3o de trotinetes com espa\u00e7o partilhado","isPartOf":{"@id":"https:\/\/www.altominho.tv\/site\/#website"},"primaryImageOfPage":{"@id":"https:\/\/www.altominho.tv\/site\/2026\/04\/28\/viana-do-castelo-com-duvidas-sobre-compatibilizacao-de-trotinetes-com-espaco-partilhado\/#primaryimage"},"image":{"@id":"https:\/\/www.altominho.tv\/site\/2026\/04\/28\/viana-do-castelo-com-duvidas-sobre-compatibilizacao-de-trotinetes-com-espaco-partilhado\/#primaryimage"},"thumbnailUrl":"https:\/\/www.altominho.tv\/site\/wp-content\/uploads\/2026\/04\/BASE-FB-logo-Branco-1200-x-630-px-12.png","datePublished":"2026-04-28T15:54:47+00:00","dateModified":"2026-04-28T15:54:50+00:00","author":{"@id":"https:\/\/www.altominho.tv\/site\/#\/schema\/person\/63f693da3e1899361cbe955c46f3232e"},"breadcrumb":{"@id":"https:\/\/www.altominho.tv\/site\/2026\/04\/28\/viana-do-castelo-com-duvidas-sobre-compatibilizacao-de-trotinetes-com-espaco-partilhado\/#breadcrumb"},"inLanguage":"pt-PT","potentialAction":[{"@type":"ReadAction","target":["https:\/\/www.altominho.tv\/site\/2026\/04\/28\/viana-do-castelo-com-duvidas-sobre-compatibilizacao-de-trotinetes-com-espaco-partilhado\/"]}]},{"@type":"ImageObject","inLanguage":"pt-PT","@id":"https:\/\/www.altominho.tv\/site\/2026\/04\/28\/viana-do-castelo-com-duvidas-sobre-compatibilizacao-de-trotinetes-com-espaco-partilhado\/#primaryimage","url":"https:\/\/www.altominho.tv\/site\/wp-content\/uploads\/2026\/04\/BASE-FB-logo-Branco-1200-x-630-px-12.png","contentUrl":"https:\/\/www.altominho.tv\/site\/wp-content\/uploads\/2026\/04\/BASE-FB-logo-Branco-1200-x-630-px-12.png","width":1200,"height":630},{"@type":"BreadcrumbList","@id":"https:\/\/www.altominho.tv\/site\/2026\/04\/28\/viana-do-castelo-com-duvidas-sobre-compatibilizacao-de-trotinetes-com-espaco-partilhado\/#breadcrumb","itemListElement":[{"@type":"ListItem","position":1,"name":"In\u00edcio","item":"https:\/\/www.altominho.tv\/site\/"},{"@type":"ListItem","position":2,"name":"Viana do Castelo com \u201cd\u00favidas\u201d sobre compatibiliza\u00e7\u00e3o de trotinetes com espa\u00e7o partilhado"}]},{"@type":"WebSite","@id":"https:\/\/www.altominho.tv\/site\/#website","url":"https:\/\/www.altominho.tv\/site\/","name":"Altominho.tv","description":"A sua regi\u00e3o \u00e0 dist\u00e2ncia de um clique...","potentialAction":[{"@type":"SearchAction","target":{"@type":"EntryPoint","urlTemplate":"https:\/\/www.altominho.tv\/site\/?s={search_term_string}"},"query-input":{"@type":"PropertyValueSpecification","valueRequired":true,"valueName":"search_term_string"}}],"inLanguage":"pt-PT"},{"@type":"Person","@id":"https:\/\/www.altominho.tv\/site\/#\/schema\/person\/63f693da3e1899361cbe955c46f3232e","name":"Lusa","image":{"@type":"ImageObject","inLanguage":"pt-PT","@id":"https:\/\/www.altominho.tv\/site\/wp-content\/uploads\/2019\/08\/LUSA_Logo.gif","url":"https:\/\/www.altominho.tv\/site\/wp-content\/uploads\/2019\/08\/LUSA_Logo.gif","contentUrl":"https:\/\/www.altominho.tv\/site\/wp-content\/uploads\/2019\/08\/LUSA_Logo.gif","caption":"Lusa"},"sameAs":["http:\/\/\/\/www.altominho.tv\/site"],"url":"https:\/\/www.altominho.tv\/site\/author\/lusa\/"}]}},"_links":{"self":[{"href":"https:\/\/www.altominho.tv\/site\/wp-json\/wp\/v2\/posts\/131757","targetHints":{"allow":["GET"]}}],"collection":[{"href":"https:\/\/www.altominho.tv\/site\/wp-json\/wp\/v2\/posts"}],"about":[{"href":"https:\/\/www.altominho.tv\/site\/wp-json\/wp\/v2\/types\/post"}],"author":[{"embeddable":true,"href":"https:\/\/www.altominho.tv\/site\/wp-json\/wp\/v2\/users\/13"}],"replies":[{"embeddable":true,"href":"https:\/\/www.altominho.tv\/site\/wp-json\/wp\/v2\/comments?post=131757"}],"version-history":[{"count":1,"href":"https:\/\/www.altominho.tv\/site\/wp-json\/wp\/v2\/posts\/131757\/revisions"}],"predecessor-version":[{"id":131759,"href":"https:\/\/www.altominho.tv\/site\/wp-json\/wp\/v2\/posts\/131757\/revisions\/131759"}],"wp:featuredmedia":[{"embeddable":true,"href":"https:\/\/www.altominho.tv\/site\/wp-json\/wp\/v2\/media\/131758"}],"wp:attachment":[{"href":"https:\/\/www.altominho.tv\/site\/wp-json\/wp\/v2\/media?parent=131757"}],"wp:term":[{"taxonomy":"category","embeddable":true,"href":"https:\/\/www.altominho.tv\/site\/wp-json\/wp\/v2\/categories?post=131757"},{"taxonomy":"post_tag","embeddable":true,"href":"https:\/\/www.altominho.tv\/site\/wp-json\/wp\/v2\/tags?post=131757"}],"curies":[{"name":"wp","href":"https:\/\/api.w.org\/{rel}","templated":true}]}}