{"id":131741,"date":"2026-04-28T13:03:30","date_gmt":"2026-04-28T12:03:30","guid":{"rendered":"https:\/\/www.altominho.tv\/site\/?p=131741"},"modified":"2026-04-28T13:04:23","modified_gmt":"2026-04-28T12:04:23","slug":"viana-investe-em-eficiencia-em-piscinas-e-pavilhoes","status":"publish","type":"post","link":"https:\/\/www.altominho.tv\/site\/2026\/04\/28\/viana-investe-em-eficiencia-em-piscinas-e-pavilhoes\/","title":{"rendered":"Viana do Castelo investe 1,87 ME em efici\u00eancia energ\u00e9tica em piscinas e pavilh\u00f5es"},"content":{"rendered":"<p>A C\u00e2mara de Viana do Castelo adjudicou hoje, por 1,87 milh\u00f5es de euros, as empreitadas de beneficia\u00e7\u00e3o e promo\u00e7\u00e3o da efici\u00eancia energ\u00e9tica em tr\u00eas piscinas e tr\u00eas pavilh\u00f5es municipais.<\/p>\n<p>A decis\u00e3o foi tomada na reuni\u00e3o ordin\u00e1ria do executivo municipal, com a absten\u00e7\u00e3o do Chega.<\/p>\n<p>As obras na piscina municipal do Atl\u00e2ntico foram adjudicadas por 367.880 euros. Em Barroselas, a empreitada ronda os 560.071 euros. A empreitada na piscina Frederico Pinheiro ter\u00e1 um custo de 539.779 euros.<\/p>\n<p>Estas tr\u00eas interven\u00e7\u00f5es t\u00eam prazo de execu\u00e7\u00e3o de 180 dias.<\/p>\n<p>Nos pavilh\u00f5es municipais David Freitas, Santa Maria Maior e Nicolau Ver\u00edssimo v\u00e3o ser investidos 400.002 euros, com um prazo de execu\u00e7\u00e3o de 270 dias (cerca de nove meses).<\/p>\n<p>Tamb\u00e9m na reuni\u00e3o de hoje, a c\u00e2mara aprovou, por unanimidade, isentar de taxas uma empresa t\u00eaxtil que vai aplicar 350 mil euros em novas tecnologias e energias renov\u00e1veis para reduzir custos de produ\u00e7\u00e3o e competir com o mercado asi\u00e1tico.<\/p>\n<p>A f\u00e1brica t\u00eaxtil emprega, atualmente, 26 funcion\u00e1rios e tenciona \u201cimplementar novos m\u00e9todos de trabalho, para criar mais cerca de 10 novos postos de trabalho\u201d.<\/p>\n<p>\u201cEstando o mercado t\u00eaxtil muito exposto ao asi\u00e1tico, com m\u00e3o de obra baixa e condi\u00e7\u00f5es de trabalho prec\u00e1rias, as empresas portuguesas n\u00e3o t\u00eam qualquer possibilidade de competir. O mercado em que insere a esta empresa, caracteriza-se por uma procura de um servi\u00e7o de confe\u00e7\u00e3o de vestu\u00e1rio mais especializado, com pe\u00e7as de vestu\u00e1rio mais elaboradas, para tal \u00e9 preciso criar condi\u00e7\u00f5es para implementar novos m\u00e9todos, melhorar condi\u00e7\u00f5es para forma\u00e7\u00e3o dos trabalhadores, para podermos ter pre\u00e7os que comportem os custos\u201d.<\/p>\n<p>A empresa vai recorrer aos \u201cprocessos tecnol\u00f3gicos inovadores que estejam dispon\u00edveis ou com acolabora\u00e7\u00e3o com entidades do sistema cient\u00edfico ou tecnol\u00f3gico\u201d.<\/p>\n","protected":false},"excerpt":{"rendered":"<p>A C\u00e2mara de Viana do Castelo adjudicou hoje, por 1,87 milh\u00f5es de euros, as empreitadas de beneficia\u00e7\u00e3o e promo\u00e7\u00e3o da efici\u00eancia energ\u00e9tica em tr\u00eas piscinas e tr\u00eas pavilh\u00f5es municipais. A decis\u00e3o foi tomada na reuni\u00e3o ordin\u00e1ria do executivo municipal, com a absten\u00e7\u00e3o do Chega. As obras na piscina municipal do Atl\u00e2ntico foram adjudicadas por 367.880 [&hellip;]<\/p>\n","protected":false},"author":13,"featured_media":123215,"comment_status":"closed","ping_status":"closed","sticky":false,"template":"","format":"standard","meta":{"_exactmetrics_skip_tracking":false,"_exactmetrics_sitenote_active":false,"_exactmetrics_sitenote_note":"","_exactmetrics_sitenote_category":0,"footnotes":""},"categories":[14],"tags":[27],"class_list":["post-131741","post","type-post","status-publish","format-standard","has-post-thumbnail","hentry","category-viana-do-castelo","tag-sociedade"],"yoast_head":"<!-- This site is optimized with the Yoast SEO Premium plugin v27.4 (Yoast SEO v27.4) - https:\/\/yoast.com\/product\/yoast-seo-premium-wordpress\/ -->\n<title>Viana do Castelo investe 1,87 ME em efici\u00eancia energ\u00e9tica em piscinas e pavilh\u00f5es<\/title>\n<meta name=\"description\" content=\"A decis\u00e3o foi tomada na reuni\u00e3o ordin\u00e1ria do executivo municipal, com a absten\u00e7\u00e3o do Chega.\" \/>\n<meta name=\"robots\" content=\"index, follow, max-snippet:-1, max-image-preview:large, max-video-preview:-1\" \/>\n<link rel=\"canonical\" href=\"https:\/\/www.altominho.tv\/site\/2026\/04\/28\/viana-investe-em-eficiencia-em-piscinas-e-pavilhoes\/\" \/>\n<meta property=\"og:locale\" content=\"pt_PT\" \/>\n<meta property=\"og:type\" content=\"article\" \/>\n<meta property=\"og:title\" content=\"Viana do Castelo investe 1,87 ME em efici\u00eancia energ\u00e9tica em piscinas e pavilh\u00f5es\" \/>\n<meta property=\"og:description\" content=\"A decis\u00e3o foi tomada na reuni\u00e3o ordin\u00e1ria do executivo municipal, com a absten\u00e7\u00e3o do Chega.\" \/>\n<meta property=\"og:url\" content=\"https:\/\/www.altominho.tv\/site\/2026\/04\/28\/viana-investe-em-eficiencia-em-piscinas-e-pavilhoes\/\" \/>\n<meta property=\"og:site_name\" content=\"Altominho.tv\" \/>\n<meta property=\"article:publisher\" content=\"https:\/\/www.facebook.com\/altominhotv\" \/>\n<meta property=\"article:published_time\" content=\"2026-04-28T12:03:30+00:00\" \/>\n<meta property=\"article:modified_time\" content=\"2026-04-28T12:04:23+00:00\" \/>\n<meta property=\"og:image\" content=\"https:\/\/www.altominho.tv\/site\/wp-content\/uploads\/2025\/09\/cm-viana.png\" \/>\n\t<meta property=\"og:image:width\" content=\"1200\" \/>\n\t<meta property=\"og:image:height\" content=\"630\" \/>\n\t<meta property=\"og:image:type\" content=\"image\/png\" \/>\n<meta name=\"author\" content=\"Lusa\" \/>\n<meta name=\"twitter:card\" content=\"summary_large_image\" \/>\n<meta name=\"twitter:creator\" content=\"@altominhoTV\" \/>\n<meta name=\"twitter:site\" content=\"@altominhoTV\" \/>\n<meta name=\"twitter:label1\" content=\"Escrito por\" \/>\n\t<meta name=\"twitter:data1\" content=\"Lusa\" \/>\n\t<meta name=\"twitter:label2\" content=\"Tempo estimado de leitura\" \/>\n\t<meta name=\"twitter:data2\" content=\"2 minutos\" \/>\n<script type=\"application\/ld+json\" class=\"yoast-schema-graph\">{\"@context\":\"https:\\\/\\\/schema.org\",\"@graph\":[{\"@type\":\"Article\",\"@id\":\"https:\\\/\\\/www.altominho.tv\\\/site\\\/2026\\\/04\\\/28\\\/viana-investe-em-eficiencia-em-piscinas-e-pavilhoes\\\/#article\",\"isPartOf\":{\"@id\":\"https:\\\/\\\/www.altominho.tv\\\/site\\\/2026\\\/04\\\/28\\\/viana-investe-em-eficiencia-em-piscinas-e-pavilhoes\\\/\"},\"author\":{\"name\":\"Lusa\",\"@id\":\"https:\\\/\\\/www.altominho.tv\\\/site\\\/#\\\/schema\\\/person\\\/63f693da3e1899361cbe955c46f3232e\"},\"headline\":\"Viana do Castelo investe 1,87 ME em efici\u00eancia energ\u00e9tica em piscinas e pavilh\u00f5es\",\"datePublished\":\"2026-04-28T12:03:30+00:00\",\"dateModified\":\"2026-04-28T12:04:23+00:00\",\"mainEntityOfPage\":{\"@id\":\"https:\\\/\\\/www.altominho.tv\\\/site\\\/2026\\\/04\\\/28\\\/viana-investe-em-eficiencia-em-piscinas-e-pavilhoes\\\/\"},\"wordCount\":335,\"image\":{\"@id\":\"https:\\\/\\\/www.altominho.tv\\\/site\\\/2026\\\/04\\\/28\\\/viana-investe-em-eficiencia-em-piscinas-e-pavilhoes\\\/#primaryimage\"},\"thumbnailUrl\":\"https:\\\/\\\/www.altominho.tv\\\/site\\\/wp-content\\\/uploads\\\/2025\\\/09\\\/cm-viana.png\",\"keywords\":[\"Sociedade\"],\"articleSection\":[\"Viana do Castelo\"],\"inLanguage\":\"pt-PT\",\"copyrightYear\":\"2026\",\"copyrightHolder\":{\"@id\":\"https:\\\/\\\/www.altominho.tv\\\/site\\\/#organization\"}},{\"@type\":\"WebPage\",\"@id\":\"https:\\\/\\\/www.altominho.tv\\\/site\\\/2026\\\/04\\\/28\\\/viana-investe-em-eficiencia-em-piscinas-e-pavilhoes\\\/\",\"url\":\"https:\\\/\\\/www.altominho.tv\\\/site\\\/2026\\\/04\\\/28\\\/viana-investe-em-eficiencia-em-piscinas-e-pavilhoes\\\/\",\"name\":\"Viana do Castelo investe 1,87 ME em efici\u00eancia energ\u00e9tica em piscinas e pavilh\u00f5es\",\"isPartOf\":{\"@id\":\"https:\\\/\\\/www.altominho.tv\\\/site\\\/#website\"},\"primaryImageOfPage\":{\"@id\":\"https:\\\/\\\/www.altominho.tv\\\/site\\\/2026\\\/04\\\/28\\\/viana-investe-em-eficiencia-em-piscinas-e-pavilhoes\\\/#primaryimage\"},\"image\":{\"@id\":\"https:\\\/\\\/www.altominho.tv\\\/site\\\/2026\\\/04\\\/28\\\/viana-investe-em-eficiencia-em-piscinas-e-pavilhoes\\\/#primaryimage\"},\"thumbnailUrl\":\"https:\\\/\\\/www.altominho.tv\\\/site\\\/wp-content\\\/uploads\\\/2025\\\/09\\\/cm-viana.png\",\"datePublished\":\"2026-04-28T12:03:30+00:00\",\"dateModified\":\"2026-04-28T12:04:23+00:00\",\"author\":{\"@id\":\"https:\\\/\\\/www.altominho.tv\\\/site\\\/#\\\/schema\\\/person\\\/63f693da3e1899361cbe955c46f3232e\"},\"description\":\"A decis\u00e3o foi tomada na reuni\u00e3o ordin\u00e1ria do executivo municipal, com a absten\u00e7\u00e3o do Chega.\",\"breadcrumb\":{\"@id\":\"https:\\\/\\\/www.altominho.tv\\\/site\\\/2026\\\/04\\\/28\\\/viana-investe-em-eficiencia-em-piscinas-e-pavilhoes\\\/#breadcrumb\"},\"inLanguage\":\"pt-PT\",\"potentialAction\":[{\"@type\":\"ReadAction\",\"target\":[\"https:\\\/\\\/www.altominho.tv\\\/site\\\/2026\\\/04\\\/28\\\/viana-investe-em-eficiencia-em-piscinas-e-pavilhoes\\\/\"]}]},{\"@type\":\"ImageObject\",\"inLanguage\":\"pt-PT\",\"@id\":\"https:\\\/\\\/www.altominho.tv\\\/site\\\/2026\\\/04\\\/28\\\/viana-investe-em-eficiencia-em-piscinas-e-pavilhoes\\\/#primaryimage\",\"url\":\"https:\\\/\\\/www.altominho.tv\\\/site\\\/wp-content\\\/uploads\\\/2025\\\/09\\\/cm-viana.png\",\"contentUrl\":\"https:\\\/\\\/www.altominho.tv\\\/site\\\/wp-content\\\/uploads\\\/2025\\\/09\\\/cm-viana.png\",\"width\":1200,\"height\":630},{\"@type\":\"BreadcrumbList\",\"@id\":\"https:\\\/\\\/www.altominho.tv\\\/site\\\/2026\\\/04\\\/28\\\/viana-investe-em-eficiencia-em-piscinas-e-pavilhoes\\\/#breadcrumb\",\"itemListElement\":[{\"@type\":\"ListItem\",\"position\":1,\"name\":\"In\u00edcio\",\"item\":\"https:\\\/\\\/www.altominho.tv\\\/site\\\/\"},{\"@type\":\"ListItem\",\"position\":2,\"name\":\"Viana do Castelo investe 1,87 ME em efici\u00eancia energ\u00e9tica em piscinas e pavilh\u00f5es\"}]},{\"@type\":\"WebSite\",\"@id\":\"https:\\\/\\\/www.altominho.tv\\\/site\\\/#website\",\"url\":\"https:\\\/\\\/www.altominho.tv\\\/site\\\/\",\"name\":\"Altominho.tv\",\"description\":\"A sua regi\u00e3o \u00e0 dist\u00e2ncia de um clique...\",\"potentialAction\":[{\"@type\":\"SearchAction\",\"target\":{\"@type\":\"EntryPoint\",\"urlTemplate\":\"https:\\\/\\\/www.altominho.tv\\\/site\\\/?s={search_term_string}\"},\"query-input\":{\"@type\":\"PropertyValueSpecification\",\"valueRequired\":true,\"valueName\":\"search_term_string\"}}],\"inLanguage\":\"pt-PT\"},{\"@type\":\"Person\",\"@id\":\"https:\\\/\\\/www.altominho.tv\\\/site\\\/#\\\/schema\\\/person\\\/63f693da3e1899361cbe955c46f3232e\",\"name\":\"Lusa\",\"image\":{\"@type\":\"ImageObject\",\"inLanguage\":\"pt-PT\",\"@id\":\"https:\\\/\\\/www.altominho.tv\\\/site\\\/wp-content\\\/uploads\\\/2019\\\/08\\\/LUSA_Logo.gif\",\"url\":\"https:\\\/\\\/www.altominho.tv\\\/site\\\/wp-content\\\/uploads\\\/2019\\\/08\\\/LUSA_Logo.gif\",\"contentUrl\":\"https:\\\/\\\/www.altominho.tv\\\/site\\\/wp-content\\\/uploads\\\/2019\\\/08\\\/LUSA_Logo.gif\",\"caption\":\"Lusa\"},\"sameAs\":[\"http:\\\/\\\/\\\/\\\/www.altominho.tv\\\/site\"],\"url\":\"https:\\\/\\\/www.altominho.tv\\\/site\\\/author\\\/lusa\\\/\"}]}<\/script>\n<!-- \/ Yoast SEO Premium plugin. -->","yoast_head_json":{"title":"Viana do Castelo investe 1,87 ME em efici\u00eancia energ\u00e9tica em piscinas e pavilh\u00f5es","description":"A decis\u00e3o foi tomada na reuni\u00e3o ordin\u00e1ria do executivo municipal, com a absten\u00e7\u00e3o do Chega.","robots":{"index":"index","follow":"follow","max-snippet":"max-snippet:-1","max-image-preview":"max-image-preview:large","max-video-preview":"max-video-preview:-1"},"canonical":"https:\/\/www.altominho.tv\/site\/2026\/04\/28\/viana-investe-em-eficiencia-em-piscinas-e-pavilhoes\/","og_locale":"pt_PT","og_type":"article","og_title":"Viana do Castelo investe 1,87 ME em efici\u00eancia energ\u00e9tica em piscinas e pavilh\u00f5es","og_description":"A decis\u00e3o foi tomada na reuni\u00e3o ordin\u00e1ria do executivo municipal, com a absten\u00e7\u00e3o do Chega.","og_url":"https:\/\/www.altominho.tv\/site\/2026\/04\/28\/viana-investe-em-eficiencia-em-piscinas-e-pavilhoes\/","og_site_name":"Altominho.tv","article_publisher":"https:\/\/www.facebook.com\/altominhotv","article_published_time":"2026-04-28T12:03:30+00:00","article_modified_time":"2026-04-28T12:04:23+00:00","og_image":[{"width":1200,"height":630,"url":"https:\/\/www.altominho.tv\/site\/wp-content\/uploads\/2025\/09\/cm-viana.png","type":"image\/png"}],"author":"Lusa","twitter_card":"summary_large_image","twitter_creator":"@altominhoTV","twitter_site":"@altominhoTV","twitter_misc":{"Escrito por":"Lusa","Tempo estimado de leitura":"2 minutos"},"schema":{"@context":"https:\/\/schema.org","@graph":[{"@type":"Article","@id":"https:\/\/www.altominho.tv\/site\/2026\/04\/28\/viana-investe-em-eficiencia-em-piscinas-e-pavilhoes\/#article","isPartOf":{"@id":"https:\/\/www.altominho.tv\/site\/2026\/04\/28\/viana-investe-em-eficiencia-em-piscinas-e-pavilhoes\/"},"author":{"name":"Lusa","@id":"https:\/\/www.altominho.tv\/site\/#\/schema\/person\/63f693da3e1899361cbe955c46f3232e"},"headline":"Viana do Castelo investe 1,87 ME em efici\u00eancia energ\u00e9tica em piscinas e pavilh\u00f5es","datePublished":"2026-04-28T12:03:30+00:00","dateModified":"2026-04-28T12:04:23+00:00","mainEntityOfPage":{"@id":"https:\/\/www.altominho.tv\/site\/2026\/04\/28\/viana-investe-em-eficiencia-em-piscinas-e-pavilhoes\/"},"wordCount":335,"image":{"@id":"https:\/\/www.altominho.tv\/site\/2026\/04\/28\/viana-investe-em-eficiencia-em-piscinas-e-pavilhoes\/#primaryimage"},"thumbnailUrl":"https:\/\/www.altominho.tv\/site\/wp-content\/uploads\/2025\/09\/cm-viana.png","keywords":["Sociedade"],"articleSection":["Viana do Castelo"],"inLanguage":"pt-PT","copyrightYear":"2026","copyrightHolder":{"@id":"https:\/\/www.altominho.tv\/site\/#organization"}},{"@type":"WebPage","@id":"https:\/\/www.altominho.tv\/site\/2026\/04\/28\/viana-investe-em-eficiencia-em-piscinas-e-pavilhoes\/","url":"https:\/\/www.altominho.tv\/site\/2026\/04\/28\/viana-investe-em-eficiencia-em-piscinas-e-pavilhoes\/","name":"Viana do Castelo investe 1,87 ME em efici\u00eancia energ\u00e9tica em piscinas e pavilh\u00f5es","isPartOf":{"@id":"https:\/\/www.altominho.tv\/site\/#website"},"primaryImageOfPage":{"@id":"https:\/\/www.altominho.tv\/site\/2026\/04\/28\/viana-investe-em-eficiencia-em-piscinas-e-pavilhoes\/#primaryimage"},"image":{"@id":"https:\/\/www.altominho.tv\/site\/2026\/04\/28\/viana-investe-em-eficiencia-em-piscinas-e-pavilhoes\/#primaryimage"},"thumbnailUrl":"https:\/\/www.altominho.tv\/site\/wp-content\/uploads\/2025\/09\/cm-viana.png","datePublished":"2026-04-28T12:03:30+00:00","dateModified":"2026-04-28T12:04:23+00:00","author":{"@id":"https:\/\/www.altominho.tv\/site\/#\/schema\/person\/63f693da3e1899361cbe955c46f3232e"},"description":"A decis\u00e3o foi tomada na reuni\u00e3o ordin\u00e1ria do executivo municipal, com a absten\u00e7\u00e3o do Chega.","breadcrumb":{"@id":"https:\/\/www.altominho.tv\/site\/2026\/04\/28\/viana-investe-em-eficiencia-em-piscinas-e-pavilhoes\/#breadcrumb"},"inLanguage":"pt-PT","potentialAction":[{"@type":"ReadAction","target":["https:\/\/www.altominho.tv\/site\/2026\/04\/28\/viana-investe-em-eficiencia-em-piscinas-e-pavilhoes\/"]}]},{"@type":"ImageObject","inLanguage":"pt-PT","@id":"https:\/\/www.altominho.tv\/site\/2026\/04\/28\/viana-investe-em-eficiencia-em-piscinas-e-pavilhoes\/#primaryimage","url":"https:\/\/www.altominho.tv\/site\/wp-content\/uploads\/2025\/09\/cm-viana.png","contentUrl":"https:\/\/www.altominho.tv\/site\/wp-content\/uploads\/2025\/09\/cm-viana.png","width":1200,"height":630},{"@type":"BreadcrumbList","@id":"https:\/\/www.altominho.tv\/site\/2026\/04\/28\/viana-investe-em-eficiencia-em-piscinas-e-pavilhoes\/#breadcrumb","itemListElement":[{"@type":"ListItem","position":1,"name":"In\u00edcio","item":"https:\/\/www.altominho.tv\/site\/"},{"@type":"ListItem","position":2,"name":"Viana do Castelo investe 1,87 ME em efici\u00eancia energ\u00e9tica em piscinas e pavilh\u00f5es"}]},{"@type":"WebSite","@id":"https:\/\/www.altominho.tv\/site\/#website","url":"https:\/\/www.altominho.tv\/site\/","name":"Altominho.tv","description":"A sua regi\u00e3o \u00e0 dist\u00e2ncia de um clique...","potentialAction":[{"@type":"SearchAction","target":{"@type":"EntryPoint","urlTemplate":"https:\/\/www.altominho.tv\/site\/?s={search_term_string}"},"query-input":{"@type":"PropertyValueSpecification","valueRequired":true,"valueName":"search_term_string"}}],"inLanguage":"pt-PT"},{"@type":"Person","@id":"https:\/\/www.altominho.tv\/site\/#\/schema\/person\/63f693da3e1899361cbe955c46f3232e","name":"Lusa","image":{"@type":"ImageObject","inLanguage":"pt-PT","@id":"https:\/\/www.altominho.tv\/site\/wp-content\/uploads\/2019\/08\/LUSA_Logo.gif","url":"https:\/\/www.altominho.tv\/site\/wp-content\/uploads\/2019\/08\/LUSA_Logo.gif","contentUrl":"https:\/\/www.altominho.tv\/site\/wp-content\/uploads\/2019\/08\/LUSA_Logo.gif","caption":"Lusa"},"sameAs":["http:\/\/\/\/www.altominho.tv\/site"],"url":"https:\/\/www.altominho.tv\/site\/author\/lusa\/"}]}},"_links":{"self":[{"href":"https:\/\/www.altominho.tv\/site\/wp-json\/wp\/v2\/posts\/131741","targetHints":{"allow":["GET"]}}],"collection":[{"href":"https:\/\/www.altominho.tv\/site\/wp-json\/wp\/v2\/posts"}],"about":[{"href":"https:\/\/www.altominho.tv\/site\/wp-json\/wp\/v2\/types\/post"}],"author":[{"embeddable":true,"href":"https:\/\/www.altominho.tv\/site\/wp-json\/wp\/v2\/users\/13"}],"replies":[{"embeddable":true,"href":"https:\/\/www.altominho.tv\/site\/wp-json\/wp\/v2\/comments?post=131741"}],"version-history":[{"count":1,"href":"https:\/\/www.altominho.tv\/site\/wp-json\/wp\/v2\/posts\/131741\/revisions"}],"predecessor-version":[{"id":131742,"href":"https:\/\/www.altominho.tv\/site\/wp-json\/wp\/v2\/posts\/131741\/revisions\/131742"}],"wp:featuredmedia":[{"embeddable":true,"href":"https:\/\/www.altominho.tv\/site\/wp-json\/wp\/v2\/media\/123215"}],"wp:attachment":[{"href":"https:\/\/www.altominho.tv\/site\/wp-json\/wp\/v2\/media?parent=131741"}],"wp:term":[{"taxonomy":"category","embeddable":true,"href":"https:\/\/www.altominho.tv\/site\/wp-json\/wp\/v2\/categories?post=131741"},{"taxonomy":"post_tag","embeddable":true,"href":"https:\/\/www.altominho.tv\/site\/wp-json\/wp\/v2\/tags?post=131741"}],"curies":[{"name":"wp","href":"https:\/\/api.w.org\/{rel}","templated":true}]}}