{"id":131738,"date":"2026-04-28T12:02:18","date_gmt":"2026-04-28T11:02:18","guid":{"rendered":"https:\/\/www.altominho.tv\/site\/?p=131738"},"modified":"2026-04-28T12:02:21","modified_gmt":"2026-04-28T11:02:21","slug":"abastecimento-de-agua-do-alto-minho-com-investimento-de-700-mil-euros","status":"publish","type":"post","link":"https:\/\/www.altominho.tv\/site\/2026\/04\/28\/abastecimento-de-agua-do-alto-minho-com-investimento-de-700-mil-euros\/","title":{"rendered":"Abastecimento de \u00e1gua do Alto Minho com investimento de 700 mil euros"},"content":{"rendered":"<p>A \u00c1guas do Alto Minho adjudicou obras de remodela\u00e7\u00e3o de redes de abastecimento de \u00e1gua em seis munic\u00edpios do distrito de Viana do Castelo, num investimento global de cerca de 700 mil euros, foi hoje divulgado.<\/p>\n<p>O objetivo das interven\u00e7\u00f5es nos concelhos de Arcos de Valdevez, Viana do Castelo, Caminha, Paredes de Coura, Valen\u00e7a e Vila Nova de Cerveira \u00e9 \u201crefor\u00e7ar a efici\u00eancia, fiabilidade e qualidade do servi\u00e7o\u201d, explica a \u00c1guas do Minho em comunicado.<\/p>\n<p>No total, est\u00e1 prevista a remodela\u00e7\u00e3o de 5,8 quil\u00f3metros de rede de abastecimento de \u00e1gua, \u201catrav\u00e9s da substitui\u00e7\u00e3o de condutas existentes por novas tubagens em PEAD (polietileno de alta densidade), um material que assegura maior durabilidade, resist\u00eancia e seguran\u00e7a no transporte da \u00e1gua\u201d.<\/p>\n<p>As obras t\u00eam um prazo de execu\u00e7\u00e3o de 150 dias (cerca de cinco meses)<br \/>\nNos munic\u00edpios de Arcos de Valdevez e Viana do Castelo est\u00e1 prevista a remodela\u00e7\u00e3o de 3,4 quil\u00f3metros de rede.<\/p>\n<p>Nos de Caminha, Paredes de Coura, Valen\u00e7a e Vila Nova de Cerveira ser\u00e3o intervencionados 2,4 quil\u00f3metros do sistema de abastecimento.<\/p>\n<p>\u201cEste investimento insere-se na estrat\u00e9gia da \u00c1guas do Alto Minho de moderniza\u00e7\u00e3o e reabilita\u00e7\u00e3o das infraestruturas, contribuindo para a redu\u00e7\u00e3o de perdas de \u00e1gua, a melhoria da efici\u00eancia operacional e a promo\u00e7\u00e3o de um servi\u00e7o de abastecimento mais sustent\u00e1vel e resiliente em todo o territ\u00f3rio abrangido\u201d, justifica a empresa.<\/p>\n","protected":false},"excerpt":{"rendered":"<p>A \u00c1guas do Alto Minho adjudicou obras de remodela\u00e7\u00e3o de redes de abastecimento de \u00e1gua em seis munic\u00edpios do distrito de Viana do Castelo, num investimento global de cerca de 700 mil euros, foi hoje divulgado. O objetivo das interven\u00e7\u00f5es nos concelhos de Arcos de Valdevez, Viana do Castelo, Caminha, Paredes de Coura, Valen\u00e7a e [&hellip;]<\/p>\n","protected":false},"author":13,"featured_media":125450,"comment_status":"closed","ping_status":"closed","sticky":false,"template":"","format":"standard","meta":{"_exactmetrics_skip_tracking":false,"_exactmetrics_sitenote_active":false,"_exactmetrics_sitenote_note":"","_exactmetrics_sitenote_category":0,"footnotes":""},"categories":[73],"tags":[27],"class_list":["post-131738","post","type-post","status-publish","format-standard","has-post-thumbnail","hentry","category-alto-minho","tag-sociedade"],"yoast_head":"<!-- This site is optimized with the Yoast SEO Premium plugin v27.4 (Yoast SEO v27.4) - https:\/\/yoast.com\/product\/yoast-seo-premium-wordpress\/ -->\n<title>Abastecimento de \u00e1gua do Alto Minho com investimento de 700 mil euros<\/title>\n<meta name=\"description\" content=\"A \u00c1guas do Alto Minho adjudicou obras de remodela\u00e7\u00e3o de redes de abastecimento de \u00e1gua em seis munic\u00edpios do distrito de Viana do Castelo, num investimento global de cerca de 700 mil euros, foi hoje divulgado.\" \/>\n<meta name=\"robots\" content=\"index, follow, max-snippet:-1, max-image-preview:large, max-video-preview:-1\" \/>\n<link rel=\"canonical\" href=\"https:\/\/www.altominho.tv\/site\/2026\/04\/28\/abastecimento-de-agua-do-alto-minho-com-investimento-de-700-mil-euros\/\" \/>\n<meta property=\"og:locale\" content=\"pt_PT\" \/>\n<meta property=\"og:type\" content=\"article\" \/>\n<meta property=\"og:title\" content=\"Abastecimento de \u00e1gua do Alto Minho com investimento de 700 mil euros\" \/>\n<meta property=\"og:description\" content=\"A \u00c1guas do Alto Minho adjudicou obras de remodela\u00e7\u00e3o de redes de abastecimento de \u00e1gua em seis munic\u00edpios do distrito de Viana do Castelo, num investimento global de cerca de 700 mil euros, foi hoje divulgado.\" \/>\n<meta property=\"og:url\" content=\"https:\/\/www.altominho.tv\/site\/2026\/04\/28\/abastecimento-de-agua-do-alto-minho-com-investimento-de-700-mil-euros\/\" \/>\n<meta property=\"og:site_name\" content=\"Altominho.tv\" \/>\n<meta property=\"article:publisher\" content=\"https:\/\/www.facebook.com\/altominhotv\" \/>\n<meta property=\"article:published_time\" content=\"2026-04-28T11:02:18+00:00\" \/>\n<meta property=\"article:modified_time\" content=\"2026-04-28T11:02:21+00:00\" \/>\n<meta property=\"og:image\" content=\"https:\/\/www.altominho.tv\/site\/wp-content\/uploads\/2025\/11\/Agua-1.png\" \/>\n\t<meta property=\"og:image:width\" content=\"1200\" \/>\n\t<meta property=\"og:image:height\" content=\"630\" \/>\n\t<meta property=\"og:image:type\" content=\"image\/png\" \/>\n<meta name=\"author\" content=\"Lusa\" \/>\n<meta name=\"twitter:card\" content=\"summary_large_image\" \/>\n<meta name=\"twitter:creator\" content=\"@altominhoTV\" \/>\n<meta name=\"twitter:site\" content=\"@altominhoTV\" \/>\n<meta name=\"twitter:label1\" content=\"Escrito por\" \/>\n\t<meta name=\"twitter:data1\" content=\"Lusa\" \/>\n\t<meta name=\"twitter:label2\" content=\"Tempo estimado de leitura\" \/>\n\t<meta name=\"twitter:data2\" content=\"2 minutos\" \/>\n<script type=\"application\/ld+json\" class=\"yoast-schema-graph\">{\"@context\":\"https:\\\/\\\/schema.org\",\"@graph\":[{\"@type\":\"Article\",\"@id\":\"https:\\\/\\\/www.altominho.tv\\\/site\\\/2026\\\/04\\\/28\\\/abastecimento-de-agua-do-alto-minho-com-investimento-de-700-mil-euros\\\/#article\",\"isPartOf\":{\"@id\":\"https:\\\/\\\/www.altominho.tv\\\/site\\\/2026\\\/04\\\/28\\\/abastecimento-de-agua-do-alto-minho-com-investimento-de-700-mil-euros\\\/\"},\"author\":{\"name\":\"Lusa\",\"@id\":\"https:\\\/\\\/www.altominho.tv\\\/site\\\/#\\\/schema\\\/person\\\/63f693da3e1899361cbe955c46f3232e\"},\"headline\":\"Abastecimento de \u00e1gua do Alto Minho com investimento de 700 mil euros\",\"datePublished\":\"2026-04-28T11:02:18+00:00\",\"dateModified\":\"2026-04-28T11:02:21+00:00\",\"mainEntityOfPage\":{\"@id\":\"https:\\\/\\\/www.altominho.tv\\\/site\\\/2026\\\/04\\\/28\\\/abastecimento-de-agua-do-alto-minho-com-investimento-de-700-mil-euros\\\/\"},\"wordCount\":255,\"image\":{\"@id\":\"https:\\\/\\\/www.altominho.tv\\\/site\\\/2026\\\/04\\\/28\\\/abastecimento-de-agua-do-alto-minho-com-investimento-de-700-mil-euros\\\/#primaryimage\"},\"thumbnailUrl\":\"https:\\\/\\\/www.altominho.tv\\\/site\\\/wp-content\\\/uploads\\\/2025\\\/11\\\/Agua-1.png\",\"keywords\":[\"Sociedade\"],\"articleSection\":[\"Alto Minho\"],\"inLanguage\":\"pt-PT\",\"copyrightYear\":\"2026\",\"copyrightHolder\":{\"@id\":\"https:\\\/\\\/www.altominho.tv\\\/site\\\/#organization\"}},{\"@type\":\"WebPage\",\"@id\":\"https:\\\/\\\/www.altominho.tv\\\/site\\\/2026\\\/04\\\/28\\\/abastecimento-de-agua-do-alto-minho-com-investimento-de-700-mil-euros\\\/\",\"url\":\"https:\\\/\\\/www.altominho.tv\\\/site\\\/2026\\\/04\\\/28\\\/abastecimento-de-agua-do-alto-minho-com-investimento-de-700-mil-euros\\\/\",\"name\":\"Abastecimento de \u00e1gua do Alto Minho com investimento de 700 mil euros\",\"isPartOf\":{\"@id\":\"https:\\\/\\\/www.altominho.tv\\\/site\\\/#website\"},\"primaryImageOfPage\":{\"@id\":\"https:\\\/\\\/www.altominho.tv\\\/site\\\/2026\\\/04\\\/28\\\/abastecimento-de-agua-do-alto-minho-com-investimento-de-700-mil-euros\\\/#primaryimage\"},\"image\":{\"@id\":\"https:\\\/\\\/www.altominho.tv\\\/site\\\/2026\\\/04\\\/28\\\/abastecimento-de-agua-do-alto-minho-com-investimento-de-700-mil-euros\\\/#primaryimage\"},\"thumbnailUrl\":\"https:\\\/\\\/www.altominho.tv\\\/site\\\/wp-content\\\/uploads\\\/2025\\\/11\\\/Agua-1.png\",\"datePublished\":\"2026-04-28T11:02:18+00:00\",\"dateModified\":\"2026-04-28T11:02:21+00:00\",\"author\":{\"@id\":\"https:\\\/\\\/www.altominho.tv\\\/site\\\/#\\\/schema\\\/person\\\/63f693da3e1899361cbe955c46f3232e\"},\"description\":\"A \u00c1guas do Alto Minho adjudicou obras de remodela\u00e7\u00e3o de redes de abastecimento de \u00e1gua em seis munic\u00edpios do distrito de Viana do Castelo, num investimento global de cerca de 700 mil euros, foi hoje divulgado.\",\"breadcrumb\":{\"@id\":\"https:\\\/\\\/www.altominho.tv\\\/site\\\/2026\\\/04\\\/28\\\/abastecimento-de-agua-do-alto-minho-com-investimento-de-700-mil-euros\\\/#breadcrumb\"},\"inLanguage\":\"pt-PT\",\"potentialAction\":[{\"@type\":\"ReadAction\",\"target\":[\"https:\\\/\\\/www.altominho.tv\\\/site\\\/2026\\\/04\\\/28\\\/abastecimento-de-agua-do-alto-minho-com-investimento-de-700-mil-euros\\\/\"]}]},{\"@type\":\"ImageObject\",\"inLanguage\":\"pt-PT\",\"@id\":\"https:\\\/\\\/www.altominho.tv\\\/site\\\/2026\\\/04\\\/28\\\/abastecimento-de-agua-do-alto-minho-com-investimento-de-700-mil-euros\\\/#primaryimage\",\"url\":\"https:\\\/\\\/www.altominho.tv\\\/site\\\/wp-content\\\/uploads\\\/2025\\\/11\\\/Agua-1.png\",\"contentUrl\":\"https:\\\/\\\/www.altominho.tv\\\/site\\\/wp-content\\\/uploads\\\/2025\\\/11\\\/Agua-1.png\",\"width\":1200,\"height\":630},{\"@type\":\"BreadcrumbList\",\"@id\":\"https:\\\/\\\/www.altominho.tv\\\/site\\\/2026\\\/04\\\/28\\\/abastecimento-de-agua-do-alto-minho-com-investimento-de-700-mil-euros\\\/#breadcrumb\",\"itemListElement\":[{\"@type\":\"ListItem\",\"position\":1,\"name\":\"In\u00edcio\",\"item\":\"https:\\\/\\\/www.altominho.tv\\\/site\\\/\"},{\"@type\":\"ListItem\",\"position\":2,\"name\":\"Abastecimento de \u00e1gua do Alto Minho com investimento de 700 mil euros\"}]},{\"@type\":\"WebSite\",\"@id\":\"https:\\\/\\\/www.altominho.tv\\\/site\\\/#website\",\"url\":\"https:\\\/\\\/www.altominho.tv\\\/site\\\/\",\"name\":\"Altominho.tv\",\"description\":\"A sua regi\u00e3o \u00e0 dist\u00e2ncia de um clique...\",\"potentialAction\":[{\"@type\":\"SearchAction\",\"target\":{\"@type\":\"EntryPoint\",\"urlTemplate\":\"https:\\\/\\\/www.altominho.tv\\\/site\\\/?s={search_term_string}\"},\"query-input\":{\"@type\":\"PropertyValueSpecification\",\"valueRequired\":true,\"valueName\":\"search_term_string\"}}],\"inLanguage\":\"pt-PT\"},{\"@type\":\"Person\",\"@id\":\"https:\\\/\\\/www.altominho.tv\\\/site\\\/#\\\/schema\\\/person\\\/63f693da3e1899361cbe955c46f3232e\",\"name\":\"Lusa\",\"image\":{\"@type\":\"ImageObject\",\"inLanguage\":\"pt-PT\",\"@id\":\"https:\\\/\\\/www.altominho.tv\\\/site\\\/wp-content\\\/uploads\\\/2019\\\/08\\\/LUSA_Logo.gif\",\"url\":\"https:\\\/\\\/www.altominho.tv\\\/site\\\/wp-content\\\/uploads\\\/2019\\\/08\\\/LUSA_Logo.gif\",\"contentUrl\":\"https:\\\/\\\/www.altominho.tv\\\/site\\\/wp-content\\\/uploads\\\/2019\\\/08\\\/LUSA_Logo.gif\",\"caption\":\"Lusa\"},\"sameAs\":[\"http:\\\/\\\/\\\/\\\/www.altominho.tv\\\/site\"],\"url\":\"https:\\\/\\\/www.altominho.tv\\\/site\\\/author\\\/lusa\\\/\"}]}<\/script>\n<!-- \/ Yoast SEO Premium plugin. -->","yoast_head_json":{"title":"Abastecimento de \u00e1gua do Alto Minho com investimento de 700 mil euros","description":"A \u00c1guas do Alto Minho adjudicou obras de remodela\u00e7\u00e3o de redes de abastecimento de \u00e1gua em seis munic\u00edpios do distrito de Viana do Castelo, num investimento global de cerca de 700 mil euros, foi hoje divulgado.","robots":{"index":"index","follow":"follow","max-snippet":"max-snippet:-1","max-image-preview":"max-image-preview:large","max-video-preview":"max-video-preview:-1"},"canonical":"https:\/\/www.altominho.tv\/site\/2026\/04\/28\/abastecimento-de-agua-do-alto-minho-com-investimento-de-700-mil-euros\/","og_locale":"pt_PT","og_type":"article","og_title":"Abastecimento de \u00e1gua do Alto Minho com investimento de 700 mil euros","og_description":"A \u00c1guas do Alto Minho adjudicou obras de remodela\u00e7\u00e3o de redes de abastecimento de \u00e1gua em seis munic\u00edpios do distrito de Viana do Castelo, num investimento global de cerca de 700 mil euros, foi hoje divulgado.","og_url":"https:\/\/www.altominho.tv\/site\/2026\/04\/28\/abastecimento-de-agua-do-alto-minho-com-investimento-de-700-mil-euros\/","og_site_name":"Altominho.tv","article_publisher":"https:\/\/www.facebook.com\/altominhotv","article_published_time":"2026-04-28T11:02:18+00:00","article_modified_time":"2026-04-28T11:02:21+00:00","og_image":[{"width":1200,"height":630,"url":"https:\/\/www.altominho.tv\/site\/wp-content\/uploads\/2025\/11\/Agua-1.png","type":"image\/png"}],"author":"Lusa","twitter_card":"summary_large_image","twitter_creator":"@altominhoTV","twitter_site":"@altominhoTV","twitter_misc":{"Escrito por":"Lusa","Tempo estimado de leitura":"2 minutos"},"schema":{"@context":"https:\/\/schema.org","@graph":[{"@type":"Article","@id":"https:\/\/www.altominho.tv\/site\/2026\/04\/28\/abastecimento-de-agua-do-alto-minho-com-investimento-de-700-mil-euros\/#article","isPartOf":{"@id":"https:\/\/www.altominho.tv\/site\/2026\/04\/28\/abastecimento-de-agua-do-alto-minho-com-investimento-de-700-mil-euros\/"},"author":{"name":"Lusa","@id":"https:\/\/www.altominho.tv\/site\/#\/schema\/person\/63f693da3e1899361cbe955c46f3232e"},"headline":"Abastecimento de \u00e1gua do Alto Minho com investimento de 700 mil euros","datePublished":"2026-04-28T11:02:18+00:00","dateModified":"2026-04-28T11:02:21+00:00","mainEntityOfPage":{"@id":"https:\/\/www.altominho.tv\/site\/2026\/04\/28\/abastecimento-de-agua-do-alto-minho-com-investimento-de-700-mil-euros\/"},"wordCount":255,"image":{"@id":"https:\/\/www.altominho.tv\/site\/2026\/04\/28\/abastecimento-de-agua-do-alto-minho-com-investimento-de-700-mil-euros\/#primaryimage"},"thumbnailUrl":"https:\/\/www.altominho.tv\/site\/wp-content\/uploads\/2025\/11\/Agua-1.png","keywords":["Sociedade"],"articleSection":["Alto Minho"],"inLanguage":"pt-PT","copyrightYear":"2026","copyrightHolder":{"@id":"https:\/\/www.altominho.tv\/site\/#organization"}},{"@type":"WebPage","@id":"https:\/\/www.altominho.tv\/site\/2026\/04\/28\/abastecimento-de-agua-do-alto-minho-com-investimento-de-700-mil-euros\/","url":"https:\/\/www.altominho.tv\/site\/2026\/04\/28\/abastecimento-de-agua-do-alto-minho-com-investimento-de-700-mil-euros\/","name":"Abastecimento de \u00e1gua do Alto Minho com investimento de 700 mil euros","isPartOf":{"@id":"https:\/\/www.altominho.tv\/site\/#website"},"primaryImageOfPage":{"@id":"https:\/\/www.altominho.tv\/site\/2026\/04\/28\/abastecimento-de-agua-do-alto-minho-com-investimento-de-700-mil-euros\/#primaryimage"},"image":{"@id":"https:\/\/www.altominho.tv\/site\/2026\/04\/28\/abastecimento-de-agua-do-alto-minho-com-investimento-de-700-mil-euros\/#primaryimage"},"thumbnailUrl":"https:\/\/www.altominho.tv\/site\/wp-content\/uploads\/2025\/11\/Agua-1.png","datePublished":"2026-04-28T11:02:18+00:00","dateModified":"2026-04-28T11:02:21+00:00","author":{"@id":"https:\/\/www.altominho.tv\/site\/#\/schema\/person\/63f693da3e1899361cbe955c46f3232e"},"description":"A \u00c1guas do Alto Minho adjudicou obras de remodela\u00e7\u00e3o de redes de abastecimento de \u00e1gua em seis munic\u00edpios do distrito de Viana do Castelo, num investimento global de cerca de 700 mil euros, foi hoje divulgado.","breadcrumb":{"@id":"https:\/\/www.altominho.tv\/site\/2026\/04\/28\/abastecimento-de-agua-do-alto-minho-com-investimento-de-700-mil-euros\/#breadcrumb"},"inLanguage":"pt-PT","potentialAction":[{"@type":"ReadAction","target":["https:\/\/www.altominho.tv\/site\/2026\/04\/28\/abastecimento-de-agua-do-alto-minho-com-investimento-de-700-mil-euros\/"]}]},{"@type":"ImageObject","inLanguage":"pt-PT","@id":"https:\/\/www.altominho.tv\/site\/2026\/04\/28\/abastecimento-de-agua-do-alto-minho-com-investimento-de-700-mil-euros\/#primaryimage","url":"https:\/\/www.altominho.tv\/site\/wp-content\/uploads\/2025\/11\/Agua-1.png","contentUrl":"https:\/\/www.altominho.tv\/site\/wp-content\/uploads\/2025\/11\/Agua-1.png","width":1200,"height":630},{"@type":"BreadcrumbList","@id":"https:\/\/www.altominho.tv\/site\/2026\/04\/28\/abastecimento-de-agua-do-alto-minho-com-investimento-de-700-mil-euros\/#breadcrumb","itemListElement":[{"@type":"ListItem","position":1,"name":"In\u00edcio","item":"https:\/\/www.altominho.tv\/site\/"},{"@type":"ListItem","position":2,"name":"Abastecimento de \u00e1gua do Alto Minho com investimento de 700 mil euros"}]},{"@type":"WebSite","@id":"https:\/\/www.altominho.tv\/site\/#website","url":"https:\/\/www.altominho.tv\/site\/","name":"Altominho.tv","description":"A sua regi\u00e3o \u00e0 dist\u00e2ncia de um clique...","potentialAction":[{"@type":"SearchAction","target":{"@type":"EntryPoint","urlTemplate":"https:\/\/www.altominho.tv\/site\/?s={search_term_string}"},"query-input":{"@type":"PropertyValueSpecification","valueRequired":true,"valueName":"search_term_string"}}],"inLanguage":"pt-PT"},{"@type":"Person","@id":"https:\/\/www.altominho.tv\/site\/#\/schema\/person\/63f693da3e1899361cbe955c46f3232e","name":"Lusa","image":{"@type":"ImageObject","inLanguage":"pt-PT","@id":"https:\/\/www.altominho.tv\/site\/wp-content\/uploads\/2019\/08\/LUSA_Logo.gif","url":"https:\/\/www.altominho.tv\/site\/wp-content\/uploads\/2019\/08\/LUSA_Logo.gif","contentUrl":"https:\/\/www.altominho.tv\/site\/wp-content\/uploads\/2019\/08\/LUSA_Logo.gif","caption":"Lusa"},"sameAs":["http:\/\/\/\/www.altominho.tv\/site"],"url":"https:\/\/www.altominho.tv\/site\/author\/lusa\/"}]}},"_links":{"self":[{"href":"https:\/\/www.altominho.tv\/site\/wp-json\/wp\/v2\/posts\/131738","targetHints":{"allow":["GET"]}}],"collection":[{"href":"https:\/\/www.altominho.tv\/site\/wp-json\/wp\/v2\/posts"}],"about":[{"href":"https:\/\/www.altominho.tv\/site\/wp-json\/wp\/v2\/types\/post"}],"author":[{"embeddable":true,"href":"https:\/\/www.altominho.tv\/site\/wp-json\/wp\/v2\/users\/13"}],"replies":[{"embeddable":true,"href":"https:\/\/www.altominho.tv\/site\/wp-json\/wp\/v2\/comments?post=131738"}],"version-history":[{"count":1,"href":"https:\/\/www.altominho.tv\/site\/wp-json\/wp\/v2\/posts\/131738\/revisions"}],"predecessor-version":[{"id":131740,"href":"https:\/\/www.altominho.tv\/site\/wp-json\/wp\/v2\/posts\/131738\/revisions\/131740"}],"wp:featuredmedia":[{"embeddable":true,"href":"https:\/\/www.altominho.tv\/site\/wp-json\/wp\/v2\/media\/125450"}],"wp:attachment":[{"href":"https:\/\/www.altominho.tv\/site\/wp-json\/wp\/v2\/media?parent=131738"}],"wp:term":[{"taxonomy":"category","embeddable":true,"href":"https:\/\/www.altominho.tv\/site\/wp-json\/wp\/v2\/categories?post=131738"},{"taxonomy":"post_tag","embeddable":true,"href":"https:\/\/www.altominho.tv\/site\/wp-json\/wp\/v2\/tags?post=131738"}],"curies":[{"name":"wp","href":"https:\/\/api.w.org\/{rel}","templated":true}]}}