{"id":131736,"date":"2026-04-28T12:01:37","date_gmt":"2026-04-28T11:01:37","guid":{"rendered":"https:\/\/www.altominho.tv\/site\/?p=131736"},"modified":"2026-04-28T12:01:39","modified_gmt":"2026-04-28T11:01:39","slug":"arcos-de-valdevez-incubo-aluminios","status":"publish","type":"post","link":"https:\/\/www.altominho.tv\/site\/2026\/04\/28\/arcos-de-valdevez-incubo-aluminios\/","title":{"rendered":"Incubo acolhe nova empresa de curvatura de perfis de alum\u00ednio"},"content":{"rendered":"\n<p>A Incubo, em Arcos de Valdevez, acolhe uma nova empresa de curvatura de perfis de alum\u00ednio.<\/p>\n\n\n\n<p>A Rodrigues Pereira &amp; Barros Pereira, com sede em Arcos de Valdevez, \u00e9 a mais<br>recente empresa a instalar-se na In Cubo, no \u00e2mbito da maquinagem de metais.<\/p>\n\n\n\n<p>Criada por dois arcuenses que escolheram investir no concelho, a empresa dedica-<br>se \u00e0 curvatura de perfis de alum\u00ednios.<\/p>\n\n\n\n<p>Arcos de Valdevez &#8220;continua a ser um Munic\u00edpio atrativo e bastante procurado<br>pelas ind\u00fastrias que pretendem impulsionar e aumentar a sua capacidade de<br>neg\u00f3cio&#8221;, deu hoje nota o Munic\u00edpio arcuense.<\/p>\n\n\n\n<p>Com quatro parques industriais e o quinto em constru\u00e7\u00e3o, &#8220;o territ\u00f3rio mant\u00e9m a<br>aposta na din\u00e2mica da economia, promovendo a cria\u00e7\u00e3o de emprego e a valoriza\u00e7\u00e3o do<br>concelho&#8221;.<\/p>\n\n\n\n<p>Fotografia: <strong>Munic\u00edpio de Arcos de Valdevez<\/strong><\/p>\n","protected":false},"excerpt":{"rendered":"<p>A Incubo, em Arcos de Valdevez, acolhe uma nova empresa de curvatura de perfis de alum\u00ednio. A Rodrigues Pereira &amp; Barros Pereira, com sede em Arcos de Valdevez, \u00e9 a maisrecente empresa a instalar-se na In Cubo, no \u00e2mbito da maquinagem de metais. Criada por dois arcuenses que escolheram investir no concelho, a empresa dedica-se [&hellip;]<\/p>\n","protected":false},"author":7,"featured_media":131737,"comment_status":"closed","ping_status":"closed","sticky":false,"template":"","format":"standard","meta":{"_exactmetrics_skip_tracking":false,"_exactmetrics_sitenote_active":false,"_exactmetrics_sitenote_note":"","_exactmetrics_sitenote_category":0,"footnotes":""},"categories":[2],"tags":[21],"class_list":["post-131736","post","type-post","status-publish","format-standard","has-post-thumbnail","hentry","category-arcos-de-valdevez","tag-economia"],"yoast_head":"<!-- This site is optimized with the Yoast SEO Premium plugin v27.4 (Yoast SEO v27.4) - https:\/\/yoast.com\/product\/yoast-seo-premium-wordpress\/ -->\n<title>Incubo acolhe nova empresa de curvatura de perfis de alum\u00ednio<\/title>\n<meta name=\"description\" content=\"A Incubo, em Arcos de Valdevez, acolhe uma nova empresa de curvatura de perfis de alum\u00ednio.\" \/>\n<meta name=\"robots\" content=\"index, follow, max-snippet:-1, max-image-preview:large, max-video-preview:-1\" \/>\n<link rel=\"canonical\" href=\"https:\/\/www.altominho.tv\/site\/2026\/04\/28\/arcos-de-valdevez-incubo-aluminios\/\" \/>\n<meta property=\"og:locale\" content=\"pt_PT\" \/>\n<meta property=\"og:type\" content=\"article\" \/>\n<meta property=\"og:title\" content=\"Incubo acolhe nova empresa de curvatura de perfis de alum\u00ednio\" \/>\n<meta property=\"og:description\" content=\"A Incubo, em Arcos de Valdevez, acolhe uma nova empresa de curvatura de perfis de alum\u00ednio.\" \/>\n<meta property=\"og:url\" content=\"https:\/\/www.altominho.tv\/site\/2026\/04\/28\/arcos-de-valdevez-incubo-aluminios\/\" \/>\n<meta property=\"og:site_name\" content=\"Altominho.tv\" \/>\n<meta property=\"article:publisher\" content=\"https:\/\/www.facebook.com\/altominhotv\" \/>\n<meta property=\"article:published_time\" content=\"2026-04-28T11:01:37+00:00\" \/>\n<meta property=\"article:modified_time\" content=\"2026-04-28T11:01:39+00:00\" \/>\n<meta property=\"og:image\" content=\"https:\/\/www.altominho.tv\/site\/wp-content\/uploads\/2026\/04\/arcos-2.png\" \/>\n\t<meta property=\"og:image:width\" content=\"1200\" \/>\n\t<meta property=\"og:image:height\" content=\"630\" \/>\n\t<meta property=\"og:image:type\" content=\"image\/png\" \/>\n<meta name=\"author\" content=\"Andreia Cunha\" \/>\n<meta name=\"twitter:card\" content=\"summary_large_image\" \/>\n<meta name=\"twitter:creator\" content=\"@altominhoTV\" \/>\n<meta name=\"twitter:site\" content=\"@altominhoTV\" \/>\n<meta name=\"twitter:label1\" content=\"Escrito por\" \/>\n\t<meta name=\"twitter:data1\" content=\"Andreia Cunha\" \/>\n\t<meta name=\"twitter:label2\" content=\"Tempo estimado de leitura\" \/>\n\t<meta name=\"twitter:data2\" content=\"1 minuto\" \/>\n<script type=\"application\/ld+json\" class=\"yoast-schema-graph\">{\"@context\":\"https:\\\/\\\/schema.org\",\"@graph\":[{\"@type\":\"Article\",\"@id\":\"https:\\\/\\\/www.altominho.tv\\\/site\\\/2026\\\/04\\\/28\\\/arcos-de-valdevez-incubo-aluminios\\\/#article\",\"isPartOf\":{\"@id\":\"https:\\\/\\\/www.altominho.tv\\\/site\\\/2026\\\/04\\\/28\\\/arcos-de-valdevez-incubo-aluminios\\\/\"},\"author\":{\"name\":\"Andreia Cunha\",\"@id\":\"https:\\\/\\\/www.altominho.tv\\\/site\\\/#\\\/schema\\\/person\\\/a0e4ef6d041f98ca284393d8f1d97153\"},\"headline\":\"Incubo acolhe nova empresa de curvatura de perfis de alum\u00ednio\",\"datePublished\":\"2026-04-28T11:01:37+00:00\",\"dateModified\":\"2026-04-28T11:01:39+00:00\",\"mainEntityOfPage\":{\"@id\":\"https:\\\/\\\/www.altominho.tv\\\/site\\\/2026\\\/04\\\/28\\\/arcos-de-valdevez-incubo-aluminios\\\/\"},\"wordCount\":143,\"image\":{\"@id\":\"https:\\\/\\\/www.altominho.tv\\\/site\\\/2026\\\/04\\\/28\\\/arcos-de-valdevez-incubo-aluminios\\\/#primaryimage\"},\"thumbnailUrl\":\"https:\\\/\\\/www.altominho.tv\\\/site\\\/wp-content\\\/uploads\\\/2026\\\/04\\\/arcos-2.png\",\"keywords\":[\"Economia\"],\"articleSection\":[\"Arcos de Valdevez\"],\"inLanguage\":\"pt-PT\",\"copyrightYear\":\"2026\",\"copyrightHolder\":{\"@id\":\"https:\\\/\\\/www.altominho.tv\\\/site\\\/#organization\"}},{\"@type\":\"WebPage\",\"@id\":\"https:\\\/\\\/www.altominho.tv\\\/site\\\/2026\\\/04\\\/28\\\/arcos-de-valdevez-incubo-aluminios\\\/\",\"url\":\"https:\\\/\\\/www.altominho.tv\\\/site\\\/2026\\\/04\\\/28\\\/arcos-de-valdevez-incubo-aluminios\\\/\",\"name\":\"Incubo acolhe nova empresa de curvatura de perfis de alum\u00ednio\",\"isPartOf\":{\"@id\":\"https:\\\/\\\/www.altominho.tv\\\/site\\\/#website\"},\"primaryImageOfPage\":{\"@id\":\"https:\\\/\\\/www.altominho.tv\\\/site\\\/2026\\\/04\\\/28\\\/arcos-de-valdevez-incubo-aluminios\\\/#primaryimage\"},\"image\":{\"@id\":\"https:\\\/\\\/www.altominho.tv\\\/site\\\/2026\\\/04\\\/28\\\/arcos-de-valdevez-incubo-aluminios\\\/#primaryimage\"},\"thumbnailUrl\":\"https:\\\/\\\/www.altominho.tv\\\/site\\\/wp-content\\\/uploads\\\/2026\\\/04\\\/arcos-2.png\",\"datePublished\":\"2026-04-28T11:01:37+00:00\",\"dateModified\":\"2026-04-28T11:01:39+00:00\",\"author\":{\"@id\":\"https:\\\/\\\/www.altominho.tv\\\/site\\\/#\\\/schema\\\/person\\\/a0e4ef6d041f98ca284393d8f1d97153\"},\"description\":\"A Incubo, em Arcos de Valdevez, acolhe uma nova empresa de curvatura de perfis de alum\u00ednio.\",\"breadcrumb\":{\"@id\":\"https:\\\/\\\/www.altominho.tv\\\/site\\\/2026\\\/04\\\/28\\\/arcos-de-valdevez-incubo-aluminios\\\/#breadcrumb\"},\"inLanguage\":\"pt-PT\",\"potentialAction\":[{\"@type\":\"ReadAction\",\"target\":[\"https:\\\/\\\/www.altominho.tv\\\/site\\\/2026\\\/04\\\/28\\\/arcos-de-valdevez-incubo-aluminios\\\/\"]}]},{\"@type\":\"ImageObject\",\"inLanguage\":\"pt-PT\",\"@id\":\"https:\\\/\\\/www.altominho.tv\\\/site\\\/2026\\\/04\\\/28\\\/arcos-de-valdevez-incubo-aluminios\\\/#primaryimage\",\"url\":\"https:\\\/\\\/www.altominho.tv\\\/site\\\/wp-content\\\/uploads\\\/2026\\\/04\\\/arcos-2.png\",\"contentUrl\":\"https:\\\/\\\/www.altominho.tv\\\/site\\\/wp-content\\\/uploads\\\/2026\\\/04\\\/arcos-2.png\",\"width\":1200,\"height\":630},{\"@type\":\"BreadcrumbList\",\"@id\":\"https:\\\/\\\/www.altominho.tv\\\/site\\\/2026\\\/04\\\/28\\\/arcos-de-valdevez-incubo-aluminios\\\/#breadcrumb\",\"itemListElement\":[{\"@type\":\"ListItem\",\"position\":1,\"name\":\"In\u00edcio\",\"item\":\"https:\\\/\\\/www.altominho.tv\\\/site\\\/\"},{\"@type\":\"ListItem\",\"position\":2,\"name\":\"Incubo acolhe nova empresa de curvatura de perfis de alum\u00ednio\"}]},{\"@type\":\"WebSite\",\"@id\":\"https:\\\/\\\/www.altominho.tv\\\/site\\\/#website\",\"url\":\"https:\\\/\\\/www.altominho.tv\\\/site\\\/\",\"name\":\"Altominho.tv\",\"description\":\"A sua regi\u00e3o \u00e0 dist\u00e2ncia de um clique...\",\"potentialAction\":[{\"@type\":\"SearchAction\",\"target\":{\"@type\":\"EntryPoint\",\"urlTemplate\":\"https:\\\/\\\/www.altominho.tv\\\/site\\\/?s={search_term_string}\"},\"query-input\":{\"@type\":\"PropertyValueSpecification\",\"valueRequired\":true,\"valueName\":\"search_term_string\"}}],\"inLanguage\":\"pt-PT\"},{\"@type\":\"Person\",\"@id\":\"https:\\\/\\\/www.altominho.tv\\\/site\\\/#\\\/schema\\\/person\\\/a0e4ef6d041f98ca284393d8f1d97153\",\"name\":\"Andreia Cunha\",\"image\":{\"@type\":\"ImageObject\",\"inLanguage\":\"pt-PT\",\"@id\":\"https:\\\/\\\/www.altominho.tv\\\/site\\\/wp-content\\\/uploads\\\/2017\\\/11\\\/Andreia_Cunha-1-150x150.jpg\",\"url\":\"https:\\\/\\\/www.altominho.tv\\\/site\\\/wp-content\\\/uploads\\\/2017\\\/11\\\/Andreia_Cunha-1-150x150.jpg\",\"contentUrl\":\"https:\\\/\\\/www.altominho.tv\\\/site\\\/wp-content\\\/uploads\\\/2017\\\/11\\\/Andreia_Cunha-1-150x150.jpg\",\"caption\":\"Andreia Cunha\"},\"url\":\"https:\\\/\\\/www.altominho.tv\\\/site\\\/author\\\/andreiacunha\\\/\"}]}<\/script>\n<!-- \/ Yoast SEO Premium plugin. -->","yoast_head_json":{"title":"Incubo acolhe nova empresa de curvatura de perfis de alum\u00ednio","description":"A Incubo, em Arcos de Valdevez, acolhe uma nova empresa de curvatura de perfis de alum\u00ednio.","robots":{"index":"index","follow":"follow","max-snippet":"max-snippet:-1","max-image-preview":"max-image-preview:large","max-video-preview":"max-video-preview:-1"},"canonical":"https:\/\/www.altominho.tv\/site\/2026\/04\/28\/arcos-de-valdevez-incubo-aluminios\/","og_locale":"pt_PT","og_type":"article","og_title":"Incubo acolhe nova empresa de curvatura de perfis de alum\u00ednio","og_description":"A Incubo, em Arcos de Valdevez, acolhe uma nova empresa de curvatura de perfis de alum\u00ednio.","og_url":"https:\/\/www.altominho.tv\/site\/2026\/04\/28\/arcos-de-valdevez-incubo-aluminios\/","og_site_name":"Altominho.tv","article_publisher":"https:\/\/www.facebook.com\/altominhotv","article_published_time":"2026-04-28T11:01:37+00:00","article_modified_time":"2026-04-28T11:01:39+00:00","og_image":[{"width":1200,"height":630,"url":"https:\/\/www.altominho.tv\/site\/wp-content\/uploads\/2026\/04\/arcos-2.png","type":"image\/png"}],"author":"Andreia Cunha","twitter_card":"summary_large_image","twitter_creator":"@altominhoTV","twitter_site":"@altominhoTV","twitter_misc":{"Escrito por":"Andreia Cunha","Tempo estimado de leitura":"1 minuto"},"schema":{"@context":"https:\/\/schema.org","@graph":[{"@type":"Article","@id":"https:\/\/www.altominho.tv\/site\/2026\/04\/28\/arcos-de-valdevez-incubo-aluminios\/#article","isPartOf":{"@id":"https:\/\/www.altominho.tv\/site\/2026\/04\/28\/arcos-de-valdevez-incubo-aluminios\/"},"author":{"name":"Andreia Cunha","@id":"https:\/\/www.altominho.tv\/site\/#\/schema\/person\/a0e4ef6d041f98ca284393d8f1d97153"},"headline":"Incubo acolhe nova empresa de curvatura de perfis de alum\u00ednio","datePublished":"2026-04-28T11:01:37+00:00","dateModified":"2026-04-28T11:01:39+00:00","mainEntityOfPage":{"@id":"https:\/\/www.altominho.tv\/site\/2026\/04\/28\/arcos-de-valdevez-incubo-aluminios\/"},"wordCount":143,"image":{"@id":"https:\/\/www.altominho.tv\/site\/2026\/04\/28\/arcos-de-valdevez-incubo-aluminios\/#primaryimage"},"thumbnailUrl":"https:\/\/www.altominho.tv\/site\/wp-content\/uploads\/2026\/04\/arcos-2.png","keywords":["Economia"],"articleSection":["Arcos de Valdevez"],"inLanguage":"pt-PT","copyrightYear":"2026","copyrightHolder":{"@id":"https:\/\/www.altominho.tv\/site\/#organization"}},{"@type":"WebPage","@id":"https:\/\/www.altominho.tv\/site\/2026\/04\/28\/arcos-de-valdevez-incubo-aluminios\/","url":"https:\/\/www.altominho.tv\/site\/2026\/04\/28\/arcos-de-valdevez-incubo-aluminios\/","name":"Incubo acolhe nova empresa de curvatura de perfis de alum\u00ednio","isPartOf":{"@id":"https:\/\/www.altominho.tv\/site\/#website"},"primaryImageOfPage":{"@id":"https:\/\/www.altominho.tv\/site\/2026\/04\/28\/arcos-de-valdevez-incubo-aluminios\/#primaryimage"},"image":{"@id":"https:\/\/www.altominho.tv\/site\/2026\/04\/28\/arcos-de-valdevez-incubo-aluminios\/#primaryimage"},"thumbnailUrl":"https:\/\/www.altominho.tv\/site\/wp-content\/uploads\/2026\/04\/arcos-2.png","datePublished":"2026-04-28T11:01:37+00:00","dateModified":"2026-04-28T11:01:39+00:00","author":{"@id":"https:\/\/www.altominho.tv\/site\/#\/schema\/person\/a0e4ef6d041f98ca284393d8f1d97153"},"description":"A Incubo, em Arcos de Valdevez, acolhe uma nova empresa de curvatura de perfis de alum\u00ednio.","breadcrumb":{"@id":"https:\/\/www.altominho.tv\/site\/2026\/04\/28\/arcos-de-valdevez-incubo-aluminios\/#breadcrumb"},"inLanguage":"pt-PT","potentialAction":[{"@type":"ReadAction","target":["https:\/\/www.altominho.tv\/site\/2026\/04\/28\/arcos-de-valdevez-incubo-aluminios\/"]}]},{"@type":"ImageObject","inLanguage":"pt-PT","@id":"https:\/\/www.altominho.tv\/site\/2026\/04\/28\/arcos-de-valdevez-incubo-aluminios\/#primaryimage","url":"https:\/\/www.altominho.tv\/site\/wp-content\/uploads\/2026\/04\/arcos-2.png","contentUrl":"https:\/\/www.altominho.tv\/site\/wp-content\/uploads\/2026\/04\/arcos-2.png","width":1200,"height":630},{"@type":"BreadcrumbList","@id":"https:\/\/www.altominho.tv\/site\/2026\/04\/28\/arcos-de-valdevez-incubo-aluminios\/#breadcrumb","itemListElement":[{"@type":"ListItem","position":1,"name":"In\u00edcio","item":"https:\/\/www.altominho.tv\/site\/"},{"@type":"ListItem","position":2,"name":"Incubo acolhe nova empresa de curvatura de perfis de alum\u00ednio"}]},{"@type":"WebSite","@id":"https:\/\/www.altominho.tv\/site\/#website","url":"https:\/\/www.altominho.tv\/site\/","name":"Altominho.tv","description":"A sua regi\u00e3o \u00e0 dist\u00e2ncia de um clique...","potentialAction":[{"@type":"SearchAction","target":{"@type":"EntryPoint","urlTemplate":"https:\/\/www.altominho.tv\/site\/?s={search_term_string}"},"query-input":{"@type":"PropertyValueSpecification","valueRequired":true,"valueName":"search_term_string"}}],"inLanguage":"pt-PT"},{"@type":"Person","@id":"https:\/\/www.altominho.tv\/site\/#\/schema\/person\/a0e4ef6d041f98ca284393d8f1d97153","name":"Andreia Cunha","image":{"@type":"ImageObject","inLanguage":"pt-PT","@id":"https:\/\/www.altominho.tv\/site\/wp-content\/uploads\/2017\/11\/Andreia_Cunha-1-150x150.jpg","url":"https:\/\/www.altominho.tv\/site\/wp-content\/uploads\/2017\/11\/Andreia_Cunha-1-150x150.jpg","contentUrl":"https:\/\/www.altominho.tv\/site\/wp-content\/uploads\/2017\/11\/Andreia_Cunha-1-150x150.jpg","caption":"Andreia Cunha"},"url":"https:\/\/www.altominho.tv\/site\/author\/andreiacunha\/"}]}},"_links":{"self":[{"href":"https:\/\/www.altominho.tv\/site\/wp-json\/wp\/v2\/posts\/131736","targetHints":{"allow":["GET"]}}],"collection":[{"href":"https:\/\/www.altominho.tv\/site\/wp-json\/wp\/v2\/posts"}],"about":[{"href":"https:\/\/www.altominho.tv\/site\/wp-json\/wp\/v2\/types\/post"}],"author":[{"embeddable":true,"href":"https:\/\/www.altominho.tv\/site\/wp-json\/wp\/v2\/users\/7"}],"replies":[{"embeddable":true,"href":"https:\/\/www.altominho.tv\/site\/wp-json\/wp\/v2\/comments?post=131736"}],"version-history":[{"count":1,"href":"https:\/\/www.altominho.tv\/site\/wp-json\/wp\/v2\/posts\/131736\/revisions"}],"predecessor-version":[{"id":131739,"href":"https:\/\/www.altominho.tv\/site\/wp-json\/wp\/v2\/posts\/131736\/revisions\/131739"}],"wp:featuredmedia":[{"embeddable":true,"href":"https:\/\/www.altominho.tv\/site\/wp-json\/wp\/v2\/media\/131737"}],"wp:attachment":[{"href":"https:\/\/www.altominho.tv\/site\/wp-json\/wp\/v2\/media?parent=131736"}],"wp:term":[{"taxonomy":"category","embeddable":true,"href":"https:\/\/www.altominho.tv\/site\/wp-json\/wp\/v2\/categories?post=131736"},{"taxonomy":"post_tag","embeddable":true,"href":"https:\/\/www.altominho.tv\/site\/wp-json\/wp\/v2\/tags?post=131736"}],"curies":[{"name":"wp","href":"https:\/\/api.w.org\/{rel}","templated":true}]}}