{"id":131732,"date":"2026-04-28T11:28:10","date_gmt":"2026-04-28T10:28:10","guid":{"rendered":"https:\/\/www.altominho.tv\/site\/?p=131732"},"modified":"2026-04-28T11:28:12","modified_gmt":"2026-04-28T10:28:12","slug":"ponte-da-barca-exposicao-cultura-2","status":"publish","type":"post","link":"https:\/\/www.altominho.tv\/site\/2026\/04\/28\/ponte-da-barca-exposicao-cultura-2\/","title":{"rendered":"\u201cRostos Inabal\u00e1veis\u201d homenageia escritoras em exposi\u00e7\u00e3o e apresenta\u00e7\u00e3o de livro em Ponte da Barca"},"content":{"rendered":"\n<p>A exposi\u00e7\u00e3o e apresenta\u00e7\u00e3o do livro \u201cRostos Inabal\u00e1veis\u201d, da autoria de S\u00edlvia Mota Lopes, ser\u00e1 inaugurada no pr\u00f3ximo dia 2 de maio, pelas 16h00, nos Pa\u00e7os do Concelho de Ponte da Barca.<\/p>\n\n\n\n<p>O projeto, que cruza pintura e literatura, &#8220;presta homenagem a quinze escritoras que se afirmaram como vozes singulares na defesa da arte, das mulheres e da liberdade&#8221;, deu nota o Munic\u00edpio.<\/p>\n\n\n\n<p>Atrav\u00e9s de retratos desenvolvidos numa linguagem intimista e de textos assinados por autoras contempor\u00e2neas, \u201cRostos Inabal\u00e1veis\u201d constr\u00f3i um di\u00e1logo entre diferentes artes e gera\u00e7\u00f5es, evidenciando o contributo feminino para a cultura e o pensamento.<\/p>\n\n\n\n<p>Inspirada na obra \u201cBiografias no Feminino\u201d, de Maria Ondina Braga, esta iniciativa &#8220;assume-se como um exerc\u00edcio coletivo de mem\u00f3ria, cria\u00e7\u00e3o e reconhecimento, reunindo perspetivas diversas que refor\u00e7am a import\u00e2ncia da representa\u00e7\u00e3o feminina no panorama art\u00edstico e liter\u00e1rio&#8221;.<\/p>\n\n\n\n<p>A inaugura\u00e7\u00e3o ser\u00e1 aberta ao p\u00fablico, &#8220;convidando a comunidade a conhecer este projeto que celebra a for\u00e7a, a resili\u00eancia e a express\u00e3o criativa das mulheres&#8221;, disse ainda o Munic\u00edpio de Ponte da Barca.<\/p>\n\n\n\n<figure class=\"wp-block-image size-large\"><img loading=\"lazy\" decoding=\"async\" width=\"824\" height=\"1024\" src=\"https:\/\/www.altominho.tv\/site\/wp-content\/uploads\/2026\/04\/cartazes_abril-12-824x1024.jpg\" alt=\"\" class=\"wp-image-131733\" srcset=\"https:\/\/www.altominho.tv\/site\/wp-content\/uploads\/2026\/04\/cartazes_abril-12-824x1024.jpg 824w, https:\/\/www.altominho.tv\/site\/wp-content\/uploads\/2026\/04\/cartazes_abril-12-348x433.jpg 348w, https:\/\/www.altominho.tv\/site\/wp-content\/uploads\/2026\/04\/cartazes_abril-12-768x955.jpg 768w, https:\/\/www.altominho.tv\/site\/wp-content\/uploads\/2026\/04\/cartazes_abril-12-1235x1536.jpg 1235w, https:\/\/www.altominho.tv\/site\/wp-content\/uploads\/2026\/04\/cartazes_abril-12-370x460.jpg 370w, https:\/\/www.altominho.tv\/site\/wp-content\/uploads\/2026\/04\/cartazes_abril-12-270x336.jpg 270w, https:\/\/www.altominho.tv\/site\/wp-content\/uploads\/2026\/04\/cartazes_abril-12-570x709.jpg 570w, https:\/\/www.altominho.tv\/site\/wp-content\/uploads\/2026\/04\/cartazes_abril-12-740x920.jpg 740w, https:\/\/www.altominho.tv\/site\/wp-content\/uploads\/2026\/04\/cartazes_abril-12.jpg 1647w\" sizes=\"auto, (max-width: 824px) 100vw, 824px\" \/><\/figure>\n\n\n\n<p>Fotografia: <strong>Redes Sociais<\/strong><\/p>\n","protected":false},"excerpt":{"rendered":"<p>A exposi\u00e7\u00e3o e apresenta\u00e7\u00e3o do livro \u201cRostos Inabal\u00e1veis\u201d, da autoria de S\u00edlvia Mota Lopes, ser\u00e1 inaugurada no pr\u00f3ximo dia 2 de maio, pelas 16h00, nos Pa\u00e7os do Concelho de Ponte da Barca. O projeto, que cruza pintura e literatura, &#8220;presta homenagem a quinze escritoras que se afirmaram como vozes singulares na defesa da arte, das [&hellip;]<\/p>\n","protected":false},"author":7,"featured_media":131734,"comment_status":"closed","ping_status":"closed","sticky":false,"template":"","format":"standard","meta":{"_exactmetrics_skip_tracking":false,"_exactmetrics_sitenote_active":false,"_exactmetrics_sitenote_note":"","_exactmetrics_sitenote_category":0,"footnotes":""},"categories":[11],"tags":[19,24],"class_list":["post-131732","post","type-post","status-publish","format-standard","has-post-thumbnail","hentry","category-ponte-da-barca","tag-cultura","tag-lazer"],"yoast_head":"<!-- This site is optimized with the Yoast SEO Premium plugin v27.4 (Yoast SEO v27.4) - https:\/\/yoast.com\/product\/yoast-seo-premium-wordpress\/ -->\n<title>\u201cRostos Inabal\u00e1veis\u201d homenageia escritoras em exposi\u00e7\u00e3o e apresenta\u00e7\u00e3o de livro em Ponte da Barca<\/title>\n<meta name=\"description\" content=\"\u201cRostos Inabal\u00e1veis\u201d homenageia escritoras em exposi\u00e7\u00e3o e apresenta\u00e7\u00e3o de livro em Ponte da Barca.\" \/>\n<meta name=\"robots\" content=\"index, follow, max-snippet:-1, max-image-preview:large, max-video-preview:-1\" \/>\n<link rel=\"canonical\" href=\"https:\/\/www.altominho.tv\/site\/2026\/04\/28\/ponte-da-barca-exposicao-cultura-2\/\" \/>\n<meta property=\"og:locale\" content=\"pt_PT\" \/>\n<meta property=\"og:type\" content=\"article\" \/>\n<meta property=\"og:title\" content=\"\u201cRostos Inabal\u00e1veis\u201d homenageia escritoras em exposi\u00e7\u00e3o e apresenta\u00e7\u00e3o de livro em Ponte da Barca\" \/>\n<meta property=\"og:description\" content=\"\u201cRostos Inabal\u00e1veis\u201d homenageia escritoras em exposi\u00e7\u00e3o e apresenta\u00e7\u00e3o de livro em Ponte da Barca.\" \/>\n<meta property=\"og:url\" content=\"https:\/\/www.altominho.tv\/site\/2026\/04\/28\/ponte-da-barca-exposicao-cultura-2\/\" \/>\n<meta property=\"og:site_name\" content=\"Altominho.tv\" \/>\n<meta property=\"article:publisher\" content=\"https:\/\/www.facebook.com\/altominhotv\" \/>\n<meta property=\"article:published_time\" content=\"2026-04-28T10:28:10+00:00\" \/>\n<meta property=\"article:modified_time\" content=\"2026-04-28T10:28:12+00:00\" \/>\n<meta property=\"og:image\" content=\"https:\/\/www.altominho.tv\/site\/wp-content\/uploads\/2026\/04\/silvia.png\" \/>\n\t<meta property=\"og:image:width\" content=\"1200\" \/>\n\t<meta property=\"og:image:height\" content=\"630\" \/>\n\t<meta property=\"og:image:type\" content=\"image\/png\" \/>\n<meta name=\"author\" content=\"Andreia Cunha\" \/>\n<meta name=\"twitter:card\" content=\"summary_large_image\" \/>\n<meta name=\"twitter:creator\" content=\"@altominhoTV\" \/>\n<meta name=\"twitter:site\" content=\"@altominhoTV\" \/>\n<meta name=\"twitter:label1\" content=\"Escrito por\" \/>\n\t<meta name=\"twitter:data1\" content=\"Andreia Cunha\" \/>\n\t<meta name=\"twitter:label2\" content=\"Tempo estimado de leitura\" \/>\n\t<meta name=\"twitter:data2\" content=\"2 minutos\" \/>\n<script type=\"application\/ld+json\" class=\"yoast-schema-graph\">{\"@context\":\"https:\\\/\\\/schema.org\",\"@graph\":[{\"@type\":\"Article\",\"@id\":\"https:\\\/\\\/www.altominho.tv\\\/site\\\/2026\\\/04\\\/28\\\/ponte-da-barca-exposicao-cultura-2\\\/#article\",\"isPartOf\":{\"@id\":\"https:\\\/\\\/www.altominho.tv\\\/site\\\/2026\\\/04\\\/28\\\/ponte-da-barca-exposicao-cultura-2\\\/\"},\"author\":{\"name\":\"Andreia Cunha\",\"@id\":\"https:\\\/\\\/www.altominho.tv\\\/site\\\/#\\\/schema\\\/person\\\/a0e4ef6d041f98ca284393d8f1d97153\"},\"headline\":\"\u201cRostos Inabal\u00e1veis\u201d homenageia escritoras em exposi\u00e7\u00e3o e apresenta\u00e7\u00e3o de livro em Ponte da Barca\",\"datePublished\":\"2026-04-28T10:28:10+00:00\",\"dateModified\":\"2026-04-28T10:28:12+00:00\",\"mainEntityOfPage\":{\"@id\":\"https:\\\/\\\/www.altominho.tv\\\/site\\\/2026\\\/04\\\/28\\\/ponte-da-barca-exposicao-cultura-2\\\/\"},\"wordCount\":213,\"image\":{\"@id\":\"https:\\\/\\\/www.altominho.tv\\\/site\\\/2026\\\/04\\\/28\\\/ponte-da-barca-exposicao-cultura-2\\\/#primaryimage\"},\"thumbnailUrl\":\"https:\\\/\\\/www.altominho.tv\\\/site\\\/wp-content\\\/uploads\\\/2026\\\/04\\\/silvia.png\",\"keywords\":[\"Cultura\",\"Lazer\"],\"articleSection\":[\"Ponte da Barca\"],\"inLanguage\":\"pt-PT\",\"copyrightYear\":\"2026\",\"copyrightHolder\":{\"@id\":\"https:\\\/\\\/www.altominho.tv\\\/site\\\/#organization\"}},{\"@type\":\"WebPage\",\"@id\":\"https:\\\/\\\/www.altominho.tv\\\/site\\\/2026\\\/04\\\/28\\\/ponte-da-barca-exposicao-cultura-2\\\/\",\"url\":\"https:\\\/\\\/www.altominho.tv\\\/site\\\/2026\\\/04\\\/28\\\/ponte-da-barca-exposicao-cultura-2\\\/\",\"name\":\"\u201cRostos Inabal\u00e1veis\u201d homenageia escritoras em exposi\u00e7\u00e3o e apresenta\u00e7\u00e3o de livro em Ponte da Barca\",\"isPartOf\":{\"@id\":\"https:\\\/\\\/www.altominho.tv\\\/site\\\/#website\"},\"primaryImageOfPage\":{\"@id\":\"https:\\\/\\\/www.altominho.tv\\\/site\\\/2026\\\/04\\\/28\\\/ponte-da-barca-exposicao-cultura-2\\\/#primaryimage\"},\"image\":{\"@id\":\"https:\\\/\\\/www.altominho.tv\\\/site\\\/2026\\\/04\\\/28\\\/ponte-da-barca-exposicao-cultura-2\\\/#primaryimage\"},\"thumbnailUrl\":\"https:\\\/\\\/www.altominho.tv\\\/site\\\/wp-content\\\/uploads\\\/2026\\\/04\\\/silvia.png\",\"datePublished\":\"2026-04-28T10:28:10+00:00\",\"dateModified\":\"2026-04-28T10:28:12+00:00\",\"author\":{\"@id\":\"https:\\\/\\\/www.altominho.tv\\\/site\\\/#\\\/schema\\\/person\\\/a0e4ef6d041f98ca284393d8f1d97153\"},\"description\":\"\u201cRostos Inabal\u00e1veis\u201d homenageia escritoras em exposi\u00e7\u00e3o e apresenta\u00e7\u00e3o de livro em Ponte da Barca.\",\"breadcrumb\":{\"@id\":\"https:\\\/\\\/www.altominho.tv\\\/site\\\/2026\\\/04\\\/28\\\/ponte-da-barca-exposicao-cultura-2\\\/#breadcrumb\"},\"inLanguage\":\"pt-PT\",\"potentialAction\":[{\"@type\":\"ReadAction\",\"target\":[\"https:\\\/\\\/www.altominho.tv\\\/site\\\/2026\\\/04\\\/28\\\/ponte-da-barca-exposicao-cultura-2\\\/\"]}]},{\"@type\":\"ImageObject\",\"inLanguage\":\"pt-PT\",\"@id\":\"https:\\\/\\\/www.altominho.tv\\\/site\\\/2026\\\/04\\\/28\\\/ponte-da-barca-exposicao-cultura-2\\\/#primaryimage\",\"url\":\"https:\\\/\\\/www.altominho.tv\\\/site\\\/wp-content\\\/uploads\\\/2026\\\/04\\\/silvia.png\",\"contentUrl\":\"https:\\\/\\\/www.altominho.tv\\\/site\\\/wp-content\\\/uploads\\\/2026\\\/04\\\/silvia.png\",\"width\":1200,\"height\":630},{\"@type\":\"BreadcrumbList\",\"@id\":\"https:\\\/\\\/www.altominho.tv\\\/site\\\/2026\\\/04\\\/28\\\/ponte-da-barca-exposicao-cultura-2\\\/#breadcrumb\",\"itemListElement\":[{\"@type\":\"ListItem\",\"position\":1,\"name\":\"In\u00edcio\",\"item\":\"https:\\\/\\\/www.altominho.tv\\\/site\\\/\"},{\"@type\":\"ListItem\",\"position\":2,\"name\":\"\u201cRostos Inabal\u00e1veis\u201d homenageia escritoras em exposi\u00e7\u00e3o e apresenta\u00e7\u00e3o de livro em Ponte da Barca\"}]},{\"@type\":\"WebSite\",\"@id\":\"https:\\\/\\\/www.altominho.tv\\\/site\\\/#website\",\"url\":\"https:\\\/\\\/www.altominho.tv\\\/site\\\/\",\"name\":\"Altominho.tv\",\"description\":\"A sua regi\u00e3o \u00e0 dist\u00e2ncia de um clique...\",\"potentialAction\":[{\"@type\":\"SearchAction\",\"target\":{\"@type\":\"EntryPoint\",\"urlTemplate\":\"https:\\\/\\\/www.altominho.tv\\\/site\\\/?s={search_term_string}\"},\"query-input\":{\"@type\":\"PropertyValueSpecification\",\"valueRequired\":true,\"valueName\":\"search_term_string\"}}],\"inLanguage\":\"pt-PT\"},{\"@type\":\"Person\",\"@id\":\"https:\\\/\\\/www.altominho.tv\\\/site\\\/#\\\/schema\\\/person\\\/a0e4ef6d041f98ca284393d8f1d97153\",\"name\":\"Andreia Cunha\",\"image\":{\"@type\":\"ImageObject\",\"inLanguage\":\"pt-PT\",\"@id\":\"https:\\\/\\\/www.altominho.tv\\\/site\\\/wp-content\\\/uploads\\\/2017\\\/11\\\/Andreia_Cunha-1-150x150.jpg\",\"url\":\"https:\\\/\\\/www.altominho.tv\\\/site\\\/wp-content\\\/uploads\\\/2017\\\/11\\\/Andreia_Cunha-1-150x150.jpg\",\"contentUrl\":\"https:\\\/\\\/www.altominho.tv\\\/site\\\/wp-content\\\/uploads\\\/2017\\\/11\\\/Andreia_Cunha-1-150x150.jpg\",\"caption\":\"Andreia Cunha\"},\"url\":\"https:\\\/\\\/www.altominho.tv\\\/site\\\/author\\\/andreiacunha\\\/\"}]}<\/script>\n<!-- \/ Yoast SEO Premium plugin. -->","yoast_head_json":{"title":"\u201cRostos Inabal\u00e1veis\u201d homenageia escritoras em exposi\u00e7\u00e3o e apresenta\u00e7\u00e3o de livro em Ponte da Barca","description":"\u201cRostos Inabal\u00e1veis\u201d homenageia escritoras em exposi\u00e7\u00e3o e apresenta\u00e7\u00e3o de livro em Ponte da Barca.","robots":{"index":"index","follow":"follow","max-snippet":"max-snippet:-1","max-image-preview":"max-image-preview:large","max-video-preview":"max-video-preview:-1"},"canonical":"https:\/\/www.altominho.tv\/site\/2026\/04\/28\/ponte-da-barca-exposicao-cultura-2\/","og_locale":"pt_PT","og_type":"article","og_title":"\u201cRostos Inabal\u00e1veis\u201d homenageia escritoras em exposi\u00e7\u00e3o e apresenta\u00e7\u00e3o de livro em Ponte da Barca","og_description":"\u201cRostos Inabal\u00e1veis\u201d homenageia escritoras em exposi\u00e7\u00e3o e apresenta\u00e7\u00e3o de livro em Ponte da Barca.","og_url":"https:\/\/www.altominho.tv\/site\/2026\/04\/28\/ponte-da-barca-exposicao-cultura-2\/","og_site_name":"Altominho.tv","article_publisher":"https:\/\/www.facebook.com\/altominhotv","article_published_time":"2026-04-28T10:28:10+00:00","article_modified_time":"2026-04-28T10:28:12+00:00","og_image":[{"width":1200,"height":630,"url":"https:\/\/www.altominho.tv\/site\/wp-content\/uploads\/2026\/04\/silvia.png","type":"image\/png"}],"author":"Andreia Cunha","twitter_card":"summary_large_image","twitter_creator":"@altominhoTV","twitter_site":"@altominhoTV","twitter_misc":{"Escrito por":"Andreia Cunha","Tempo estimado de leitura":"2 minutos"},"schema":{"@context":"https:\/\/schema.org","@graph":[{"@type":"Article","@id":"https:\/\/www.altominho.tv\/site\/2026\/04\/28\/ponte-da-barca-exposicao-cultura-2\/#article","isPartOf":{"@id":"https:\/\/www.altominho.tv\/site\/2026\/04\/28\/ponte-da-barca-exposicao-cultura-2\/"},"author":{"name":"Andreia Cunha","@id":"https:\/\/www.altominho.tv\/site\/#\/schema\/person\/a0e4ef6d041f98ca284393d8f1d97153"},"headline":"\u201cRostos Inabal\u00e1veis\u201d homenageia escritoras em exposi\u00e7\u00e3o e apresenta\u00e7\u00e3o de livro em Ponte da Barca","datePublished":"2026-04-28T10:28:10+00:00","dateModified":"2026-04-28T10:28:12+00:00","mainEntityOfPage":{"@id":"https:\/\/www.altominho.tv\/site\/2026\/04\/28\/ponte-da-barca-exposicao-cultura-2\/"},"wordCount":213,"image":{"@id":"https:\/\/www.altominho.tv\/site\/2026\/04\/28\/ponte-da-barca-exposicao-cultura-2\/#primaryimage"},"thumbnailUrl":"https:\/\/www.altominho.tv\/site\/wp-content\/uploads\/2026\/04\/silvia.png","keywords":["Cultura","Lazer"],"articleSection":["Ponte da Barca"],"inLanguage":"pt-PT","copyrightYear":"2026","copyrightHolder":{"@id":"https:\/\/www.altominho.tv\/site\/#organization"}},{"@type":"WebPage","@id":"https:\/\/www.altominho.tv\/site\/2026\/04\/28\/ponte-da-barca-exposicao-cultura-2\/","url":"https:\/\/www.altominho.tv\/site\/2026\/04\/28\/ponte-da-barca-exposicao-cultura-2\/","name":"\u201cRostos Inabal\u00e1veis\u201d homenageia escritoras em exposi\u00e7\u00e3o e apresenta\u00e7\u00e3o de livro em Ponte da Barca","isPartOf":{"@id":"https:\/\/www.altominho.tv\/site\/#website"},"primaryImageOfPage":{"@id":"https:\/\/www.altominho.tv\/site\/2026\/04\/28\/ponte-da-barca-exposicao-cultura-2\/#primaryimage"},"image":{"@id":"https:\/\/www.altominho.tv\/site\/2026\/04\/28\/ponte-da-barca-exposicao-cultura-2\/#primaryimage"},"thumbnailUrl":"https:\/\/www.altominho.tv\/site\/wp-content\/uploads\/2026\/04\/silvia.png","datePublished":"2026-04-28T10:28:10+00:00","dateModified":"2026-04-28T10:28:12+00:00","author":{"@id":"https:\/\/www.altominho.tv\/site\/#\/schema\/person\/a0e4ef6d041f98ca284393d8f1d97153"},"description":"\u201cRostos Inabal\u00e1veis\u201d homenageia escritoras em exposi\u00e7\u00e3o e apresenta\u00e7\u00e3o de livro em Ponte da Barca.","breadcrumb":{"@id":"https:\/\/www.altominho.tv\/site\/2026\/04\/28\/ponte-da-barca-exposicao-cultura-2\/#breadcrumb"},"inLanguage":"pt-PT","potentialAction":[{"@type":"ReadAction","target":["https:\/\/www.altominho.tv\/site\/2026\/04\/28\/ponte-da-barca-exposicao-cultura-2\/"]}]},{"@type":"ImageObject","inLanguage":"pt-PT","@id":"https:\/\/www.altominho.tv\/site\/2026\/04\/28\/ponte-da-barca-exposicao-cultura-2\/#primaryimage","url":"https:\/\/www.altominho.tv\/site\/wp-content\/uploads\/2026\/04\/silvia.png","contentUrl":"https:\/\/www.altominho.tv\/site\/wp-content\/uploads\/2026\/04\/silvia.png","width":1200,"height":630},{"@type":"BreadcrumbList","@id":"https:\/\/www.altominho.tv\/site\/2026\/04\/28\/ponte-da-barca-exposicao-cultura-2\/#breadcrumb","itemListElement":[{"@type":"ListItem","position":1,"name":"In\u00edcio","item":"https:\/\/www.altominho.tv\/site\/"},{"@type":"ListItem","position":2,"name":"\u201cRostos Inabal\u00e1veis\u201d homenageia escritoras em exposi\u00e7\u00e3o e apresenta\u00e7\u00e3o de livro em Ponte da Barca"}]},{"@type":"WebSite","@id":"https:\/\/www.altominho.tv\/site\/#website","url":"https:\/\/www.altominho.tv\/site\/","name":"Altominho.tv","description":"A sua regi\u00e3o \u00e0 dist\u00e2ncia de um clique...","potentialAction":[{"@type":"SearchAction","target":{"@type":"EntryPoint","urlTemplate":"https:\/\/www.altominho.tv\/site\/?s={search_term_string}"},"query-input":{"@type":"PropertyValueSpecification","valueRequired":true,"valueName":"search_term_string"}}],"inLanguage":"pt-PT"},{"@type":"Person","@id":"https:\/\/www.altominho.tv\/site\/#\/schema\/person\/a0e4ef6d041f98ca284393d8f1d97153","name":"Andreia Cunha","image":{"@type":"ImageObject","inLanguage":"pt-PT","@id":"https:\/\/www.altominho.tv\/site\/wp-content\/uploads\/2017\/11\/Andreia_Cunha-1-150x150.jpg","url":"https:\/\/www.altominho.tv\/site\/wp-content\/uploads\/2017\/11\/Andreia_Cunha-1-150x150.jpg","contentUrl":"https:\/\/www.altominho.tv\/site\/wp-content\/uploads\/2017\/11\/Andreia_Cunha-1-150x150.jpg","caption":"Andreia Cunha"},"url":"https:\/\/www.altominho.tv\/site\/author\/andreiacunha\/"}]}},"_links":{"self":[{"href":"https:\/\/www.altominho.tv\/site\/wp-json\/wp\/v2\/posts\/131732","targetHints":{"allow":["GET"]}}],"collection":[{"href":"https:\/\/www.altominho.tv\/site\/wp-json\/wp\/v2\/posts"}],"about":[{"href":"https:\/\/www.altominho.tv\/site\/wp-json\/wp\/v2\/types\/post"}],"author":[{"embeddable":true,"href":"https:\/\/www.altominho.tv\/site\/wp-json\/wp\/v2\/users\/7"}],"replies":[{"embeddable":true,"href":"https:\/\/www.altominho.tv\/site\/wp-json\/wp\/v2\/comments?post=131732"}],"version-history":[{"count":1,"href":"https:\/\/www.altominho.tv\/site\/wp-json\/wp\/v2\/posts\/131732\/revisions"}],"predecessor-version":[{"id":131735,"href":"https:\/\/www.altominho.tv\/site\/wp-json\/wp\/v2\/posts\/131732\/revisions\/131735"}],"wp:featuredmedia":[{"embeddable":true,"href":"https:\/\/www.altominho.tv\/site\/wp-json\/wp\/v2\/media\/131734"}],"wp:attachment":[{"href":"https:\/\/www.altominho.tv\/site\/wp-json\/wp\/v2\/media?parent=131732"}],"wp:term":[{"taxonomy":"category","embeddable":true,"href":"https:\/\/www.altominho.tv\/site\/wp-json\/wp\/v2\/categories?post=131732"},{"taxonomy":"post_tag","embeddable":true,"href":"https:\/\/www.altominho.tv\/site\/wp-json\/wp\/v2\/tags?post=131732"}],"curies":[{"name":"wp","href":"https:\/\/api.w.org\/{rel}","templated":true}]}}