{"id":131729,"date":"2026-04-28T10:53:45","date_gmt":"2026-04-28T09:53:45","guid":{"rendered":"https:\/\/www.altominho.tv\/site\/?p=131729"},"modified":"2026-04-28T10:53:48","modified_gmt":"2026-04-28T09:53:48","slug":"viana-do-castelo-teatro-2","status":"publish","type":"post","link":"https:\/\/www.altominho.tv\/site\/2026\/04\/28\/viana-do-castelo-teatro-2\/","title":{"rendered":"\u201cNas guerras dos ricos morrem os pobres\u201d em debate no Caf\u00e9 Concerto do Teatro S\u00e1 de Miranda"},"content":{"rendered":"\n<p>\u201cNas guerras dos ricos morrem os pobres\u201d \u00e9 o mote para uma mesa-redonda que ter\u00e1 lugar na pr\u00f3xima quinta-feira, dia 30 de abril, pelas 21h30, no Caf\u00e9 Concerto do Teatro S\u00e1 de Miranda.<\/p>\n\n\n\n<p>A iniciativa vai contar com a participa\u00e7\u00e3o do ex-ministro da Educa\u00e7\u00e3o Tiago Brand\u00e3o Rodrigues, do historiador Fernando Rosas, do padre Jo\u00e3o Basto, da psiquiatra Lu\u00edsa Quintela e de Adriana Tempor\u00e3o, doutorada em Ci\u00eancias Biom\u00e9dicas.<\/p>\n\n\n\n<p>Promovida por um coletivo informal denominado PELA PAZ, &#8220;esta sess\u00e3o pretende analisar a atual situa\u00e7\u00e3o de guerras no mundo, refletindo sobre as suas consequ\u00eancias diretas na vida dos povos envolvidos e, de forma cada vez mais evidente, no quotidiano de todos n\u00f3s&#8221;.<\/p>\n\n\n\n<p>A entrada \u00e9 livre, estando a participa\u00e7\u00e3o aberta a todos os interessados.<\/p>\n\n\n\n<p>Fotografia:<strong> DR<\/strong><\/p>\n","protected":false},"excerpt":{"rendered":"<p>\u201cNas guerras dos ricos morrem os pobres\u201d \u00e9 o mote para uma mesa-redonda que ter\u00e1 lugar na pr\u00f3xima quinta-feira, dia 30 de abril, pelas 21h30, no Caf\u00e9 Concerto do Teatro S\u00e1 de Miranda. A iniciativa vai contar com a participa\u00e7\u00e3o do ex-ministro da Educa\u00e7\u00e3o Tiago Brand\u00e3o Rodrigues, do historiador Fernando Rosas, do padre Jo\u00e3o Basto, [&hellip;]<\/p>\n","protected":false},"author":7,"featured_media":131730,"comment_status":"closed","ping_status":"closed","sticky":false,"template":"","format":"standard","meta":{"_exactmetrics_skip_tracking":false,"_exactmetrics_sitenote_active":false,"_exactmetrics_sitenote_note":"","_exactmetrics_sitenote_category":0,"footnotes":""},"categories":[14],"tags":[19,27],"class_list":["post-131729","post","type-post","status-publish","format-standard","has-post-thumbnail","hentry","category-viana-do-castelo","tag-cultura","tag-sociedade"],"yoast_head":"<!-- This site is optimized with the Yoast SEO Premium plugin v27.4 (Yoast SEO v27.4) - https:\/\/yoast.com\/product\/yoast-seo-premium-wordpress\/ -->\n<title>\u201cNas guerras dos ricos morrem os pobres\u201d em debate no Caf\u00e9 Concerto do Teatro S\u00e1 de Miranda<\/title>\n<meta name=\"description\" content=\"\u201cNas guerras dos ricos morrem os pobres\u201d em debate no Caf\u00e9 Concerto do Teatro S\u00e1 de Miranda, em Viana do Castelo.\" \/>\n<meta name=\"robots\" content=\"index, follow, max-snippet:-1, max-image-preview:large, max-video-preview:-1\" \/>\n<link rel=\"canonical\" href=\"https:\/\/www.altominho.tv\/site\/2026\/04\/28\/viana-do-castelo-teatro-2\/\" \/>\n<meta property=\"og:locale\" content=\"pt_PT\" \/>\n<meta property=\"og:type\" content=\"article\" \/>\n<meta property=\"og:title\" content=\"\u201cNas guerras dos ricos morrem os pobres\u201d em debate no Caf\u00e9 Concerto do Teatro S\u00e1 de Miranda\" \/>\n<meta property=\"og:description\" content=\"\u201cNas guerras dos ricos morrem os pobres\u201d em debate no Caf\u00e9 Concerto do Teatro S\u00e1 de Miranda, em Viana do Castelo.\" \/>\n<meta property=\"og:url\" content=\"https:\/\/www.altominho.tv\/site\/2026\/04\/28\/viana-do-castelo-teatro-2\/\" \/>\n<meta property=\"og:site_name\" content=\"Altominho.tv\" \/>\n<meta property=\"article:publisher\" content=\"https:\/\/www.facebook.com\/altominhotv\" \/>\n<meta property=\"article:published_time\" content=\"2026-04-28T09:53:45+00:00\" \/>\n<meta property=\"article:modified_time\" content=\"2026-04-28T09:53:48+00:00\" \/>\n<meta property=\"og:image\" content=\"https:\/\/www.altominho.tv\/site\/wp-content\/uploads\/2026\/04\/teatro.png\" \/>\n\t<meta property=\"og:image:width\" content=\"1200\" \/>\n\t<meta property=\"og:image:height\" content=\"630\" \/>\n\t<meta property=\"og:image:type\" content=\"image\/png\" \/>\n<meta name=\"author\" content=\"Andreia Cunha\" \/>\n<meta name=\"twitter:card\" content=\"summary_large_image\" \/>\n<meta name=\"twitter:creator\" content=\"@altominhoTV\" \/>\n<meta name=\"twitter:site\" content=\"@altominhoTV\" \/>\n<meta name=\"twitter:label1\" content=\"Escrito por\" \/>\n\t<meta name=\"twitter:data1\" content=\"Andreia Cunha\" \/>\n\t<meta name=\"twitter:label2\" content=\"Tempo estimado de leitura\" \/>\n\t<meta name=\"twitter:data2\" content=\"1 minuto\" \/>\n<script type=\"application\/ld+json\" class=\"yoast-schema-graph\">{\"@context\":\"https:\\\/\\\/schema.org\",\"@graph\":[{\"@type\":\"Article\",\"@id\":\"https:\\\/\\\/www.altominho.tv\\\/site\\\/2026\\\/04\\\/28\\\/viana-do-castelo-teatro-2\\\/#article\",\"isPartOf\":{\"@id\":\"https:\\\/\\\/www.altominho.tv\\\/site\\\/2026\\\/04\\\/28\\\/viana-do-castelo-teatro-2\\\/\"},\"author\":{\"name\":\"Andreia Cunha\",\"@id\":\"https:\\\/\\\/www.altominho.tv\\\/site\\\/#\\\/schema\\\/person\\\/a0e4ef6d041f98ca284393d8f1d97153\"},\"headline\":\"\u201cNas guerras dos ricos morrem os pobres\u201d em debate no Caf\u00e9 Concerto do Teatro S\u00e1 de Miranda\",\"datePublished\":\"2026-04-28T09:53:45+00:00\",\"dateModified\":\"2026-04-28T09:53:48+00:00\",\"mainEntityOfPage\":{\"@id\":\"https:\\\/\\\/www.altominho.tv\\\/site\\\/2026\\\/04\\\/28\\\/viana-do-castelo-teatro-2\\\/\"},\"wordCount\":151,\"image\":{\"@id\":\"https:\\\/\\\/www.altominho.tv\\\/site\\\/2026\\\/04\\\/28\\\/viana-do-castelo-teatro-2\\\/#primaryimage\"},\"thumbnailUrl\":\"https:\\\/\\\/www.altominho.tv\\\/site\\\/wp-content\\\/uploads\\\/2026\\\/04\\\/teatro.png\",\"keywords\":[\"Cultura\",\"Sociedade\"],\"articleSection\":[\"Viana do Castelo\"],\"inLanguage\":\"pt-PT\",\"copyrightYear\":\"2026\",\"copyrightHolder\":{\"@id\":\"https:\\\/\\\/www.altominho.tv\\\/site\\\/#organization\"}},{\"@type\":\"WebPage\",\"@id\":\"https:\\\/\\\/www.altominho.tv\\\/site\\\/2026\\\/04\\\/28\\\/viana-do-castelo-teatro-2\\\/\",\"url\":\"https:\\\/\\\/www.altominho.tv\\\/site\\\/2026\\\/04\\\/28\\\/viana-do-castelo-teatro-2\\\/\",\"name\":\"\u201cNas guerras dos ricos morrem os pobres\u201d em debate no Caf\u00e9 Concerto do Teatro S\u00e1 de Miranda\",\"isPartOf\":{\"@id\":\"https:\\\/\\\/www.altominho.tv\\\/site\\\/#website\"},\"primaryImageOfPage\":{\"@id\":\"https:\\\/\\\/www.altominho.tv\\\/site\\\/2026\\\/04\\\/28\\\/viana-do-castelo-teatro-2\\\/#primaryimage\"},\"image\":{\"@id\":\"https:\\\/\\\/www.altominho.tv\\\/site\\\/2026\\\/04\\\/28\\\/viana-do-castelo-teatro-2\\\/#primaryimage\"},\"thumbnailUrl\":\"https:\\\/\\\/www.altominho.tv\\\/site\\\/wp-content\\\/uploads\\\/2026\\\/04\\\/teatro.png\",\"datePublished\":\"2026-04-28T09:53:45+00:00\",\"dateModified\":\"2026-04-28T09:53:48+00:00\",\"author\":{\"@id\":\"https:\\\/\\\/www.altominho.tv\\\/site\\\/#\\\/schema\\\/person\\\/a0e4ef6d041f98ca284393d8f1d97153\"},\"description\":\"\u201cNas guerras dos ricos morrem os pobres\u201d em debate no Caf\u00e9 Concerto do Teatro S\u00e1 de Miranda, em Viana do Castelo.\",\"breadcrumb\":{\"@id\":\"https:\\\/\\\/www.altominho.tv\\\/site\\\/2026\\\/04\\\/28\\\/viana-do-castelo-teatro-2\\\/#breadcrumb\"},\"inLanguage\":\"pt-PT\",\"potentialAction\":[{\"@type\":\"ReadAction\",\"target\":[\"https:\\\/\\\/www.altominho.tv\\\/site\\\/2026\\\/04\\\/28\\\/viana-do-castelo-teatro-2\\\/\"]}]},{\"@type\":\"ImageObject\",\"inLanguage\":\"pt-PT\",\"@id\":\"https:\\\/\\\/www.altominho.tv\\\/site\\\/2026\\\/04\\\/28\\\/viana-do-castelo-teatro-2\\\/#primaryimage\",\"url\":\"https:\\\/\\\/www.altominho.tv\\\/site\\\/wp-content\\\/uploads\\\/2026\\\/04\\\/teatro.png\",\"contentUrl\":\"https:\\\/\\\/www.altominho.tv\\\/site\\\/wp-content\\\/uploads\\\/2026\\\/04\\\/teatro.png\",\"width\":1200,\"height\":630},{\"@type\":\"BreadcrumbList\",\"@id\":\"https:\\\/\\\/www.altominho.tv\\\/site\\\/2026\\\/04\\\/28\\\/viana-do-castelo-teatro-2\\\/#breadcrumb\",\"itemListElement\":[{\"@type\":\"ListItem\",\"position\":1,\"name\":\"In\u00edcio\",\"item\":\"https:\\\/\\\/www.altominho.tv\\\/site\\\/\"},{\"@type\":\"ListItem\",\"position\":2,\"name\":\"\u201cNas guerras dos ricos morrem os pobres\u201d em debate no Caf\u00e9 Concerto do Teatro S\u00e1 de Miranda\"}]},{\"@type\":\"WebSite\",\"@id\":\"https:\\\/\\\/www.altominho.tv\\\/site\\\/#website\",\"url\":\"https:\\\/\\\/www.altominho.tv\\\/site\\\/\",\"name\":\"Altominho.tv\",\"description\":\"A sua regi\u00e3o \u00e0 dist\u00e2ncia de um clique...\",\"potentialAction\":[{\"@type\":\"SearchAction\",\"target\":{\"@type\":\"EntryPoint\",\"urlTemplate\":\"https:\\\/\\\/www.altominho.tv\\\/site\\\/?s={search_term_string}\"},\"query-input\":{\"@type\":\"PropertyValueSpecification\",\"valueRequired\":true,\"valueName\":\"search_term_string\"}}],\"inLanguage\":\"pt-PT\"},{\"@type\":\"Person\",\"@id\":\"https:\\\/\\\/www.altominho.tv\\\/site\\\/#\\\/schema\\\/person\\\/a0e4ef6d041f98ca284393d8f1d97153\",\"name\":\"Andreia Cunha\",\"image\":{\"@type\":\"ImageObject\",\"inLanguage\":\"pt-PT\",\"@id\":\"https:\\\/\\\/www.altominho.tv\\\/site\\\/wp-content\\\/uploads\\\/2017\\\/11\\\/Andreia_Cunha-1-150x150.jpg\",\"url\":\"https:\\\/\\\/www.altominho.tv\\\/site\\\/wp-content\\\/uploads\\\/2017\\\/11\\\/Andreia_Cunha-1-150x150.jpg\",\"contentUrl\":\"https:\\\/\\\/www.altominho.tv\\\/site\\\/wp-content\\\/uploads\\\/2017\\\/11\\\/Andreia_Cunha-1-150x150.jpg\",\"caption\":\"Andreia Cunha\"},\"url\":\"https:\\\/\\\/www.altominho.tv\\\/site\\\/author\\\/andreiacunha\\\/\"}]}<\/script>\n<!-- \/ Yoast SEO Premium plugin. -->","yoast_head_json":{"title":"\u201cNas guerras dos ricos morrem os pobres\u201d em debate no Caf\u00e9 Concerto do Teatro S\u00e1 de Miranda","description":"\u201cNas guerras dos ricos morrem os pobres\u201d em debate no Caf\u00e9 Concerto do Teatro S\u00e1 de Miranda, em Viana do Castelo.","robots":{"index":"index","follow":"follow","max-snippet":"max-snippet:-1","max-image-preview":"max-image-preview:large","max-video-preview":"max-video-preview:-1"},"canonical":"https:\/\/www.altominho.tv\/site\/2026\/04\/28\/viana-do-castelo-teatro-2\/","og_locale":"pt_PT","og_type":"article","og_title":"\u201cNas guerras dos ricos morrem os pobres\u201d em debate no Caf\u00e9 Concerto do Teatro S\u00e1 de Miranda","og_description":"\u201cNas guerras dos ricos morrem os pobres\u201d em debate no Caf\u00e9 Concerto do Teatro S\u00e1 de Miranda, em Viana do Castelo.","og_url":"https:\/\/www.altominho.tv\/site\/2026\/04\/28\/viana-do-castelo-teatro-2\/","og_site_name":"Altominho.tv","article_publisher":"https:\/\/www.facebook.com\/altominhotv","article_published_time":"2026-04-28T09:53:45+00:00","article_modified_time":"2026-04-28T09:53:48+00:00","og_image":[{"width":1200,"height":630,"url":"https:\/\/www.altominho.tv\/site\/wp-content\/uploads\/2026\/04\/teatro.png","type":"image\/png"}],"author":"Andreia Cunha","twitter_card":"summary_large_image","twitter_creator":"@altominhoTV","twitter_site":"@altominhoTV","twitter_misc":{"Escrito por":"Andreia Cunha","Tempo estimado de leitura":"1 minuto"},"schema":{"@context":"https:\/\/schema.org","@graph":[{"@type":"Article","@id":"https:\/\/www.altominho.tv\/site\/2026\/04\/28\/viana-do-castelo-teatro-2\/#article","isPartOf":{"@id":"https:\/\/www.altominho.tv\/site\/2026\/04\/28\/viana-do-castelo-teatro-2\/"},"author":{"name":"Andreia Cunha","@id":"https:\/\/www.altominho.tv\/site\/#\/schema\/person\/a0e4ef6d041f98ca284393d8f1d97153"},"headline":"\u201cNas guerras dos ricos morrem os pobres\u201d em debate no Caf\u00e9 Concerto do Teatro S\u00e1 de Miranda","datePublished":"2026-04-28T09:53:45+00:00","dateModified":"2026-04-28T09:53:48+00:00","mainEntityOfPage":{"@id":"https:\/\/www.altominho.tv\/site\/2026\/04\/28\/viana-do-castelo-teatro-2\/"},"wordCount":151,"image":{"@id":"https:\/\/www.altominho.tv\/site\/2026\/04\/28\/viana-do-castelo-teatro-2\/#primaryimage"},"thumbnailUrl":"https:\/\/www.altominho.tv\/site\/wp-content\/uploads\/2026\/04\/teatro.png","keywords":["Cultura","Sociedade"],"articleSection":["Viana do Castelo"],"inLanguage":"pt-PT","copyrightYear":"2026","copyrightHolder":{"@id":"https:\/\/www.altominho.tv\/site\/#organization"}},{"@type":"WebPage","@id":"https:\/\/www.altominho.tv\/site\/2026\/04\/28\/viana-do-castelo-teatro-2\/","url":"https:\/\/www.altominho.tv\/site\/2026\/04\/28\/viana-do-castelo-teatro-2\/","name":"\u201cNas guerras dos ricos morrem os pobres\u201d em debate no Caf\u00e9 Concerto do Teatro S\u00e1 de Miranda","isPartOf":{"@id":"https:\/\/www.altominho.tv\/site\/#website"},"primaryImageOfPage":{"@id":"https:\/\/www.altominho.tv\/site\/2026\/04\/28\/viana-do-castelo-teatro-2\/#primaryimage"},"image":{"@id":"https:\/\/www.altominho.tv\/site\/2026\/04\/28\/viana-do-castelo-teatro-2\/#primaryimage"},"thumbnailUrl":"https:\/\/www.altominho.tv\/site\/wp-content\/uploads\/2026\/04\/teatro.png","datePublished":"2026-04-28T09:53:45+00:00","dateModified":"2026-04-28T09:53:48+00:00","author":{"@id":"https:\/\/www.altominho.tv\/site\/#\/schema\/person\/a0e4ef6d041f98ca284393d8f1d97153"},"description":"\u201cNas guerras dos ricos morrem os pobres\u201d em debate no Caf\u00e9 Concerto do Teatro S\u00e1 de Miranda, em Viana do Castelo.","breadcrumb":{"@id":"https:\/\/www.altominho.tv\/site\/2026\/04\/28\/viana-do-castelo-teatro-2\/#breadcrumb"},"inLanguage":"pt-PT","potentialAction":[{"@type":"ReadAction","target":["https:\/\/www.altominho.tv\/site\/2026\/04\/28\/viana-do-castelo-teatro-2\/"]}]},{"@type":"ImageObject","inLanguage":"pt-PT","@id":"https:\/\/www.altominho.tv\/site\/2026\/04\/28\/viana-do-castelo-teatro-2\/#primaryimage","url":"https:\/\/www.altominho.tv\/site\/wp-content\/uploads\/2026\/04\/teatro.png","contentUrl":"https:\/\/www.altominho.tv\/site\/wp-content\/uploads\/2026\/04\/teatro.png","width":1200,"height":630},{"@type":"BreadcrumbList","@id":"https:\/\/www.altominho.tv\/site\/2026\/04\/28\/viana-do-castelo-teatro-2\/#breadcrumb","itemListElement":[{"@type":"ListItem","position":1,"name":"In\u00edcio","item":"https:\/\/www.altominho.tv\/site\/"},{"@type":"ListItem","position":2,"name":"\u201cNas guerras dos ricos morrem os pobres\u201d em debate no Caf\u00e9 Concerto do Teatro S\u00e1 de Miranda"}]},{"@type":"WebSite","@id":"https:\/\/www.altominho.tv\/site\/#website","url":"https:\/\/www.altominho.tv\/site\/","name":"Altominho.tv","description":"A sua regi\u00e3o \u00e0 dist\u00e2ncia de um clique...","potentialAction":[{"@type":"SearchAction","target":{"@type":"EntryPoint","urlTemplate":"https:\/\/www.altominho.tv\/site\/?s={search_term_string}"},"query-input":{"@type":"PropertyValueSpecification","valueRequired":true,"valueName":"search_term_string"}}],"inLanguage":"pt-PT"},{"@type":"Person","@id":"https:\/\/www.altominho.tv\/site\/#\/schema\/person\/a0e4ef6d041f98ca284393d8f1d97153","name":"Andreia Cunha","image":{"@type":"ImageObject","inLanguage":"pt-PT","@id":"https:\/\/www.altominho.tv\/site\/wp-content\/uploads\/2017\/11\/Andreia_Cunha-1-150x150.jpg","url":"https:\/\/www.altominho.tv\/site\/wp-content\/uploads\/2017\/11\/Andreia_Cunha-1-150x150.jpg","contentUrl":"https:\/\/www.altominho.tv\/site\/wp-content\/uploads\/2017\/11\/Andreia_Cunha-1-150x150.jpg","caption":"Andreia Cunha"},"url":"https:\/\/www.altominho.tv\/site\/author\/andreiacunha\/"}]}},"_links":{"self":[{"href":"https:\/\/www.altominho.tv\/site\/wp-json\/wp\/v2\/posts\/131729","targetHints":{"allow":["GET"]}}],"collection":[{"href":"https:\/\/www.altominho.tv\/site\/wp-json\/wp\/v2\/posts"}],"about":[{"href":"https:\/\/www.altominho.tv\/site\/wp-json\/wp\/v2\/types\/post"}],"author":[{"embeddable":true,"href":"https:\/\/www.altominho.tv\/site\/wp-json\/wp\/v2\/users\/7"}],"replies":[{"embeddable":true,"href":"https:\/\/www.altominho.tv\/site\/wp-json\/wp\/v2\/comments?post=131729"}],"version-history":[{"count":1,"href":"https:\/\/www.altominho.tv\/site\/wp-json\/wp\/v2\/posts\/131729\/revisions"}],"predecessor-version":[{"id":131731,"href":"https:\/\/www.altominho.tv\/site\/wp-json\/wp\/v2\/posts\/131729\/revisions\/131731"}],"wp:featuredmedia":[{"embeddable":true,"href":"https:\/\/www.altominho.tv\/site\/wp-json\/wp\/v2\/media\/131730"}],"wp:attachment":[{"href":"https:\/\/www.altominho.tv\/site\/wp-json\/wp\/v2\/media?parent=131729"}],"wp:term":[{"taxonomy":"category","embeddable":true,"href":"https:\/\/www.altominho.tv\/site\/wp-json\/wp\/v2\/categories?post=131729"},{"taxonomy":"post_tag","embeddable":true,"href":"https:\/\/www.altominho.tv\/site\/wp-json\/wp\/v2\/tags?post=131729"}],"curies":[{"name":"wp","href":"https:\/\/api.w.org\/{rel}","templated":true}]}}