{"id":131722,"date":"2026-04-28T10:14:33","date_gmt":"2026-04-28T09:14:33","guid":{"rendered":"https:\/\/www.altominho.tv\/site\/?p=131722"},"modified":"2026-04-28T10:14:36","modified_gmt":"2026-04-28T09:14:36","slug":"vila-nova-de-cerveira-fecha-ciclo-autarquico-com-contas-equilibradas","status":"publish","type":"post","link":"https:\/\/www.altominho.tv\/site\/2026\/04\/28\/vila-nova-de-cerveira-fecha-ciclo-autarquico-com-contas-equilibradas\/","title":{"rendered":"Vila Nova de Cerveira fecha ciclo aut\u00e1rquico com contas equilibradas"},"content":{"rendered":"<p class=\"p1\">O munic\u00edpio de Vila Nova de Cerveira voltou a demonstrar solidez financeira, ao apresentar um Relat\u00f3rio de Gest\u00e3o e Presta\u00e7\u00e3o de Contas de 2025 com resultados positivos e sustent\u00e1veis. O documento, referente ao \u00faltimo ano do ciclo aut\u00e1rquico 2021-2025, foi aprovado por maioria em reuni\u00e3o de C\u00e2mara e da Assembleia Municipal, evidenciando um mandato marcado pela concretiza\u00e7\u00e3o de investimentos e pela estabilidade das contas p\u00fablicas.<\/p>\n<p class=\"p1\">Em 2025, a autarquia registou um resultado l\u00edquido positivo superior a 439 mil euros, acompanhado por um crescimento significativo da receita municipal, que atingiu os 24,4 milh\u00f5es de euros.<\/p>\n<p class=\"p1\">O presidente da C\u00e2mara sublinha que os resultados refletem uma estrat\u00e9gia consistente, centrada na valoriza\u00e7\u00e3o do territ\u00f3rio e das pessoas. Segundo o autarca, o concelho vive atualmente \u201cum momento de afirma\u00e7\u00e3o\u201d, sustentado na aposta na cultura, inova\u00e7\u00e3o e qualidade de vida, com impactos vis\u00edveis nos indicadores financeiros, sociais e tur\u00edsticos.<\/p>\n<p class=\"p1\">A cultura destacou-se como um dos principais motores de desenvolvimento local, com o Palco das Artes a consolidar-se como um polo dinamizador, atrav\u00e9s de uma programa\u00e7\u00e3o diversificada que inclui cinema, teatro, m\u00fasica e eventos empresariais, contribu\u00eddo para refor\u00e7ar a atratividade e proje\u00e7\u00e3o regional do concelho.<\/p>\n<p class=\"p1\">Paralelamente, a inaugura\u00e7\u00e3o do Centro de Inova\u00e7\u00e3o de Cerveira marcou um novo impulso no dom\u00ednio da moderniza\u00e7\u00e3o e do empreendedorismo, posicionando o munic\u00edpio como um espa\u00e7o de capta\u00e7\u00e3o de talento e investimento.<\/p>\n<p class=\"p1\">O ciclo aut\u00e1rquico ficou tamb\u00e9m marcado por uma forte aposta na coes\u00e3o social e territorial, com investimentos em \u00e1reas essenciais como educa\u00e7\u00e3o, sa\u00fade, habita\u00e7\u00e3o e apoios comunit\u00e1rios. A autarquia refor\u00e7ou o financiamento \u00e0s freguesias, associa\u00e7\u00f5es e institui\u00e7\u00f5es sociais, promovendo inclus\u00e3o e proximidade.<\/p>\n<p class=\"p1\">Na educa\u00e7\u00e3o, foram canalizados recursos para programas de apoio \u00e0s fam\u00edlias, atividades escolares e transporte de alunos. J\u00e1 na sa\u00fade, destaca-se o arranque da requalifica\u00e7\u00e3o do Centro de Sa\u00fade local. No setor da habita\u00e7\u00e3o, o Programa 1.\u00ba Direito assumiu particular relev\u00e2ncia, com um investimento de 1,8 milh\u00f5es de euros.<\/p>\n<p class=\"p1\">A melhoria da rede vi\u00e1ria e das infraestruturas municipais tamb\u00e9m foi uma prioridade, incluindo a requalifica\u00e7\u00e3o da antiga EN302 e investimentos em equipamentos como o Albergue de Peregrinos.<\/p>\n<p class=\"p1\">Com uma execu\u00e7\u00e3o de 10,5 milh\u00f5es de euros nas Grandes Op\u00e7\u00f5es do Plano, o executivo municipal evidencia a concretiza\u00e7\u00e3o das prioridades definidas para o concelho. O balan\u00e7o final aponta para um territ\u00f3rio financeiramente est\u00e1vel, culturalmente din\u00e2mico e preparado para enfrentar os desafios futuros com confian\u00e7a.<\/p>\n","protected":false},"excerpt":{"rendered":"<p>O munic\u00edpio de Vila Nova de Cerveira voltou a demonstrar solidez financeira, ao apresentar um Relat\u00f3rio de Gest\u00e3o e Presta\u00e7\u00e3o de Contas de 2025 com resultados positivos e sustent\u00e1veis. O documento, referente ao \u00faltimo ano do ciclo aut\u00e1rquico 2021-2025, foi aprovado por maioria em reuni\u00e3o de C\u00e2mara e da Assembleia Municipal, evidenciando um mandato marcado [&hellip;]<\/p>\n","protected":false},"author":30,"featured_media":131723,"comment_status":"closed","ping_status":"closed","sticky":false,"template":"","format":"standard","meta":{"_exactmetrics_skip_tracking":false,"_exactmetrics_sitenote_active":false,"_exactmetrics_sitenote_note":"","_exactmetrics_sitenote_category":0,"footnotes":""},"categories":[15],"tags":[27],"class_list":["post-131722","post","type-post","status-publish","format-standard","has-post-thumbnail","hentry","category-vila-nova-de-cerveira","tag-sociedade"],"yoast_head":"<!-- This site is optimized with the Yoast SEO Premium plugin v27.4 (Yoast SEO v27.4) - https:\/\/yoast.com\/product\/yoast-seo-premium-wordpress\/ -->\n<title>Vila Nova de Cerveira fecha ciclo aut\u00e1rquico com contas equilibradas<\/title>\n<meta name=\"description\" content=\"O munic\u00edpio de Vila Nova de Cerveira voltou a demonstrar solidez financeira, ao apresentar um Relat\u00f3rio de Gest\u00e3o e Presta\u00e7\u00e3o de Contas de 2025 com resultados positivos e sustent\u00e1veis.\" \/>\n<meta name=\"robots\" content=\"index, follow, max-snippet:-1, max-image-preview:large, max-video-preview:-1\" \/>\n<link rel=\"canonical\" href=\"https:\/\/www.altominho.tv\/site\/2026\/04\/28\/vila-nova-de-cerveira-fecha-ciclo-autarquico-com-contas-equilibradas\/\" \/>\n<meta property=\"og:locale\" content=\"pt_PT\" \/>\n<meta property=\"og:type\" content=\"article\" \/>\n<meta property=\"og:title\" content=\"Vila Nova de Cerveira fecha ciclo aut\u00e1rquico com contas equilibradas\" \/>\n<meta property=\"og:description\" content=\"O munic\u00edpio de Vila Nova de Cerveira voltou a demonstrar solidez financeira, ao apresentar um Relat\u00f3rio de Gest\u00e3o e Presta\u00e7\u00e3o de Contas de 2025 com resultados positivos e sustent\u00e1veis.\" \/>\n<meta property=\"og:url\" content=\"https:\/\/www.altominho.tv\/site\/2026\/04\/28\/vila-nova-de-cerveira-fecha-ciclo-autarquico-com-contas-equilibradas\/\" \/>\n<meta property=\"og:site_name\" content=\"Altominho.tv\" \/>\n<meta property=\"article:publisher\" content=\"https:\/\/www.facebook.com\/altominhotv\" \/>\n<meta property=\"article:published_time\" content=\"2026-04-28T09:14:33+00:00\" \/>\n<meta property=\"article:modified_time\" content=\"2026-04-28T09:14:36+00:00\" \/>\n<meta property=\"og:image\" content=\"https:\/\/www.altominho.tv\/site\/wp-content\/uploads\/2026\/04\/Camara-Municipal-de-Vila-Nova-de-Cerveira.jpg\" \/>\n\t<meta property=\"og:image:width\" content=\"1200\" \/>\n\t<meta property=\"og:image:height\" content=\"630\" \/>\n\t<meta property=\"og:image:type\" content=\"image\/jpeg\" \/>\n<meta name=\"author\" content=\"Eduarda Cardoso\" \/>\n<meta name=\"twitter:card\" content=\"summary_large_image\" \/>\n<meta name=\"twitter:creator\" content=\"@altominhoTV\" \/>\n<meta name=\"twitter:site\" content=\"@altominhoTV\" \/>\n<meta name=\"twitter:label1\" content=\"Escrito por\" \/>\n\t<meta name=\"twitter:data1\" content=\"Eduarda Cardoso\" \/>\n\t<meta name=\"twitter:label2\" content=\"Tempo estimado de leitura\" \/>\n\t<meta name=\"twitter:data2\" content=\"3 minutos\" \/>\n<script type=\"application\/ld+json\" class=\"yoast-schema-graph\">{\"@context\":\"https:\\\/\\\/schema.org\",\"@graph\":[{\"@type\":\"Article\",\"@id\":\"https:\\\/\\\/www.altominho.tv\\\/site\\\/2026\\\/04\\\/28\\\/vila-nova-de-cerveira-fecha-ciclo-autarquico-com-contas-equilibradas\\\/#article\",\"isPartOf\":{\"@id\":\"https:\\\/\\\/www.altominho.tv\\\/site\\\/2026\\\/04\\\/28\\\/vila-nova-de-cerveira-fecha-ciclo-autarquico-com-contas-equilibradas\\\/\"},\"author\":{\"name\":\"Eduarda Cardoso\",\"@id\":\"https:\\\/\\\/www.altominho.tv\\\/site\\\/#\\\/schema\\\/person\\\/9e351387b727413d005ccf1152c93539\"},\"headline\":\"Vila Nova de Cerveira fecha ciclo aut\u00e1rquico com contas equilibradas\",\"datePublished\":\"2026-04-28T09:14:33+00:00\",\"dateModified\":\"2026-04-28T09:14:36+00:00\",\"mainEntityOfPage\":{\"@id\":\"https:\\\/\\\/www.altominho.tv\\\/site\\\/2026\\\/04\\\/28\\\/vila-nova-de-cerveira-fecha-ciclo-autarquico-com-contas-equilibradas\\\/\"},\"wordCount\":453,\"image\":{\"@id\":\"https:\\\/\\\/www.altominho.tv\\\/site\\\/2026\\\/04\\\/28\\\/vila-nova-de-cerveira-fecha-ciclo-autarquico-com-contas-equilibradas\\\/#primaryimage\"},\"thumbnailUrl\":\"https:\\\/\\\/www.altominho.tv\\\/site\\\/wp-content\\\/uploads\\\/2026\\\/04\\\/Camara-Municipal-de-Vila-Nova-de-Cerveira.jpg\",\"keywords\":[\"Sociedade\"],\"articleSection\":[\"Vila Nova de Cerveira\"],\"inLanguage\":\"pt-PT\",\"copyrightYear\":\"2026\",\"copyrightHolder\":{\"@id\":\"https:\\\/\\\/www.altominho.tv\\\/site\\\/#organization\"}},{\"@type\":\"WebPage\",\"@id\":\"https:\\\/\\\/www.altominho.tv\\\/site\\\/2026\\\/04\\\/28\\\/vila-nova-de-cerveira-fecha-ciclo-autarquico-com-contas-equilibradas\\\/\",\"url\":\"https:\\\/\\\/www.altominho.tv\\\/site\\\/2026\\\/04\\\/28\\\/vila-nova-de-cerveira-fecha-ciclo-autarquico-com-contas-equilibradas\\\/\",\"name\":\"Vila Nova de Cerveira fecha ciclo aut\u00e1rquico com contas equilibradas\",\"isPartOf\":{\"@id\":\"https:\\\/\\\/www.altominho.tv\\\/site\\\/#website\"},\"primaryImageOfPage\":{\"@id\":\"https:\\\/\\\/www.altominho.tv\\\/site\\\/2026\\\/04\\\/28\\\/vila-nova-de-cerveira-fecha-ciclo-autarquico-com-contas-equilibradas\\\/#primaryimage\"},\"image\":{\"@id\":\"https:\\\/\\\/www.altominho.tv\\\/site\\\/2026\\\/04\\\/28\\\/vila-nova-de-cerveira-fecha-ciclo-autarquico-com-contas-equilibradas\\\/#primaryimage\"},\"thumbnailUrl\":\"https:\\\/\\\/www.altominho.tv\\\/site\\\/wp-content\\\/uploads\\\/2026\\\/04\\\/Camara-Municipal-de-Vila-Nova-de-Cerveira.jpg\",\"datePublished\":\"2026-04-28T09:14:33+00:00\",\"dateModified\":\"2026-04-28T09:14:36+00:00\",\"author\":{\"@id\":\"https:\\\/\\\/www.altominho.tv\\\/site\\\/#\\\/schema\\\/person\\\/9e351387b727413d005ccf1152c93539\"},\"description\":\"O munic\u00edpio de Vila Nova de Cerveira voltou a demonstrar solidez financeira, ao apresentar um Relat\u00f3rio de Gest\u00e3o e Presta\u00e7\u00e3o de Contas de 2025 com resultados positivos e sustent\u00e1veis.\",\"breadcrumb\":{\"@id\":\"https:\\\/\\\/www.altominho.tv\\\/site\\\/2026\\\/04\\\/28\\\/vila-nova-de-cerveira-fecha-ciclo-autarquico-com-contas-equilibradas\\\/#breadcrumb\"},\"inLanguage\":\"pt-PT\",\"potentialAction\":[{\"@type\":\"ReadAction\",\"target\":[\"https:\\\/\\\/www.altominho.tv\\\/site\\\/2026\\\/04\\\/28\\\/vila-nova-de-cerveira-fecha-ciclo-autarquico-com-contas-equilibradas\\\/\"]}]},{\"@type\":\"ImageObject\",\"inLanguage\":\"pt-PT\",\"@id\":\"https:\\\/\\\/www.altominho.tv\\\/site\\\/2026\\\/04\\\/28\\\/vila-nova-de-cerveira-fecha-ciclo-autarquico-com-contas-equilibradas\\\/#primaryimage\",\"url\":\"https:\\\/\\\/www.altominho.tv\\\/site\\\/wp-content\\\/uploads\\\/2026\\\/04\\\/Camara-Municipal-de-Vila-Nova-de-Cerveira.jpg\",\"contentUrl\":\"https:\\\/\\\/www.altominho.tv\\\/site\\\/wp-content\\\/uploads\\\/2026\\\/04\\\/Camara-Municipal-de-Vila-Nova-de-Cerveira.jpg\",\"width\":1200,\"height\":630},{\"@type\":\"BreadcrumbList\",\"@id\":\"https:\\\/\\\/www.altominho.tv\\\/site\\\/2026\\\/04\\\/28\\\/vila-nova-de-cerveira-fecha-ciclo-autarquico-com-contas-equilibradas\\\/#breadcrumb\",\"itemListElement\":[{\"@type\":\"ListItem\",\"position\":1,\"name\":\"In\u00edcio\",\"item\":\"https:\\\/\\\/www.altominho.tv\\\/site\\\/\"},{\"@type\":\"ListItem\",\"position\":2,\"name\":\"Vila Nova de Cerveira fecha ciclo aut\u00e1rquico com contas equilibradas\"}]},{\"@type\":\"WebSite\",\"@id\":\"https:\\\/\\\/www.altominho.tv\\\/site\\\/#website\",\"url\":\"https:\\\/\\\/www.altominho.tv\\\/site\\\/\",\"name\":\"Altominho.tv\",\"description\":\"A sua regi\u00e3o \u00e0 dist\u00e2ncia de um clique...\",\"potentialAction\":[{\"@type\":\"SearchAction\",\"target\":{\"@type\":\"EntryPoint\",\"urlTemplate\":\"https:\\\/\\\/www.altominho.tv\\\/site\\\/?s={search_term_string}\"},\"query-input\":{\"@type\":\"PropertyValueSpecification\",\"valueRequired\":true,\"valueName\":\"search_term_string\"}}],\"inLanguage\":\"pt-PT\"},{\"@type\":\"Person\",\"@id\":\"https:\\\/\\\/www.altominho.tv\\\/site\\\/#\\\/schema\\\/person\\\/9e351387b727413d005ccf1152c93539\",\"name\":\"Eduarda Cardoso\",\"image\":{\"@type\":\"ImageObject\",\"inLanguage\":\"pt-PT\",\"@id\":\"https:\\\/\\\/www.altominho.tv\\\/site\\\/wp-content\\\/uploads\\\/2021\\\/01\\\/cropped-Logo-ATV_WEB-150x150.png\",\"url\":\"https:\\\/\\\/www.altominho.tv\\\/site\\\/wp-content\\\/uploads\\\/2021\\\/01\\\/cropped-Logo-ATV_WEB-150x150.png\",\"contentUrl\":\"https:\\\/\\\/www.altominho.tv\\\/site\\\/wp-content\\\/uploads\\\/2021\\\/01\\\/cropped-Logo-ATV_WEB-150x150.png\",\"caption\":\"Eduarda Cardoso\"},\"url\":\"https:\\\/\\\/www.altominho.tv\\\/site\\\/author\\\/eduarda-cardoso\\\/\"}]}<\/script>\n<!-- \/ Yoast SEO Premium plugin. -->","yoast_head_json":{"title":"Vila Nova de Cerveira fecha ciclo aut\u00e1rquico com contas equilibradas","description":"O munic\u00edpio de Vila Nova de Cerveira voltou a demonstrar solidez financeira, ao apresentar um Relat\u00f3rio de Gest\u00e3o e Presta\u00e7\u00e3o de Contas de 2025 com resultados positivos e sustent\u00e1veis.","robots":{"index":"index","follow":"follow","max-snippet":"max-snippet:-1","max-image-preview":"max-image-preview:large","max-video-preview":"max-video-preview:-1"},"canonical":"https:\/\/www.altominho.tv\/site\/2026\/04\/28\/vila-nova-de-cerveira-fecha-ciclo-autarquico-com-contas-equilibradas\/","og_locale":"pt_PT","og_type":"article","og_title":"Vila Nova de Cerveira fecha ciclo aut\u00e1rquico com contas equilibradas","og_description":"O munic\u00edpio de Vila Nova de Cerveira voltou a demonstrar solidez financeira, ao apresentar um Relat\u00f3rio de Gest\u00e3o e Presta\u00e7\u00e3o de Contas de 2025 com resultados positivos e sustent\u00e1veis.","og_url":"https:\/\/www.altominho.tv\/site\/2026\/04\/28\/vila-nova-de-cerveira-fecha-ciclo-autarquico-com-contas-equilibradas\/","og_site_name":"Altominho.tv","article_publisher":"https:\/\/www.facebook.com\/altominhotv","article_published_time":"2026-04-28T09:14:33+00:00","article_modified_time":"2026-04-28T09:14:36+00:00","og_image":[{"width":1200,"height":630,"url":"https:\/\/www.altominho.tv\/site\/wp-content\/uploads\/2026\/04\/Camara-Municipal-de-Vila-Nova-de-Cerveira.jpg","type":"image\/jpeg"}],"author":"Eduarda Cardoso","twitter_card":"summary_large_image","twitter_creator":"@altominhoTV","twitter_site":"@altominhoTV","twitter_misc":{"Escrito por":"Eduarda Cardoso","Tempo estimado de leitura":"3 minutos"},"schema":{"@context":"https:\/\/schema.org","@graph":[{"@type":"Article","@id":"https:\/\/www.altominho.tv\/site\/2026\/04\/28\/vila-nova-de-cerveira-fecha-ciclo-autarquico-com-contas-equilibradas\/#article","isPartOf":{"@id":"https:\/\/www.altominho.tv\/site\/2026\/04\/28\/vila-nova-de-cerveira-fecha-ciclo-autarquico-com-contas-equilibradas\/"},"author":{"name":"Eduarda Cardoso","@id":"https:\/\/www.altominho.tv\/site\/#\/schema\/person\/9e351387b727413d005ccf1152c93539"},"headline":"Vila Nova de Cerveira fecha ciclo aut\u00e1rquico com contas equilibradas","datePublished":"2026-04-28T09:14:33+00:00","dateModified":"2026-04-28T09:14:36+00:00","mainEntityOfPage":{"@id":"https:\/\/www.altominho.tv\/site\/2026\/04\/28\/vila-nova-de-cerveira-fecha-ciclo-autarquico-com-contas-equilibradas\/"},"wordCount":453,"image":{"@id":"https:\/\/www.altominho.tv\/site\/2026\/04\/28\/vila-nova-de-cerveira-fecha-ciclo-autarquico-com-contas-equilibradas\/#primaryimage"},"thumbnailUrl":"https:\/\/www.altominho.tv\/site\/wp-content\/uploads\/2026\/04\/Camara-Municipal-de-Vila-Nova-de-Cerveira.jpg","keywords":["Sociedade"],"articleSection":["Vila Nova de Cerveira"],"inLanguage":"pt-PT","copyrightYear":"2026","copyrightHolder":{"@id":"https:\/\/www.altominho.tv\/site\/#organization"}},{"@type":"WebPage","@id":"https:\/\/www.altominho.tv\/site\/2026\/04\/28\/vila-nova-de-cerveira-fecha-ciclo-autarquico-com-contas-equilibradas\/","url":"https:\/\/www.altominho.tv\/site\/2026\/04\/28\/vila-nova-de-cerveira-fecha-ciclo-autarquico-com-contas-equilibradas\/","name":"Vila Nova de Cerveira fecha ciclo aut\u00e1rquico com contas equilibradas","isPartOf":{"@id":"https:\/\/www.altominho.tv\/site\/#website"},"primaryImageOfPage":{"@id":"https:\/\/www.altominho.tv\/site\/2026\/04\/28\/vila-nova-de-cerveira-fecha-ciclo-autarquico-com-contas-equilibradas\/#primaryimage"},"image":{"@id":"https:\/\/www.altominho.tv\/site\/2026\/04\/28\/vila-nova-de-cerveira-fecha-ciclo-autarquico-com-contas-equilibradas\/#primaryimage"},"thumbnailUrl":"https:\/\/www.altominho.tv\/site\/wp-content\/uploads\/2026\/04\/Camara-Municipal-de-Vila-Nova-de-Cerveira.jpg","datePublished":"2026-04-28T09:14:33+00:00","dateModified":"2026-04-28T09:14:36+00:00","author":{"@id":"https:\/\/www.altominho.tv\/site\/#\/schema\/person\/9e351387b727413d005ccf1152c93539"},"description":"O munic\u00edpio de Vila Nova de Cerveira voltou a demonstrar solidez financeira, ao apresentar um Relat\u00f3rio de Gest\u00e3o e Presta\u00e7\u00e3o de Contas de 2025 com resultados positivos e sustent\u00e1veis.","breadcrumb":{"@id":"https:\/\/www.altominho.tv\/site\/2026\/04\/28\/vila-nova-de-cerveira-fecha-ciclo-autarquico-com-contas-equilibradas\/#breadcrumb"},"inLanguage":"pt-PT","potentialAction":[{"@type":"ReadAction","target":["https:\/\/www.altominho.tv\/site\/2026\/04\/28\/vila-nova-de-cerveira-fecha-ciclo-autarquico-com-contas-equilibradas\/"]}]},{"@type":"ImageObject","inLanguage":"pt-PT","@id":"https:\/\/www.altominho.tv\/site\/2026\/04\/28\/vila-nova-de-cerveira-fecha-ciclo-autarquico-com-contas-equilibradas\/#primaryimage","url":"https:\/\/www.altominho.tv\/site\/wp-content\/uploads\/2026\/04\/Camara-Municipal-de-Vila-Nova-de-Cerveira.jpg","contentUrl":"https:\/\/www.altominho.tv\/site\/wp-content\/uploads\/2026\/04\/Camara-Municipal-de-Vila-Nova-de-Cerveira.jpg","width":1200,"height":630},{"@type":"BreadcrumbList","@id":"https:\/\/www.altominho.tv\/site\/2026\/04\/28\/vila-nova-de-cerveira-fecha-ciclo-autarquico-com-contas-equilibradas\/#breadcrumb","itemListElement":[{"@type":"ListItem","position":1,"name":"In\u00edcio","item":"https:\/\/www.altominho.tv\/site\/"},{"@type":"ListItem","position":2,"name":"Vila Nova de Cerveira fecha ciclo aut\u00e1rquico com contas equilibradas"}]},{"@type":"WebSite","@id":"https:\/\/www.altominho.tv\/site\/#website","url":"https:\/\/www.altominho.tv\/site\/","name":"Altominho.tv","description":"A sua regi\u00e3o \u00e0 dist\u00e2ncia de um clique...","potentialAction":[{"@type":"SearchAction","target":{"@type":"EntryPoint","urlTemplate":"https:\/\/www.altominho.tv\/site\/?s={search_term_string}"},"query-input":{"@type":"PropertyValueSpecification","valueRequired":true,"valueName":"search_term_string"}}],"inLanguage":"pt-PT"},{"@type":"Person","@id":"https:\/\/www.altominho.tv\/site\/#\/schema\/person\/9e351387b727413d005ccf1152c93539","name":"Eduarda Cardoso","image":{"@type":"ImageObject","inLanguage":"pt-PT","@id":"https:\/\/www.altominho.tv\/site\/wp-content\/uploads\/2021\/01\/cropped-Logo-ATV_WEB-150x150.png","url":"https:\/\/www.altominho.tv\/site\/wp-content\/uploads\/2021\/01\/cropped-Logo-ATV_WEB-150x150.png","contentUrl":"https:\/\/www.altominho.tv\/site\/wp-content\/uploads\/2021\/01\/cropped-Logo-ATV_WEB-150x150.png","caption":"Eduarda Cardoso"},"url":"https:\/\/www.altominho.tv\/site\/author\/eduarda-cardoso\/"}]}},"_links":{"self":[{"href":"https:\/\/www.altominho.tv\/site\/wp-json\/wp\/v2\/posts\/131722","targetHints":{"allow":["GET"]}}],"collection":[{"href":"https:\/\/www.altominho.tv\/site\/wp-json\/wp\/v2\/posts"}],"about":[{"href":"https:\/\/www.altominho.tv\/site\/wp-json\/wp\/v2\/types\/post"}],"author":[{"embeddable":true,"href":"https:\/\/www.altominho.tv\/site\/wp-json\/wp\/v2\/users\/30"}],"replies":[{"embeddable":true,"href":"https:\/\/www.altominho.tv\/site\/wp-json\/wp\/v2\/comments?post=131722"}],"version-history":[{"count":2,"href":"https:\/\/www.altominho.tv\/site\/wp-json\/wp\/v2\/posts\/131722\/revisions"}],"predecessor-version":[{"id":131725,"href":"https:\/\/www.altominho.tv\/site\/wp-json\/wp\/v2\/posts\/131722\/revisions\/131725"}],"wp:featuredmedia":[{"embeddable":true,"href":"https:\/\/www.altominho.tv\/site\/wp-json\/wp\/v2\/media\/131723"}],"wp:attachment":[{"href":"https:\/\/www.altominho.tv\/site\/wp-json\/wp\/v2\/media?parent=131722"}],"wp:term":[{"taxonomy":"category","embeddable":true,"href":"https:\/\/www.altominho.tv\/site\/wp-json\/wp\/v2\/categories?post=131722"},{"taxonomy":"post_tag","embeddable":true,"href":"https:\/\/www.altominho.tv\/site\/wp-json\/wp\/v2\/tags?post=131722"}],"curies":[{"name":"wp","href":"https:\/\/api.w.org\/{rel}","templated":true}]}}