{"id":131719,"date":"2026-04-28T09:30:19","date_gmt":"2026-04-28T08:30:19","guid":{"rendered":"https:\/\/www.altominho.tv\/site\/?p=131719"},"modified":"2026-04-28T09:30:20","modified_gmt":"2026-04-28T08:30:20","slug":"luis-nobre-recebe-voleibol-clube-viana-depois-da-subida-i-divisao","status":"publish","type":"post","link":"https:\/\/www.altominho.tv\/site\/2026\/04\/28\/luis-nobre-recebe-voleibol-clube-viana-depois-da-subida-i-divisao\/","title":{"rendered":"Lu\u00eds Nobre recebe o Voleibol Clube de Viana depois da subida \u00e0 I Divis\u00e3o"},"content":{"rendered":"<p class=\"p1\">O Sal\u00e3o Nobre da C\u00e2mara Municipal de Viana do Castelo acolheu, esta segunda-feira, a rece\u00e7\u00e3o oficial aos jogadores e equipa t\u00e9cnica do Voleibol Clube de Viana, que recentemente garantiram o regresso \u00e0 I Divis\u00e3o do voleibol portugu\u00eas.<\/p>\n<p class=\"p1\">A cerim\u00f3nia contou com a presen\u00e7a do presidente da autarquia, Lu\u00eds Nobre, e do vereador do Desporto, Ricardo Rego, al\u00e9m de v\u00e1rias figuras ligadas ao clube, como o presidente Paulo Alves e o treinador Gon\u00e7alo Arezes.<\/p>\n<p class=\"p1\">Durante a rece\u00e7\u00e3o, Lu\u00eds Nobre destacou o \u201csentimento de miss\u00e3o cumprida\u201d por parte da equipa, sublinhando a \u201cseriedade e compromisso\u201d demonstrados ao longo da \u00e9poca. O autarca manifestou ainda a inten\u00e7\u00e3o de manter e refor\u00e7ar a parceria entre o munic\u00edpio e o clube, considerando tratar-se de \u201cum projeto s\u00e9rio, onde podemos e devemos investir com toda a tranquilidade e seguran\u00e7a\u201d.<\/p>\n<p class=\"p1\">O Voleibol Clube de Viana assegurou a subida ao principal escal\u00e3o ap\u00f3s se sagrar campe\u00e3o nacional da II Divis\u00e3o masculina 2025\/2026, a 14 de abril. O t\u00edtulo foi confirmado depois de a Federa\u00e7\u00e3o Portuguesa de Voleibol atribuir vit\u00f3ria \u00e0 equipa vianense por falta de compar\u00eancia do Machico, numa altura em que bastava um triunfo para garantir o primeiro lugar \u2014 o sexto t\u00edtulo nacional da hist\u00f3ria do clube no escal\u00e3o s\u00e9nior masculino.<\/p>\n<p class=\"p1\">Poucos dias depois, a 18 de abril, a equipa celebrou o feito junto dos adeptos, no Pavilh\u00e3o Municipal de Santa Maria Maior, ao vencer o Esmoriz por 3-1 e erguer o trof\u00e9u de campe\u00e3o.<\/p>\n<p class=\"p1\">Em comunicado, a dire\u00e7\u00e3o do clube sublinhou que \u201cViana \u00e9 de primeira\u201d, classificando a conquista como \u201cum momento marcante na hist\u00f3ria\u201d da institui\u00e7\u00e3o, fruto do esfor\u00e7o coletivo de atletas, equipa t\u00e9cnica, s\u00f3cios e simpatizantes.<\/p>\n<p class=\"p1\">Esta subida acontece\u00a0exatamente uma d\u00e9cada depois da primeira promo\u00e7\u00e3ohist\u00f3rica \u00e0 I Divis\u00e3o (2015\/2016) por parte dos seniores masculinos do Voleibol Clube de Viana.<\/p>\n<p>Fotos: <strong>C\u00e2mara Municipal de Viana do Castelo<\/strong><\/p>\n","protected":false},"excerpt":{"rendered":"<p>O Sal\u00e3o Nobre da C\u00e2mara Municipal de Viana do Castelo acolheu, esta segunda-feira, a rece\u00e7\u00e3o oficial aos jogadores e equipa t\u00e9cnica do Voleibol Clube de Viana, que recentemente garantiram o regresso \u00e0 I Divis\u00e3o do voleibol portugu\u00eas. A cerim\u00f3nia contou com a presen\u00e7a do presidente da autarquia, Lu\u00eds Nobre, e do vereador do Desporto, Ricardo [&hellip;]<\/p>\n","protected":false},"author":30,"featured_media":131720,"comment_status":"closed","ping_status":"closed","sticky":false,"template":"","format":"standard","meta":{"_exactmetrics_skip_tracking":false,"_exactmetrics_sitenote_active":false,"_exactmetrics_sitenote_note":"","_exactmetrics_sitenote_category":0,"footnotes":""},"categories":[14],"tags":[20],"class_list":["post-131719","post","type-post","status-publish","format-standard","has-post-thumbnail","hentry","category-viana-do-castelo","tag-desporto"],"yoast_head":"<!-- This site is optimized with the Yoast SEO Premium plugin v27.4 (Yoast SEO v27.4) - https:\/\/yoast.com\/product\/yoast-seo-premium-wordpress\/ -->\n<title>Lu\u00eds Nobre recebe o Voleibol Clube de Viana depois da subida \u00e0 I Divis\u00e3o<\/title>\n<meta name=\"description\" content=\"O Sal\u00e3o Nobre da C\u00e2mara Municipal de Viana do Castelo acolheu, esta segunda-feira, a rece\u00e7\u00e3o oficial aos jogadores e equipa t\u00e9cnica do Voleibol Clube de Viana, que recentemente garantiram o regresso \u00e0 I Divis\u00e3o do voleibol portugu\u00eas.\" \/>\n<meta name=\"robots\" content=\"index, follow, max-snippet:-1, max-image-preview:large, max-video-preview:-1\" \/>\n<link rel=\"canonical\" href=\"https:\/\/www.altominho.tv\/site\/2026\/04\/28\/luis-nobre-recebe-voleibol-clube-viana-depois-da-subida-i-divisao\/\" \/>\n<meta property=\"og:locale\" content=\"pt_PT\" \/>\n<meta property=\"og:type\" content=\"article\" \/>\n<meta property=\"og:title\" content=\"Lu\u00eds Nobre recebe o Voleibol Clube de Viana depois da subida \u00e0 I Divis\u00e3o\" \/>\n<meta property=\"og:description\" content=\"O Sal\u00e3o Nobre da C\u00e2mara Municipal de Viana do Castelo acolheu, esta segunda-feira, a rece\u00e7\u00e3o oficial aos jogadores e equipa t\u00e9cnica do Voleibol Clube de Viana, que recentemente garantiram o regresso \u00e0 I Divis\u00e3o do voleibol portugu\u00eas.\" \/>\n<meta property=\"og:url\" content=\"https:\/\/www.altominho.tv\/site\/2026\/04\/28\/luis-nobre-recebe-voleibol-clube-viana-depois-da-subida-i-divisao\/\" \/>\n<meta property=\"og:site_name\" content=\"Altominho.tv\" \/>\n<meta property=\"article:publisher\" content=\"https:\/\/www.facebook.com\/altominhotv\" \/>\n<meta property=\"article:published_time\" content=\"2026-04-28T08:30:19+00:00\" \/>\n<meta property=\"article:modified_time\" content=\"2026-04-28T08:30:20+00:00\" \/>\n<meta property=\"og:image\" content=\"https:\/\/www.altominho.tv\/site\/wp-content\/uploads\/2026\/04\/Voleibol-Clube-de-Viana-.jpg\" \/>\n\t<meta property=\"og:image:width\" content=\"1200\" \/>\n\t<meta property=\"og:image:height\" content=\"630\" \/>\n\t<meta property=\"og:image:type\" content=\"image\/jpeg\" \/>\n<meta name=\"author\" content=\"Eduarda Cardoso\" \/>\n<meta name=\"twitter:card\" content=\"summary_large_image\" \/>\n<meta name=\"twitter:creator\" content=\"@altominhoTV\" \/>\n<meta name=\"twitter:site\" content=\"@altominhoTV\" \/>\n<meta name=\"twitter:label1\" content=\"Escrito por\" \/>\n\t<meta name=\"twitter:data1\" content=\"Eduarda Cardoso\" \/>\n\t<meta name=\"twitter:label2\" content=\"Tempo estimado de leitura\" \/>\n\t<meta name=\"twitter:data2\" content=\"2 minutos\" \/>\n<script type=\"application\/ld+json\" class=\"yoast-schema-graph\">{\"@context\":\"https:\\\/\\\/schema.org\",\"@graph\":[{\"@type\":\"Article\",\"@id\":\"https:\\\/\\\/www.altominho.tv\\\/site\\\/2026\\\/04\\\/28\\\/luis-nobre-recebe-voleibol-clube-viana-depois-da-subida-i-divisao\\\/#article\",\"isPartOf\":{\"@id\":\"https:\\\/\\\/www.altominho.tv\\\/site\\\/2026\\\/04\\\/28\\\/luis-nobre-recebe-voleibol-clube-viana-depois-da-subida-i-divisao\\\/\"},\"author\":{\"name\":\"Eduarda Cardoso\",\"@id\":\"https:\\\/\\\/www.altominho.tv\\\/site\\\/#\\\/schema\\\/person\\\/9e351387b727413d005ccf1152c93539\"},\"headline\":\"Lu\u00eds Nobre recebe o Voleibol Clube de Viana depois da subida \u00e0 I Divis\u00e3o\",\"datePublished\":\"2026-04-28T08:30:19+00:00\",\"dateModified\":\"2026-04-28T08:30:20+00:00\",\"mainEntityOfPage\":{\"@id\":\"https:\\\/\\\/www.altominho.tv\\\/site\\\/2026\\\/04\\\/28\\\/luis-nobre-recebe-voleibol-clube-viana-depois-da-subida-i-divisao\\\/\"},\"wordCount\":356,\"image\":{\"@id\":\"https:\\\/\\\/www.altominho.tv\\\/site\\\/2026\\\/04\\\/28\\\/luis-nobre-recebe-voleibol-clube-viana-depois-da-subida-i-divisao\\\/#primaryimage\"},\"thumbnailUrl\":\"https:\\\/\\\/www.altominho.tv\\\/site\\\/wp-content\\\/uploads\\\/2026\\\/04\\\/Voleibol-Clube-de-Viana-.jpg\",\"keywords\":[\"Desporto\"],\"articleSection\":[\"Viana do Castelo\"],\"inLanguage\":\"pt-PT\",\"copyrightYear\":\"2026\",\"copyrightHolder\":{\"@id\":\"https:\\\/\\\/www.altominho.tv\\\/site\\\/#organization\"}},{\"@type\":\"WebPage\",\"@id\":\"https:\\\/\\\/www.altominho.tv\\\/site\\\/2026\\\/04\\\/28\\\/luis-nobre-recebe-voleibol-clube-viana-depois-da-subida-i-divisao\\\/\",\"url\":\"https:\\\/\\\/www.altominho.tv\\\/site\\\/2026\\\/04\\\/28\\\/luis-nobre-recebe-voleibol-clube-viana-depois-da-subida-i-divisao\\\/\",\"name\":\"Lu\u00eds Nobre recebe o Voleibol Clube de Viana depois da subida \u00e0 I Divis\u00e3o\",\"isPartOf\":{\"@id\":\"https:\\\/\\\/www.altominho.tv\\\/site\\\/#website\"},\"primaryImageOfPage\":{\"@id\":\"https:\\\/\\\/www.altominho.tv\\\/site\\\/2026\\\/04\\\/28\\\/luis-nobre-recebe-voleibol-clube-viana-depois-da-subida-i-divisao\\\/#primaryimage\"},\"image\":{\"@id\":\"https:\\\/\\\/www.altominho.tv\\\/site\\\/2026\\\/04\\\/28\\\/luis-nobre-recebe-voleibol-clube-viana-depois-da-subida-i-divisao\\\/#primaryimage\"},\"thumbnailUrl\":\"https:\\\/\\\/www.altominho.tv\\\/site\\\/wp-content\\\/uploads\\\/2026\\\/04\\\/Voleibol-Clube-de-Viana-.jpg\",\"datePublished\":\"2026-04-28T08:30:19+00:00\",\"dateModified\":\"2026-04-28T08:30:20+00:00\",\"author\":{\"@id\":\"https:\\\/\\\/www.altominho.tv\\\/site\\\/#\\\/schema\\\/person\\\/9e351387b727413d005ccf1152c93539\"},\"description\":\"O Sal\u00e3o Nobre da C\u00e2mara Municipal de Viana do Castelo acolheu, esta segunda-feira, a rece\u00e7\u00e3o oficial aos jogadores e equipa t\u00e9cnica do Voleibol Clube de Viana, que recentemente garantiram o regresso \u00e0 I Divis\u00e3o do voleibol portugu\u00eas.\",\"breadcrumb\":{\"@id\":\"https:\\\/\\\/www.altominho.tv\\\/site\\\/2026\\\/04\\\/28\\\/luis-nobre-recebe-voleibol-clube-viana-depois-da-subida-i-divisao\\\/#breadcrumb\"},\"inLanguage\":\"pt-PT\",\"potentialAction\":[{\"@type\":\"ReadAction\",\"target\":[\"https:\\\/\\\/www.altominho.tv\\\/site\\\/2026\\\/04\\\/28\\\/luis-nobre-recebe-voleibol-clube-viana-depois-da-subida-i-divisao\\\/\"]}]},{\"@type\":\"ImageObject\",\"inLanguage\":\"pt-PT\",\"@id\":\"https:\\\/\\\/www.altominho.tv\\\/site\\\/2026\\\/04\\\/28\\\/luis-nobre-recebe-voleibol-clube-viana-depois-da-subida-i-divisao\\\/#primaryimage\",\"url\":\"https:\\\/\\\/www.altominho.tv\\\/site\\\/wp-content\\\/uploads\\\/2026\\\/04\\\/Voleibol-Clube-de-Viana-.jpg\",\"contentUrl\":\"https:\\\/\\\/www.altominho.tv\\\/site\\\/wp-content\\\/uploads\\\/2026\\\/04\\\/Voleibol-Clube-de-Viana-.jpg\",\"width\":1200,\"height\":630},{\"@type\":\"BreadcrumbList\",\"@id\":\"https:\\\/\\\/www.altominho.tv\\\/site\\\/2026\\\/04\\\/28\\\/luis-nobre-recebe-voleibol-clube-viana-depois-da-subida-i-divisao\\\/#breadcrumb\",\"itemListElement\":[{\"@type\":\"ListItem\",\"position\":1,\"name\":\"In\u00edcio\",\"item\":\"https:\\\/\\\/www.altominho.tv\\\/site\\\/\"},{\"@type\":\"ListItem\",\"position\":2,\"name\":\"Lu\u00eds Nobre recebe o Voleibol Clube de Viana depois da subida \u00e0 I Divis\u00e3o\"}]},{\"@type\":\"WebSite\",\"@id\":\"https:\\\/\\\/www.altominho.tv\\\/site\\\/#website\",\"url\":\"https:\\\/\\\/www.altominho.tv\\\/site\\\/\",\"name\":\"Altominho.tv\",\"description\":\"A sua regi\u00e3o \u00e0 dist\u00e2ncia de um clique...\",\"potentialAction\":[{\"@type\":\"SearchAction\",\"target\":{\"@type\":\"EntryPoint\",\"urlTemplate\":\"https:\\\/\\\/www.altominho.tv\\\/site\\\/?s={search_term_string}\"},\"query-input\":{\"@type\":\"PropertyValueSpecification\",\"valueRequired\":true,\"valueName\":\"search_term_string\"}}],\"inLanguage\":\"pt-PT\"},{\"@type\":\"Person\",\"@id\":\"https:\\\/\\\/www.altominho.tv\\\/site\\\/#\\\/schema\\\/person\\\/9e351387b727413d005ccf1152c93539\",\"name\":\"Eduarda Cardoso\",\"image\":{\"@type\":\"ImageObject\",\"inLanguage\":\"pt-PT\",\"@id\":\"https:\\\/\\\/www.altominho.tv\\\/site\\\/wp-content\\\/uploads\\\/2021\\\/01\\\/cropped-Logo-ATV_WEB-150x150.png\",\"url\":\"https:\\\/\\\/www.altominho.tv\\\/site\\\/wp-content\\\/uploads\\\/2021\\\/01\\\/cropped-Logo-ATV_WEB-150x150.png\",\"contentUrl\":\"https:\\\/\\\/www.altominho.tv\\\/site\\\/wp-content\\\/uploads\\\/2021\\\/01\\\/cropped-Logo-ATV_WEB-150x150.png\",\"caption\":\"Eduarda Cardoso\"},\"url\":\"https:\\\/\\\/www.altominho.tv\\\/site\\\/author\\\/eduarda-cardoso\\\/\"}]}<\/script>\n<!-- \/ Yoast SEO Premium plugin. -->","yoast_head_json":{"title":"Lu\u00eds Nobre recebe o Voleibol Clube de Viana depois da subida \u00e0 I Divis\u00e3o","description":"O Sal\u00e3o Nobre da C\u00e2mara Municipal de Viana do Castelo acolheu, esta segunda-feira, a rece\u00e7\u00e3o oficial aos jogadores e equipa t\u00e9cnica do Voleibol Clube de Viana, que recentemente garantiram o regresso \u00e0 I Divis\u00e3o do voleibol portugu\u00eas.","robots":{"index":"index","follow":"follow","max-snippet":"max-snippet:-1","max-image-preview":"max-image-preview:large","max-video-preview":"max-video-preview:-1"},"canonical":"https:\/\/www.altominho.tv\/site\/2026\/04\/28\/luis-nobre-recebe-voleibol-clube-viana-depois-da-subida-i-divisao\/","og_locale":"pt_PT","og_type":"article","og_title":"Lu\u00eds Nobre recebe o Voleibol Clube de Viana depois da subida \u00e0 I Divis\u00e3o","og_description":"O Sal\u00e3o Nobre da C\u00e2mara Municipal de Viana do Castelo acolheu, esta segunda-feira, a rece\u00e7\u00e3o oficial aos jogadores e equipa t\u00e9cnica do Voleibol Clube de Viana, que recentemente garantiram o regresso \u00e0 I Divis\u00e3o do voleibol portugu\u00eas.","og_url":"https:\/\/www.altominho.tv\/site\/2026\/04\/28\/luis-nobre-recebe-voleibol-clube-viana-depois-da-subida-i-divisao\/","og_site_name":"Altominho.tv","article_publisher":"https:\/\/www.facebook.com\/altominhotv","article_published_time":"2026-04-28T08:30:19+00:00","article_modified_time":"2026-04-28T08:30:20+00:00","og_image":[{"width":1200,"height":630,"url":"https:\/\/www.altominho.tv\/site\/wp-content\/uploads\/2026\/04\/Voleibol-Clube-de-Viana-.jpg","type":"image\/jpeg"}],"author":"Eduarda Cardoso","twitter_card":"summary_large_image","twitter_creator":"@altominhoTV","twitter_site":"@altominhoTV","twitter_misc":{"Escrito por":"Eduarda Cardoso","Tempo estimado de leitura":"2 minutos"},"schema":{"@context":"https:\/\/schema.org","@graph":[{"@type":"Article","@id":"https:\/\/www.altominho.tv\/site\/2026\/04\/28\/luis-nobre-recebe-voleibol-clube-viana-depois-da-subida-i-divisao\/#article","isPartOf":{"@id":"https:\/\/www.altominho.tv\/site\/2026\/04\/28\/luis-nobre-recebe-voleibol-clube-viana-depois-da-subida-i-divisao\/"},"author":{"name":"Eduarda Cardoso","@id":"https:\/\/www.altominho.tv\/site\/#\/schema\/person\/9e351387b727413d005ccf1152c93539"},"headline":"Lu\u00eds Nobre recebe o Voleibol Clube de Viana depois da subida \u00e0 I Divis\u00e3o","datePublished":"2026-04-28T08:30:19+00:00","dateModified":"2026-04-28T08:30:20+00:00","mainEntityOfPage":{"@id":"https:\/\/www.altominho.tv\/site\/2026\/04\/28\/luis-nobre-recebe-voleibol-clube-viana-depois-da-subida-i-divisao\/"},"wordCount":356,"image":{"@id":"https:\/\/www.altominho.tv\/site\/2026\/04\/28\/luis-nobre-recebe-voleibol-clube-viana-depois-da-subida-i-divisao\/#primaryimage"},"thumbnailUrl":"https:\/\/www.altominho.tv\/site\/wp-content\/uploads\/2026\/04\/Voleibol-Clube-de-Viana-.jpg","keywords":["Desporto"],"articleSection":["Viana do Castelo"],"inLanguage":"pt-PT","copyrightYear":"2026","copyrightHolder":{"@id":"https:\/\/www.altominho.tv\/site\/#organization"}},{"@type":"WebPage","@id":"https:\/\/www.altominho.tv\/site\/2026\/04\/28\/luis-nobre-recebe-voleibol-clube-viana-depois-da-subida-i-divisao\/","url":"https:\/\/www.altominho.tv\/site\/2026\/04\/28\/luis-nobre-recebe-voleibol-clube-viana-depois-da-subida-i-divisao\/","name":"Lu\u00eds Nobre recebe o Voleibol Clube de Viana depois da subida \u00e0 I Divis\u00e3o","isPartOf":{"@id":"https:\/\/www.altominho.tv\/site\/#website"},"primaryImageOfPage":{"@id":"https:\/\/www.altominho.tv\/site\/2026\/04\/28\/luis-nobre-recebe-voleibol-clube-viana-depois-da-subida-i-divisao\/#primaryimage"},"image":{"@id":"https:\/\/www.altominho.tv\/site\/2026\/04\/28\/luis-nobre-recebe-voleibol-clube-viana-depois-da-subida-i-divisao\/#primaryimage"},"thumbnailUrl":"https:\/\/www.altominho.tv\/site\/wp-content\/uploads\/2026\/04\/Voleibol-Clube-de-Viana-.jpg","datePublished":"2026-04-28T08:30:19+00:00","dateModified":"2026-04-28T08:30:20+00:00","author":{"@id":"https:\/\/www.altominho.tv\/site\/#\/schema\/person\/9e351387b727413d005ccf1152c93539"},"description":"O Sal\u00e3o Nobre da C\u00e2mara Municipal de Viana do Castelo acolheu, esta segunda-feira, a rece\u00e7\u00e3o oficial aos jogadores e equipa t\u00e9cnica do Voleibol Clube de Viana, que recentemente garantiram o regresso \u00e0 I Divis\u00e3o do voleibol portugu\u00eas.","breadcrumb":{"@id":"https:\/\/www.altominho.tv\/site\/2026\/04\/28\/luis-nobre-recebe-voleibol-clube-viana-depois-da-subida-i-divisao\/#breadcrumb"},"inLanguage":"pt-PT","potentialAction":[{"@type":"ReadAction","target":["https:\/\/www.altominho.tv\/site\/2026\/04\/28\/luis-nobre-recebe-voleibol-clube-viana-depois-da-subida-i-divisao\/"]}]},{"@type":"ImageObject","inLanguage":"pt-PT","@id":"https:\/\/www.altominho.tv\/site\/2026\/04\/28\/luis-nobre-recebe-voleibol-clube-viana-depois-da-subida-i-divisao\/#primaryimage","url":"https:\/\/www.altominho.tv\/site\/wp-content\/uploads\/2026\/04\/Voleibol-Clube-de-Viana-.jpg","contentUrl":"https:\/\/www.altominho.tv\/site\/wp-content\/uploads\/2026\/04\/Voleibol-Clube-de-Viana-.jpg","width":1200,"height":630},{"@type":"BreadcrumbList","@id":"https:\/\/www.altominho.tv\/site\/2026\/04\/28\/luis-nobre-recebe-voleibol-clube-viana-depois-da-subida-i-divisao\/#breadcrumb","itemListElement":[{"@type":"ListItem","position":1,"name":"In\u00edcio","item":"https:\/\/www.altominho.tv\/site\/"},{"@type":"ListItem","position":2,"name":"Lu\u00eds Nobre recebe o Voleibol Clube de Viana depois da subida \u00e0 I Divis\u00e3o"}]},{"@type":"WebSite","@id":"https:\/\/www.altominho.tv\/site\/#website","url":"https:\/\/www.altominho.tv\/site\/","name":"Altominho.tv","description":"A sua regi\u00e3o \u00e0 dist\u00e2ncia de um clique...","potentialAction":[{"@type":"SearchAction","target":{"@type":"EntryPoint","urlTemplate":"https:\/\/www.altominho.tv\/site\/?s={search_term_string}"},"query-input":{"@type":"PropertyValueSpecification","valueRequired":true,"valueName":"search_term_string"}}],"inLanguage":"pt-PT"},{"@type":"Person","@id":"https:\/\/www.altominho.tv\/site\/#\/schema\/person\/9e351387b727413d005ccf1152c93539","name":"Eduarda Cardoso","image":{"@type":"ImageObject","inLanguage":"pt-PT","@id":"https:\/\/www.altominho.tv\/site\/wp-content\/uploads\/2021\/01\/cropped-Logo-ATV_WEB-150x150.png","url":"https:\/\/www.altominho.tv\/site\/wp-content\/uploads\/2021\/01\/cropped-Logo-ATV_WEB-150x150.png","contentUrl":"https:\/\/www.altominho.tv\/site\/wp-content\/uploads\/2021\/01\/cropped-Logo-ATV_WEB-150x150.png","caption":"Eduarda Cardoso"},"url":"https:\/\/www.altominho.tv\/site\/author\/eduarda-cardoso\/"}]}},"_links":{"self":[{"href":"https:\/\/www.altominho.tv\/site\/wp-json\/wp\/v2\/posts\/131719","targetHints":{"allow":["GET"]}}],"collection":[{"href":"https:\/\/www.altominho.tv\/site\/wp-json\/wp\/v2\/posts"}],"about":[{"href":"https:\/\/www.altominho.tv\/site\/wp-json\/wp\/v2\/types\/post"}],"author":[{"embeddable":true,"href":"https:\/\/www.altominho.tv\/site\/wp-json\/wp\/v2\/users\/30"}],"replies":[{"embeddable":true,"href":"https:\/\/www.altominho.tv\/site\/wp-json\/wp\/v2\/comments?post=131719"}],"version-history":[{"count":1,"href":"https:\/\/www.altominho.tv\/site\/wp-json\/wp\/v2\/posts\/131719\/revisions"}],"predecessor-version":[{"id":131721,"href":"https:\/\/www.altominho.tv\/site\/wp-json\/wp\/v2\/posts\/131719\/revisions\/131721"}],"wp:featuredmedia":[{"embeddable":true,"href":"https:\/\/www.altominho.tv\/site\/wp-json\/wp\/v2\/media\/131720"}],"wp:attachment":[{"href":"https:\/\/www.altominho.tv\/site\/wp-json\/wp\/v2\/media?parent=131719"}],"wp:term":[{"taxonomy":"category","embeddable":true,"href":"https:\/\/www.altominho.tv\/site\/wp-json\/wp\/v2\/categories?post=131719"},{"taxonomy":"post_tag","embeddable":true,"href":"https:\/\/www.altominho.tv\/site\/wp-json\/wp\/v2\/tags?post=131719"}],"curies":[{"name":"wp","href":"https:\/\/api.w.org\/{rel}","templated":true}]}}