{"id":131718,"date":"2026-04-28T10:35:18","date_gmt":"2026-04-28T09:35:18","guid":{"rendered":"https:\/\/www.altominho.tv\/site\/?p=131718"},"modified":"2026-04-28T10:35:20","modified_gmt":"2026-04-28T09:35:20","slug":"pais-apagao-eletricidade","status":"publish","type":"post","link":"https:\/\/www.altominho.tv\/site\/2026\/04\/28\/pais-apagao-eletricidade\/","title":{"rendered":"Foi h\u00e1 um ano que um apag\u00e3o deixou o pa\u00eds \u00e0s escuras"},"content":{"rendered":"\n<p>Foi h\u00e1 exatamente um ano que um apag\u00e3o deixou o pa\u00eds \u00e0s escuras.<\/p>\n\n\n\n<p>Eram 11h33 em Portugal Continental, quando a rede el\u00e9trica ib\u00e9rica sofreu um colapso total perdendo o sincronismo com a rede europeia.<\/p>\n\n\n\n<p>De repente, todo o pa\u00eds estava &#8220;\u00e0s escuras&#8221;.<\/p>\n\n\n\n<p>Os transportes pararam, os sem\u00e1foros desligaram-se e o caos no tr\u00e2nsito generalizou-se.<\/p>\n\n\n\n<p>Sem luz os terminais de pagamento deixaram de funcionar, a internet desapareceu e a popula\u00e7\u00e3o correu para os supermercados e para as bombas de gasolina.<\/p>\n\n\n\n<p>Por volta das 13h00, o Aeroporto de Lisboa teve que encerrar a opera\u00e7\u00e3o, apesar dos geradores aeroportu\u00e1rios do Porto e de Faro conseguirem manter alguma atividade, com centenas de voos cancelados ou atrasados.<\/p>\n\n\n\n<p>S\u00f3 a r\u00e1dio p\u00fablica continuou a emitir, devido a geradores de emerg\u00eancia, servindo de farol \u00e0 falta repentina de informa\u00e7\u00e3o.<\/p>\n\n\n\n<p>A reposi\u00e7\u00e3o total da energia veio a acontecer cerca de 12h depois, pelas 23h20.<\/p>\n\n\n\n<p>O apag\u00e3o total de 28 de abril de 2025, \u00e9 considerado um dos momentos do ano. <\/p>\n\n\n\n<p>Fotografia: <strong>DR<\/strong><\/p>\n","protected":false},"excerpt":{"rendered":"<p>Foi h\u00e1 exatamente um ano que um apag\u00e3o deixou o pa\u00eds \u00e0s escuras. Eram 11h33 em Portugal Continental, quando a rede el\u00e9trica ib\u00e9rica sofreu um colapso total perdendo o sincronismo com a rede europeia. De repente, todo o pa\u00eds estava &#8220;\u00e0s escuras&#8221;. Os transportes pararam, os sem\u00e1foros desligaram-se e o caos no tr\u00e2nsito generalizou-se. Sem [&hellip;]<\/p>\n","protected":false},"author":7,"featured_media":131727,"comment_status":"closed","ping_status":"closed","sticky":false,"template":"","format":"standard","meta":{"_exactmetrics_skip_tracking":false,"_exactmetrics_sitenote_active":false,"_exactmetrics_sitenote_note":"","_exactmetrics_sitenote_category":0,"footnotes":""},"categories":[56325],"tags":[27],"class_list":["post-131718","post","type-post","status-publish","format-standard","has-post-thumbnail","hentry","category-pais","tag-sociedade"],"yoast_head":"<!-- This site is optimized with the Yoast SEO Premium plugin v27.4 (Yoast SEO v27.4) - https:\/\/yoast.com\/product\/yoast-seo-premium-wordpress\/ -->\n<title>Foi h\u00e1 um ano que um apag\u00e3o deixou o pa\u00eds \u00e0s escuras<\/title>\n<meta name=\"description\" content=\"Foi a 28 de abril de 2025, que um apag\u00e3o deixou o pa\u00eds \u00e0s escuras.\" \/>\n<meta name=\"robots\" content=\"index, follow, max-snippet:-1, max-image-preview:large, max-video-preview:-1\" \/>\n<link rel=\"canonical\" href=\"https:\/\/www.altominho.tv\/site\/2026\/04\/28\/pais-apagao-eletricidade\/\" \/>\n<meta property=\"og:locale\" content=\"pt_PT\" \/>\n<meta property=\"og:type\" content=\"article\" \/>\n<meta property=\"og:title\" content=\"Foi h\u00e1 um ano que um apag\u00e3o deixou o pa\u00eds \u00e0s escuras\" \/>\n<meta property=\"og:description\" content=\"Foi a 28 de abril de 2025, que um apag\u00e3o deixou o pa\u00eds \u00e0s escuras.\" \/>\n<meta property=\"og:url\" content=\"https:\/\/www.altominho.tv\/site\/2026\/04\/28\/pais-apagao-eletricidade\/\" \/>\n<meta property=\"og:site_name\" content=\"Altominho.tv\" \/>\n<meta property=\"article:publisher\" content=\"https:\/\/www.facebook.com\/altominhotv\" \/>\n<meta property=\"article:published_time\" content=\"2026-04-28T09:35:18+00:00\" \/>\n<meta property=\"article:modified_time\" content=\"2026-04-28T09:35:20+00:00\" \/>\n<meta property=\"og:image\" content=\"https:\/\/www.altominho.tv\/site\/wp-content\/uploads\/2026\/04\/apagao-740x389-1.png\" \/>\n\t<meta property=\"og:image:width\" content=\"740\" \/>\n\t<meta property=\"og:image:height\" content=\"389\" \/>\n\t<meta property=\"og:image:type\" content=\"image\/png\" \/>\n<meta name=\"author\" content=\"Andreia Cunha\" \/>\n<meta name=\"twitter:card\" content=\"summary_large_image\" \/>\n<meta name=\"twitter:creator\" content=\"@altominhoTV\" \/>\n<meta name=\"twitter:site\" content=\"@altominhoTV\" \/>\n<meta name=\"twitter:label1\" content=\"Escrito por\" \/>\n\t<meta name=\"twitter:data1\" content=\"Andreia Cunha\" \/>\n\t<meta name=\"twitter:label2\" content=\"Tempo estimado de leitura\" \/>\n\t<meta name=\"twitter:data2\" content=\"2 minutos\" \/>\n<script type=\"application\/ld+json\" class=\"yoast-schema-graph\">{\"@context\":\"https:\\\/\\\/schema.org\",\"@graph\":[{\"@type\":\"Article\",\"@id\":\"https:\\\/\\\/www.altominho.tv\\\/site\\\/2026\\\/04\\\/28\\\/pais-apagao-eletricidade\\\/#article\",\"isPartOf\":{\"@id\":\"https:\\\/\\\/www.altominho.tv\\\/site\\\/2026\\\/04\\\/28\\\/pais-apagao-eletricidade\\\/\"},\"author\":{\"name\":\"Andreia Cunha\",\"@id\":\"https:\\\/\\\/www.altominho.tv\\\/site\\\/#\\\/schema\\\/person\\\/a0e4ef6d041f98ca284393d8f1d97153\"},\"headline\":\"Foi h\u00e1 um ano que um apag\u00e3o deixou o pa\u00eds \u00e0s escuras\",\"datePublished\":\"2026-04-28T09:35:18+00:00\",\"dateModified\":\"2026-04-28T09:35:20+00:00\",\"mainEntityOfPage\":{\"@id\":\"https:\\\/\\\/www.altominho.tv\\\/site\\\/2026\\\/04\\\/28\\\/pais-apagao-eletricidade\\\/\"},\"wordCount\":190,\"image\":{\"@id\":\"https:\\\/\\\/www.altominho.tv\\\/site\\\/2026\\\/04\\\/28\\\/pais-apagao-eletricidade\\\/#primaryimage\"},\"thumbnailUrl\":\"https:\\\/\\\/www.altominho.tv\\\/site\\\/wp-content\\\/uploads\\\/2026\\\/04\\\/apagao-740x389-1.png\",\"keywords\":[\"Sociedade\"],\"articleSection\":[\"Pa\u00eds\"],\"inLanguage\":\"pt-PT\",\"copyrightYear\":\"2026\",\"copyrightHolder\":{\"@id\":\"https:\\\/\\\/www.altominho.tv\\\/site\\\/#organization\"}},{\"@type\":\"WebPage\",\"@id\":\"https:\\\/\\\/www.altominho.tv\\\/site\\\/2026\\\/04\\\/28\\\/pais-apagao-eletricidade\\\/\",\"url\":\"https:\\\/\\\/www.altominho.tv\\\/site\\\/2026\\\/04\\\/28\\\/pais-apagao-eletricidade\\\/\",\"name\":\"Foi h\u00e1 um ano que um apag\u00e3o deixou o pa\u00eds \u00e0s escuras\",\"isPartOf\":{\"@id\":\"https:\\\/\\\/www.altominho.tv\\\/site\\\/#website\"},\"primaryImageOfPage\":{\"@id\":\"https:\\\/\\\/www.altominho.tv\\\/site\\\/2026\\\/04\\\/28\\\/pais-apagao-eletricidade\\\/#primaryimage\"},\"image\":{\"@id\":\"https:\\\/\\\/www.altominho.tv\\\/site\\\/2026\\\/04\\\/28\\\/pais-apagao-eletricidade\\\/#primaryimage\"},\"thumbnailUrl\":\"https:\\\/\\\/www.altominho.tv\\\/site\\\/wp-content\\\/uploads\\\/2026\\\/04\\\/apagao-740x389-1.png\",\"datePublished\":\"2026-04-28T09:35:18+00:00\",\"dateModified\":\"2026-04-28T09:35:20+00:00\",\"author\":{\"@id\":\"https:\\\/\\\/www.altominho.tv\\\/site\\\/#\\\/schema\\\/person\\\/a0e4ef6d041f98ca284393d8f1d97153\"},\"description\":\"Foi a 28 de abril de 2025, que um apag\u00e3o deixou o pa\u00eds \u00e0s escuras.\",\"breadcrumb\":{\"@id\":\"https:\\\/\\\/www.altominho.tv\\\/site\\\/2026\\\/04\\\/28\\\/pais-apagao-eletricidade\\\/#breadcrumb\"},\"inLanguage\":\"pt-PT\",\"potentialAction\":[{\"@type\":\"ReadAction\",\"target\":[\"https:\\\/\\\/www.altominho.tv\\\/site\\\/2026\\\/04\\\/28\\\/pais-apagao-eletricidade\\\/\"]}]},{\"@type\":\"ImageObject\",\"inLanguage\":\"pt-PT\",\"@id\":\"https:\\\/\\\/www.altominho.tv\\\/site\\\/2026\\\/04\\\/28\\\/pais-apagao-eletricidade\\\/#primaryimage\",\"url\":\"https:\\\/\\\/www.altominho.tv\\\/site\\\/wp-content\\\/uploads\\\/2026\\\/04\\\/apagao-740x389-1.png\",\"contentUrl\":\"https:\\\/\\\/www.altominho.tv\\\/site\\\/wp-content\\\/uploads\\\/2026\\\/04\\\/apagao-740x389-1.png\",\"width\":740,\"height\":389},{\"@type\":\"BreadcrumbList\",\"@id\":\"https:\\\/\\\/www.altominho.tv\\\/site\\\/2026\\\/04\\\/28\\\/pais-apagao-eletricidade\\\/#breadcrumb\",\"itemListElement\":[{\"@type\":\"ListItem\",\"position\":1,\"name\":\"In\u00edcio\",\"item\":\"https:\\\/\\\/www.altominho.tv\\\/site\\\/\"},{\"@type\":\"ListItem\",\"position\":2,\"name\":\"Foi h\u00e1 um ano que um apag\u00e3o deixou o pa\u00eds \u00e0s escuras\"}]},{\"@type\":\"WebSite\",\"@id\":\"https:\\\/\\\/www.altominho.tv\\\/site\\\/#website\",\"url\":\"https:\\\/\\\/www.altominho.tv\\\/site\\\/\",\"name\":\"Altominho.tv\",\"description\":\"A sua regi\u00e3o \u00e0 dist\u00e2ncia de um clique...\",\"potentialAction\":[{\"@type\":\"SearchAction\",\"target\":{\"@type\":\"EntryPoint\",\"urlTemplate\":\"https:\\\/\\\/www.altominho.tv\\\/site\\\/?s={search_term_string}\"},\"query-input\":{\"@type\":\"PropertyValueSpecification\",\"valueRequired\":true,\"valueName\":\"search_term_string\"}}],\"inLanguage\":\"pt-PT\"},{\"@type\":\"Person\",\"@id\":\"https:\\\/\\\/www.altominho.tv\\\/site\\\/#\\\/schema\\\/person\\\/a0e4ef6d041f98ca284393d8f1d97153\",\"name\":\"Andreia Cunha\",\"image\":{\"@type\":\"ImageObject\",\"inLanguage\":\"pt-PT\",\"@id\":\"https:\\\/\\\/www.altominho.tv\\\/site\\\/wp-content\\\/uploads\\\/2017\\\/11\\\/Andreia_Cunha-1-150x150.jpg\",\"url\":\"https:\\\/\\\/www.altominho.tv\\\/site\\\/wp-content\\\/uploads\\\/2017\\\/11\\\/Andreia_Cunha-1-150x150.jpg\",\"contentUrl\":\"https:\\\/\\\/www.altominho.tv\\\/site\\\/wp-content\\\/uploads\\\/2017\\\/11\\\/Andreia_Cunha-1-150x150.jpg\",\"caption\":\"Andreia Cunha\"},\"url\":\"https:\\\/\\\/www.altominho.tv\\\/site\\\/author\\\/andreiacunha\\\/\"}]}<\/script>\n<!-- \/ Yoast SEO Premium plugin. -->","yoast_head_json":{"title":"Foi h\u00e1 um ano que um apag\u00e3o deixou o pa\u00eds \u00e0s escuras","description":"Foi a 28 de abril de 2025, que um apag\u00e3o deixou o pa\u00eds \u00e0s escuras.","robots":{"index":"index","follow":"follow","max-snippet":"max-snippet:-1","max-image-preview":"max-image-preview:large","max-video-preview":"max-video-preview:-1"},"canonical":"https:\/\/www.altominho.tv\/site\/2026\/04\/28\/pais-apagao-eletricidade\/","og_locale":"pt_PT","og_type":"article","og_title":"Foi h\u00e1 um ano que um apag\u00e3o deixou o pa\u00eds \u00e0s escuras","og_description":"Foi a 28 de abril de 2025, que um apag\u00e3o deixou o pa\u00eds \u00e0s escuras.","og_url":"https:\/\/www.altominho.tv\/site\/2026\/04\/28\/pais-apagao-eletricidade\/","og_site_name":"Altominho.tv","article_publisher":"https:\/\/www.facebook.com\/altominhotv","article_published_time":"2026-04-28T09:35:18+00:00","article_modified_time":"2026-04-28T09:35:20+00:00","og_image":[{"width":740,"height":389,"url":"https:\/\/www.altominho.tv\/site\/wp-content\/uploads\/2026\/04\/apagao-740x389-1.png","type":"image\/png"}],"author":"Andreia Cunha","twitter_card":"summary_large_image","twitter_creator":"@altominhoTV","twitter_site":"@altominhoTV","twitter_misc":{"Escrito por":"Andreia Cunha","Tempo estimado de leitura":"2 minutos"},"schema":{"@context":"https:\/\/schema.org","@graph":[{"@type":"Article","@id":"https:\/\/www.altominho.tv\/site\/2026\/04\/28\/pais-apagao-eletricidade\/#article","isPartOf":{"@id":"https:\/\/www.altominho.tv\/site\/2026\/04\/28\/pais-apagao-eletricidade\/"},"author":{"name":"Andreia Cunha","@id":"https:\/\/www.altominho.tv\/site\/#\/schema\/person\/a0e4ef6d041f98ca284393d8f1d97153"},"headline":"Foi h\u00e1 um ano que um apag\u00e3o deixou o pa\u00eds \u00e0s escuras","datePublished":"2026-04-28T09:35:18+00:00","dateModified":"2026-04-28T09:35:20+00:00","mainEntityOfPage":{"@id":"https:\/\/www.altominho.tv\/site\/2026\/04\/28\/pais-apagao-eletricidade\/"},"wordCount":190,"image":{"@id":"https:\/\/www.altominho.tv\/site\/2026\/04\/28\/pais-apagao-eletricidade\/#primaryimage"},"thumbnailUrl":"https:\/\/www.altominho.tv\/site\/wp-content\/uploads\/2026\/04\/apagao-740x389-1.png","keywords":["Sociedade"],"articleSection":["Pa\u00eds"],"inLanguage":"pt-PT","copyrightYear":"2026","copyrightHolder":{"@id":"https:\/\/www.altominho.tv\/site\/#organization"}},{"@type":"WebPage","@id":"https:\/\/www.altominho.tv\/site\/2026\/04\/28\/pais-apagao-eletricidade\/","url":"https:\/\/www.altominho.tv\/site\/2026\/04\/28\/pais-apagao-eletricidade\/","name":"Foi h\u00e1 um ano que um apag\u00e3o deixou o pa\u00eds \u00e0s escuras","isPartOf":{"@id":"https:\/\/www.altominho.tv\/site\/#website"},"primaryImageOfPage":{"@id":"https:\/\/www.altominho.tv\/site\/2026\/04\/28\/pais-apagao-eletricidade\/#primaryimage"},"image":{"@id":"https:\/\/www.altominho.tv\/site\/2026\/04\/28\/pais-apagao-eletricidade\/#primaryimage"},"thumbnailUrl":"https:\/\/www.altominho.tv\/site\/wp-content\/uploads\/2026\/04\/apagao-740x389-1.png","datePublished":"2026-04-28T09:35:18+00:00","dateModified":"2026-04-28T09:35:20+00:00","author":{"@id":"https:\/\/www.altominho.tv\/site\/#\/schema\/person\/a0e4ef6d041f98ca284393d8f1d97153"},"description":"Foi a 28 de abril de 2025, que um apag\u00e3o deixou o pa\u00eds \u00e0s escuras.","breadcrumb":{"@id":"https:\/\/www.altominho.tv\/site\/2026\/04\/28\/pais-apagao-eletricidade\/#breadcrumb"},"inLanguage":"pt-PT","potentialAction":[{"@type":"ReadAction","target":["https:\/\/www.altominho.tv\/site\/2026\/04\/28\/pais-apagao-eletricidade\/"]}]},{"@type":"ImageObject","inLanguage":"pt-PT","@id":"https:\/\/www.altominho.tv\/site\/2026\/04\/28\/pais-apagao-eletricidade\/#primaryimage","url":"https:\/\/www.altominho.tv\/site\/wp-content\/uploads\/2026\/04\/apagao-740x389-1.png","contentUrl":"https:\/\/www.altominho.tv\/site\/wp-content\/uploads\/2026\/04\/apagao-740x389-1.png","width":740,"height":389},{"@type":"BreadcrumbList","@id":"https:\/\/www.altominho.tv\/site\/2026\/04\/28\/pais-apagao-eletricidade\/#breadcrumb","itemListElement":[{"@type":"ListItem","position":1,"name":"In\u00edcio","item":"https:\/\/www.altominho.tv\/site\/"},{"@type":"ListItem","position":2,"name":"Foi h\u00e1 um ano que um apag\u00e3o deixou o pa\u00eds \u00e0s escuras"}]},{"@type":"WebSite","@id":"https:\/\/www.altominho.tv\/site\/#website","url":"https:\/\/www.altominho.tv\/site\/","name":"Altominho.tv","description":"A sua regi\u00e3o \u00e0 dist\u00e2ncia de um clique...","potentialAction":[{"@type":"SearchAction","target":{"@type":"EntryPoint","urlTemplate":"https:\/\/www.altominho.tv\/site\/?s={search_term_string}"},"query-input":{"@type":"PropertyValueSpecification","valueRequired":true,"valueName":"search_term_string"}}],"inLanguage":"pt-PT"},{"@type":"Person","@id":"https:\/\/www.altominho.tv\/site\/#\/schema\/person\/a0e4ef6d041f98ca284393d8f1d97153","name":"Andreia Cunha","image":{"@type":"ImageObject","inLanguage":"pt-PT","@id":"https:\/\/www.altominho.tv\/site\/wp-content\/uploads\/2017\/11\/Andreia_Cunha-1-150x150.jpg","url":"https:\/\/www.altominho.tv\/site\/wp-content\/uploads\/2017\/11\/Andreia_Cunha-1-150x150.jpg","contentUrl":"https:\/\/www.altominho.tv\/site\/wp-content\/uploads\/2017\/11\/Andreia_Cunha-1-150x150.jpg","caption":"Andreia Cunha"},"url":"https:\/\/www.altominho.tv\/site\/author\/andreiacunha\/"}]}},"_links":{"self":[{"href":"https:\/\/www.altominho.tv\/site\/wp-json\/wp\/v2\/posts\/131718","targetHints":{"allow":["GET"]}}],"collection":[{"href":"https:\/\/www.altominho.tv\/site\/wp-json\/wp\/v2\/posts"}],"about":[{"href":"https:\/\/www.altominho.tv\/site\/wp-json\/wp\/v2\/types\/post"}],"author":[{"embeddable":true,"href":"https:\/\/www.altominho.tv\/site\/wp-json\/wp\/v2\/users\/7"}],"replies":[{"embeddable":true,"href":"https:\/\/www.altominho.tv\/site\/wp-json\/wp\/v2\/comments?post=131718"}],"version-history":[{"count":1,"href":"https:\/\/www.altominho.tv\/site\/wp-json\/wp\/v2\/posts\/131718\/revisions"}],"predecessor-version":[{"id":131728,"href":"https:\/\/www.altominho.tv\/site\/wp-json\/wp\/v2\/posts\/131718\/revisions\/131728"}],"wp:featuredmedia":[{"embeddable":true,"href":"https:\/\/www.altominho.tv\/site\/wp-json\/wp\/v2\/media\/131727"}],"wp:attachment":[{"href":"https:\/\/www.altominho.tv\/site\/wp-json\/wp\/v2\/media?parent=131718"}],"wp:term":[{"taxonomy":"category","embeddable":true,"href":"https:\/\/www.altominho.tv\/site\/wp-json\/wp\/v2\/categories?post=131718"},{"taxonomy":"post_tag","embeddable":true,"href":"https:\/\/www.altominho.tv\/site\/wp-json\/wp\/v2\/tags?post=131718"}],"curies":[{"name":"wp","href":"https:\/\/api.w.org\/{rel}","templated":true}]}}