{"id":131715,"date":"2026-04-27T16:49:13","date_gmt":"2026-04-27T15:49:13","guid":{"rendered":"https:\/\/www.altominho.tv\/site\/?p=131715"},"modified":"2026-04-27T16:49:16","modified_gmt":"2026-04-27T15:49:16","slug":"idoso-detido-em-viana-do-castelo-por-recusar-teste-de-alcoolemia","status":"publish","type":"post","link":"https:\/\/www.altominho.tv\/site\/2026\/04\/27\/idoso-detido-em-viana-do-castelo-por-recusar-teste-de-alcoolemia\/","title":{"rendered":"Idoso detido em Viana do Castelo por recusar teste de alcoolemia"},"content":{"rendered":"<section class=\"text-token-text-primary w-full focus:outline-none [--shadow-height:45px] has-data-writing-block:pointer-events-none has-data-writing-block:-mt-(--shadow-height) has-data-writing-block:pt-(--shadow-height) [&amp;:has([data-writing-block])&gt;*]:pointer-events-auto [content-visibility:auto] supports-[content-visibility:auto]:[contain-intrinsic-size:auto_100lvh] R6Vx5W_threadScrollVars scroll-mb-[calc(var(--scroll-root-safe-area-inset-bottom,0px)+var(--thread-response-height))] scroll-mt-[calc(var(--header-height)+min(200px,max(70px,20svh)))]\" dir=\"auto\" data-turn-id=\"request-WEB:8150449d-6fde-4f54-9200-7ba055dea825-11\" data-testid=\"conversation-turn-6\" data-scroll-anchor=\"false\" data-turn=\"assistant\">\n<div class=\"text-base my-auto mx-auto pb-10 [--thread-content-margin:var(--thread-content-margin-xs,calc(var(--spacing)*4))] @w-sm\/main:[--thread-content-margin:var(--thread-content-margin-sm,calc(var(--spacing)*6))] @w-lg\/main:[--thread-content-margin:var(--thread-content-margin-lg,calc(var(--spacing)*16))] px-(--thread-content-margin)\">\n<div class=\"[--thread-content-max-width:40rem] @w-lg\/main:[--thread-content-max-width:48rem] mx-auto max-w-(--thread-content-max-width) flex-1 group\/turn-messages focus-visible:outline-hidden relative flex w-full min-w-0 flex-col agent-turn\">\n<div class=\"flex max-w-full flex-col gap-4 grow\">\n<div class=\"min-h-8 text-message relative flex w-full flex-col items-end gap-2 text-start break-words whitespace-normal outline-none keyboard-focused:focus-ring [.text-message+&amp;]:mt-1\" dir=\"auto\" tabindex=\"0\" data-message-author-role=\"assistant\" data-message-id=\"281e26be-32b2-488e-83d6-bf5f36bb4df6\" data-message-model-slug=\"gpt-5-3\" data-turn-start-message=\"true\">\n<div class=\"flex w-full flex-col gap-1 empty:hidden\">\n<div class=\"markdown prose dark:prose-invert w-full wrap-break-word dark markdown-new-styling\">\n<p data-start=\"76\" data-end=\"272\">Um homem de 80 anos foi ontem detido, ao final da tarde, por desobedi\u00eancia, durante uma opera\u00e7\u00e3o de fiscaliza\u00e7\u00e3o rodovi\u00e1ria na cidade de <span class=\"hover:entity-accent entity-underline inline cursor-pointer align-baseline\"><span class=\"whitespace-normal\">Viana do Castelo<\/span><\/span>.<\/p>\n<p data-start=\"274\" data-end=\"473\">A deten\u00e7\u00e3o ocorreu cerca das 18h00, na Avenida do Meio, na freguesia de <span class=\"hover:entity-accent entity-underline inline cursor-pointer align-baseline\"><span class=\"whitespace-normal\">Areosa<\/span><\/span>, quando o condutor, residente no concelho, se encontrava a conduzir um ve\u00edculo autom\u00f3vel.<\/p>\n<p data-start=\"475\" data-end=\"696\">A interven\u00e7\u00e3o foi realizada por agentes da <span class=\"hover:entity-accent entity-underline inline cursor-pointer align-baseline\"><span class=\"whitespace-normal\">Pol\u00edcia de Seguran\u00e7a P\u00fablica<\/span><\/span>, atrav\u00e9s da Esquadra de Tr\u00e2nsito de Viana do Castelo, no \u00e2mbito de uma a\u00e7\u00e3o de fiscaliza\u00e7\u00e3o rodovi\u00e1ria.<\/p>\n<p data-start=\"698\" data-end=\"906\" data-is-last-node=\"\" data-is-only-node=\"\">Durante a opera\u00e7\u00e3o, o condutor recusou-se a efetuar o teste de alcoolemia, uma atitude que constitui crime de desobedi\u00eancia, tendo sido detido no local e encaminhado para os procedimentos legais subsequentes.<\/p>\n<p data-start=\"698\" data-end=\"906\" data-is-last-node=\"\" data-is-only-node=\"\">Foto: DR<\/p>\n<\/div>\n<\/div>\n<\/div>\n<\/div>\n<div class=\"z-0 flex min-h-[46px] justify-start\"><\/div>\n<div class=\"mt-3 w-full empty:hidden\">\n<div class=\"text-center\"><\/div>\n<\/div>\n<\/div>\n<\/div>\n<\/section>\n<div class=\"pointer-events-none -mt-px h-px translate-y-[calc(var(--scroll-root-safe-area-inset-bottom)-14*var(--spacing))]\" aria-hidden=\"true\"><\/div>\n","protected":false},"excerpt":{"rendered":"<p>Um homem de 80 anos foi ontem detido, ao final da tarde, por desobedi\u00eancia, durante uma opera\u00e7\u00e3o de fiscaliza\u00e7\u00e3o rodovi\u00e1ria na cidade de Viana do Castelo. A deten\u00e7\u00e3o ocorreu cerca das 18h00, na Avenida do Meio, na freguesia de Areosa, quando o condutor, residente no concelho, se encontrava a conduzir um ve\u00edculo autom\u00f3vel. A interven\u00e7\u00e3o [&hellip;]<\/p>\n","protected":false},"author":24,"featured_media":131716,"comment_status":"closed","ping_status":"closed","sticky":false,"template":"","format":"standard","meta":{"_exactmetrics_skip_tracking":false,"_exactmetrics_sitenote_active":false,"_exactmetrics_sitenote_note":"","_exactmetrics_sitenote_category":0,"footnotes":""},"categories":[14],"tags":[27],"class_list":["post-131715","post","type-post","status-publish","format-standard","has-post-thumbnail","hentry","category-viana-do-castelo","tag-sociedade"],"yoast_head":"<!-- This site is optimized with the Yoast SEO Premium plugin v27.4 (Yoast SEO v27.4) - https:\/\/yoast.com\/product\/yoast-seo-premium-wordpress\/ -->\n<title>Idoso detido em Viana do Castelo por recusar teste de alcoolemia<\/title>\n<meta name=\"description\" content=\"Um homem de 80 anos foi ontem detido, ao final da tarde, por desobedi\u00eancia, durante uma opera\u00e7\u00e3o de fiscaliza\u00e7\u00e3o rodovi\u00e1ria na cidade de Viana do Castelo.\" \/>\n<meta name=\"robots\" content=\"index, follow, max-snippet:-1, max-image-preview:large, max-video-preview:-1\" \/>\n<link rel=\"canonical\" href=\"https:\/\/www.altominho.tv\/site\/2026\/04\/27\/idoso-detido-em-viana-do-castelo-por-recusar-teste-de-alcoolemia\/\" \/>\n<meta property=\"og:locale\" content=\"pt_PT\" \/>\n<meta property=\"og:type\" content=\"article\" \/>\n<meta property=\"og:title\" content=\"Idoso detido em Viana do Castelo por recusar teste de alcoolemia\" \/>\n<meta property=\"og:description\" content=\"Um homem de 80 anos foi ontem detido, ao final da tarde, por desobedi\u00eancia, durante uma opera\u00e7\u00e3o de fiscaliza\u00e7\u00e3o rodovi\u00e1ria na cidade de Viana do Castelo.\" \/>\n<meta property=\"og:url\" content=\"https:\/\/www.altominho.tv\/site\/2026\/04\/27\/idoso-detido-em-viana-do-castelo-por-recusar-teste-de-alcoolemia\/\" \/>\n<meta property=\"og:site_name\" content=\"Altominho.tv\" \/>\n<meta property=\"article:publisher\" content=\"https:\/\/www.facebook.com\/altominhotv\" \/>\n<meta property=\"article:published_time\" content=\"2026-04-27T15:49:13+00:00\" \/>\n<meta property=\"article:modified_time\" content=\"2026-04-27T15:49:16+00:00\" \/>\n<meta property=\"og:image\" content=\"https:\/\/www.altominho.tv\/site\/wp-content\/uploads\/2026\/04\/teste-alcool.png\" \/>\n\t<meta property=\"og:image:width\" content=\"1200\" \/>\n\t<meta property=\"og:image:height\" content=\"630\" \/>\n\t<meta property=\"og:image:type\" content=\"image\/png\" \/>\n<meta name=\"author\" content=\"Cesar Lopes\" \/>\n<meta name=\"twitter:card\" content=\"summary_large_image\" \/>\n<meta name=\"twitter:creator\" content=\"@altominhoTV\" \/>\n<meta name=\"twitter:site\" content=\"@altominhoTV\" \/>\n<meta name=\"twitter:label1\" content=\"Escrito por\" \/>\n\t<meta name=\"twitter:data1\" content=\"Cesar Lopes\" \/>\n\t<meta name=\"twitter:label2\" content=\"Tempo estimado de leitura\" \/>\n\t<meta name=\"twitter:data2\" content=\"1 minuto\" \/>\n<script type=\"application\/ld+json\" class=\"yoast-schema-graph\">{\"@context\":\"https:\\\/\\\/schema.org\",\"@graph\":[{\"@type\":\"Article\",\"@id\":\"https:\\\/\\\/www.altominho.tv\\\/site\\\/2026\\\/04\\\/27\\\/idoso-detido-em-viana-do-castelo-por-recusar-teste-de-alcoolemia\\\/#article\",\"isPartOf\":{\"@id\":\"https:\\\/\\\/www.altominho.tv\\\/site\\\/2026\\\/04\\\/27\\\/idoso-detido-em-viana-do-castelo-por-recusar-teste-de-alcoolemia\\\/\"},\"author\":{\"name\":\"Cesar Lopes\",\"@id\":\"https:\\\/\\\/www.altominho.tv\\\/site\\\/#\\\/schema\\\/person\\\/c5570e5afb933b8d08c43373326ef1b1\"},\"headline\":\"Idoso detido em Viana do Castelo por recusar teste de alcoolemia\",\"datePublished\":\"2026-04-27T15:49:13+00:00\",\"dateModified\":\"2026-04-27T15:49:16+00:00\",\"mainEntityOfPage\":{\"@id\":\"https:\\\/\\\/www.altominho.tv\\\/site\\\/2026\\\/04\\\/27\\\/idoso-detido-em-viana-do-castelo-por-recusar-teste-de-alcoolemia\\\/\"},\"wordCount\":142,\"image\":{\"@id\":\"https:\\\/\\\/www.altominho.tv\\\/site\\\/2026\\\/04\\\/27\\\/idoso-detido-em-viana-do-castelo-por-recusar-teste-de-alcoolemia\\\/#primaryimage\"},\"thumbnailUrl\":\"https:\\\/\\\/www.altominho.tv\\\/site\\\/wp-content\\\/uploads\\\/2026\\\/04\\\/teste-alcool.png\",\"keywords\":[\"Sociedade\"],\"articleSection\":[\"Viana do Castelo\"],\"inLanguage\":\"pt-PT\",\"copyrightYear\":\"2026\",\"copyrightHolder\":{\"@id\":\"https:\\\/\\\/www.altominho.tv\\\/site\\\/#organization\"}},{\"@type\":\"WebPage\",\"@id\":\"https:\\\/\\\/www.altominho.tv\\\/site\\\/2026\\\/04\\\/27\\\/idoso-detido-em-viana-do-castelo-por-recusar-teste-de-alcoolemia\\\/\",\"url\":\"https:\\\/\\\/www.altominho.tv\\\/site\\\/2026\\\/04\\\/27\\\/idoso-detido-em-viana-do-castelo-por-recusar-teste-de-alcoolemia\\\/\",\"name\":\"Idoso detido em Viana do Castelo por recusar teste de alcoolemia\",\"isPartOf\":{\"@id\":\"https:\\\/\\\/www.altominho.tv\\\/site\\\/#website\"},\"primaryImageOfPage\":{\"@id\":\"https:\\\/\\\/www.altominho.tv\\\/site\\\/2026\\\/04\\\/27\\\/idoso-detido-em-viana-do-castelo-por-recusar-teste-de-alcoolemia\\\/#primaryimage\"},\"image\":{\"@id\":\"https:\\\/\\\/www.altominho.tv\\\/site\\\/2026\\\/04\\\/27\\\/idoso-detido-em-viana-do-castelo-por-recusar-teste-de-alcoolemia\\\/#primaryimage\"},\"thumbnailUrl\":\"https:\\\/\\\/www.altominho.tv\\\/site\\\/wp-content\\\/uploads\\\/2026\\\/04\\\/teste-alcool.png\",\"datePublished\":\"2026-04-27T15:49:13+00:00\",\"dateModified\":\"2026-04-27T15:49:16+00:00\",\"author\":{\"@id\":\"https:\\\/\\\/www.altominho.tv\\\/site\\\/#\\\/schema\\\/person\\\/c5570e5afb933b8d08c43373326ef1b1\"},\"description\":\"Um homem de 80 anos foi ontem detido, ao final da tarde, por desobedi\u00eancia, durante uma opera\u00e7\u00e3o de fiscaliza\u00e7\u00e3o rodovi\u00e1ria na cidade de Viana do Castelo.\",\"breadcrumb\":{\"@id\":\"https:\\\/\\\/www.altominho.tv\\\/site\\\/2026\\\/04\\\/27\\\/idoso-detido-em-viana-do-castelo-por-recusar-teste-de-alcoolemia\\\/#breadcrumb\"},\"inLanguage\":\"pt-PT\",\"potentialAction\":[{\"@type\":\"ReadAction\",\"target\":[\"https:\\\/\\\/www.altominho.tv\\\/site\\\/2026\\\/04\\\/27\\\/idoso-detido-em-viana-do-castelo-por-recusar-teste-de-alcoolemia\\\/\"]}]},{\"@type\":\"ImageObject\",\"inLanguage\":\"pt-PT\",\"@id\":\"https:\\\/\\\/www.altominho.tv\\\/site\\\/2026\\\/04\\\/27\\\/idoso-detido-em-viana-do-castelo-por-recusar-teste-de-alcoolemia\\\/#primaryimage\",\"url\":\"https:\\\/\\\/www.altominho.tv\\\/site\\\/wp-content\\\/uploads\\\/2026\\\/04\\\/teste-alcool.png\",\"contentUrl\":\"https:\\\/\\\/www.altominho.tv\\\/site\\\/wp-content\\\/uploads\\\/2026\\\/04\\\/teste-alcool.png\",\"width\":1200,\"height\":630},{\"@type\":\"BreadcrumbList\",\"@id\":\"https:\\\/\\\/www.altominho.tv\\\/site\\\/2026\\\/04\\\/27\\\/idoso-detido-em-viana-do-castelo-por-recusar-teste-de-alcoolemia\\\/#breadcrumb\",\"itemListElement\":[{\"@type\":\"ListItem\",\"position\":1,\"name\":\"In\u00edcio\",\"item\":\"https:\\\/\\\/www.altominho.tv\\\/site\\\/\"},{\"@type\":\"ListItem\",\"position\":2,\"name\":\"Idoso detido em Viana do Castelo por recusar teste de alcoolemia\"}]},{\"@type\":\"WebSite\",\"@id\":\"https:\\\/\\\/www.altominho.tv\\\/site\\\/#website\",\"url\":\"https:\\\/\\\/www.altominho.tv\\\/site\\\/\",\"name\":\"Altominho.tv\",\"description\":\"A sua regi\u00e3o \u00e0 dist\u00e2ncia de um clique...\",\"potentialAction\":[{\"@type\":\"SearchAction\",\"target\":{\"@type\":\"EntryPoint\",\"urlTemplate\":\"https:\\\/\\\/www.altominho.tv\\\/site\\\/?s={search_term_string}\"},\"query-input\":{\"@type\":\"PropertyValueSpecification\",\"valueRequired\":true,\"valueName\":\"search_term_string\"}}],\"inLanguage\":\"pt-PT\"},{\"@type\":\"Person\",\"@id\":\"https:\\\/\\\/www.altominho.tv\\\/site\\\/#\\\/schema\\\/person\\\/c5570e5afb933b8d08c43373326ef1b1\",\"name\":\"Cesar Lopes\",\"image\":{\"@type\":\"ImageObject\",\"inLanguage\":\"pt-PT\",\"@id\":\"https:\\\/\\\/www.altominho.tv\\\/site\\\/wp-content\\\/uploads\\\/2022\\\/10\\\/Sem-Titulo-150x150.jpg\",\"url\":\"https:\\\/\\\/www.altominho.tv\\\/site\\\/wp-content\\\/uploads\\\/2022\\\/10\\\/Sem-Titulo-150x150.jpg\",\"contentUrl\":\"https:\\\/\\\/www.altominho.tv\\\/site\\\/wp-content\\\/uploads\\\/2022\\\/10\\\/Sem-Titulo-150x150.jpg\",\"caption\":\"Cesar Lopes\"},\"url\":\"https:\\\/\\\/www.altominho.tv\\\/site\\\/author\\\/cesarlopes\\\/\"}]}<\/script>\n<!-- \/ Yoast SEO Premium plugin. -->","yoast_head_json":{"title":"Idoso detido em Viana do Castelo por recusar teste de alcoolemia","description":"Um homem de 80 anos foi ontem detido, ao final da tarde, por desobedi\u00eancia, durante uma opera\u00e7\u00e3o de fiscaliza\u00e7\u00e3o rodovi\u00e1ria na cidade de Viana do Castelo.","robots":{"index":"index","follow":"follow","max-snippet":"max-snippet:-1","max-image-preview":"max-image-preview:large","max-video-preview":"max-video-preview:-1"},"canonical":"https:\/\/www.altominho.tv\/site\/2026\/04\/27\/idoso-detido-em-viana-do-castelo-por-recusar-teste-de-alcoolemia\/","og_locale":"pt_PT","og_type":"article","og_title":"Idoso detido em Viana do Castelo por recusar teste de alcoolemia","og_description":"Um homem de 80 anos foi ontem detido, ao final da tarde, por desobedi\u00eancia, durante uma opera\u00e7\u00e3o de fiscaliza\u00e7\u00e3o rodovi\u00e1ria na cidade de Viana do Castelo.","og_url":"https:\/\/www.altominho.tv\/site\/2026\/04\/27\/idoso-detido-em-viana-do-castelo-por-recusar-teste-de-alcoolemia\/","og_site_name":"Altominho.tv","article_publisher":"https:\/\/www.facebook.com\/altominhotv","article_published_time":"2026-04-27T15:49:13+00:00","article_modified_time":"2026-04-27T15:49:16+00:00","og_image":[{"width":1200,"height":630,"url":"https:\/\/www.altominho.tv\/site\/wp-content\/uploads\/2026\/04\/teste-alcool.png","type":"image\/png"}],"author":"Cesar Lopes","twitter_card":"summary_large_image","twitter_creator":"@altominhoTV","twitter_site":"@altominhoTV","twitter_misc":{"Escrito por":"Cesar Lopes","Tempo estimado de leitura":"1 minuto"},"schema":{"@context":"https:\/\/schema.org","@graph":[{"@type":"Article","@id":"https:\/\/www.altominho.tv\/site\/2026\/04\/27\/idoso-detido-em-viana-do-castelo-por-recusar-teste-de-alcoolemia\/#article","isPartOf":{"@id":"https:\/\/www.altominho.tv\/site\/2026\/04\/27\/idoso-detido-em-viana-do-castelo-por-recusar-teste-de-alcoolemia\/"},"author":{"name":"Cesar Lopes","@id":"https:\/\/www.altominho.tv\/site\/#\/schema\/person\/c5570e5afb933b8d08c43373326ef1b1"},"headline":"Idoso detido em Viana do Castelo por recusar teste de alcoolemia","datePublished":"2026-04-27T15:49:13+00:00","dateModified":"2026-04-27T15:49:16+00:00","mainEntityOfPage":{"@id":"https:\/\/www.altominho.tv\/site\/2026\/04\/27\/idoso-detido-em-viana-do-castelo-por-recusar-teste-de-alcoolemia\/"},"wordCount":142,"image":{"@id":"https:\/\/www.altominho.tv\/site\/2026\/04\/27\/idoso-detido-em-viana-do-castelo-por-recusar-teste-de-alcoolemia\/#primaryimage"},"thumbnailUrl":"https:\/\/www.altominho.tv\/site\/wp-content\/uploads\/2026\/04\/teste-alcool.png","keywords":["Sociedade"],"articleSection":["Viana do Castelo"],"inLanguage":"pt-PT","copyrightYear":"2026","copyrightHolder":{"@id":"https:\/\/www.altominho.tv\/site\/#organization"}},{"@type":"WebPage","@id":"https:\/\/www.altominho.tv\/site\/2026\/04\/27\/idoso-detido-em-viana-do-castelo-por-recusar-teste-de-alcoolemia\/","url":"https:\/\/www.altominho.tv\/site\/2026\/04\/27\/idoso-detido-em-viana-do-castelo-por-recusar-teste-de-alcoolemia\/","name":"Idoso detido em Viana do Castelo por recusar teste de alcoolemia","isPartOf":{"@id":"https:\/\/www.altominho.tv\/site\/#website"},"primaryImageOfPage":{"@id":"https:\/\/www.altominho.tv\/site\/2026\/04\/27\/idoso-detido-em-viana-do-castelo-por-recusar-teste-de-alcoolemia\/#primaryimage"},"image":{"@id":"https:\/\/www.altominho.tv\/site\/2026\/04\/27\/idoso-detido-em-viana-do-castelo-por-recusar-teste-de-alcoolemia\/#primaryimage"},"thumbnailUrl":"https:\/\/www.altominho.tv\/site\/wp-content\/uploads\/2026\/04\/teste-alcool.png","datePublished":"2026-04-27T15:49:13+00:00","dateModified":"2026-04-27T15:49:16+00:00","author":{"@id":"https:\/\/www.altominho.tv\/site\/#\/schema\/person\/c5570e5afb933b8d08c43373326ef1b1"},"description":"Um homem de 80 anos foi ontem detido, ao final da tarde, por desobedi\u00eancia, durante uma opera\u00e7\u00e3o de fiscaliza\u00e7\u00e3o rodovi\u00e1ria na cidade de Viana do Castelo.","breadcrumb":{"@id":"https:\/\/www.altominho.tv\/site\/2026\/04\/27\/idoso-detido-em-viana-do-castelo-por-recusar-teste-de-alcoolemia\/#breadcrumb"},"inLanguage":"pt-PT","potentialAction":[{"@type":"ReadAction","target":["https:\/\/www.altominho.tv\/site\/2026\/04\/27\/idoso-detido-em-viana-do-castelo-por-recusar-teste-de-alcoolemia\/"]}]},{"@type":"ImageObject","inLanguage":"pt-PT","@id":"https:\/\/www.altominho.tv\/site\/2026\/04\/27\/idoso-detido-em-viana-do-castelo-por-recusar-teste-de-alcoolemia\/#primaryimage","url":"https:\/\/www.altominho.tv\/site\/wp-content\/uploads\/2026\/04\/teste-alcool.png","contentUrl":"https:\/\/www.altominho.tv\/site\/wp-content\/uploads\/2026\/04\/teste-alcool.png","width":1200,"height":630},{"@type":"BreadcrumbList","@id":"https:\/\/www.altominho.tv\/site\/2026\/04\/27\/idoso-detido-em-viana-do-castelo-por-recusar-teste-de-alcoolemia\/#breadcrumb","itemListElement":[{"@type":"ListItem","position":1,"name":"In\u00edcio","item":"https:\/\/www.altominho.tv\/site\/"},{"@type":"ListItem","position":2,"name":"Idoso detido em Viana do Castelo por recusar teste de alcoolemia"}]},{"@type":"WebSite","@id":"https:\/\/www.altominho.tv\/site\/#website","url":"https:\/\/www.altominho.tv\/site\/","name":"Altominho.tv","description":"A sua regi\u00e3o \u00e0 dist\u00e2ncia de um clique...","potentialAction":[{"@type":"SearchAction","target":{"@type":"EntryPoint","urlTemplate":"https:\/\/www.altominho.tv\/site\/?s={search_term_string}"},"query-input":{"@type":"PropertyValueSpecification","valueRequired":true,"valueName":"search_term_string"}}],"inLanguage":"pt-PT"},{"@type":"Person","@id":"https:\/\/www.altominho.tv\/site\/#\/schema\/person\/c5570e5afb933b8d08c43373326ef1b1","name":"Cesar Lopes","image":{"@type":"ImageObject","inLanguage":"pt-PT","@id":"https:\/\/www.altominho.tv\/site\/wp-content\/uploads\/2022\/10\/Sem-Titulo-150x150.jpg","url":"https:\/\/www.altominho.tv\/site\/wp-content\/uploads\/2022\/10\/Sem-Titulo-150x150.jpg","contentUrl":"https:\/\/www.altominho.tv\/site\/wp-content\/uploads\/2022\/10\/Sem-Titulo-150x150.jpg","caption":"Cesar Lopes"},"url":"https:\/\/www.altominho.tv\/site\/author\/cesarlopes\/"}]}},"_links":{"self":[{"href":"https:\/\/www.altominho.tv\/site\/wp-json\/wp\/v2\/posts\/131715","targetHints":{"allow":["GET"]}}],"collection":[{"href":"https:\/\/www.altominho.tv\/site\/wp-json\/wp\/v2\/posts"}],"about":[{"href":"https:\/\/www.altominho.tv\/site\/wp-json\/wp\/v2\/types\/post"}],"author":[{"embeddable":true,"href":"https:\/\/www.altominho.tv\/site\/wp-json\/wp\/v2\/users\/24"}],"replies":[{"embeddable":true,"href":"https:\/\/www.altominho.tv\/site\/wp-json\/wp\/v2\/comments?post=131715"}],"version-history":[{"count":1,"href":"https:\/\/www.altominho.tv\/site\/wp-json\/wp\/v2\/posts\/131715\/revisions"}],"predecessor-version":[{"id":131717,"href":"https:\/\/www.altominho.tv\/site\/wp-json\/wp\/v2\/posts\/131715\/revisions\/131717"}],"wp:featuredmedia":[{"embeddable":true,"href":"https:\/\/www.altominho.tv\/site\/wp-json\/wp\/v2\/media\/131716"}],"wp:attachment":[{"href":"https:\/\/www.altominho.tv\/site\/wp-json\/wp\/v2\/media?parent=131715"}],"wp:term":[{"taxonomy":"category","embeddable":true,"href":"https:\/\/www.altominho.tv\/site\/wp-json\/wp\/v2\/categories?post=131715"},{"taxonomy":"post_tag","embeddable":true,"href":"https:\/\/www.altominho.tv\/site\/wp-json\/wp\/v2\/tags?post=131715"}],"curies":[{"name":"wp","href":"https:\/\/api.w.org\/{rel}","templated":true}]}}