{"id":131711,"date":"2026-04-27T15:36:11","date_gmt":"2026-04-27T14:36:11","guid":{"rendered":"https:\/\/www.altominho.tv\/site\/?p=131711"},"modified":"2026-04-27T15:36:14","modified_gmt":"2026-04-27T14:36:14","slug":"arcos-de-valdevez-expovez-feira-alto-minho","status":"publish","type":"post","link":"https:\/\/www.altominho.tv\/site\/2026\/04\/27\/arcos-de-valdevez-expovez-feira-alto-minho\/","title":{"rendered":"Expovez &#8211; Feira do Alto Minho come\u00e7a na sexta-feira"},"content":{"rendered":"\n<p>A 24\u00aa edi\u00e7\u00e3o da Expovez &#8211; Feira do Alto Minho, come\u00e7a na pr\u00f3xima sexta-feira, dia 1 de maio. <\/p>\n\n\n\n<p>A\u00a0inaugura\u00e7\u00e3o oficial do evento, tem lugar pelas 15h00,\u00a0no Centro de Exposi\u00e7\u00f5es de Arcos de Valdevez. <\/p>\n\n\n\n<p>O Munic\u00edpio deu nota que &#8220;a edi\u00e7\u00e3o deste ano decorre de 1 a 3 de maio e conta com cerca de\u00a0145 expositores e 100 empresas do concelho e da regi\u00e3o,\u00a0abrangendo \u00e1reas como ind\u00fastria, com\u00e9rcio e servi\u00e7os, artesanato, produtos, restaura\u00e7\u00e3o e anima\u00e7\u00e3o&#8221;.<\/p>\n\n\n\n<p>O evento &#8220;continuar\u00e1 tamb\u00e9m a dar um especial destaque ao\u00a0Mundo Rural, uma atividade de refer\u00eancia no territ\u00f3rio que se pretende valorizar e tornar ainda mais atrativa&#8221;.<\/p>\n\n\n\n<p>De real\u00e7ar, na edi\u00e7\u00e3o deste ano, os concertos de\u00a0Daniel Sousa, Delfim J\u00fanior &amp; Imp\u00e9rio Show, Wet Bed Gang e Toy.<\/p>\n\n\n\n<p>A Expovez afirma-se como um evento importante para dar a conhecer empresas, e o que de melhor se faz na regi\u00e3o. <\/p>\n\n\n\n<p>Fotografia: <strong>Altominho TV<\/strong><\/p>\n","protected":false},"excerpt":{"rendered":"<p>A 24\u00aa edi\u00e7\u00e3o da Expovez &#8211; Feira do Alto Minho, come\u00e7a na pr\u00f3xima sexta-feira, dia 1 de maio. A\u00a0inaugura\u00e7\u00e3o oficial do evento, tem lugar pelas 15h00,\u00a0no Centro de Exposi\u00e7\u00f5es de Arcos de Valdevez. O Munic\u00edpio deu nota que &#8220;a edi\u00e7\u00e3o deste ano decorre de 1 a 3 de maio e conta com cerca de\u00a0145 expositores [&hellip;]<\/p>\n","protected":false},"author":7,"featured_media":131712,"comment_status":"closed","ping_status":"closed","sticky":false,"template":"","format":"standard","meta":{"_exactmetrics_skip_tracking":false,"_exactmetrics_sitenote_active":false,"_exactmetrics_sitenote_note":"","_exactmetrics_sitenote_category":0,"footnotes":""},"categories":[2],"tags":[27],"class_list":["post-131711","post","type-post","status-publish","format-standard","has-post-thumbnail","hentry","category-arcos-de-valdevez","tag-sociedade"],"yoast_head":"<!-- This site is optimized with the Yoast SEO Premium plugin v27.4 (Yoast SEO v27.4) - https:\/\/yoast.com\/product\/yoast-seo-premium-wordpress\/ -->\n<title>Expovez - Feira do Alto Minho come\u00e7a na sexta-feira<\/title>\n<meta name=\"description\" content=\"A Expovez - Feira do Alto Minho, come\u00e7a na pr\u00f3xima sexta-feira, dia 1 de maio.\" \/>\n<meta name=\"robots\" content=\"index, follow, max-snippet:-1, max-image-preview:large, max-video-preview:-1\" \/>\n<link rel=\"canonical\" href=\"https:\/\/www.altominho.tv\/site\/2026\/04\/27\/arcos-de-valdevez-expovez-feira-alto-minho\/\" \/>\n<meta property=\"og:locale\" content=\"pt_PT\" \/>\n<meta property=\"og:type\" content=\"article\" \/>\n<meta property=\"og:title\" content=\"Expovez - Feira do Alto Minho come\u00e7a na sexta-feira\" \/>\n<meta property=\"og:description\" content=\"A Expovez - Feira do Alto Minho, come\u00e7a na pr\u00f3xima sexta-feira, dia 1 de maio.\" \/>\n<meta property=\"og:url\" content=\"https:\/\/www.altominho.tv\/site\/2026\/04\/27\/arcos-de-valdevez-expovez-feira-alto-minho\/\" \/>\n<meta property=\"og:site_name\" content=\"Altominho.tv\" \/>\n<meta property=\"article:publisher\" content=\"https:\/\/www.facebook.com\/altominhotv\" \/>\n<meta property=\"article:published_time\" content=\"2026-04-27T14:36:11+00:00\" \/>\n<meta property=\"article:modified_time\" content=\"2026-04-27T14:36:14+00:00\" \/>\n<meta property=\"og:image\" content=\"https:\/\/www.altominho.tv\/site\/wp-content\/uploads\/2026\/04\/expovez.png\" \/>\n\t<meta property=\"og:image:width\" content=\"1200\" \/>\n\t<meta property=\"og:image:height\" content=\"630\" \/>\n\t<meta property=\"og:image:type\" content=\"image\/png\" \/>\n<meta name=\"author\" content=\"Andreia Cunha\" \/>\n<meta name=\"twitter:card\" content=\"summary_large_image\" \/>\n<meta name=\"twitter:creator\" content=\"@altominhoTV\" \/>\n<meta name=\"twitter:site\" content=\"@altominhoTV\" \/>\n<meta name=\"twitter:label1\" content=\"Escrito por\" \/>\n\t<meta name=\"twitter:data1\" content=\"Andreia Cunha\" \/>\n\t<meta name=\"twitter:label2\" content=\"Tempo estimado de leitura\" \/>\n\t<meta name=\"twitter:data2\" content=\"2 minutos\" \/>\n<script type=\"application\/ld+json\" class=\"yoast-schema-graph\">{\"@context\":\"https:\\\/\\\/schema.org\",\"@graph\":[{\"@type\":\"Article\",\"@id\":\"https:\\\/\\\/www.altominho.tv\\\/site\\\/2026\\\/04\\\/27\\\/arcos-de-valdevez-expovez-feira-alto-minho\\\/#article\",\"isPartOf\":{\"@id\":\"https:\\\/\\\/www.altominho.tv\\\/site\\\/2026\\\/04\\\/27\\\/arcos-de-valdevez-expovez-feira-alto-minho\\\/\"},\"author\":{\"name\":\"Andreia Cunha\",\"@id\":\"https:\\\/\\\/www.altominho.tv\\\/site\\\/#\\\/schema\\\/person\\\/a0e4ef6d041f98ca284393d8f1d97153\"},\"headline\":\"Expovez &#8211; Feira do Alto Minho come\u00e7a na sexta-feira\",\"datePublished\":\"2026-04-27T14:36:11+00:00\",\"dateModified\":\"2026-04-27T14:36:14+00:00\",\"mainEntityOfPage\":{\"@id\":\"https:\\\/\\\/www.altominho.tv\\\/site\\\/2026\\\/04\\\/27\\\/arcos-de-valdevez-expovez-feira-alto-minho\\\/\"},\"wordCount\":175,\"image\":{\"@id\":\"https:\\\/\\\/www.altominho.tv\\\/site\\\/2026\\\/04\\\/27\\\/arcos-de-valdevez-expovez-feira-alto-minho\\\/#primaryimage\"},\"thumbnailUrl\":\"https:\\\/\\\/www.altominho.tv\\\/site\\\/wp-content\\\/uploads\\\/2026\\\/04\\\/expovez.png\",\"keywords\":[\"Sociedade\"],\"articleSection\":[\"Arcos de Valdevez\"],\"inLanguage\":\"pt-PT\",\"copyrightYear\":\"2026\",\"copyrightHolder\":{\"@id\":\"https:\\\/\\\/www.altominho.tv\\\/site\\\/#organization\"}},{\"@type\":\"WebPage\",\"@id\":\"https:\\\/\\\/www.altominho.tv\\\/site\\\/2026\\\/04\\\/27\\\/arcos-de-valdevez-expovez-feira-alto-minho\\\/\",\"url\":\"https:\\\/\\\/www.altominho.tv\\\/site\\\/2026\\\/04\\\/27\\\/arcos-de-valdevez-expovez-feira-alto-minho\\\/\",\"name\":\"Expovez - Feira do Alto Minho come\u00e7a na sexta-feira\",\"isPartOf\":{\"@id\":\"https:\\\/\\\/www.altominho.tv\\\/site\\\/#website\"},\"primaryImageOfPage\":{\"@id\":\"https:\\\/\\\/www.altominho.tv\\\/site\\\/2026\\\/04\\\/27\\\/arcos-de-valdevez-expovez-feira-alto-minho\\\/#primaryimage\"},\"image\":{\"@id\":\"https:\\\/\\\/www.altominho.tv\\\/site\\\/2026\\\/04\\\/27\\\/arcos-de-valdevez-expovez-feira-alto-minho\\\/#primaryimage\"},\"thumbnailUrl\":\"https:\\\/\\\/www.altominho.tv\\\/site\\\/wp-content\\\/uploads\\\/2026\\\/04\\\/expovez.png\",\"datePublished\":\"2026-04-27T14:36:11+00:00\",\"dateModified\":\"2026-04-27T14:36:14+00:00\",\"author\":{\"@id\":\"https:\\\/\\\/www.altominho.tv\\\/site\\\/#\\\/schema\\\/person\\\/a0e4ef6d041f98ca284393d8f1d97153\"},\"description\":\"A Expovez - Feira do Alto Minho, come\u00e7a na pr\u00f3xima sexta-feira, dia 1 de maio.\",\"breadcrumb\":{\"@id\":\"https:\\\/\\\/www.altominho.tv\\\/site\\\/2026\\\/04\\\/27\\\/arcos-de-valdevez-expovez-feira-alto-minho\\\/#breadcrumb\"},\"inLanguage\":\"pt-PT\",\"potentialAction\":[{\"@type\":\"ReadAction\",\"target\":[\"https:\\\/\\\/www.altominho.tv\\\/site\\\/2026\\\/04\\\/27\\\/arcos-de-valdevez-expovez-feira-alto-minho\\\/\"]}]},{\"@type\":\"ImageObject\",\"inLanguage\":\"pt-PT\",\"@id\":\"https:\\\/\\\/www.altominho.tv\\\/site\\\/2026\\\/04\\\/27\\\/arcos-de-valdevez-expovez-feira-alto-minho\\\/#primaryimage\",\"url\":\"https:\\\/\\\/www.altominho.tv\\\/site\\\/wp-content\\\/uploads\\\/2026\\\/04\\\/expovez.png\",\"contentUrl\":\"https:\\\/\\\/www.altominho.tv\\\/site\\\/wp-content\\\/uploads\\\/2026\\\/04\\\/expovez.png\",\"width\":1200,\"height\":630},{\"@type\":\"BreadcrumbList\",\"@id\":\"https:\\\/\\\/www.altominho.tv\\\/site\\\/2026\\\/04\\\/27\\\/arcos-de-valdevez-expovez-feira-alto-minho\\\/#breadcrumb\",\"itemListElement\":[{\"@type\":\"ListItem\",\"position\":1,\"name\":\"In\u00edcio\",\"item\":\"https:\\\/\\\/www.altominho.tv\\\/site\\\/\"},{\"@type\":\"ListItem\",\"position\":2,\"name\":\"Expovez &#8211; Feira do Alto Minho come\u00e7a na sexta-feira\"}]},{\"@type\":\"WebSite\",\"@id\":\"https:\\\/\\\/www.altominho.tv\\\/site\\\/#website\",\"url\":\"https:\\\/\\\/www.altominho.tv\\\/site\\\/\",\"name\":\"Altominho.tv\",\"description\":\"A sua regi\u00e3o \u00e0 dist\u00e2ncia de um clique...\",\"potentialAction\":[{\"@type\":\"SearchAction\",\"target\":{\"@type\":\"EntryPoint\",\"urlTemplate\":\"https:\\\/\\\/www.altominho.tv\\\/site\\\/?s={search_term_string}\"},\"query-input\":{\"@type\":\"PropertyValueSpecification\",\"valueRequired\":true,\"valueName\":\"search_term_string\"}}],\"inLanguage\":\"pt-PT\"},{\"@type\":\"Person\",\"@id\":\"https:\\\/\\\/www.altominho.tv\\\/site\\\/#\\\/schema\\\/person\\\/a0e4ef6d041f98ca284393d8f1d97153\",\"name\":\"Andreia Cunha\",\"image\":{\"@type\":\"ImageObject\",\"inLanguage\":\"pt-PT\",\"@id\":\"https:\\\/\\\/www.altominho.tv\\\/site\\\/wp-content\\\/uploads\\\/2017\\\/11\\\/Andreia_Cunha-1-150x150.jpg\",\"url\":\"https:\\\/\\\/www.altominho.tv\\\/site\\\/wp-content\\\/uploads\\\/2017\\\/11\\\/Andreia_Cunha-1-150x150.jpg\",\"contentUrl\":\"https:\\\/\\\/www.altominho.tv\\\/site\\\/wp-content\\\/uploads\\\/2017\\\/11\\\/Andreia_Cunha-1-150x150.jpg\",\"caption\":\"Andreia Cunha\"},\"url\":\"https:\\\/\\\/www.altominho.tv\\\/site\\\/author\\\/andreiacunha\\\/\"}]}<\/script>\n<!-- \/ Yoast SEO Premium plugin. -->","yoast_head_json":{"title":"Expovez - Feira do Alto Minho come\u00e7a na sexta-feira","description":"A Expovez - Feira do Alto Minho, come\u00e7a na pr\u00f3xima sexta-feira, dia 1 de maio.","robots":{"index":"index","follow":"follow","max-snippet":"max-snippet:-1","max-image-preview":"max-image-preview:large","max-video-preview":"max-video-preview:-1"},"canonical":"https:\/\/www.altominho.tv\/site\/2026\/04\/27\/arcos-de-valdevez-expovez-feira-alto-minho\/","og_locale":"pt_PT","og_type":"article","og_title":"Expovez - Feira do Alto Minho come\u00e7a na sexta-feira","og_description":"A Expovez - Feira do Alto Minho, come\u00e7a na pr\u00f3xima sexta-feira, dia 1 de maio.","og_url":"https:\/\/www.altominho.tv\/site\/2026\/04\/27\/arcos-de-valdevez-expovez-feira-alto-minho\/","og_site_name":"Altominho.tv","article_publisher":"https:\/\/www.facebook.com\/altominhotv","article_published_time":"2026-04-27T14:36:11+00:00","article_modified_time":"2026-04-27T14:36:14+00:00","og_image":[{"width":1200,"height":630,"url":"https:\/\/www.altominho.tv\/site\/wp-content\/uploads\/2026\/04\/expovez.png","type":"image\/png"}],"author":"Andreia Cunha","twitter_card":"summary_large_image","twitter_creator":"@altominhoTV","twitter_site":"@altominhoTV","twitter_misc":{"Escrito por":"Andreia Cunha","Tempo estimado de leitura":"2 minutos"},"schema":{"@context":"https:\/\/schema.org","@graph":[{"@type":"Article","@id":"https:\/\/www.altominho.tv\/site\/2026\/04\/27\/arcos-de-valdevez-expovez-feira-alto-minho\/#article","isPartOf":{"@id":"https:\/\/www.altominho.tv\/site\/2026\/04\/27\/arcos-de-valdevez-expovez-feira-alto-minho\/"},"author":{"name":"Andreia Cunha","@id":"https:\/\/www.altominho.tv\/site\/#\/schema\/person\/a0e4ef6d041f98ca284393d8f1d97153"},"headline":"Expovez &#8211; Feira do Alto Minho come\u00e7a na sexta-feira","datePublished":"2026-04-27T14:36:11+00:00","dateModified":"2026-04-27T14:36:14+00:00","mainEntityOfPage":{"@id":"https:\/\/www.altominho.tv\/site\/2026\/04\/27\/arcos-de-valdevez-expovez-feira-alto-minho\/"},"wordCount":175,"image":{"@id":"https:\/\/www.altominho.tv\/site\/2026\/04\/27\/arcos-de-valdevez-expovez-feira-alto-minho\/#primaryimage"},"thumbnailUrl":"https:\/\/www.altominho.tv\/site\/wp-content\/uploads\/2026\/04\/expovez.png","keywords":["Sociedade"],"articleSection":["Arcos de Valdevez"],"inLanguage":"pt-PT","copyrightYear":"2026","copyrightHolder":{"@id":"https:\/\/www.altominho.tv\/site\/#organization"}},{"@type":"WebPage","@id":"https:\/\/www.altominho.tv\/site\/2026\/04\/27\/arcos-de-valdevez-expovez-feira-alto-minho\/","url":"https:\/\/www.altominho.tv\/site\/2026\/04\/27\/arcos-de-valdevez-expovez-feira-alto-minho\/","name":"Expovez - Feira do Alto Minho come\u00e7a na sexta-feira","isPartOf":{"@id":"https:\/\/www.altominho.tv\/site\/#website"},"primaryImageOfPage":{"@id":"https:\/\/www.altominho.tv\/site\/2026\/04\/27\/arcos-de-valdevez-expovez-feira-alto-minho\/#primaryimage"},"image":{"@id":"https:\/\/www.altominho.tv\/site\/2026\/04\/27\/arcos-de-valdevez-expovez-feira-alto-minho\/#primaryimage"},"thumbnailUrl":"https:\/\/www.altominho.tv\/site\/wp-content\/uploads\/2026\/04\/expovez.png","datePublished":"2026-04-27T14:36:11+00:00","dateModified":"2026-04-27T14:36:14+00:00","author":{"@id":"https:\/\/www.altominho.tv\/site\/#\/schema\/person\/a0e4ef6d041f98ca284393d8f1d97153"},"description":"A Expovez - Feira do Alto Minho, come\u00e7a na pr\u00f3xima sexta-feira, dia 1 de maio.","breadcrumb":{"@id":"https:\/\/www.altominho.tv\/site\/2026\/04\/27\/arcos-de-valdevez-expovez-feira-alto-minho\/#breadcrumb"},"inLanguage":"pt-PT","potentialAction":[{"@type":"ReadAction","target":["https:\/\/www.altominho.tv\/site\/2026\/04\/27\/arcos-de-valdevez-expovez-feira-alto-minho\/"]}]},{"@type":"ImageObject","inLanguage":"pt-PT","@id":"https:\/\/www.altominho.tv\/site\/2026\/04\/27\/arcos-de-valdevez-expovez-feira-alto-minho\/#primaryimage","url":"https:\/\/www.altominho.tv\/site\/wp-content\/uploads\/2026\/04\/expovez.png","contentUrl":"https:\/\/www.altominho.tv\/site\/wp-content\/uploads\/2026\/04\/expovez.png","width":1200,"height":630},{"@type":"BreadcrumbList","@id":"https:\/\/www.altominho.tv\/site\/2026\/04\/27\/arcos-de-valdevez-expovez-feira-alto-minho\/#breadcrumb","itemListElement":[{"@type":"ListItem","position":1,"name":"In\u00edcio","item":"https:\/\/www.altominho.tv\/site\/"},{"@type":"ListItem","position":2,"name":"Expovez &#8211; Feira do Alto Minho come\u00e7a na sexta-feira"}]},{"@type":"WebSite","@id":"https:\/\/www.altominho.tv\/site\/#website","url":"https:\/\/www.altominho.tv\/site\/","name":"Altominho.tv","description":"A sua regi\u00e3o \u00e0 dist\u00e2ncia de um clique...","potentialAction":[{"@type":"SearchAction","target":{"@type":"EntryPoint","urlTemplate":"https:\/\/www.altominho.tv\/site\/?s={search_term_string}"},"query-input":{"@type":"PropertyValueSpecification","valueRequired":true,"valueName":"search_term_string"}}],"inLanguage":"pt-PT"},{"@type":"Person","@id":"https:\/\/www.altominho.tv\/site\/#\/schema\/person\/a0e4ef6d041f98ca284393d8f1d97153","name":"Andreia Cunha","image":{"@type":"ImageObject","inLanguage":"pt-PT","@id":"https:\/\/www.altominho.tv\/site\/wp-content\/uploads\/2017\/11\/Andreia_Cunha-1-150x150.jpg","url":"https:\/\/www.altominho.tv\/site\/wp-content\/uploads\/2017\/11\/Andreia_Cunha-1-150x150.jpg","contentUrl":"https:\/\/www.altominho.tv\/site\/wp-content\/uploads\/2017\/11\/Andreia_Cunha-1-150x150.jpg","caption":"Andreia Cunha"},"url":"https:\/\/www.altominho.tv\/site\/author\/andreiacunha\/"}]}},"_links":{"self":[{"href":"https:\/\/www.altominho.tv\/site\/wp-json\/wp\/v2\/posts\/131711","targetHints":{"allow":["GET"]}}],"collection":[{"href":"https:\/\/www.altominho.tv\/site\/wp-json\/wp\/v2\/posts"}],"about":[{"href":"https:\/\/www.altominho.tv\/site\/wp-json\/wp\/v2\/types\/post"}],"author":[{"embeddable":true,"href":"https:\/\/www.altominho.tv\/site\/wp-json\/wp\/v2\/users\/7"}],"replies":[{"embeddable":true,"href":"https:\/\/www.altominho.tv\/site\/wp-json\/wp\/v2\/comments?post=131711"}],"version-history":[{"count":1,"href":"https:\/\/www.altominho.tv\/site\/wp-json\/wp\/v2\/posts\/131711\/revisions"}],"predecessor-version":[{"id":131713,"href":"https:\/\/www.altominho.tv\/site\/wp-json\/wp\/v2\/posts\/131711\/revisions\/131713"}],"wp:featuredmedia":[{"embeddable":true,"href":"https:\/\/www.altominho.tv\/site\/wp-json\/wp\/v2\/media\/131712"}],"wp:attachment":[{"href":"https:\/\/www.altominho.tv\/site\/wp-json\/wp\/v2\/media?parent=131711"}],"wp:term":[{"taxonomy":"category","embeddable":true,"href":"https:\/\/www.altominho.tv\/site\/wp-json\/wp\/v2\/categories?post=131711"},{"taxonomy":"post_tag","embeddable":true,"href":"https:\/\/www.altominho.tv\/site\/wp-json\/wp\/v2\/tags?post=131711"}],"curies":[{"name":"wp","href":"https:\/\/api.w.org\/{rel}","templated":true}]}}