{"id":131707,"date":"2026-04-27T16:00:00","date_gmt":"2026-04-27T15:00:00","guid":{"rendered":"https:\/\/www.altominho.tv\/site\/?p=131707"},"modified":"2026-04-27T15:01:48","modified_gmt":"2026-04-27T14:01:48","slug":"criadores-de-racas-autoctones-alertam-sem-apoios-futuro-da-atividade-esta-em-risco","status":"publish","type":"post","link":"https:\/\/www.altominho.tv\/site\/2026\/04\/27\/criadores-de-racas-autoctones-alertam-sem-apoios-futuro-da-atividade-esta-em-risco\/","title":{"rendered":"Criadores de ra\u00e7as aut\u00f3ctones alertam: sem apoios, futuro da atividade est\u00e1 em risco"},"content":{"rendered":"<p><iframe loading=\"lazy\" title=\"Criadores de ra\u00e7as aut\u00f3ctones alertam: sem apoios, futuro da atividade est\u00e1 em risco | Altominho TV\" width=\"770\" height=\"433\" src=\"https:\/\/www.youtube.com\/embed\/mgsikimzOzM?feature=oembed\" frameborder=\"0\" allow=\"accelerometer; autoplay; clipboard-write; encrypted-media; gyroscope; picture-in-picture; web-share\" referrerpolicy=\"strict-origin-when-cross-origin\" allowfullscreen><\/iframe><\/p>\n<p>A cria\u00e7\u00e3o de bovinos aut\u00f3ctones mant\u00e9m-se como uma atividade essencial para o equil\u00edbrio do territ\u00f3rio rural, mas enfrenta desafios crescentes que inquietam os produtores locais.<\/p>\n<p>Numa fase em que o setor tenta garantir a sua sustentabilidade, os agricultores alertam para a necessidade urgente de maior apoio do Estado, sob pena de se perder uma atividade com impacto econ\u00f3mico, ambiental e social relevante.<\/p>\n<p>Com um papel determinante na gest\u00e3o da paisagem e na preserva\u00e7\u00e3o dos ecossistemas, estes produtores destacam a qualidade da carne e o cumprimento rigoroso das normas de bem-estar animal.<\/p>\n","protected":false},"excerpt":{"rendered":"<p>A cria\u00e7\u00e3o de bovinos aut\u00f3ctones mant\u00e9m-se como uma atividade essencial para o equil\u00edbrio do territ\u00f3rio rural, mas enfrenta desafios crescentes que inquietam os produtores locais. Numa fase em que o setor tenta garantir a sua sustentabilidade, os agricultores alertam para a necessidade urgente de maior apoio do Estado, sob pena de se perder uma atividade [&hellip;]<\/p>\n","protected":false},"author":10,"featured_media":131708,"comment_status":"closed","ping_status":"closed","sticky":false,"template":"","format":"video","meta":{"_exactmetrics_skip_tracking":false,"_exactmetrics_sitenote_active":false,"_exactmetrics_sitenote_note":"","_exactmetrics_sitenote_category":0,"footnotes":""},"categories":[10],"tags":[27],"class_list":["post-131707","post","type-post","status-publish","format-video","has-post-thumbnail","hentry","category-paredes-de-coura","tag-sociedade","post_format-post-format-video"],"yoast_head":"<!-- This site is optimized with the Yoast SEO Premium plugin v27.4 (Yoast SEO v27.4) - https:\/\/yoast.com\/product\/yoast-seo-premium-wordpress\/ -->\n<title>Criadores de ra\u00e7as aut\u00f3ctones alertam: sem apoios, futuro da atividade est\u00e1 em risco<\/title>\n<meta name=\"robots\" content=\"index, follow, max-snippet:-1, max-image-preview:large, max-video-preview:-1\" \/>\n<link rel=\"canonical\" href=\"https:\/\/www.altominho.tv\/site\/2026\/04\/27\/criadores-de-racas-autoctones-alertam-sem-apoios-futuro-da-atividade-esta-em-risco\/\" \/>\n<meta property=\"og:locale\" content=\"pt_PT\" \/>\n<meta property=\"og:type\" content=\"article\" \/>\n<meta property=\"og:title\" content=\"Criadores de ra\u00e7as aut\u00f3ctones alertam: sem apoios, futuro da atividade est\u00e1 em risco\" \/>\n<meta property=\"og:description\" content=\"A cria\u00e7\u00e3o de bovinos aut\u00f3ctones mant\u00e9m-se como uma atividade essencial para o equil\u00edbrio do territ\u00f3rio rural, mas enfrenta desafios crescentes que inquietam os produtores locais. Numa fase em que o setor tenta garantir a sua sustentabilidade, os agricultores alertam para a necessidade urgente de maior apoio do Estado, sob pena de se perder uma atividade [&hellip;]\" \/>\n<meta property=\"og:url\" content=\"https:\/\/www.altominho.tv\/site\/2026\/04\/27\/criadores-de-racas-autoctones-alertam-sem-apoios-futuro-da-atividade-esta-em-risco\/\" \/>\n<meta property=\"og:site_name\" content=\"Altominho.tv\" \/>\n<meta property=\"article:publisher\" content=\"https:\/\/www.facebook.com\/altominhotv\" \/>\n<meta property=\"article:published_time\" content=\"2026-04-27T15:00:00+00:00\" \/>\n<meta property=\"og:image\" content=\"https:\/\/www.altominho.tv\/site\/wp-content\/uploads\/2026\/04\/boi-.jpg\" \/>\n\t<meta property=\"og:image:width\" content=\"1920\" \/>\n\t<meta property=\"og:image:height\" content=\"1080\" \/>\n\t<meta property=\"og:image:type\" content=\"image\/jpeg\" \/>\n<meta name=\"author\" content=\"Andreia Barreiro\" \/>\n<meta name=\"twitter:card\" content=\"summary_large_image\" \/>\n<meta name=\"twitter:creator\" content=\"@altominhoTV\" \/>\n<meta name=\"twitter:site\" content=\"@altominhoTV\" \/>\n<meta name=\"twitter:label1\" content=\"Escrito por\" \/>\n\t<meta name=\"twitter:data1\" content=\"Andreia Barreiro\" \/>\n\t<meta name=\"twitter:label2\" content=\"Tempo estimado de leitura\" \/>\n\t<meta name=\"twitter:data2\" content=\"1 minuto\" \/>\n<script type=\"application\/ld+json\" class=\"yoast-schema-graph\">{\"@context\":\"https:\\\/\\\/schema.org\",\"@graph\":[{\"@type\":\"Article\",\"@id\":\"https:\\\/\\\/www.altominho.tv\\\/site\\\/2026\\\/04\\\/27\\\/criadores-de-racas-autoctones-alertam-sem-apoios-futuro-da-atividade-esta-em-risco\\\/#article\",\"isPartOf\":{\"@id\":\"https:\\\/\\\/www.altominho.tv\\\/site\\\/2026\\\/04\\\/27\\\/criadores-de-racas-autoctones-alertam-sem-apoios-futuro-da-atividade-esta-em-risco\\\/\"},\"author\":{\"name\":\"Andreia Barreiro\",\"@id\":\"https:\\\/\\\/www.altominho.tv\\\/site\\\/#\\\/schema\\\/person\\\/4fa0996d8841f9d6cbb84eb43c555c2c\"},\"headline\":\"Criadores de ra\u00e7as aut\u00f3ctones alertam: sem apoios, futuro da atividade est\u00e1 em risco\",\"datePublished\":\"2026-04-27T15:00:00+00:00\",\"mainEntityOfPage\":{\"@id\":\"https:\\\/\\\/www.altominho.tv\\\/site\\\/2026\\\/04\\\/27\\\/criadores-de-racas-autoctones-alertam-sem-apoios-futuro-da-atividade-esta-em-risco\\\/\"},\"wordCount\":118,\"image\":{\"@id\":\"https:\\\/\\\/www.altominho.tv\\\/site\\\/2026\\\/04\\\/27\\\/criadores-de-racas-autoctones-alertam-sem-apoios-futuro-da-atividade-esta-em-risco\\\/#primaryimage\"},\"thumbnailUrl\":\"https:\\\/\\\/www.altominho.tv\\\/site\\\/wp-content\\\/uploads\\\/2026\\\/04\\\/boi-.jpg\",\"keywords\":[\"Sociedade\"],\"articleSection\":[\"Paredes de Coura\"],\"inLanguage\":\"pt-PT\",\"copyrightYear\":\"2026\",\"copyrightHolder\":{\"@id\":\"https:\\\/\\\/www.altominho.tv\\\/site\\\/#organization\"}},{\"@type\":\"WebPage\",\"@id\":\"https:\\\/\\\/www.altominho.tv\\\/site\\\/2026\\\/04\\\/27\\\/criadores-de-racas-autoctones-alertam-sem-apoios-futuro-da-atividade-esta-em-risco\\\/\",\"url\":\"https:\\\/\\\/www.altominho.tv\\\/site\\\/2026\\\/04\\\/27\\\/criadores-de-racas-autoctones-alertam-sem-apoios-futuro-da-atividade-esta-em-risco\\\/\",\"name\":\"Criadores de ra\u00e7as aut\u00f3ctones alertam: sem apoios, futuro da atividade est\u00e1 em risco\",\"isPartOf\":{\"@id\":\"https:\\\/\\\/www.altominho.tv\\\/site\\\/#website\"},\"primaryImageOfPage\":{\"@id\":\"https:\\\/\\\/www.altominho.tv\\\/site\\\/2026\\\/04\\\/27\\\/criadores-de-racas-autoctones-alertam-sem-apoios-futuro-da-atividade-esta-em-risco\\\/#primaryimage\"},\"image\":{\"@id\":\"https:\\\/\\\/www.altominho.tv\\\/site\\\/2026\\\/04\\\/27\\\/criadores-de-racas-autoctones-alertam-sem-apoios-futuro-da-atividade-esta-em-risco\\\/#primaryimage\"},\"thumbnailUrl\":\"https:\\\/\\\/www.altominho.tv\\\/site\\\/wp-content\\\/uploads\\\/2026\\\/04\\\/boi-.jpg\",\"datePublished\":\"2026-04-27T15:00:00+00:00\",\"author\":{\"@id\":\"https:\\\/\\\/www.altominho.tv\\\/site\\\/#\\\/schema\\\/person\\\/4fa0996d8841f9d6cbb84eb43c555c2c\"},\"breadcrumb\":{\"@id\":\"https:\\\/\\\/www.altominho.tv\\\/site\\\/2026\\\/04\\\/27\\\/criadores-de-racas-autoctones-alertam-sem-apoios-futuro-da-atividade-esta-em-risco\\\/#breadcrumb\"},\"inLanguage\":\"pt-PT\",\"potentialAction\":[{\"@type\":\"ReadAction\",\"target\":[\"https:\\\/\\\/www.altominho.tv\\\/site\\\/2026\\\/04\\\/27\\\/criadores-de-racas-autoctones-alertam-sem-apoios-futuro-da-atividade-esta-em-risco\\\/\"]}]},{\"@type\":\"ImageObject\",\"inLanguage\":\"pt-PT\",\"@id\":\"https:\\\/\\\/www.altominho.tv\\\/site\\\/2026\\\/04\\\/27\\\/criadores-de-racas-autoctones-alertam-sem-apoios-futuro-da-atividade-esta-em-risco\\\/#primaryimage\",\"url\":\"https:\\\/\\\/www.altominho.tv\\\/site\\\/wp-content\\\/uploads\\\/2026\\\/04\\\/boi-.jpg\",\"contentUrl\":\"https:\\\/\\\/www.altominho.tv\\\/site\\\/wp-content\\\/uploads\\\/2026\\\/04\\\/boi-.jpg\",\"width\":1920,\"height\":1080},{\"@type\":\"BreadcrumbList\",\"@id\":\"https:\\\/\\\/www.altominho.tv\\\/site\\\/2026\\\/04\\\/27\\\/criadores-de-racas-autoctones-alertam-sem-apoios-futuro-da-atividade-esta-em-risco\\\/#breadcrumb\",\"itemListElement\":[{\"@type\":\"ListItem\",\"position\":1,\"name\":\"In\u00edcio\",\"item\":\"https:\\\/\\\/www.altominho.tv\\\/site\\\/\"},{\"@type\":\"ListItem\",\"position\":2,\"name\":\"Criadores de ra\u00e7as aut\u00f3ctones alertam: sem apoios, futuro da atividade est\u00e1 em risco\"}]},{\"@type\":\"WebSite\",\"@id\":\"https:\\\/\\\/www.altominho.tv\\\/site\\\/#website\",\"url\":\"https:\\\/\\\/www.altominho.tv\\\/site\\\/\",\"name\":\"Altominho.tv\",\"description\":\"A sua regi\u00e3o \u00e0 dist\u00e2ncia de um clique...\",\"potentialAction\":[{\"@type\":\"SearchAction\",\"target\":{\"@type\":\"EntryPoint\",\"urlTemplate\":\"https:\\\/\\\/www.altominho.tv\\\/site\\\/?s={search_term_string}\"},\"query-input\":{\"@type\":\"PropertyValueSpecification\",\"valueRequired\":true,\"valueName\":\"search_term_string\"}}],\"inLanguage\":\"pt-PT\"},{\"@type\":\"Person\",\"@id\":\"https:\\\/\\\/www.altominho.tv\\\/site\\\/#\\\/schema\\\/person\\\/4fa0996d8841f9d6cbb84eb43c555c2c\",\"name\":\"Andreia Barreiro\",\"image\":{\"@type\":\"ImageObject\",\"inLanguage\":\"pt-PT\",\"@id\":\"https:\\\/\\\/www.altominho.tv\\\/site\\\/wp-content\\\/uploads\\\/2021\\\/01\\\/132443895_3480358142084005_3574327946369834311_o-150x150.jpg\",\"url\":\"https:\\\/\\\/www.altominho.tv\\\/site\\\/wp-content\\\/uploads\\\/2021\\\/01\\\/132443895_3480358142084005_3574327946369834311_o-150x150.jpg\",\"contentUrl\":\"https:\\\/\\\/www.altominho.tv\\\/site\\\/wp-content\\\/uploads\\\/2021\\\/01\\\/132443895_3480358142084005_3574327946369834311_o-150x150.jpg\",\"caption\":\"Andreia Barreiro\"},\"url\":\"https:\\\/\\\/www.altominho.tv\\\/site\\\/author\\\/andreiabarreiro\\\/\"}]}<\/script>\n<meta property=\"og:video\" content=\"https:\/\/www.youtube.com\/embed\/mgsikimzOzM\" \/>\n<meta property=\"og:video:type\" content=\"text\/html\" \/>\n<meta property=\"og:video:duration\" content=\"243\" \/>\n<meta property=\"og:video:width\" content=\"480\" \/>\n<meta property=\"og:video:height\" content=\"270\" \/>\n<meta property=\"ya:ovs:adult\" content=\"false\" \/>\n<meta property=\"ya:ovs:upload_date\" content=\"2026-04-27T15:00:00+00:00\" \/>\n<meta property=\"ya:ovs:allow_embed\" content=\"true\" \/>\n<!-- \/ Yoast SEO Premium plugin. -->","yoast_head_json":{"title":"Criadores de ra\u00e7as aut\u00f3ctones alertam: sem apoios, futuro da atividade est\u00e1 em risco","robots":{"index":"index","follow":"follow","max-snippet":"max-snippet:-1","max-image-preview":"max-image-preview:large","max-video-preview":"max-video-preview:-1"},"canonical":"https:\/\/www.altominho.tv\/site\/2026\/04\/27\/criadores-de-racas-autoctones-alertam-sem-apoios-futuro-da-atividade-esta-em-risco\/","og_locale":"pt_PT","og_type":"article","og_title":"Criadores de ra\u00e7as aut\u00f3ctones alertam: sem apoios, futuro da atividade est\u00e1 em risco","og_description":"A cria\u00e7\u00e3o de bovinos aut\u00f3ctones mant\u00e9m-se como uma atividade essencial para o equil\u00edbrio do territ\u00f3rio rural, mas enfrenta desafios crescentes que inquietam os produtores locais. Numa fase em que o setor tenta garantir a sua sustentabilidade, os agricultores alertam para a necessidade urgente de maior apoio do Estado, sob pena de se perder uma atividade [&hellip;]","og_url":"https:\/\/www.altominho.tv\/site\/2026\/04\/27\/criadores-de-racas-autoctones-alertam-sem-apoios-futuro-da-atividade-esta-em-risco\/","og_site_name":"Altominho.tv","article_publisher":"https:\/\/www.facebook.com\/altominhotv","article_published_time":"2026-04-27T15:00:00+00:00","og_image":[{"width":1920,"height":1080,"url":"https:\/\/www.altominho.tv\/site\/wp-content\/uploads\/2026\/04\/boi-.jpg","type":"image\/jpeg"}],"author":"Andreia Barreiro","twitter_card":"summary_large_image","twitter_creator":"@altominhoTV","twitter_site":"@altominhoTV","twitter_misc":{"Escrito por":"Andreia Barreiro","Tempo estimado de leitura":"1 minuto"},"schema":{"@context":"https:\/\/schema.org","@graph":[{"@type":"Article","@id":"https:\/\/www.altominho.tv\/site\/2026\/04\/27\/criadores-de-racas-autoctones-alertam-sem-apoios-futuro-da-atividade-esta-em-risco\/#article","isPartOf":{"@id":"https:\/\/www.altominho.tv\/site\/2026\/04\/27\/criadores-de-racas-autoctones-alertam-sem-apoios-futuro-da-atividade-esta-em-risco\/"},"author":{"name":"Andreia Barreiro","@id":"https:\/\/www.altominho.tv\/site\/#\/schema\/person\/4fa0996d8841f9d6cbb84eb43c555c2c"},"headline":"Criadores de ra\u00e7as aut\u00f3ctones alertam: sem apoios, futuro da atividade est\u00e1 em risco","datePublished":"2026-04-27T15:00:00+00:00","mainEntityOfPage":{"@id":"https:\/\/www.altominho.tv\/site\/2026\/04\/27\/criadores-de-racas-autoctones-alertam-sem-apoios-futuro-da-atividade-esta-em-risco\/"},"wordCount":118,"image":{"@id":"https:\/\/www.altominho.tv\/site\/2026\/04\/27\/criadores-de-racas-autoctones-alertam-sem-apoios-futuro-da-atividade-esta-em-risco\/#primaryimage"},"thumbnailUrl":"https:\/\/www.altominho.tv\/site\/wp-content\/uploads\/2026\/04\/boi-.jpg","keywords":["Sociedade"],"articleSection":["Paredes de Coura"],"inLanguage":"pt-PT","copyrightYear":"2026","copyrightHolder":{"@id":"https:\/\/www.altominho.tv\/site\/#organization"}},{"@type":"WebPage","@id":"https:\/\/www.altominho.tv\/site\/2026\/04\/27\/criadores-de-racas-autoctones-alertam-sem-apoios-futuro-da-atividade-esta-em-risco\/","url":"https:\/\/www.altominho.tv\/site\/2026\/04\/27\/criadores-de-racas-autoctones-alertam-sem-apoios-futuro-da-atividade-esta-em-risco\/","name":"Criadores de ra\u00e7as aut\u00f3ctones alertam: sem apoios, futuro da atividade est\u00e1 em risco","isPartOf":{"@id":"https:\/\/www.altominho.tv\/site\/#website"},"primaryImageOfPage":{"@id":"https:\/\/www.altominho.tv\/site\/2026\/04\/27\/criadores-de-racas-autoctones-alertam-sem-apoios-futuro-da-atividade-esta-em-risco\/#primaryimage"},"image":{"@id":"https:\/\/www.altominho.tv\/site\/2026\/04\/27\/criadores-de-racas-autoctones-alertam-sem-apoios-futuro-da-atividade-esta-em-risco\/#primaryimage"},"thumbnailUrl":"https:\/\/www.altominho.tv\/site\/wp-content\/uploads\/2026\/04\/boi-.jpg","datePublished":"2026-04-27T15:00:00+00:00","author":{"@id":"https:\/\/www.altominho.tv\/site\/#\/schema\/person\/4fa0996d8841f9d6cbb84eb43c555c2c"},"breadcrumb":{"@id":"https:\/\/www.altominho.tv\/site\/2026\/04\/27\/criadores-de-racas-autoctones-alertam-sem-apoios-futuro-da-atividade-esta-em-risco\/#breadcrumb"},"inLanguage":"pt-PT","potentialAction":[{"@type":"ReadAction","target":["https:\/\/www.altominho.tv\/site\/2026\/04\/27\/criadores-de-racas-autoctones-alertam-sem-apoios-futuro-da-atividade-esta-em-risco\/"]}]},{"@type":"ImageObject","inLanguage":"pt-PT","@id":"https:\/\/www.altominho.tv\/site\/2026\/04\/27\/criadores-de-racas-autoctones-alertam-sem-apoios-futuro-da-atividade-esta-em-risco\/#primaryimage","url":"https:\/\/www.altominho.tv\/site\/wp-content\/uploads\/2026\/04\/boi-.jpg","contentUrl":"https:\/\/www.altominho.tv\/site\/wp-content\/uploads\/2026\/04\/boi-.jpg","width":1920,"height":1080},{"@type":"BreadcrumbList","@id":"https:\/\/www.altominho.tv\/site\/2026\/04\/27\/criadores-de-racas-autoctones-alertam-sem-apoios-futuro-da-atividade-esta-em-risco\/#breadcrumb","itemListElement":[{"@type":"ListItem","position":1,"name":"In\u00edcio","item":"https:\/\/www.altominho.tv\/site\/"},{"@type":"ListItem","position":2,"name":"Criadores de ra\u00e7as aut\u00f3ctones alertam: sem apoios, futuro da atividade est\u00e1 em risco"}]},{"@type":"WebSite","@id":"https:\/\/www.altominho.tv\/site\/#website","url":"https:\/\/www.altominho.tv\/site\/","name":"Altominho.tv","description":"A sua regi\u00e3o \u00e0 dist\u00e2ncia de um clique...","potentialAction":[{"@type":"SearchAction","target":{"@type":"EntryPoint","urlTemplate":"https:\/\/www.altominho.tv\/site\/?s={search_term_string}"},"query-input":{"@type":"PropertyValueSpecification","valueRequired":true,"valueName":"search_term_string"}}],"inLanguage":"pt-PT"},{"@type":"Person","@id":"https:\/\/www.altominho.tv\/site\/#\/schema\/person\/4fa0996d8841f9d6cbb84eb43c555c2c","name":"Andreia Barreiro","image":{"@type":"ImageObject","inLanguage":"pt-PT","@id":"https:\/\/www.altominho.tv\/site\/wp-content\/uploads\/2021\/01\/132443895_3480358142084005_3574327946369834311_o-150x150.jpg","url":"https:\/\/www.altominho.tv\/site\/wp-content\/uploads\/2021\/01\/132443895_3480358142084005_3574327946369834311_o-150x150.jpg","contentUrl":"https:\/\/www.altominho.tv\/site\/wp-content\/uploads\/2021\/01\/132443895_3480358142084005_3574327946369834311_o-150x150.jpg","caption":"Andreia Barreiro"},"url":"https:\/\/www.altominho.tv\/site\/author\/andreiabarreiro\/"}]},"og_video":"https:\/\/www.youtube.com\/embed\/mgsikimzOzM","og_video_type":"text\/html","og_video_duration":"243","og_video_width":"480","og_video_height":"270","ya_ovs_adult":"false","ya_ovs_upload_date":"2026-04-27T15:00:00+00:00","ya_ovs_allow_embed":"true"},"_links":{"self":[{"href":"https:\/\/www.altominho.tv\/site\/wp-json\/wp\/v2\/posts\/131707","targetHints":{"allow":["GET"]}}],"collection":[{"href":"https:\/\/www.altominho.tv\/site\/wp-json\/wp\/v2\/posts"}],"about":[{"href":"https:\/\/www.altominho.tv\/site\/wp-json\/wp\/v2\/types\/post"}],"author":[{"embeddable":true,"href":"https:\/\/www.altominho.tv\/site\/wp-json\/wp\/v2\/users\/10"}],"replies":[{"embeddable":true,"href":"https:\/\/www.altominho.tv\/site\/wp-json\/wp\/v2\/comments?post=131707"}],"version-history":[{"count":1,"href":"https:\/\/www.altominho.tv\/site\/wp-json\/wp\/v2\/posts\/131707\/revisions"}],"predecessor-version":[{"id":131709,"href":"https:\/\/www.altominho.tv\/site\/wp-json\/wp\/v2\/posts\/131707\/revisions\/131709"}],"wp:featuredmedia":[{"embeddable":true,"href":"https:\/\/www.altominho.tv\/site\/wp-json\/wp\/v2\/media\/131708"}],"wp:attachment":[{"href":"https:\/\/www.altominho.tv\/site\/wp-json\/wp\/v2\/media?parent=131707"}],"wp:term":[{"taxonomy":"category","embeddable":true,"href":"https:\/\/www.altominho.tv\/site\/wp-json\/wp\/v2\/categories?post=131707"},{"taxonomy":"post_tag","embeddable":true,"href":"https:\/\/www.altominho.tv\/site\/wp-json\/wp\/v2\/tags?post=131707"}],"curies":[{"name":"wp","href":"https:\/\/api.w.org\/{rel}","templated":true}]}}