{"id":131679,"date":"2026-04-27T11:03:21","date_gmt":"2026-04-27T10:03:21","guid":{"rendered":"https:\/\/www.altominho.tv\/site\/?p=131679"},"modified":"2026-04-27T11:03:46","modified_gmt":"2026-04-27T10:03:46","slug":"viana-do-castelo-volta-a-encher-se-de-flores","status":"publish","type":"post","link":"https:\/\/www.altominho.tv\/site\/2026\/04\/27\/viana-do-castelo-volta-a-encher-se-de-flores\/","title":{"rendered":"Viana do Castelo volta a encher-se de flores"},"content":{"rendered":"<p class=\"p1\">A cidade de Viana do Castelo prepara-se para se encher de cor e vida. A iniciativa &#8220;Viana Florida&#8221; est\u00e1 de regresso de 30 de abril a 3 de maio com um programa dedicado aos \u201cEspa\u00e7os verdes para uma cidade sustent\u00e1vel\u201d, dinamizando a cidade e as freguesias com diversas iniciativas.<\/p>\n<p class=\"p1\">Segundo a autarquia, \u201cm\u00faltiplas propostas e arranjos florais de m\u00e9dia dimens\u00e3o com 40 mil flores v\u00e3o encher pra\u00e7as e ruas do centro hist\u00f3rico de Viana do Castelo\u201d.<\/p>\n<p class=\"p1\">O programa integra a Feira das Flores e Jardinagem, Festival de Flores, Exposi\u00e7\u00e3o e Festas Floridas. Arranca j\u00e1 esta 30 de abril, quinta-feira, com a confe\u00e7\u00e3o dos arranjos floridos de m\u00e9dia dimens\u00e3o, entre tr\u00eas e quatro metros de altura, na Pra\u00e7a da Rep\u00fablica, Pra\u00e7a da Liberdade, Largo Maestro Jos\u00e9 Pedro e Largo de S\u00e3o Domingos.<\/p>\n<p>Foto: <strong>Alexandre Alves<\/strong><\/p>\n\n<div id='gallery-1' class='gallery galleryid-131679 gallery-columns-3 gallery-size-gridlove-single'><figure class='gallery-item'>\n\t\t\t<div class='gallery-icon landscape'>\n\t\t\t\t<a class=\"gridlove-popup\" href='https:\/\/www.altominho.tv\/site\/wp-content\/uploads\/2026\/04\/VF_QUADRADO_26_2-scaled.jpg'><img loading=\"lazy\" decoding=\"async\" width=\"740\" height=\"740\" src=\"https:\/\/www.altominho.tv\/site\/wp-content\/uploads\/2026\/04\/VF_QUADRADO_26_2-740x740.jpg\" class=\"attachment-gridlove-single size-gridlove-single\" alt=\"\" srcset=\"https:\/\/www.altominho.tv\/site\/wp-content\/uploads\/2026\/04\/VF_QUADRADO_26_2-740x740.jpg 740w, https:\/\/www.altominho.tv\/site\/wp-content\/uploads\/2026\/04\/VF_QUADRADO_26_2-433x433.jpg 433w, https:\/\/www.altominho.tv\/site\/wp-content\/uploads\/2026\/04\/VF_QUADRADO_26_2-1024x1024.jpg 1024w, https:\/\/www.altominho.tv\/site\/wp-content\/uploads\/2026\/04\/VF_QUADRADO_26_2-150x150.jpg 150w, https:\/\/www.altominho.tv\/site\/wp-content\/uploads\/2026\/04\/VF_QUADRADO_26_2-768x768.jpg 768w, https:\/\/www.altominho.tv\/site\/wp-content\/uploads\/2026\/04\/VF_QUADRADO_26_2-1536x1536.jpg 1536w, https:\/\/www.altominho.tv\/site\/wp-content\/uploads\/2026\/04\/VF_QUADRADO_26_2-2048x2048.jpg 2048w, https:\/\/www.altominho.tv\/site\/wp-content\/uploads\/2026\/04\/VF_QUADRADO_26_2-370x370.jpg 370w, https:\/\/www.altominho.tv\/site\/wp-content\/uploads\/2026\/04\/VF_QUADRADO_26_2-270x270.jpg 270w, https:\/\/www.altominho.tv\/site\/wp-content\/uploads\/2026\/04\/VF_QUADRADO_26_2-570x570.jpg 570w\" sizes=\"auto, (max-width: 740px) 100vw, 740px\" \/><\/a>\n\t\t\t<\/div><\/figure><figure class='gallery-item'>\n\t\t\t<div class='gallery-icon landscape'>\n\t\t\t\t<a class=\"gridlove-popup\" href='https:\/\/www.altominho.tv\/site\/wp-content\/uploads\/2026\/04\/VF_QUADRADO_26_3-scaled.jpg'><img loading=\"lazy\" decoding=\"async\" width=\"740\" height=\"740\" src=\"https:\/\/www.altominho.tv\/site\/wp-content\/uploads\/2026\/04\/VF_QUADRADO_26_3-740x740.jpg\" class=\"attachment-gridlove-single size-gridlove-single\" alt=\"\" srcset=\"https:\/\/www.altominho.tv\/site\/wp-content\/uploads\/2026\/04\/VF_QUADRADO_26_3-740x740.jpg 740w, https:\/\/www.altominho.tv\/site\/wp-content\/uploads\/2026\/04\/VF_QUADRADO_26_3-433x433.jpg 433w, https:\/\/www.altominho.tv\/site\/wp-content\/uploads\/2026\/04\/VF_QUADRADO_26_3-1024x1024.jpg 1024w, https:\/\/www.altominho.tv\/site\/wp-content\/uploads\/2026\/04\/VF_QUADRADO_26_3-150x150.jpg 150w, https:\/\/www.altominho.tv\/site\/wp-content\/uploads\/2026\/04\/VF_QUADRADO_26_3-768x768.jpg 768w, https:\/\/www.altominho.tv\/site\/wp-content\/uploads\/2026\/04\/VF_QUADRADO_26_3-1536x1536.jpg 1536w, https:\/\/www.altominho.tv\/site\/wp-content\/uploads\/2026\/04\/VF_QUADRADO_26_3-2048x2048.jpg 2048w, https:\/\/www.altominho.tv\/site\/wp-content\/uploads\/2026\/04\/VF_QUADRADO_26_3-370x370.jpg 370w, https:\/\/www.altominho.tv\/site\/wp-content\/uploads\/2026\/04\/VF_QUADRADO_26_3-270x270.jpg 270w, https:\/\/www.altominho.tv\/site\/wp-content\/uploads\/2026\/04\/VF_QUADRADO_26_3-570x570.jpg 570w\" sizes=\"auto, (max-width: 740px) 100vw, 740px\" \/><\/a>\n\t\t\t<\/div><\/figure><figure class='gallery-item'>\n\t\t\t<div class='gallery-icon landscape'>\n\t\t\t\t<a class=\"gridlove-popup\" href='https:\/\/www.altominho.tv\/site\/wp-content\/uploads\/2026\/04\/VF_QUADRADO_26_4-scaled.jpg'><img loading=\"lazy\" decoding=\"async\" width=\"740\" height=\"740\" src=\"https:\/\/www.altominho.tv\/site\/wp-content\/uploads\/2026\/04\/VF_QUADRADO_26_4-740x740.jpg\" class=\"attachment-gridlove-single size-gridlove-single\" alt=\"\" srcset=\"https:\/\/www.altominho.tv\/site\/wp-content\/uploads\/2026\/04\/VF_QUADRADO_26_4-740x740.jpg 740w, https:\/\/www.altominho.tv\/site\/wp-content\/uploads\/2026\/04\/VF_QUADRADO_26_4-433x433.jpg 433w, https:\/\/www.altominho.tv\/site\/wp-content\/uploads\/2026\/04\/VF_QUADRADO_26_4-1024x1024.jpg 1024w, https:\/\/www.altominho.tv\/site\/wp-content\/uploads\/2026\/04\/VF_QUADRADO_26_4-150x150.jpg 150w, https:\/\/www.altominho.tv\/site\/wp-content\/uploads\/2026\/04\/VF_QUADRADO_26_4-768x768.jpg 768w, https:\/\/www.altominho.tv\/site\/wp-content\/uploads\/2026\/04\/VF_QUADRADO_26_4-1536x1536.jpg 1536w, https:\/\/www.altominho.tv\/site\/wp-content\/uploads\/2026\/04\/VF_QUADRADO_26_4-2048x2048.jpg 2048w, https:\/\/www.altominho.tv\/site\/wp-content\/uploads\/2026\/04\/VF_QUADRADO_26_4-370x370.jpg 370w, https:\/\/www.altominho.tv\/site\/wp-content\/uploads\/2026\/04\/VF_QUADRADO_26_4-270x270.jpg 270w, https:\/\/www.altominho.tv\/site\/wp-content\/uploads\/2026\/04\/VF_QUADRADO_26_4-570x570.jpg 570w\" sizes=\"auto, (max-width: 740px) 100vw, 740px\" \/><\/a>\n\t\t\t<\/div><\/figure>\n\t\t<\/div>\n\n\n\n<p><\/p>\n","protected":false},"excerpt":{"rendered":"<p>A cidade de Viana do Castelo prepara-se para se encher de cor e vida. A iniciativa &#8220;Viana Florida&#8221; est\u00e1 de regresso de 30 de abril a 3 de maio com um programa dedicado aos \u201cEspa\u00e7os verdes para uma cidade sustent\u00e1vel\u201d, dinamizando a cidade e as freguesias com diversas iniciativas. Segundo a autarquia, \u201cm\u00faltiplas propostas e [&hellip;]<\/p>\n","protected":false},"author":30,"featured_media":131684,"comment_status":"closed","ping_status":"closed","sticky":false,"template":"","format":"standard","meta":{"_exactmetrics_skip_tracking":false,"_exactmetrics_sitenote_active":false,"_exactmetrics_sitenote_note":"","_exactmetrics_sitenote_category":0,"footnotes":""},"categories":[14],"tags":[27],"class_list":["post-131679","post","type-post","status-publish","format-standard","has-post-thumbnail","hentry","category-viana-do-castelo","tag-sociedade"],"yoast_head":"<!-- This site is optimized with the Yoast SEO Premium plugin v27.4 (Yoast SEO v27.4) - https:\/\/yoast.com\/product\/yoast-seo-premium-wordpress\/ -->\n<title>Viana do Castelo volta a encher-se de flores<\/title>\n<meta name=\"description\" content=\"A cidade de Viana do Castelo prepara-se para se encher de cor e vida. A iniciativa &quot;Viana Florida&quot; est\u00e1 de regresso de 30 de abril a 3 de maio com um programa dedicado aos \u201cEspa\u00e7os verdes para uma cidade sustent\u00e1vel\u201d, dinamizando a cidade e as freguesias com diversas iniciativas.\" \/>\n<meta name=\"robots\" content=\"index, follow, max-snippet:-1, max-image-preview:large, max-video-preview:-1\" \/>\n<link rel=\"canonical\" href=\"https:\/\/www.altominho.tv\/site\/2026\/04\/27\/viana-do-castelo-volta-a-encher-se-de-flores\/\" \/>\n<meta property=\"og:locale\" content=\"pt_PT\" \/>\n<meta property=\"og:type\" content=\"article\" \/>\n<meta property=\"og:title\" content=\"Viana do Castelo volta a encher-se de flores\" \/>\n<meta property=\"og:description\" content=\"A cidade de Viana do Castelo prepara-se para se encher de cor e vida. A iniciativa &quot;Viana Florida&quot; est\u00e1 de regresso de 30 de abril a 3 de maio com um programa dedicado aos \u201cEspa\u00e7os verdes para uma cidade sustent\u00e1vel\u201d, dinamizando a cidade e as freguesias com diversas iniciativas.\" \/>\n<meta property=\"og:url\" content=\"https:\/\/www.altominho.tv\/site\/2026\/04\/27\/viana-do-castelo-volta-a-encher-se-de-flores\/\" \/>\n<meta property=\"og:site_name\" content=\"Altominho.tv\" \/>\n<meta property=\"article:publisher\" content=\"https:\/\/www.facebook.com\/altominhotv\" \/>\n<meta property=\"article:published_time\" content=\"2026-04-27T10:03:21+00:00\" \/>\n<meta property=\"article:modified_time\" content=\"2026-04-27T10:03:46+00:00\" \/>\n<meta property=\"og:image\" content=\"https:\/\/www.altominho.tv\/site\/wp-content\/uploads\/2026\/04\/viana_florida.jpg\" \/>\n\t<meta property=\"og:image:width\" content=\"1200\" \/>\n\t<meta property=\"og:image:height\" content=\"630\" \/>\n\t<meta property=\"og:image:type\" content=\"image\/jpeg\" \/>\n<meta name=\"author\" content=\"Eduarda Cardoso\" \/>\n<meta name=\"twitter:card\" content=\"summary_large_image\" \/>\n<meta name=\"twitter:creator\" content=\"@altominhoTV\" \/>\n<meta name=\"twitter:site\" content=\"@altominhoTV\" \/>\n<meta name=\"twitter:label1\" content=\"Escrito por\" \/>\n\t<meta name=\"twitter:data1\" content=\"Eduarda Cardoso\" \/>\n\t<meta name=\"twitter:label2\" content=\"Tempo estimado de leitura\" \/>\n\t<meta name=\"twitter:data2\" content=\"2 minutos\" \/>\n<script type=\"application\/ld+json\" class=\"yoast-schema-graph\">{\"@context\":\"https:\\\/\\\/schema.org\",\"@graph\":[{\"@type\":\"Article\",\"@id\":\"https:\\\/\\\/www.altominho.tv\\\/site\\\/2026\\\/04\\\/27\\\/viana-do-castelo-volta-a-encher-se-de-flores\\\/#article\",\"isPartOf\":{\"@id\":\"https:\\\/\\\/www.altominho.tv\\\/site\\\/2026\\\/04\\\/27\\\/viana-do-castelo-volta-a-encher-se-de-flores\\\/\"},\"author\":{\"name\":\"Eduarda Cardoso\",\"@id\":\"https:\\\/\\\/www.altominho.tv\\\/site\\\/#\\\/schema\\\/person\\\/9e351387b727413d005ccf1152c93539\"},\"headline\":\"Viana do Castelo volta a encher-se de flores\",\"datePublished\":\"2026-04-27T10:03:21+00:00\",\"dateModified\":\"2026-04-27T10:03:46+00:00\",\"mainEntityOfPage\":{\"@id\":\"https:\\\/\\\/www.altominho.tv\\\/site\\\/2026\\\/04\\\/27\\\/viana-do-castelo-volta-a-encher-se-de-flores\\\/\"},\"wordCount\":155,\"image\":{\"@id\":\"https:\\\/\\\/www.altominho.tv\\\/site\\\/2026\\\/04\\\/27\\\/viana-do-castelo-volta-a-encher-se-de-flores\\\/#primaryimage\"},\"thumbnailUrl\":\"https:\\\/\\\/www.altominho.tv\\\/site\\\/wp-content\\\/uploads\\\/2026\\\/04\\\/viana_florida.jpg\",\"keywords\":[\"Sociedade\"],\"articleSection\":[\"Viana do Castelo\"],\"inLanguage\":\"pt-PT\",\"copyrightYear\":\"2026\",\"copyrightHolder\":{\"@id\":\"https:\\\/\\\/www.altominho.tv\\\/site\\\/#organization\"}},{\"@type\":\"WebPage\",\"@id\":\"https:\\\/\\\/www.altominho.tv\\\/site\\\/2026\\\/04\\\/27\\\/viana-do-castelo-volta-a-encher-se-de-flores\\\/\",\"url\":\"https:\\\/\\\/www.altominho.tv\\\/site\\\/2026\\\/04\\\/27\\\/viana-do-castelo-volta-a-encher-se-de-flores\\\/\",\"name\":\"Viana do Castelo volta a encher-se de flores\",\"isPartOf\":{\"@id\":\"https:\\\/\\\/www.altominho.tv\\\/site\\\/#website\"},\"primaryImageOfPage\":{\"@id\":\"https:\\\/\\\/www.altominho.tv\\\/site\\\/2026\\\/04\\\/27\\\/viana-do-castelo-volta-a-encher-se-de-flores\\\/#primaryimage\"},\"image\":{\"@id\":\"https:\\\/\\\/www.altominho.tv\\\/site\\\/2026\\\/04\\\/27\\\/viana-do-castelo-volta-a-encher-se-de-flores\\\/#primaryimage\"},\"thumbnailUrl\":\"https:\\\/\\\/www.altominho.tv\\\/site\\\/wp-content\\\/uploads\\\/2026\\\/04\\\/viana_florida.jpg\",\"datePublished\":\"2026-04-27T10:03:21+00:00\",\"dateModified\":\"2026-04-27T10:03:46+00:00\",\"author\":{\"@id\":\"https:\\\/\\\/www.altominho.tv\\\/site\\\/#\\\/schema\\\/person\\\/9e351387b727413d005ccf1152c93539\"},\"description\":\"A cidade de Viana do Castelo prepara-se para se encher de cor e vida. A iniciativa \\\"Viana Florida\\\" est\u00e1 de regresso de 30 de abril a 3 de maio com um programa dedicado aos \u201cEspa\u00e7os verdes para uma cidade sustent\u00e1vel\u201d, dinamizando a cidade e as freguesias com diversas iniciativas.\",\"breadcrumb\":{\"@id\":\"https:\\\/\\\/www.altominho.tv\\\/site\\\/2026\\\/04\\\/27\\\/viana-do-castelo-volta-a-encher-se-de-flores\\\/#breadcrumb\"},\"inLanguage\":\"pt-PT\",\"potentialAction\":[{\"@type\":\"ReadAction\",\"target\":[\"https:\\\/\\\/www.altominho.tv\\\/site\\\/2026\\\/04\\\/27\\\/viana-do-castelo-volta-a-encher-se-de-flores\\\/\"]}]},{\"@type\":\"ImageObject\",\"inLanguage\":\"pt-PT\",\"@id\":\"https:\\\/\\\/www.altominho.tv\\\/site\\\/2026\\\/04\\\/27\\\/viana-do-castelo-volta-a-encher-se-de-flores\\\/#primaryimage\",\"url\":\"https:\\\/\\\/www.altominho.tv\\\/site\\\/wp-content\\\/uploads\\\/2026\\\/04\\\/viana_florida.jpg\",\"contentUrl\":\"https:\\\/\\\/www.altominho.tv\\\/site\\\/wp-content\\\/uploads\\\/2026\\\/04\\\/viana_florida.jpg\",\"width\":1200,\"height\":630},{\"@type\":\"BreadcrumbList\",\"@id\":\"https:\\\/\\\/www.altominho.tv\\\/site\\\/2026\\\/04\\\/27\\\/viana-do-castelo-volta-a-encher-se-de-flores\\\/#breadcrumb\",\"itemListElement\":[{\"@type\":\"ListItem\",\"position\":1,\"name\":\"In\u00edcio\",\"item\":\"https:\\\/\\\/www.altominho.tv\\\/site\\\/\"},{\"@type\":\"ListItem\",\"position\":2,\"name\":\"Viana do Castelo volta a encher-se de flores\"}]},{\"@type\":\"WebSite\",\"@id\":\"https:\\\/\\\/www.altominho.tv\\\/site\\\/#website\",\"url\":\"https:\\\/\\\/www.altominho.tv\\\/site\\\/\",\"name\":\"Altominho.tv\",\"description\":\"A sua regi\u00e3o \u00e0 dist\u00e2ncia de um clique...\",\"potentialAction\":[{\"@type\":\"SearchAction\",\"target\":{\"@type\":\"EntryPoint\",\"urlTemplate\":\"https:\\\/\\\/www.altominho.tv\\\/site\\\/?s={search_term_string}\"},\"query-input\":{\"@type\":\"PropertyValueSpecification\",\"valueRequired\":true,\"valueName\":\"search_term_string\"}}],\"inLanguage\":\"pt-PT\"},{\"@type\":\"Person\",\"@id\":\"https:\\\/\\\/www.altominho.tv\\\/site\\\/#\\\/schema\\\/person\\\/9e351387b727413d005ccf1152c93539\",\"name\":\"Eduarda Cardoso\",\"image\":{\"@type\":\"ImageObject\",\"inLanguage\":\"pt-PT\",\"@id\":\"https:\\\/\\\/www.altominho.tv\\\/site\\\/wp-content\\\/uploads\\\/2021\\\/01\\\/cropped-Logo-ATV_WEB-150x150.png\",\"url\":\"https:\\\/\\\/www.altominho.tv\\\/site\\\/wp-content\\\/uploads\\\/2021\\\/01\\\/cropped-Logo-ATV_WEB-150x150.png\",\"contentUrl\":\"https:\\\/\\\/www.altominho.tv\\\/site\\\/wp-content\\\/uploads\\\/2021\\\/01\\\/cropped-Logo-ATV_WEB-150x150.png\",\"caption\":\"Eduarda Cardoso\"},\"url\":\"https:\\\/\\\/www.altominho.tv\\\/site\\\/author\\\/eduarda-cardoso\\\/\"}]}<\/script>\n<!-- \/ Yoast SEO Premium plugin. -->","yoast_head_json":{"title":"Viana do Castelo volta a encher-se de flores","description":"A cidade de Viana do Castelo prepara-se para se encher de cor e vida. A iniciativa \"Viana Florida\" est\u00e1 de regresso de 30 de abril a 3 de maio com um programa dedicado aos \u201cEspa\u00e7os verdes para uma cidade sustent\u00e1vel\u201d, dinamizando a cidade e as freguesias com diversas iniciativas.","robots":{"index":"index","follow":"follow","max-snippet":"max-snippet:-1","max-image-preview":"max-image-preview:large","max-video-preview":"max-video-preview:-1"},"canonical":"https:\/\/www.altominho.tv\/site\/2026\/04\/27\/viana-do-castelo-volta-a-encher-se-de-flores\/","og_locale":"pt_PT","og_type":"article","og_title":"Viana do Castelo volta a encher-se de flores","og_description":"A cidade de Viana do Castelo prepara-se para se encher de cor e vida. A iniciativa \"Viana Florida\" est\u00e1 de regresso de 30 de abril a 3 de maio com um programa dedicado aos \u201cEspa\u00e7os verdes para uma cidade sustent\u00e1vel\u201d, dinamizando a cidade e as freguesias com diversas iniciativas.","og_url":"https:\/\/www.altominho.tv\/site\/2026\/04\/27\/viana-do-castelo-volta-a-encher-se-de-flores\/","og_site_name":"Altominho.tv","article_publisher":"https:\/\/www.facebook.com\/altominhotv","article_published_time":"2026-04-27T10:03:21+00:00","article_modified_time":"2026-04-27T10:03:46+00:00","og_image":[{"width":1200,"height":630,"url":"https:\/\/www.altominho.tv\/site\/wp-content\/uploads\/2026\/04\/viana_florida.jpg","type":"image\/jpeg"}],"author":"Eduarda Cardoso","twitter_card":"summary_large_image","twitter_creator":"@altominhoTV","twitter_site":"@altominhoTV","twitter_misc":{"Escrito por":"Eduarda Cardoso","Tempo estimado de leitura":"2 minutos"},"schema":{"@context":"https:\/\/schema.org","@graph":[{"@type":"Article","@id":"https:\/\/www.altominho.tv\/site\/2026\/04\/27\/viana-do-castelo-volta-a-encher-se-de-flores\/#article","isPartOf":{"@id":"https:\/\/www.altominho.tv\/site\/2026\/04\/27\/viana-do-castelo-volta-a-encher-se-de-flores\/"},"author":{"name":"Eduarda Cardoso","@id":"https:\/\/www.altominho.tv\/site\/#\/schema\/person\/9e351387b727413d005ccf1152c93539"},"headline":"Viana do Castelo volta a encher-se de flores","datePublished":"2026-04-27T10:03:21+00:00","dateModified":"2026-04-27T10:03:46+00:00","mainEntityOfPage":{"@id":"https:\/\/www.altominho.tv\/site\/2026\/04\/27\/viana-do-castelo-volta-a-encher-se-de-flores\/"},"wordCount":155,"image":{"@id":"https:\/\/www.altominho.tv\/site\/2026\/04\/27\/viana-do-castelo-volta-a-encher-se-de-flores\/#primaryimage"},"thumbnailUrl":"https:\/\/www.altominho.tv\/site\/wp-content\/uploads\/2026\/04\/viana_florida.jpg","keywords":["Sociedade"],"articleSection":["Viana do Castelo"],"inLanguage":"pt-PT","copyrightYear":"2026","copyrightHolder":{"@id":"https:\/\/www.altominho.tv\/site\/#organization"}},{"@type":"WebPage","@id":"https:\/\/www.altominho.tv\/site\/2026\/04\/27\/viana-do-castelo-volta-a-encher-se-de-flores\/","url":"https:\/\/www.altominho.tv\/site\/2026\/04\/27\/viana-do-castelo-volta-a-encher-se-de-flores\/","name":"Viana do Castelo volta a encher-se de flores","isPartOf":{"@id":"https:\/\/www.altominho.tv\/site\/#website"},"primaryImageOfPage":{"@id":"https:\/\/www.altominho.tv\/site\/2026\/04\/27\/viana-do-castelo-volta-a-encher-se-de-flores\/#primaryimage"},"image":{"@id":"https:\/\/www.altominho.tv\/site\/2026\/04\/27\/viana-do-castelo-volta-a-encher-se-de-flores\/#primaryimage"},"thumbnailUrl":"https:\/\/www.altominho.tv\/site\/wp-content\/uploads\/2026\/04\/viana_florida.jpg","datePublished":"2026-04-27T10:03:21+00:00","dateModified":"2026-04-27T10:03:46+00:00","author":{"@id":"https:\/\/www.altominho.tv\/site\/#\/schema\/person\/9e351387b727413d005ccf1152c93539"},"description":"A cidade de Viana do Castelo prepara-se para se encher de cor e vida. A iniciativa \"Viana Florida\" est\u00e1 de regresso de 30 de abril a 3 de maio com um programa dedicado aos \u201cEspa\u00e7os verdes para uma cidade sustent\u00e1vel\u201d, dinamizando a cidade e as freguesias com diversas iniciativas.","breadcrumb":{"@id":"https:\/\/www.altominho.tv\/site\/2026\/04\/27\/viana-do-castelo-volta-a-encher-se-de-flores\/#breadcrumb"},"inLanguage":"pt-PT","potentialAction":[{"@type":"ReadAction","target":["https:\/\/www.altominho.tv\/site\/2026\/04\/27\/viana-do-castelo-volta-a-encher-se-de-flores\/"]}]},{"@type":"ImageObject","inLanguage":"pt-PT","@id":"https:\/\/www.altominho.tv\/site\/2026\/04\/27\/viana-do-castelo-volta-a-encher-se-de-flores\/#primaryimage","url":"https:\/\/www.altominho.tv\/site\/wp-content\/uploads\/2026\/04\/viana_florida.jpg","contentUrl":"https:\/\/www.altominho.tv\/site\/wp-content\/uploads\/2026\/04\/viana_florida.jpg","width":1200,"height":630},{"@type":"BreadcrumbList","@id":"https:\/\/www.altominho.tv\/site\/2026\/04\/27\/viana-do-castelo-volta-a-encher-se-de-flores\/#breadcrumb","itemListElement":[{"@type":"ListItem","position":1,"name":"In\u00edcio","item":"https:\/\/www.altominho.tv\/site\/"},{"@type":"ListItem","position":2,"name":"Viana do Castelo volta a encher-se de flores"}]},{"@type":"WebSite","@id":"https:\/\/www.altominho.tv\/site\/#website","url":"https:\/\/www.altominho.tv\/site\/","name":"Altominho.tv","description":"A sua regi\u00e3o \u00e0 dist\u00e2ncia de um clique...","potentialAction":[{"@type":"SearchAction","target":{"@type":"EntryPoint","urlTemplate":"https:\/\/www.altominho.tv\/site\/?s={search_term_string}"},"query-input":{"@type":"PropertyValueSpecification","valueRequired":true,"valueName":"search_term_string"}}],"inLanguage":"pt-PT"},{"@type":"Person","@id":"https:\/\/www.altominho.tv\/site\/#\/schema\/person\/9e351387b727413d005ccf1152c93539","name":"Eduarda Cardoso","image":{"@type":"ImageObject","inLanguage":"pt-PT","@id":"https:\/\/www.altominho.tv\/site\/wp-content\/uploads\/2021\/01\/cropped-Logo-ATV_WEB-150x150.png","url":"https:\/\/www.altominho.tv\/site\/wp-content\/uploads\/2021\/01\/cropped-Logo-ATV_WEB-150x150.png","contentUrl":"https:\/\/www.altominho.tv\/site\/wp-content\/uploads\/2021\/01\/cropped-Logo-ATV_WEB-150x150.png","caption":"Eduarda Cardoso"},"url":"https:\/\/www.altominho.tv\/site\/author\/eduarda-cardoso\/"}]}},"_links":{"self":[{"href":"https:\/\/www.altominho.tv\/site\/wp-json\/wp\/v2\/posts\/131679","targetHints":{"allow":["GET"]}}],"collection":[{"href":"https:\/\/www.altominho.tv\/site\/wp-json\/wp\/v2\/posts"}],"about":[{"href":"https:\/\/www.altominho.tv\/site\/wp-json\/wp\/v2\/types\/post"}],"author":[{"embeddable":true,"href":"https:\/\/www.altominho.tv\/site\/wp-json\/wp\/v2\/users\/30"}],"replies":[{"embeddable":true,"href":"https:\/\/www.altominho.tv\/site\/wp-json\/wp\/v2\/comments?post=131679"}],"version-history":[{"count":1,"href":"https:\/\/www.altominho.tv\/site\/wp-json\/wp\/v2\/posts\/131679\/revisions"}],"predecessor-version":[{"id":131685,"href":"https:\/\/www.altominho.tv\/site\/wp-json\/wp\/v2\/posts\/131679\/revisions\/131685"}],"wp:featuredmedia":[{"embeddable":true,"href":"https:\/\/www.altominho.tv\/site\/wp-json\/wp\/v2\/media\/131684"}],"wp:attachment":[{"href":"https:\/\/www.altominho.tv\/site\/wp-json\/wp\/v2\/media?parent=131679"}],"wp:term":[{"taxonomy":"category","embeddable":true,"href":"https:\/\/www.altominho.tv\/site\/wp-json\/wp\/v2\/categories?post=131679"},{"taxonomy":"post_tag","embeddable":true,"href":"https:\/\/www.altominho.tv\/site\/wp-json\/wp\/v2\/tags?post=131679"}],"curies":[{"name":"wp","href":"https:\/\/api.w.org\/{rel}","templated":true}]}}