{"id":131669,"date":"2026-04-27T10:30:08","date_gmt":"2026-04-27T09:30:08","guid":{"rendered":"https:\/\/www.altominho.tv\/site\/?p=131669"},"modified":"2026-04-27T10:30:09","modified_gmt":"2026-04-27T09:30:09","slug":"melgaco-em-patins-soma-mais-tres-medalhas","status":"publish","type":"post","link":"https:\/\/www.altominho.tv\/site\/2026\/04\/27\/melgaco-em-patins-soma-mais-tres-medalhas\/","title":{"rendered":"Melga\u00e7o em Patins soma mais tr\u00eas medalhas"},"content":{"rendered":"<p class=\"p1\">Os atletas Miguel Alves, Hugo Alves e Pedro Pinto, da ADCR Melga\u00e7o em Patins, conquistaram tr\u00eas medalhas no Campeonato Distrital de Patinagem Livre 2026.<\/p>\n<p class=\"p1\">Miguel Alves sagrou-se campe\u00e3o distrital de patinagem livre no escal\u00e3o de iniciado masculino, enquanto Hugo Alves conquistou o t\u00edtulo de campe\u00e3o distrital no escal\u00e3o de juvenil masculino. J\u00e1 Pedro Pinto alcan\u00e7ou o 3.\u00ba lugar no escal\u00e3o de cadete masculino.<\/p>\n<p class=\"p1\">O Campeonato Distrital de Patinagem Livre 2026, organizado pela Associa\u00e7\u00e3o de Patinagem do Minho, pela Escola Desportiva de Viana e pela C\u00e2mara Municipal de Viana do Castelo, decorreu entre os dias 24 e 26 de abril no Pavilh\u00e3o Pra\u00e7a Viana, em Viana do Castelo.<\/p>\n<p>Foto: <strong>Melga\u00e7o em Patins<\/strong><\/p>\n","protected":false},"excerpt":{"rendered":"<p>Os atletas Miguel Alves, Hugo Alves e Pedro Pinto, da ADCR Melga\u00e7o em Patins, conquistaram tr\u00eas medalhas no Campeonato Distrital de Patinagem Livre 2026. Miguel Alves sagrou-se campe\u00e3o distrital de patinagem livre no escal\u00e3o de iniciado masculino, enquanto Hugo Alves conquistou o t\u00edtulo de campe\u00e3o distrital no escal\u00e3o de juvenil masculino. J\u00e1 Pedro Pinto alcan\u00e7ou [&hellip;]<\/p>\n","protected":false},"author":30,"featured_media":131670,"comment_status":"closed","ping_status":"closed","sticky":false,"template":"","format":"standard","meta":{"_exactmetrics_skip_tracking":false,"_exactmetrics_sitenote_active":false,"_exactmetrics_sitenote_note":"","_exactmetrics_sitenote_category":0,"footnotes":""},"categories":[8],"tags":[20],"class_list":["post-131669","post","type-post","status-publish","format-standard","has-post-thumbnail","hentry","category-melgaco","tag-desporto"],"yoast_head":"<!-- This site is optimized with the Yoast SEO Premium plugin v27.4 (Yoast SEO v27.4) - https:\/\/yoast.com\/product\/yoast-seo-premium-wordpress\/ -->\n<title>Melga\u00e7o em Patins soma mais tr\u00eas medalhas<\/title>\n<meta name=\"description\" content=\"Os atletas Miguel Alves, Hugo Alves e Pedro Pinto, da ADCR Melga\u00e7o em Patins, conquistaram tr\u00eas medalhas no Campeonato Distrital de Patinagem Livre 2026.\" \/>\n<meta name=\"robots\" content=\"index, follow, max-snippet:-1, max-image-preview:large, max-video-preview:-1\" \/>\n<link rel=\"canonical\" href=\"https:\/\/www.altominho.tv\/site\/2026\/04\/27\/melgaco-em-patins-soma-mais-tres-medalhas\/\" \/>\n<meta property=\"og:locale\" content=\"pt_PT\" \/>\n<meta property=\"og:type\" content=\"article\" \/>\n<meta property=\"og:title\" content=\"Melga\u00e7o em Patins soma mais tr\u00eas medalhas\" \/>\n<meta property=\"og:description\" content=\"Os atletas Miguel Alves, Hugo Alves e Pedro Pinto, da ADCR Melga\u00e7o em Patins, conquistaram tr\u00eas medalhas no Campeonato Distrital de Patinagem Livre 2026.\" \/>\n<meta property=\"og:url\" content=\"https:\/\/www.altominho.tv\/site\/2026\/04\/27\/melgaco-em-patins-soma-mais-tres-medalhas\/\" \/>\n<meta property=\"og:site_name\" content=\"Altominho.tv\" \/>\n<meta property=\"article:publisher\" content=\"https:\/\/www.facebook.com\/altominhotv\" \/>\n<meta property=\"article:published_time\" content=\"2026-04-27T09:30:08+00:00\" \/>\n<meta property=\"article:modified_time\" content=\"2026-04-27T09:30:09+00:00\" \/>\n<meta property=\"og:image\" content=\"https:\/\/www.altominho.tv\/site\/wp-content\/uploads\/2026\/04\/Melgaco-em-patins.jpg\" \/>\n\t<meta property=\"og:image:width\" content=\"1200\" \/>\n\t<meta property=\"og:image:height\" content=\"630\" \/>\n\t<meta property=\"og:image:type\" content=\"image\/jpeg\" \/>\n<meta name=\"author\" content=\"Eduarda Cardoso\" \/>\n<meta name=\"twitter:card\" content=\"summary_large_image\" \/>\n<meta name=\"twitter:creator\" content=\"@altominhoTV\" \/>\n<meta name=\"twitter:site\" content=\"@altominhoTV\" \/>\n<meta name=\"twitter:label1\" content=\"Escrito por\" \/>\n\t<meta name=\"twitter:data1\" content=\"Eduarda Cardoso\" \/>\n\t<meta name=\"twitter:label2\" content=\"Tempo estimado de leitura\" \/>\n\t<meta name=\"twitter:data2\" content=\"1 minuto\" \/>\n<script type=\"application\/ld+json\" class=\"yoast-schema-graph\">{\"@context\":\"https:\\\/\\\/schema.org\",\"@graph\":[{\"@type\":\"Article\",\"@id\":\"https:\\\/\\\/www.altominho.tv\\\/site\\\/2026\\\/04\\\/27\\\/melgaco-em-patins-soma-mais-tres-medalhas\\\/#article\",\"isPartOf\":{\"@id\":\"https:\\\/\\\/www.altominho.tv\\\/site\\\/2026\\\/04\\\/27\\\/melgaco-em-patins-soma-mais-tres-medalhas\\\/\"},\"author\":{\"name\":\"Eduarda Cardoso\",\"@id\":\"https:\\\/\\\/www.altominho.tv\\\/site\\\/#\\\/schema\\\/person\\\/9e351387b727413d005ccf1152c93539\"},\"headline\":\"Melga\u00e7o em Patins soma mais tr\u00eas medalhas\",\"datePublished\":\"2026-04-27T09:30:08+00:00\",\"dateModified\":\"2026-04-27T09:30:09+00:00\",\"mainEntityOfPage\":{\"@id\":\"https:\\\/\\\/www.altominho.tv\\\/site\\\/2026\\\/04\\\/27\\\/melgaco-em-patins-soma-mais-tres-medalhas\\\/\"},\"wordCount\":129,\"image\":{\"@id\":\"https:\\\/\\\/www.altominho.tv\\\/site\\\/2026\\\/04\\\/27\\\/melgaco-em-patins-soma-mais-tres-medalhas\\\/#primaryimage\"},\"thumbnailUrl\":\"https:\\\/\\\/www.altominho.tv\\\/site\\\/wp-content\\\/uploads\\\/2026\\\/04\\\/Melgaco-em-patins.jpg\",\"keywords\":[\"Desporto\"],\"articleSection\":[\"Melga\u00e7o\"],\"inLanguage\":\"pt-PT\",\"copyrightYear\":\"2026\",\"copyrightHolder\":{\"@id\":\"https:\\\/\\\/www.altominho.tv\\\/site\\\/#organization\"}},{\"@type\":\"WebPage\",\"@id\":\"https:\\\/\\\/www.altominho.tv\\\/site\\\/2026\\\/04\\\/27\\\/melgaco-em-patins-soma-mais-tres-medalhas\\\/\",\"url\":\"https:\\\/\\\/www.altominho.tv\\\/site\\\/2026\\\/04\\\/27\\\/melgaco-em-patins-soma-mais-tres-medalhas\\\/\",\"name\":\"Melga\u00e7o em Patins soma mais tr\u00eas medalhas\",\"isPartOf\":{\"@id\":\"https:\\\/\\\/www.altominho.tv\\\/site\\\/#website\"},\"primaryImageOfPage\":{\"@id\":\"https:\\\/\\\/www.altominho.tv\\\/site\\\/2026\\\/04\\\/27\\\/melgaco-em-patins-soma-mais-tres-medalhas\\\/#primaryimage\"},\"image\":{\"@id\":\"https:\\\/\\\/www.altominho.tv\\\/site\\\/2026\\\/04\\\/27\\\/melgaco-em-patins-soma-mais-tres-medalhas\\\/#primaryimage\"},\"thumbnailUrl\":\"https:\\\/\\\/www.altominho.tv\\\/site\\\/wp-content\\\/uploads\\\/2026\\\/04\\\/Melgaco-em-patins.jpg\",\"datePublished\":\"2026-04-27T09:30:08+00:00\",\"dateModified\":\"2026-04-27T09:30:09+00:00\",\"author\":{\"@id\":\"https:\\\/\\\/www.altominho.tv\\\/site\\\/#\\\/schema\\\/person\\\/9e351387b727413d005ccf1152c93539\"},\"description\":\"Os atletas Miguel Alves, Hugo Alves e Pedro Pinto, da ADCR Melga\u00e7o em Patins, conquistaram tr\u00eas medalhas no Campeonato Distrital de Patinagem Livre 2026.\",\"breadcrumb\":{\"@id\":\"https:\\\/\\\/www.altominho.tv\\\/site\\\/2026\\\/04\\\/27\\\/melgaco-em-patins-soma-mais-tres-medalhas\\\/#breadcrumb\"},\"inLanguage\":\"pt-PT\",\"potentialAction\":[{\"@type\":\"ReadAction\",\"target\":[\"https:\\\/\\\/www.altominho.tv\\\/site\\\/2026\\\/04\\\/27\\\/melgaco-em-patins-soma-mais-tres-medalhas\\\/\"]}]},{\"@type\":\"ImageObject\",\"inLanguage\":\"pt-PT\",\"@id\":\"https:\\\/\\\/www.altominho.tv\\\/site\\\/2026\\\/04\\\/27\\\/melgaco-em-patins-soma-mais-tres-medalhas\\\/#primaryimage\",\"url\":\"https:\\\/\\\/www.altominho.tv\\\/site\\\/wp-content\\\/uploads\\\/2026\\\/04\\\/Melgaco-em-patins.jpg\",\"contentUrl\":\"https:\\\/\\\/www.altominho.tv\\\/site\\\/wp-content\\\/uploads\\\/2026\\\/04\\\/Melgaco-em-patins.jpg\",\"width\":1200,\"height\":630},{\"@type\":\"BreadcrumbList\",\"@id\":\"https:\\\/\\\/www.altominho.tv\\\/site\\\/2026\\\/04\\\/27\\\/melgaco-em-patins-soma-mais-tres-medalhas\\\/#breadcrumb\",\"itemListElement\":[{\"@type\":\"ListItem\",\"position\":1,\"name\":\"In\u00edcio\",\"item\":\"https:\\\/\\\/www.altominho.tv\\\/site\\\/\"},{\"@type\":\"ListItem\",\"position\":2,\"name\":\"Melga\u00e7o em Patins soma mais tr\u00eas medalhas\"}]},{\"@type\":\"WebSite\",\"@id\":\"https:\\\/\\\/www.altominho.tv\\\/site\\\/#website\",\"url\":\"https:\\\/\\\/www.altominho.tv\\\/site\\\/\",\"name\":\"Altominho.tv\",\"description\":\"A sua regi\u00e3o \u00e0 dist\u00e2ncia de um clique...\",\"potentialAction\":[{\"@type\":\"SearchAction\",\"target\":{\"@type\":\"EntryPoint\",\"urlTemplate\":\"https:\\\/\\\/www.altominho.tv\\\/site\\\/?s={search_term_string}\"},\"query-input\":{\"@type\":\"PropertyValueSpecification\",\"valueRequired\":true,\"valueName\":\"search_term_string\"}}],\"inLanguage\":\"pt-PT\"},{\"@type\":\"Person\",\"@id\":\"https:\\\/\\\/www.altominho.tv\\\/site\\\/#\\\/schema\\\/person\\\/9e351387b727413d005ccf1152c93539\",\"name\":\"Eduarda Cardoso\",\"image\":{\"@type\":\"ImageObject\",\"inLanguage\":\"pt-PT\",\"@id\":\"https:\\\/\\\/www.altominho.tv\\\/site\\\/wp-content\\\/uploads\\\/2021\\\/01\\\/cropped-Logo-ATV_WEB-150x150.png\",\"url\":\"https:\\\/\\\/www.altominho.tv\\\/site\\\/wp-content\\\/uploads\\\/2021\\\/01\\\/cropped-Logo-ATV_WEB-150x150.png\",\"contentUrl\":\"https:\\\/\\\/www.altominho.tv\\\/site\\\/wp-content\\\/uploads\\\/2021\\\/01\\\/cropped-Logo-ATV_WEB-150x150.png\",\"caption\":\"Eduarda Cardoso\"},\"url\":\"https:\\\/\\\/www.altominho.tv\\\/site\\\/author\\\/eduarda-cardoso\\\/\"}]}<\/script>\n<!-- \/ Yoast SEO Premium plugin. -->","yoast_head_json":{"title":"Melga\u00e7o em Patins soma mais tr\u00eas medalhas","description":"Os atletas Miguel Alves, Hugo Alves e Pedro Pinto, da ADCR Melga\u00e7o em Patins, conquistaram tr\u00eas medalhas no Campeonato Distrital de Patinagem Livre 2026.","robots":{"index":"index","follow":"follow","max-snippet":"max-snippet:-1","max-image-preview":"max-image-preview:large","max-video-preview":"max-video-preview:-1"},"canonical":"https:\/\/www.altominho.tv\/site\/2026\/04\/27\/melgaco-em-patins-soma-mais-tres-medalhas\/","og_locale":"pt_PT","og_type":"article","og_title":"Melga\u00e7o em Patins soma mais tr\u00eas medalhas","og_description":"Os atletas Miguel Alves, Hugo Alves e Pedro Pinto, da ADCR Melga\u00e7o em Patins, conquistaram tr\u00eas medalhas no Campeonato Distrital de Patinagem Livre 2026.","og_url":"https:\/\/www.altominho.tv\/site\/2026\/04\/27\/melgaco-em-patins-soma-mais-tres-medalhas\/","og_site_name":"Altominho.tv","article_publisher":"https:\/\/www.facebook.com\/altominhotv","article_published_time":"2026-04-27T09:30:08+00:00","article_modified_time":"2026-04-27T09:30:09+00:00","og_image":[{"width":1200,"height":630,"url":"https:\/\/www.altominho.tv\/site\/wp-content\/uploads\/2026\/04\/Melgaco-em-patins.jpg","type":"image\/jpeg"}],"author":"Eduarda Cardoso","twitter_card":"summary_large_image","twitter_creator":"@altominhoTV","twitter_site":"@altominhoTV","twitter_misc":{"Escrito por":"Eduarda Cardoso","Tempo estimado de leitura":"1 minuto"},"schema":{"@context":"https:\/\/schema.org","@graph":[{"@type":"Article","@id":"https:\/\/www.altominho.tv\/site\/2026\/04\/27\/melgaco-em-patins-soma-mais-tres-medalhas\/#article","isPartOf":{"@id":"https:\/\/www.altominho.tv\/site\/2026\/04\/27\/melgaco-em-patins-soma-mais-tres-medalhas\/"},"author":{"name":"Eduarda Cardoso","@id":"https:\/\/www.altominho.tv\/site\/#\/schema\/person\/9e351387b727413d005ccf1152c93539"},"headline":"Melga\u00e7o em Patins soma mais tr\u00eas medalhas","datePublished":"2026-04-27T09:30:08+00:00","dateModified":"2026-04-27T09:30:09+00:00","mainEntityOfPage":{"@id":"https:\/\/www.altominho.tv\/site\/2026\/04\/27\/melgaco-em-patins-soma-mais-tres-medalhas\/"},"wordCount":129,"image":{"@id":"https:\/\/www.altominho.tv\/site\/2026\/04\/27\/melgaco-em-patins-soma-mais-tres-medalhas\/#primaryimage"},"thumbnailUrl":"https:\/\/www.altominho.tv\/site\/wp-content\/uploads\/2026\/04\/Melgaco-em-patins.jpg","keywords":["Desporto"],"articleSection":["Melga\u00e7o"],"inLanguage":"pt-PT","copyrightYear":"2026","copyrightHolder":{"@id":"https:\/\/www.altominho.tv\/site\/#organization"}},{"@type":"WebPage","@id":"https:\/\/www.altominho.tv\/site\/2026\/04\/27\/melgaco-em-patins-soma-mais-tres-medalhas\/","url":"https:\/\/www.altominho.tv\/site\/2026\/04\/27\/melgaco-em-patins-soma-mais-tres-medalhas\/","name":"Melga\u00e7o em Patins soma mais tr\u00eas medalhas","isPartOf":{"@id":"https:\/\/www.altominho.tv\/site\/#website"},"primaryImageOfPage":{"@id":"https:\/\/www.altominho.tv\/site\/2026\/04\/27\/melgaco-em-patins-soma-mais-tres-medalhas\/#primaryimage"},"image":{"@id":"https:\/\/www.altominho.tv\/site\/2026\/04\/27\/melgaco-em-patins-soma-mais-tres-medalhas\/#primaryimage"},"thumbnailUrl":"https:\/\/www.altominho.tv\/site\/wp-content\/uploads\/2026\/04\/Melgaco-em-patins.jpg","datePublished":"2026-04-27T09:30:08+00:00","dateModified":"2026-04-27T09:30:09+00:00","author":{"@id":"https:\/\/www.altominho.tv\/site\/#\/schema\/person\/9e351387b727413d005ccf1152c93539"},"description":"Os atletas Miguel Alves, Hugo Alves e Pedro Pinto, da ADCR Melga\u00e7o em Patins, conquistaram tr\u00eas medalhas no Campeonato Distrital de Patinagem Livre 2026.","breadcrumb":{"@id":"https:\/\/www.altominho.tv\/site\/2026\/04\/27\/melgaco-em-patins-soma-mais-tres-medalhas\/#breadcrumb"},"inLanguage":"pt-PT","potentialAction":[{"@type":"ReadAction","target":["https:\/\/www.altominho.tv\/site\/2026\/04\/27\/melgaco-em-patins-soma-mais-tres-medalhas\/"]}]},{"@type":"ImageObject","inLanguage":"pt-PT","@id":"https:\/\/www.altominho.tv\/site\/2026\/04\/27\/melgaco-em-patins-soma-mais-tres-medalhas\/#primaryimage","url":"https:\/\/www.altominho.tv\/site\/wp-content\/uploads\/2026\/04\/Melgaco-em-patins.jpg","contentUrl":"https:\/\/www.altominho.tv\/site\/wp-content\/uploads\/2026\/04\/Melgaco-em-patins.jpg","width":1200,"height":630},{"@type":"BreadcrumbList","@id":"https:\/\/www.altominho.tv\/site\/2026\/04\/27\/melgaco-em-patins-soma-mais-tres-medalhas\/#breadcrumb","itemListElement":[{"@type":"ListItem","position":1,"name":"In\u00edcio","item":"https:\/\/www.altominho.tv\/site\/"},{"@type":"ListItem","position":2,"name":"Melga\u00e7o em Patins soma mais tr\u00eas medalhas"}]},{"@type":"WebSite","@id":"https:\/\/www.altominho.tv\/site\/#website","url":"https:\/\/www.altominho.tv\/site\/","name":"Altominho.tv","description":"A sua regi\u00e3o \u00e0 dist\u00e2ncia de um clique...","potentialAction":[{"@type":"SearchAction","target":{"@type":"EntryPoint","urlTemplate":"https:\/\/www.altominho.tv\/site\/?s={search_term_string}"},"query-input":{"@type":"PropertyValueSpecification","valueRequired":true,"valueName":"search_term_string"}}],"inLanguage":"pt-PT"},{"@type":"Person","@id":"https:\/\/www.altominho.tv\/site\/#\/schema\/person\/9e351387b727413d005ccf1152c93539","name":"Eduarda Cardoso","image":{"@type":"ImageObject","inLanguage":"pt-PT","@id":"https:\/\/www.altominho.tv\/site\/wp-content\/uploads\/2021\/01\/cropped-Logo-ATV_WEB-150x150.png","url":"https:\/\/www.altominho.tv\/site\/wp-content\/uploads\/2021\/01\/cropped-Logo-ATV_WEB-150x150.png","contentUrl":"https:\/\/www.altominho.tv\/site\/wp-content\/uploads\/2021\/01\/cropped-Logo-ATV_WEB-150x150.png","caption":"Eduarda Cardoso"},"url":"https:\/\/www.altominho.tv\/site\/author\/eduarda-cardoso\/"}]}},"_links":{"self":[{"href":"https:\/\/www.altominho.tv\/site\/wp-json\/wp\/v2\/posts\/131669","targetHints":{"allow":["GET"]}}],"collection":[{"href":"https:\/\/www.altominho.tv\/site\/wp-json\/wp\/v2\/posts"}],"about":[{"href":"https:\/\/www.altominho.tv\/site\/wp-json\/wp\/v2\/types\/post"}],"author":[{"embeddable":true,"href":"https:\/\/www.altominho.tv\/site\/wp-json\/wp\/v2\/users\/30"}],"replies":[{"embeddable":true,"href":"https:\/\/www.altominho.tv\/site\/wp-json\/wp\/v2\/comments?post=131669"}],"version-history":[{"count":2,"href":"https:\/\/www.altominho.tv\/site\/wp-json\/wp\/v2\/posts\/131669\/revisions"}],"predecessor-version":[{"id":131672,"href":"https:\/\/www.altominho.tv\/site\/wp-json\/wp\/v2\/posts\/131669\/revisions\/131672"}],"wp:featuredmedia":[{"embeddable":true,"href":"https:\/\/www.altominho.tv\/site\/wp-json\/wp\/v2\/media\/131670"}],"wp:attachment":[{"href":"https:\/\/www.altominho.tv\/site\/wp-json\/wp\/v2\/media?parent=131669"}],"wp:term":[{"taxonomy":"category","embeddable":true,"href":"https:\/\/www.altominho.tv\/site\/wp-json\/wp\/v2\/categories?post=131669"},{"taxonomy":"post_tag","embeddable":true,"href":"https:\/\/www.altominho.tv\/site\/wp-json\/wp\/v2\/tags?post=131669"}],"curies":[{"name":"wp","href":"https:\/\/api.w.org\/{rel}","templated":true}]}}