{"id":131664,"date":"2026-04-27T10:45:44","date_gmt":"2026-04-27T09:45:44","guid":{"rendered":"https:\/\/www.altominho.tv\/site\/?p=131664"},"modified":"2026-04-27T10:45:47","modified_gmt":"2026-04-27T09:45:47","slug":"viana-do-castelo-head-spa-cabeleireiro","status":"publish","type":"post","link":"https:\/\/www.altominho.tv\/site\/2026\/04\/27\/viana-do-castelo-head-spa-cabeleireiro\/","title":{"rendered":"Rita Antunes \u00e9 a primeira portuguesa certificada em Yume Head Spa no Jap\u00e3o"},"content":{"rendered":"\n<p>Rita Antunes: de Viana do Castelo ao Jap\u00e3o. A hist\u00f3ria de quem est\u00e1 a transformar o cuidado capilar em Portugal.<\/p>\n\n\n\n<p>Num setor onde a inova\u00e7\u00e3o dita o sucesso, h\u00e1 percursos que se destacam pela ousadia e vis\u00e3o. O de Rita Antunes \u00e9 um desses casos. <\/p>\n\n\n\n<p>Cabeleireira com espa\u00e7os em Viana do Castelo e Valen\u00e7a, Rita Antunes tem vindo a afirmar-se como uma das profissionais mais diferenciadoras na \u00e1rea do cuidado capilar em Portugal.<\/p>\n\n\n\n<p>Em 2024 deu um passo marcante: levou para Viana do Castelo o primeiro conceito de Head Spa da regi\u00e3o, &#8220;uma experi\u00eancia que vai muito al\u00e9m do tradicional servi\u00e7o de cabeleireiro&#8221;.<\/p>\n\n\n\n<p>Inspirado na filosofia japonesa, o Head Spa combina diagn\u00f3stico do couro cabeludo, t\u00e9cnicas especializadas de massagem e rituais profundamente relaxantes, criando uma abordagem hol\u00edstica que une est\u00e9tica, sa\u00fade e bem-estar.<\/p>\n\n\n\n<p>&#8220;O impacto foi imediato&#8221; e rapidamente se tornou um servi\u00e7o de refer\u00eancia.<\/p>\n\n\n\n<p>Ainda assim, para Rita Antunes, isso n\u00e3o era suficiente.<\/p>\n\n\n\n<p>Movida por uma ambi\u00e7\u00e3o clara de excel\u00eancia, decidiu ir \u00e0 origem. Viajou at\u00e9 ao Jap\u00e3o, onde o Head Spa nasceu e se desenvolveu como uma verdadeira arte.<\/p>\n\n\n\n<p>Foi l\u00e1, num ambiente de elevada exig\u00eancia t\u00e9cnica e rigor, que aprofundou conhecimentos, aperfei\u00e7oou m\u00e9todos e absorveu uma filosofia que encara o cuidado capilar como extens\u00e3o do equil\u00edbrio do corpo e da mente.<\/p>\n\n\n\n<p>Dessa experi\u00eancia resultou um feito marcante: Rita Antunes tornou-se a primeira portuguesa a formar-se na prestigiada t\u00e9cnica Yume Head Spa, na Takara Belmonte em Osaka, no Jap\u00e3o. <\/p>\n\n\n\n<p>Hoje, o seu trabalho reflete essa jornada. Cada tratamento \u00e9 pensado ao detalhe, cada cliente \u00e9 acompanhado de forma personalizada, e cada sess\u00e3o transforma-se num ritual de bem-estar.<\/p>\n\n\n\n<p>Mais do que acompanhar tend\u00eancias, Rita Antunes est\u00e1 a redefinir o conceito de cuidado capilar em Portugal levando o nome de Viana do Castelo al\u00e9m-fronteiras e colocando o Alto Minho no radar de uma das pr\u00e1ticas mais exclusivas do mundo.<\/p>\n\n\n\n<p>Fotografias: <strong>Rita Antunes<\/strong><\/p>\n","protected":false},"excerpt":{"rendered":"<p>Rita Antunes: de Viana do Castelo ao Jap\u00e3o. A hist\u00f3ria de quem est\u00e1 a transformar o cuidado capilar em Portugal. Num setor onde a inova\u00e7\u00e3o dita o sucesso, h\u00e1 percursos que se destacam pela ousadia e vis\u00e3o. O de Rita Antunes \u00e9 um desses casos. Cabeleireira com espa\u00e7os em Viana do Castelo e Valen\u00e7a, Rita [&hellip;]<\/p>\n","protected":false},"author":7,"featured_media":131673,"comment_status":"closed","ping_status":"closed","sticky":false,"template":"","format":"standard","meta":{"_exactmetrics_skip_tracking":false,"_exactmetrics_sitenote_active":false,"_exactmetrics_sitenote_note":"","_exactmetrics_sitenote_category":0,"footnotes":""},"categories":[14],"tags":[27],"class_list":["post-131664","post","type-post","status-publish","format-standard","has-post-thumbnail","hentry","category-viana-do-castelo","tag-sociedade"],"yoast_head":"<!-- This site is optimized with the Yoast SEO Premium plugin v27.4 (Yoast SEO v27.4) - https:\/\/yoast.com\/product\/yoast-seo-premium-wordpress\/ -->\n<title>Rita Antunes \u00e9 a primeira portuguesa certificada em Yume Head Spa no Jap\u00e3o<\/title>\n<meta name=\"description\" content=\"Rita Antunes \u00e9 a primeira portuguesa certificada em Yume Head Spa no Jap\u00e3o.\" \/>\n<meta name=\"robots\" content=\"index, follow, max-snippet:-1, max-image-preview:large, max-video-preview:-1\" \/>\n<link rel=\"canonical\" href=\"https:\/\/www.altominho.tv\/site\/2026\/04\/27\/viana-do-castelo-head-spa-cabeleireiro\/\" \/>\n<meta property=\"og:locale\" content=\"pt_PT\" \/>\n<meta property=\"og:type\" content=\"article\" \/>\n<meta property=\"og:title\" content=\"Rita Antunes \u00e9 a primeira portuguesa certificada em Yume Head Spa no Jap\u00e3o\" \/>\n<meta property=\"og:description\" content=\"Rita Antunes \u00e9 a primeira portuguesa certificada em Yume Head Spa no Jap\u00e3o.\" \/>\n<meta property=\"og:url\" content=\"https:\/\/www.altominho.tv\/site\/2026\/04\/27\/viana-do-castelo-head-spa-cabeleireiro\/\" \/>\n<meta property=\"og:site_name\" content=\"Altominho.tv\" \/>\n<meta property=\"article:publisher\" content=\"https:\/\/www.facebook.com\/altominhotv\" \/>\n<meta property=\"article:published_time\" content=\"2026-04-27T09:45:44+00:00\" \/>\n<meta property=\"article:modified_time\" content=\"2026-04-27T09:45:47+00:00\" \/>\n<meta property=\"og:image\" content=\"https:\/\/www.altominho.tv\/site\/wp-content\/uploads\/2026\/04\/rita.png\" \/>\n\t<meta property=\"og:image:width\" content=\"1200\" \/>\n\t<meta property=\"og:image:height\" content=\"630\" \/>\n\t<meta property=\"og:image:type\" content=\"image\/png\" \/>\n<meta name=\"author\" content=\"Andreia Cunha\" \/>\n<meta name=\"twitter:card\" content=\"summary_large_image\" \/>\n<meta name=\"twitter:creator\" content=\"@altominhoTV\" \/>\n<meta name=\"twitter:site\" content=\"@altominhoTV\" \/>\n<meta name=\"twitter:label1\" content=\"Escrito por\" \/>\n\t<meta name=\"twitter:data1\" content=\"Andreia Cunha\" \/>\n\t<meta name=\"twitter:label2\" content=\"Tempo estimado de leitura\" \/>\n\t<meta name=\"twitter:data2\" content=\"2 minutos\" \/>\n<script type=\"application\/ld+json\" class=\"yoast-schema-graph\">{\"@context\":\"https:\\\/\\\/schema.org\",\"@graph\":[{\"@type\":\"Article\",\"@id\":\"https:\\\/\\\/www.altominho.tv\\\/site\\\/2026\\\/04\\\/27\\\/viana-do-castelo-head-spa-cabeleireiro\\\/#article\",\"isPartOf\":{\"@id\":\"https:\\\/\\\/www.altominho.tv\\\/site\\\/2026\\\/04\\\/27\\\/viana-do-castelo-head-spa-cabeleireiro\\\/\"},\"author\":{\"name\":\"Andreia Cunha\",\"@id\":\"https:\\\/\\\/www.altominho.tv\\\/site\\\/#\\\/schema\\\/person\\\/a0e4ef6d041f98ca284393d8f1d97153\"},\"headline\":\"Rita Antunes \u00e9 a primeira portuguesa certificada em Yume Head Spa no Jap\u00e3o\",\"datePublished\":\"2026-04-27T09:45:44+00:00\",\"dateModified\":\"2026-04-27T09:45:47+00:00\",\"mainEntityOfPage\":{\"@id\":\"https:\\\/\\\/www.altominho.tv\\\/site\\\/2026\\\/04\\\/27\\\/viana-do-castelo-head-spa-cabeleireiro\\\/\"},\"wordCount\":354,\"image\":{\"@id\":\"https:\\\/\\\/www.altominho.tv\\\/site\\\/2026\\\/04\\\/27\\\/viana-do-castelo-head-spa-cabeleireiro\\\/#primaryimage\"},\"thumbnailUrl\":\"https:\\\/\\\/www.altominho.tv\\\/site\\\/wp-content\\\/uploads\\\/2026\\\/04\\\/rita.png\",\"keywords\":[\"Sociedade\"],\"articleSection\":[\"Viana do Castelo\"],\"inLanguage\":\"pt-PT\",\"copyrightYear\":\"2026\",\"copyrightHolder\":{\"@id\":\"https:\\\/\\\/www.altominho.tv\\\/site\\\/#organization\"}},{\"@type\":\"WebPage\",\"@id\":\"https:\\\/\\\/www.altominho.tv\\\/site\\\/2026\\\/04\\\/27\\\/viana-do-castelo-head-spa-cabeleireiro\\\/\",\"url\":\"https:\\\/\\\/www.altominho.tv\\\/site\\\/2026\\\/04\\\/27\\\/viana-do-castelo-head-spa-cabeleireiro\\\/\",\"name\":\"Rita Antunes \u00e9 a primeira portuguesa certificada em Yume Head Spa no Jap\u00e3o\",\"isPartOf\":{\"@id\":\"https:\\\/\\\/www.altominho.tv\\\/site\\\/#website\"},\"primaryImageOfPage\":{\"@id\":\"https:\\\/\\\/www.altominho.tv\\\/site\\\/2026\\\/04\\\/27\\\/viana-do-castelo-head-spa-cabeleireiro\\\/#primaryimage\"},\"image\":{\"@id\":\"https:\\\/\\\/www.altominho.tv\\\/site\\\/2026\\\/04\\\/27\\\/viana-do-castelo-head-spa-cabeleireiro\\\/#primaryimage\"},\"thumbnailUrl\":\"https:\\\/\\\/www.altominho.tv\\\/site\\\/wp-content\\\/uploads\\\/2026\\\/04\\\/rita.png\",\"datePublished\":\"2026-04-27T09:45:44+00:00\",\"dateModified\":\"2026-04-27T09:45:47+00:00\",\"author\":{\"@id\":\"https:\\\/\\\/www.altominho.tv\\\/site\\\/#\\\/schema\\\/person\\\/a0e4ef6d041f98ca284393d8f1d97153\"},\"description\":\"Rita Antunes \u00e9 a primeira portuguesa certificada em Yume Head Spa no Jap\u00e3o.\",\"breadcrumb\":{\"@id\":\"https:\\\/\\\/www.altominho.tv\\\/site\\\/2026\\\/04\\\/27\\\/viana-do-castelo-head-spa-cabeleireiro\\\/#breadcrumb\"},\"inLanguage\":\"pt-PT\",\"potentialAction\":[{\"@type\":\"ReadAction\",\"target\":[\"https:\\\/\\\/www.altominho.tv\\\/site\\\/2026\\\/04\\\/27\\\/viana-do-castelo-head-spa-cabeleireiro\\\/\"]}]},{\"@type\":\"ImageObject\",\"inLanguage\":\"pt-PT\",\"@id\":\"https:\\\/\\\/www.altominho.tv\\\/site\\\/2026\\\/04\\\/27\\\/viana-do-castelo-head-spa-cabeleireiro\\\/#primaryimage\",\"url\":\"https:\\\/\\\/www.altominho.tv\\\/site\\\/wp-content\\\/uploads\\\/2026\\\/04\\\/rita.png\",\"contentUrl\":\"https:\\\/\\\/www.altominho.tv\\\/site\\\/wp-content\\\/uploads\\\/2026\\\/04\\\/rita.png\",\"width\":1200,\"height\":630},{\"@type\":\"BreadcrumbList\",\"@id\":\"https:\\\/\\\/www.altominho.tv\\\/site\\\/2026\\\/04\\\/27\\\/viana-do-castelo-head-spa-cabeleireiro\\\/#breadcrumb\",\"itemListElement\":[{\"@type\":\"ListItem\",\"position\":1,\"name\":\"In\u00edcio\",\"item\":\"https:\\\/\\\/www.altominho.tv\\\/site\\\/\"},{\"@type\":\"ListItem\",\"position\":2,\"name\":\"Rita Antunes \u00e9 a primeira portuguesa certificada em Yume Head Spa no Jap\u00e3o\"}]},{\"@type\":\"WebSite\",\"@id\":\"https:\\\/\\\/www.altominho.tv\\\/site\\\/#website\",\"url\":\"https:\\\/\\\/www.altominho.tv\\\/site\\\/\",\"name\":\"Altominho.tv\",\"description\":\"A sua regi\u00e3o \u00e0 dist\u00e2ncia de um clique...\",\"potentialAction\":[{\"@type\":\"SearchAction\",\"target\":{\"@type\":\"EntryPoint\",\"urlTemplate\":\"https:\\\/\\\/www.altominho.tv\\\/site\\\/?s={search_term_string}\"},\"query-input\":{\"@type\":\"PropertyValueSpecification\",\"valueRequired\":true,\"valueName\":\"search_term_string\"}}],\"inLanguage\":\"pt-PT\"},{\"@type\":\"Person\",\"@id\":\"https:\\\/\\\/www.altominho.tv\\\/site\\\/#\\\/schema\\\/person\\\/a0e4ef6d041f98ca284393d8f1d97153\",\"name\":\"Andreia Cunha\",\"image\":{\"@type\":\"ImageObject\",\"inLanguage\":\"pt-PT\",\"@id\":\"https:\\\/\\\/www.altominho.tv\\\/site\\\/wp-content\\\/uploads\\\/2017\\\/11\\\/Andreia_Cunha-1-150x150.jpg\",\"url\":\"https:\\\/\\\/www.altominho.tv\\\/site\\\/wp-content\\\/uploads\\\/2017\\\/11\\\/Andreia_Cunha-1-150x150.jpg\",\"contentUrl\":\"https:\\\/\\\/www.altominho.tv\\\/site\\\/wp-content\\\/uploads\\\/2017\\\/11\\\/Andreia_Cunha-1-150x150.jpg\",\"caption\":\"Andreia Cunha\"},\"url\":\"https:\\\/\\\/www.altominho.tv\\\/site\\\/author\\\/andreiacunha\\\/\"}]}<\/script>\n<!-- \/ Yoast SEO Premium plugin. -->","yoast_head_json":{"title":"Rita Antunes \u00e9 a primeira portuguesa certificada em Yume Head Spa no Jap\u00e3o","description":"Rita Antunes \u00e9 a primeira portuguesa certificada em Yume Head Spa no Jap\u00e3o.","robots":{"index":"index","follow":"follow","max-snippet":"max-snippet:-1","max-image-preview":"max-image-preview:large","max-video-preview":"max-video-preview:-1"},"canonical":"https:\/\/www.altominho.tv\/site\/2026\/04\/27\/viana-do-castelo-head-spa-cabeleireiro\/","og_locale":"pt_PT","og_type":"article","og_title":"Rita Antunes \u00e9 a primeira portuguesa certificada em Yume Head Spa no Jap\u00e3o","og_description":"Rita Antunes \u00e9 a primeira portuguesa certificada em Yume Head Spa no Jap\u00e3o.","og_url":"https:\/\/www.altominho.tv\/site\/2026\/04\/27\/viana-do-castelo-head-spa-cabeleireiro\/","og_site_name":"Altominho.tv","article_publisher":"https:\/\/www.facebook.com\/altominhotv","article_published_time":"2026-04-27T09:45:44+00:00","article_modified_time":"2026-04-27T09:45:47+00:00","og_image":[{"width":1200,"height":630,"url":"https:\/\/www.altominho.tv\/site\/wp-content\/uploads\/2026\/04\/rita.png","type":"image\/png"}],"author":"Andreia Cunha","twitter_card":"summary_large_image","twitter_creator":"@altominhoTV","twitter_site":"@altominhoTV","twitter_misc":{"Escrito por":"Andreia Cunha","Tempo estimado de leitura":"2 minutos"},"schema":{"@context":"https:\/\/schema.org","@graph":[{"@type":"Article","@id":"https:\/\/www.altominho.tv\/site\/2026\/04\/27\/viana-do-castelo-head-spa-cabeleireiro\/#article","isPartOf":{"@id":"https:\/\/www.altominho.tv\/site\/2026\/04\/27\/viana-do-castelo-head-spa-cabeleireiro\/"},"author":{"name":"Andreia Cunha","@id":"https:\/\/www.altominho.tv\/site\/#\/schema\/person\/a0e4ef6d041f98ca284393d8f1d97153"},"headline":"Rita Antunes \u00e9 a primeira portuguesa certificada em Yume Head Spa no Jap\u00e3o","datePublished":"2026-04-27T09:45:44+00:00","dateModified":"2026-04-27T09:45:47+00:00","mainEntityOfPage":{"@id":"https:\/\/www.altominho.tv\/site\/2026\/04\/27\/viana-do-castelo-head-spa-cabeleireiro\/"},"wordCount":354,"image":{"@id":"https:\/\/www.altominho.tv\/site\/2026\/04\/27\/viana-do-castelo-head-spa-cabeleireiro\/#primaryimage"},"thumbnailUrl":"https:\/\/www.altominho.tv\/site\/wp-content\/uploads\/2026\/04\/rita.png","keywords":["Sociedade"],"articleSection":["Viana do Castelo"],"inLanguage":"pt-PT","copyrightYear":"2026","copyrightHolder":{"@id":"https:\/\/www.altominho.tv\/site\/#organization"}},{"@type":"WebPage","@id":"https:\/\/www.altominho.tv\/site\/2026\/04\/27\/viana-do-castelo-head-spa-cabeleireiro\/","url":"https:\/\/www.altominho.tv\/site\/2026\/04\/27\/viana-do-castelo-head-spa-cabeleireiro\/","name":"Rita Antunes \u00e9 a primeira portuguesa certificada em Yume Head Spa no Jap\u00e3o","isPartOf":{"@id":"https:\/\/www.altominho.tv\/site\/#website"},"primaryImageOfPage":{"@id":"https:\/\/www.altominho.tv\/site\/2026\/04\/27\/viana-do-castelo-head-spa-cabeleireiro\/#primaryimage"},"image":{"@id":"https:\/\/www.altominho.tv\/site\/2026\/04\/27\/viana-do-castelo-head-spa-cabeleireiro\/#primaryimage"},"thumbnailUrl":"https:\/\/www.altominho.tv\/site\/wp-content\/uploads\/2026\/04\/rita.png","datePublished":"2026-04-27T09:45:44+00:00","dateModified":"2026-04-27T09:45:47+00:00","author":{"@id":"https:\/\/www.altominho.tv\/site\/#\/schema\/person\/a0e4ef6d041f98ca284393d8f1d97153"},"description":"Rita Antunes \u00e9 a primeira portuguesa certificada em Yume Head Spa no Jap\u00e3o.","breadcrumb":{"@id":"https:\/\/www.altominho.tv\/site\/2026\/04\/27\/viana-do-castelo-head-spa-cabeleireiro\/#breadcrumb"},"inLanguage":"pt-PT","potentialAction":[{"@type":"ReadAction","target":["https:\/\/www.altominho.tv\/site\/2026\/04\/27\/viana-do-castelo-head-spa-cabeleireiro\/"]}]},{"@type":"ImageObject","inLanguage":"pt-PT","@id":"https:\/\/www.altominho.tv\/site\/2026\/04\/27\/viana-do-castelo-head-spa-cabeleireiro\/#primaryimage","url":"https:\/\/www.altominho.tv\/site\/wp-content\/uploads\/2026\/04\/rita.png","contentUrl":"https:\/\/www.altominho.tv\/site\/wp-content\/uploads\/2026\/04\/rita.png","width":1200,"height":630},{"@type":"BreadcrumbList","@id":"https:\/\/www.altominho.tv\/site\/2026\/04\/27\/viana-do-castelo-head-spa-cabeleireiro\/#breadcrumb","itemListElement":[{"@type":"ListItem","position":1,"name":"In\u00edcio","item":"https:\/\/www.altominho.tv\/site\/"},{"@type":"ListItem","position":2,"name":"Rita Antunes \u00e9 a primeira portuguesa certificada em Yume Head Spa no Jap\u00e3o"}]},{"@type":"WebSite","@id":"https:\/\/www.altominho.tv\/site\/#website","url":"https:\/\/www.altominho.tv\/site\/","name":"Altominho.tv","description":"A sua regi\u00e3o \u00e0 dist\u00e2ncia de um clique...","potentialAction":[{"@type":"SearchAction","target":{"@type":"EntryPoint","urlTemplate":"https:\/\/www.altominho.tv\/site\/?s={search_term_string}"},"query-input":{"@type":"PropertyValueSpecification","valueRequired":true,"valueName":"search_term_string"}}],"inLanguage":"pt-PT"},{"@type":"Person","@id":"https:\/\/www.altominho.tv\/site\/#\/schema\/person\/a0e4ef6d041f98ca284393d8f1d97153","name":"Andreia Cunha","image":{"@type":"ImageObject","inLanguage":"pt-PT","@id":"https:\/\/www.altominho.tv\/site\/wp-content\/uploads\/2017\/11\/Andreia_Cunha-1-150x150.jpg","url":"https:\/\/www.altominho.tv\/site\/wp-content\/uploads\/2017\/11\/Andreia_Cunha-1-150x150.jpg","contentUrl":"https:\/\/www.altominho.tv\/site\/wp-content\/uploads\/2017\/11\/Andreia_Cunha-1-150x150.jpg","caption":"Andreia Cunha"},"url":"https:\/\/www.altominho.tv\/site\/author\/andreiacunha\/"}]}},"_links":{"self":[{"href":"https:\/\/www.altominho.tv\/site\/wp-json\/wp\/v2\/posts\/131664","targetHints":{"allow":["GET"]}}],"collection":[{"href":"https:\/\/www.altominho.tv\/site\/wp-json\/wp\/v2\/posts"}],"about":[{"href":"https:\/\/www.altominho.tv\/site\/wp-json\/wp\/v2\/types\/post"}],"author":[{"embeddable":true,"href":"https:\/\/www.altominho.tv\/site\/wp-json\/wp\/v2\/users\/7"}],"replies":[{"embeddable":true,"href":"https:\/\/www.altominho.tv\/site\/wp-json\/wp\/v2\/comments?post=131664"}],"version-history":[{"count":1,"href":"https:\/\/www.altominho.tv\/site\/wp-json\/wp\/v2\/posts\/131664\/revisions"}],"predecessor-version":[{"id":131676,"href":"https:\/\/www.altominho.tv\/site\/wp-json\/wp\/v2\/posts\/131664\/revisions\/131676"}],"wp:featuredmedia":[{"embeddable":true,"href":"https:\/\/www.altominho.tv\/site\/wp-json\/wp\/v2\/media\/131673"}],"wp:attachment":[{"href":"https:\/\/www.altominho.tv\/site\/wp-json\/wp\/v2\/media?parent=131664"}],"wp:term":[{"taxonomy":"category","embeddable":true,"href":"https:\/\/www.altominho.tv\/site\/wp-json\/wp\/v2\/categories?post=131664"},{"taxonomy":"post_tag","embeddable":true,"href":"https:\/\/www.altominho.tv\/site\/wp-json\/wp\/v2\/tags?post=131664"}],"curies":[{"name":"wp","href":"https:\/\/api.w.org\/{rel}","templated":true}]}}