{"id":131655,"date":"2026-04-26T16:00:01","date_gmt":"2026-04-26T15:00:01","guid":{"rendered":"https:\/\/www.altominho.tv\/site\/?p=131655"},"modified":"2026-04-26T16:00:03","modified_gmt":"2026-04-26T15:00:03","slug":"melgaco-evoca-abril-com-homenagem-a-liberdade-e-desfile-comemorativo","status":"publish","type":"post","link":"https:\/\/www.altominho.tv\/site\/2026\/04\/26\/melgaco-evoca-abril-com-homenagem-a-liberdade-e-desfile-comemorativo\/","title":{"rendered":"Melga\u00e7o evoca Abril com homenagem \u00e0 liberdade e desfile comemorativo"},"content":{"rendered":"<p data-start=\"83\" data-end=\"297\">O munic\u00edpio de <span class=\"hover:entity-accent entity-underline inline cursor-pointer align-baseline\"><span class=\"whitespace-normal\">Melga\u00e7o<\/span><\/span> assinalou ontem os 52 anos da <span class=\"hover:entity-accent entity-underline inline cursor-pointer align-baseline\"><span class=\"whitespace-normal\">Revolu\u00e7\u00e3o dos Cravos<\/span><\/span> com um conjunto de iniciativas institucionais que evocaram os valores da liberdade e da democracia.<\/p>\n<p data-start=\"299\" data-end=\"629\">As comemora\u00e7\u00f5es tiveram in\u00edcio pelas 9h30, nos Pa\u00e7os do Concelho, com a formatura do Corpo Operacional dos Bombeiros Volunt\u00e1rios de Melga\u00e7o, acompanhados pela respetiva fanfarra. Seguiu-se o tradicional hastear da Bandeira Nacional no edif\u00edcio da C\u00e2mara Municipal, num momento solene que marcou o arranque oficial das celebra\u00e7\u00f5es.<\/p>\n<p data-start=\"631\" data-end=\"880\">O programa incluiu ainda um momento musical protagonizado por Bruno Pereira, inserido na cerim\u00f3nia, antes do desfile da fanfarra pelas ruas da vila, que encerrou as iniciativas com uma demonstra\u00e7\u00e3o p\u00fablica evocativa do esp\u00edrito comemorativo da data.<\/p>\n<p data-start=\"882\" data-end=\"1142\">As cerim\u00f3nias contaram com a presen\u00e7a de membros do executivo municipal, do presidente da Assembleia Municipal, deputados municipais e presidentes de junta de freguesia, reunidos para assinalar uma data considerada central na hist\u00f3ria contempor\u00e2nea portuguesa.<\/p>\n<p data-start=\"1144\" data-end=\"1364\" data-is-last-node=\"\" data-is-only-node=\"\">As iniciativas inseriram-se nas comemora\u00e7\u00f5es do 25 de Abril, data que simboliza a transi\u00e7\u00e3o para o regime democr\u00e1tico em Portugal, sendo habitualmente evocada em todo o pa\u00eds atrav\u00e9s de eventos institucionais e culturais.<\/p>\n<p data-start=\"1144\" data-end=\"1364\" data-is-last-node=\"\" data-is-only-node=\"\">Fotos: <strong>Munic\u00edpio de Melga\u00e7o<\/strong><\/p>\n","protected":false},"excerpt":{"rendered":"<p>O munic\u00edpio de Melga\u00e7o assinalou ontem os 52 anos da Revolu\u00e7\u00e3o dos Cravos com um conjunto de iniciativas institucionais que evocaram os valores da liberdade e da democracia. As comemora\u00e7\u00f5es tiveram in\u00edcio pelas 9h30, nos Pa\u00e7os do Concelho, com a formatura do Corpo Operacional dos Bombeiros Volunt\u00e1rios de Melga\u00e7o, acompanhados pela respetiva fanfarra. Seguiu-se o [&hellip;]<\/p>\n","protected":false},"author":24,"featured_media":131656,"comment_status":"closed","ping_status":"closed","sticky":false,"template":"","format":"standard","meta":{"_exactmetrics_skip_tracking":false,"_exactmetrics_sitenote_active":false,"_exactmetrics_sitenote_note":"","_exactmetrics_sitenote_category":0,"footnotes":""},"categories":[8],"tags":[56326],"class_list":["post-131655","post","type-post","status-publish","format-standard","has-post-thumbnail","hentry","category-melgaco","tag-politica"],"yoast_head":"<!-- This site is optimized with the Yoast SEO Premium plugin v27.4 (Yoast SEO v27.4) - https:\/\/yoast.com\/product\/yoast-seo-premium-wordpress\/ -->\n<title>Melga\u00e7o evoca Abril com homenagem \u00e0 liberdade e desfile comemorativo<\/title>\n<meta name=\"description\" content=\"O munic\u00edpio de Melga\u00e7o assinalou ontem os 52 anos da Revolu\u00e7\u00e3o dos Cravos com um conjunto de iniciativas institucionais que evocaram os valores da liberdade e da democracia.\" \/>\n<meta name=\"robots\" content=\"index, follow, max-snippet:-1, max-image-preview:large, max-video-preview:-1\" \/>\n<link rel=\"canonical\" href=\"https:\/\/www.altominho.tv\/site\/2026\/04\/26\/melgaco-evoca-abril-com-homenagem-a-liberdade-e-desfile-comemorativo\/\" \/>\n<meta property=\"og:locale\" content=\"pt_PT\" \/>\n<meta property=\"og:type\" content=\"article\" \/>\n<meta property=\"og:title\" content=\"Melga\u00e7o evoca Abril com homenagem \u00e0 liberdade e desfile comemorativo\" \/>\n<meta property=\"og:description\" content=\"O munic\u00edpio de Melga\u00e7o assinalou ontem os 52 anos da Revolu\u00e7\u00e3o dos Cravos com um conjunto de iniciativas institucionais que evocaram os valores da liberdade e da democracia.\" \/>\n<meta property=\"og:url\" content=\"https:\/\/www.altominho.tv\/site\/2026\/04\/26\/melgaco-evoca-abril-com-homenagem-a-liberdade-e-desfile-comemorativo\/\" \/>\n<meta property=\"og:site_name\" content=\"Altominho.tv\" \/>\n<meta property=\"article:publisher\" content=\"https:\/\/www.facebook.com\/altominhotv\" \/>\n<meta property=\"article:published_time\" content=\"2026-04-26T15:00:01+00:00\" \/>\n<meta property=\"article:modified_time\" content=\"2026-04-26T15:00:03+00:00\" \/>\n<meta property=\"og:image\" content=\"https:\/\/www.altominho.tv\/site\/wp-content\/uploads\/2026\/04\/melgaco-25-abril.png\" \/>\n\t<meta property=\"og:image:width\" content=\"1200\" \/>\n\t<meta property=\"og:image:height\" content=\"630\" \/>\n\t<meta property=\"og:image:type\" content=\"image\/png\" \/>\n<meta name=\"author\" content=\"Cesar Lopes\" \/>\n<meta name=\"twitter:card\" content=\"summary_large_image\" \/>\n<meta name=\"twitter:creator\" content=\"@altominhoTV\" \/>\n<meta name=\"twitter:site\" content=\"@altominhoTV\" \/>\n<meta name=\"twitter:label1\" content=\"Escrito por\" \/>\n\t<meta name=\"twitter:data1\" content=\"Cesar Lopes\" \/>\n\t<meta name=\"twitter:label2\" content=\"Tempo estimado de leitura\" \/>\n\t<meta name=\"twitter:data2\" content=\"2 minutos\" \/>\n<script type=\"application\/ld+json\" class=\"yoast-schema-graph\">{\"@context\":\"https:\\\/\\\/schema.org\",\"@graph\":[{\"@type\":\"Article\",\"@id\":\"https:\\\/\\\/www.altominho.tv\\\/site\\\/2026\\\/04\\\/26\\\/melgaco-evoca-abril-com-homenagem-a-liberdade-e-desfile-comemorativo\\\/#article\",\"isPartOf\":{\"@id\":\"https:\\\/\\\/www.altominho.tv\\\/site\\\/2026\\\/04\\\/26\\\/melgaco-evoca-abril-com-homenagem-a-liberdade-e-desfile-comemorativo\\\/\"},\"author\":{\"name\":\"Cesar Lopes\",\"@id\":\"https:\\\/\\\/www.altominho.tv\\\/site\\\/#\\\/schema\\\/person\\\/c5570e5afb933b8d08c43373326ef1b1\"},\"headline\":\"Melga\u00e7o evoca Abril com homenagem \u00e0 liberdade e desfile comemorativo\",\"datePublished\":\"2026-04-26T15:00:01+00:00\",\"dateModified\":\"2026-04-26T15:00:03+00:00\",\"mainEntityOfPage\":{\"@id\":\"https:\\\/\\\/www.altominho.tv\\\/site\\\/2026\\\/04\\\/26\\\/melgaco-evoca-abril-com-homenagem-a-liberdade-e-desfile-comemorativo\\\/\"},\"wordCount\":218,\"image\":{\"@id\":\"https:\\\/\\\/www.altominho.tv\\\/site\\\/2026\\\/04\\\/26\\\/melgaco-evoca-abril-com-homenagem-a-liberdade-e-desfile-comemorativo\\\/#primaryimage\"},\"thumbnailUrl\":\"https:\\\/\\\/www.altominho.tv\\\/site\\\/wp-content\\\/uploads\\\/2026\\\/04\\\/melgaco-25-abril.png\",\"keywords\":[\"Pol\u00edtica\"],\"articleSection\":[\"Melga\u00e7o\"],\"inLanguage\":\"pt-PT\",\"copyrightYear\":\"2026\",\"copyrightHolder\":{\"@id\":\"https:\\\/\\\/www.altominho.tv\\\/site\\\/#organization\"}},{\"@type\":\"WebPage\",\"@id\":\"https:\\\/\\\/www.altominho.tv\\\/site\\\/2026\\\/04\\\/26\\\/melgaco-evoca-abril-com-homenagem-a-liberdade-e-desfile-comemorativo\\\/\",\"url\":\"https:\\\/\\\/www.altominho.tv\\\/site\\\/2026\\\/04\\\/26\\\/melgaco-evoca-abril-com-homenagem-a-liberdade-e-desfile-comemorativo\\\/\",\"name\":\"Melga\u00e7o evoca Abril com homenagem \u00e0 liberdade e desfile comemorativo\",\"isPartOf\":{\"@id\":\"https:\\\/\\\/www.altominho.tv\\\/site\\\/#website\"},\"primaryImageOfPage\":{\"@id\":\"https:\\\/\\\/www.altominho.tv\\\/site\\\/2026\\\/04\\\/26\\\/melgaco-evoca-abril-com-homenagem-a-liberdade-e-desfile-comemorativo\\\/#primaryimage\"},\"image\":{\"@id\":\"https:\\\/\\\/www.altominho.tv\\\/site\\\/2026\\\/04\\\/26\\\/melgaco-evoca-abril-com-homenagem-a-liberdade-e-desfile-comemorativo\\\/#primaryimage\"},\"thumbnailUrl\":\"https:\\\/\\\/www.altominho.tv\\\/site\\\/wp-content\\\/uploads\\\/2026\\\/04\\\/melgaco-25-abril.png\",\"datePublished\":\"2026-04-26T15:00:01+00:00\",\"dateModified\":\"2026-04-26T15:00:03+00:00\",\"author\":{\"@id\":\"https:\\\/\\\/www.altominho.tv\\\/site\\\/#\\\/schema\\\/person\\\/c5570e5afb933b8d08c43373326ef1b1\"},\"description\":\"O munic\u00edpio de Melga\u00e7o assinalou ontem os 52 anos da Revolu\u00e7\u00e3o dos Cravos com um conjunto de iniciativas institucionais que evocaram os valores da liberdade e da democracia.\",\"breadcrumb\":{\"@id\":\"https:\\\/\\\/www.altominho.tv\\\/site\\\/2026\\\/04\\\/26\\\/melgaco-evoca-abril-com-homenagem-a-liberdade-e-desfile-comemorativo\\\/#breadcrumb\"},\"inLanguage\":\"pt-PT\",\"potentialAction\":[{\"@type\":\"ReadAction\",\"target\":[\"https:\\\/\\\/www.altominho.tv\\\/site\\\/2026\\\/04\\\/26\\\/melgaco-evoca-abril-com-homenagem-a-liberdade-e-desfile-comemorativo\\\/\"]}]},{\"@type\":\"ImageObject\",\"inLanguage\":\"pt-PT\",\"@id\":\"https:\\\/\\\/www.altominho.tv\\\/site\\\/2026\\\/04\\\/26\\\/melgaco-evoca-abril-com-homenagem-a-liberdade-e-desfile-comemorativo\\\/#primaryimage\",\"url\":\"https:\\\/\\\/www.altominho.tv\\\/site\\\/wp-content\\\/uploads\\\/2026\\\/04\\\/melgaco-25-abril.png\",\"contentUrl\":\"https:\\\/\\\/www.altominho.tv\\\/site\\\/wp-content\\\/uploads\\\/2026\\\/04\\\/melgaco-25-abril.png\",\"width\":1200,\"height\":630},{\"@type\":\"BreadcrumbList\",\"@id\":\"https:\\\/\\\/www.altominho.tv\\\/site\\\/2026\\\/04\\\/26\\\/melgaco-evoca-abril-com-homenagem-a-liberdade-e-desfile-comemorativo\\\/#breadcrumb\",\"itemListElement\":[{\"@type\":\"ListItem\",\"position\":1,\"name\":\"In\u00edcio\",\"item\":\"https:\\\/\\\/www.altominho.tv\\\/site\\\/\"},{\"@type\":\"ListItem\",\"position\":2,\"name\":\"Melga\u00e7o evoca Abril com homenagem \u00e0 liberdade e desfile comemorativo\"}]},{\"@type\":\"WebSite\",\"@id\":\"https:\\\/\\\/www.altominho.tv\\\/site\\\/#website\",\"url\":\"https:\\\/\\\/www.altominho.tv\\\/site\\\/\",\"name\":\"Altominho.tv\",\"description\":\"A sua regi\u00e3o \u00e0 dist\u00e2ncia de um clique...\",\"potentialAction\":[{\"@type\":\"SearchAction\",\"target\":{\"@type\":\"EntryPoint\",\"urlTemplate\":\"https:\\\/\\\/www.altominho.tv\\\/site\\\/?s={search_term_string}\"},\"query-input\":{\"@type\":\"PropertyValueSpecification\",\"valueRequired\":true,\"valueName\":\"search_term_string\"}}],\"inLanguage\":\"pt-PT\"},{\"@type\":\"Person\",\"@id\":\"https:\\\/\\\/www.altominho.tv\\\/site\\\/#\\\/schema\\\/person\\\/c5570e5afb933b8d08c43373326ef1b1\",\"name\":\"Cesar Lopes\",\"image\":{\"@type\":\"ImageObject\",\"inLanguage\":\"pt-PT\",\"@id\":\"https:\\\/\\\/www.altominho.tv\\\/site\\\/wp-content\\\/uploads\\\/2022\\\/10\\\/Sem-Titulo-150x150.jpg\",\"url\":\"https:\\\/\\\/www.altominho.tv\\\/site\\\/wp-content\\\/uploads\\\/2022\\\/10\\\/Sem-Titulo-150x150.jpg\",\"contentUrl\":\"https:\\\/\\\/www.altominho.tv\\\/site\\\/wp-content\\\/uploads\\\/2022\\\/10\\\/Sem-Titulo-150x150.jpg\",\"caption\":\"Cesar Lopes\"},\"url\":\"https:\\\/\\\/www.altominho.tv\\\/site\\\/author\\\/cesarlopes\\\/\"}]}<\/script>\n<!-- \/ Yoast SEO Premium plugin. -->","yoast_head_json":{"title":"Melga\u00e7o evoca Abril com homenagem \u00e0 liberdade e desfile comemorativo","description":"O munic\u00edpio de Melga\u00e7o assinalou ontem os 52 anos da Revolu\u00e7\u00e3o dos Cravos com um conjunto de iniciativas institucionais que evocaram os valores da liberdade e da democracia.","robots":{"index":"index","follow":"follow","max-snippet":"max-snippet:-1","max-image-preview":"max-image-preview:large","max-video-preview":"max-video-preview:-1"},"canonical":"https:\/\/www.altominho.tv\/site\/2026\/04\/26\/melgaco-evoca-abril-com-homenagem-a-liberdade-e-desfile-comemorativo\/","og_locale":"pt_PT","og_type":"article","og_title":"Melga\u00e7o evoca Abril com homenagem \u00e0 liberdade e desfile comemorativo","og_description":"O munic\u00edpio de Melga\u00e7o assinalou ontem os 52 anos da Revolu\u00e7\u00e3o dos Cravos com um conjunto de iniciativas institucionais que evocaram os valores da liberdade e da democracia.","og_url":"https:\/\/www.altominho.tv\/site\/2026\/04\/26\/melgaco-evoca-abril-com-homenagem-a-liberdade-e-desfile-comemorativo\/","og_site_name":"Altominho.tv","article_publisher":"https:\/\/www.facebook.com\/altominhotv","article_published_time":"2026-04-26T15:00:01+00:00","article_modified_time":"2026-04-26T15:00:03+00:00","og_image":[{"width":1200,"height":630,"url":"https:\/\/www.altominho.tv\/site\/wp-content\/uploads\/2026\/04\/melgaco-25-abril.png","type":"image\/png"}],"author":"Cesar Lopes","twitter_card":"summary_large_image","twitter_creator":"@altominhoTV","twitter_site":"@altominhoTV","twitter_misc":{"Escrito por":"Cesar Lopes","Tempo estimado de leitura":"2 minutos"},"schema":{"@context":"https:\/\/schema.org","@graph":[{"@type":"Article","@id":"https:\/\/www.altominho.tv\/site\/2026\/04\/26\/melgaco-evoca-abril-com-homenagem-a-liberdade-e-desfile-comemorativo\/#article","isPartOf":{"@id":"https:\/\/www.altominho.tv\/site\/2026\/04\/26\/melgaco-evoca-abril-com-homenagem-a-liberdade-e-desfile-comemorativo\/"},"author":{"name":"Cesar Lopes","@id":"https:\/\/www.altominho.tv\/site\/#\/schema\/person\/c5570e5afb933b8d08c43373326ef1b1"},"headline":"Melga\u00e7o evoca Abril com homenagem \u00e0 liberdade e desfile comemorativo","datePublished":"2026-04-26T15:00:01+00:00","dateModified":"2026-04-26T15:00:03+00:00","mainEntityOfPage":{"@id":"https:\/\/www.altominho.tv\/site\/2026\/04\/26\/melgaco-evoca-abril-com-homenagem-a-liberdade-e-desfile-comemorativo\/"},"wordCount":218,"image":{"@id":"https:\/\/www.altominho.tv\/site\/2026\/04\/26\/melgaco-evoca-abril-com-homenagem-a-liberdade-e-desfile-comemorativo\/#primaryimage"},"thumbnailUrl":"https:\/\/www.altominho.tv\/site\/wp-content\/uploads\/2026\/04\/melgaco-25-abril.png","keywords":["Pol\u00edtica"],"articleSection":["Melga\u00e7o"],"inLanguage":"pt-PT","copyrightYear":"2026","copyrightHolder":{"@id":"https:\/\/www.altominho.tv\/site\/#organization"}},{"@type":"WebPage","@id":"https:\/\/www.altominho.tv\/site\/2026\/04\/26\/melgaco-evoca-abril-com-homenagem-a-liberdade-e-desfile-comemorativo\/","url":"https:\/\/www.altominho.tv\/site\/2026\/04\/26\/melgaco-evoca-abril-com-homenagem-a-liberdade-e-desfile-comemorativo\/","name":"Melga\u00e7o evoca Abril com homenagem \u00e0 liberdade e desfile comemorativo","isPartOf":{"@id":"https:\/\/www.altominho.tv\/site\/#website"},"primaryImageOfPage":{"@id":"https:\/\/www.altominho.tv\/site\/2026\/04\/26\/melgaco-evoca-abril-com-homenagem-a-liberdade-e-desfile-comemorativo\/#primaryimage"},"image":{"@id":"https:\/\/www.altominho.tv\/site\/2026\/04\/26\/melgaco-evoca-abril-com-homenagem-a-liberdade-e-desfile-comemorativo\/#primaryimage"},"thumbnailUrl":"https:\/\/www.altominho.tv\/site\/wp-content\/uploads\/2026\/04\/melgaco-25-abril.png","datePublished":"2026-04-26T15:00:01+00:00","dateModified":"2026-04-26T15:00:03+00:00","author":{"@id":"https:\/\/www.altominho.tv\/site\/#\/schema\/person\/c5570e5afb933b8d08c43373326ef1b1"},"description":"O munic\u00edpio de Melga\u00e7o assinalou ontem os 52 anos da Revolu\u00e7\u00e3o dos Cravos com um conjunto de iniciativas institucionais que evocaram os valores da liberdade e da democracia.","breadcrumb":{"@id":"https:\/\/www.altominho.tv\/site\/2026\/04\/26\/melgaco-evoca-abril-com-homenagem-a-liberdade-e-desfile-comemorativo\/#breadcrumb"},"inLanguage":"pt-PT","potentialAction":[{"@type":"ReadAction","target":["https:\/\/www.altominho.tv\/site\/2026\/04\/26\/melgaco-evoca-abril-com-homenagem-a-liberdade-e-desfile-comemorativo\/"]}]},{"@type":"ImageObject","inLanguage":"pt-PT","@id":"https:\/\/www.altominho.tv\/site\/2026\/04\/26\/melgaco-evoca-abril-com-homenagem-a-liberdade-e-desfile-comemorativo\/#primaryimage","url":"https:\/\/www.altominho.tv\/site\/wp-content\/uploads\/2026\/04\/melgaco-25-abril.png","contentUrl":"https:\/\/www.altominho.tv\/site\/wp-content\/uploads\/2026\/04\/melgaco-25-abril.png","width":1200,"height":630},{"@type":"BreadcrumbList","@id":"https:\/\/www.altominho.tv\/site\/2026\/04\/26\/melgaco-evoca-abril-com-homenagem-a-liberdade-e-desfile-comemorativo\/#breadcrumb","itemListElement":[{"@type":"ListItem","position":1,"name":"In\u00edcio","item":"https:\/\/www.altominho.tv\/site\/"},{"@type":"ListItem","position":2,"name":"Melga\u00e7o evoca Abril com homenagem \u00e0 liberdade e desfile comemorativo"}]},{"@type":"WebSite","@id":"https:\/\/www.altominho.tv\/site\/#website","url":"https:\/\/www.altominho.tv\/site\/","name":"Altominho.tv","description":"A sua regi\u00e3o \u00e0 dist\u00e2ncia de um clique...","potentialAction":[{"@type":"SearchAction","target":{"@type":"EntryPoint","urlTemplate":"https:\/\/www.altominho.tv\/site\/?s={search_term_string}"},"query-input":{"@type":"PropertyValueSpecification","valueRequired":true,"valueName":"search_term_string"}}],"inLanguage":"pt-PT"},{"@type":"Person","@id":"https:\/\/www.altominho.tv\/site\/#\/schema\/person\/c5570e5afb933b8d08c43373326ef1b1","name":"Cesar Lopes","image":{"@type":"ImageObject","inLanguage":"pt-PT","@id":"https:\/\/www.altominho.tv\/site\/wp-content\/uploads\/2022\/10\/Sem-Titulo-150x150.jpg","url":"https:\/\/www.altominho.tv\/site\/wp-content\/uploads\/2022\/10\/Sem-Titulo-150x150.jpg","contentUrl":"https:\/\/www.altominho.tv\/site\/wp-content\/uploads\/2022\/10\/Sem-Titulo-150x150.jpg","caption":"Cesar Lopes"},"url":"https:\/\/www.altominho.tv\/site\/author\/cesarlopes\/"}]}},"_links":{"self":[{"href":"https:\/\/www.altominho.tv\/site\/wp-json\/wp\/v2\/posts\/131655","targetHints":{"allow":["GET"]}}],"collection":[{"href":"https:\/\/www.altominho.tv\/site\/wp-json\/wp\/v2\/posts"}],"about":[{"href":"https:\/\/www.altominho.tv\/site\/wp-json\/wp\/v2\/types\/post"}],"author":[{"embeddable":true,"href":"https:\/\/www.altominho.tv\/site\/wp-json\/wp\/v2\/users\/24"}],"replies":[{"embeddable":true,"href":"https:\/\/www.altominho.tv\/site\/wp-json\/wp\/v2\/comments?post=131655"}],"version-history":[{"count":1,"href":"https:\/\/www.altominho.tv\/site\/wp-json\/wp\/v2\/posts\/131655\/revisions"}],"predecessor-version":[{"id":131657,"href":"https:\/\/www.altominho.tv\/site\/wp-json\/wp\/v2\/posts\/131655\/revisions\/131657"}],"wp:featuredmedia":[{"embeddable":true,"href":"https:\/\/www.altominho.tv\/site\/wp-json\/wp\/v2\/media\/131656"}],"wp:attachment":[{"href":"https:\/\/www.altominho.tv\/site\/wp-json\/wp\/v2\/media?parent=131655"}],"wp:term":[{"taxonomy":"category","embeddable":true,"href":"https:\/\/www.altominho.tv\/site\/wp-json\/wp\/v2\/categories?post=131655"},{"taxonomy":"post_tag","embeddable":true,"href":"https:\/\/www.altominho.tv\/site\/wp-json\/wp\/v2\/tags?post=131655"}],"curies":[{"name":"wp","href":"https:\/\/api.w.org\/{rel}","templated":true}]}}