{"id":131651,"date":"2026-04-26T15:52:51","date_gmt":"2026-04-26T14:52:51","guid":{"rendered":"https:\/\/www.altominho.tv\/site\/?p=131651"},"modified":"2026-04-26T15:52:53","modified_gmt":"2026-04-26T14:52:53","slug":"moncao-assinala-25-de-abril-com-cerimonias-oficiais-e-homenagem-a-joao-verde","status":"publish","type":"post","link":"https:\/\/www.altominho.tv\/site\/2026\/04\/26\/moncao-assinala-25-de-abril-com-cerimonias-oficiais-e-homenagem-a-joao-verde\/","title":{"rendered":"Mon\u00e7\u00e3o assinala 25 de Abril com cerim\u00f3nias oficiais e homenagem a Jo\u00e3o Verde"},"content":{"rendered":"<p data-start=\"91\" data-end=\"341\">O munic\u00edpio de <span class=\"hover:entity-accent entity-underline inline cursor-pointer align-baseline\"><span class=\"whitespace-normal\">Mon\u00e7\u00e3o<\/span><\/span> assinalou ontem as comemora\u00e7\u00f5es da <span class=\"hover:entity-accent entity-underline inline cursor-pointer align-baseline\"><span class=\"whitespace-normal\">Revolu\u00e7\u00e3o dos Cravos<\/span><\/span> com um conjunto de iniciativas institucionais e culturais que destacaram a import\u00e2ncia da mem\u00f3ria hist\u00f3rica e da identidade local.<\/p>\n<p data-start=\"343\" data-end=\"589\">O programa teve in\u00edcio com a cerim\u00f3nia do hastear da bandeira, realizada no Largo do Loreto, contando com a participa\u00e7\u00e3o da Banda Musical de Mon\u00e7\u00e3o e com a guarda de honra assegurada pela Associa\u00e7\u00e3o Humanit\u00e1ria dos Bombeiros Volunt\u00e1rios locais.<\/p>\n<p data-start=\"591\" data-end=\"918\">As celebra\u00e7\u00f5es prosseguiram no <span class=\"hover:entity-accent entity-underline inline cursor-pointer align-baseline\"><span class=\"whitespace-normal\">Cine Teatro Jo\u00e3o Verde<\/span><\/span>, onde decorreu a sess\u00e3o solene evocativa da data. A cerim\u00f3nia incluiu interven\u00e7\u00f5es do presidente da Assembleia Municipal, Armando Fontainhas, do presidente da C\u00e2mara Municipal, Ant\u00f3nio Barbosa, e de representantes dos partidos com assento no \u00f3rg\u00e3o municipal.<\/p>\n<p data-start=\"920\" data-end=\"1211\">Durante a sua interven\u00e7\u00e3o, Ant\u00f3nio Barbosa sublinhou a necessidade de preservar e renovar os valores democr\u00e1ticos conquistados em 1974, destacando a import\u00e2ncia da participa\u00e7\u00e3o c\u00edvica, da diversidade cultural e da pluralidade de opini\u00f5es como pilares fundamentais da sociedade contempor\u00e2nea.<\/p>\n<p data-start=\"1213\" data-end=\"1602\">No \u00e2mbito das comemora\u00e7\u00f5es, foi tamb\u00e9m inaugurado um mural dedicado aos 160 anos do nascimento de <span class=\"hover:entity-accent entity-underline inline cursor-pointer align-baseline\"><span class=\"whitespace-normal\">Jo\u00e3o Verde<\/span><\/span>, figura de relevo na literatura local. A obra, da autoria do artista <span class=\"hover:entity-accent entity-underline inline cursor-pointer align-baseline\"><span class=\"whitespace-normal\">Daniel Eime<\/span><\/span>, pretende homenagear o legado liter\u00e1rio e humanista do poeta, reconhecido pelo seu regionalismo e pela valoriza\u00e7\u00e3o das rela\u00e7\u00f5es transfronteiri\u00e7as.<\/p>\n<p data-start=\"1604\" data-end=\"1968\">O mural integra-se na estrat\u00e9gia de valoriza\u00e7\u00e3o do espa\u00e7o p\u00fablico e de promo\u00e7\u00e3o cultural do concelho, assumindo-se igualmente como um novo ponto de interesse tur\u00edstico. Na ocasi\u00e3o, o autarca destacou a import\u00e2ncia de preservar as tradi\u00e7\u00f5es e a identidade local num contexto globalizado, salientando o papel da cultura na transmiss\u00e3o de valores \u00e0s gera\u00e7\u00f5es futuras.<\/p>\n<p data-start=\"1970\" data-end=\"2143\" data-is-last-node=\"\" data-is-only-node=\"\">As iniciativas inserem-se no programa comemorativo municipal que visa assinalar o 25 de Abril, refor\u00e7ando a liga\u00e7\u00e3o entre mem\u00f3ria hist\u00f3rica, cidadania e patrim\u00f3nio cultural.<\/p>\n<p data-start=\"1970\" data-end=\"2143\" data-is-last-node=\"\" data-is-only-node=\"\">Fotos: <strong>Munic\u00edpio de Mon\u00e7\u00e3o<\/strong><\/p>\n","protected":false},"excerpt":{"rendered":"<p>O munic\u00edpio de Mon\u00e7\u00e3o assinalou ontem as comemora\u00e7\u00f5es da Revolu\u00e7\u00e3o dos Cravos com um conjunto de iniciativas institucionais e culturais que destacaram a import\u00e2ncia da mem\u00f3ria hist\u00f3rica e da identidade local. O programa teve in\u00edcio com a cerim\u00f3nia do hastear da bandeira, realizada no Largo do Loreto, contando com a participa\u00e7\u00e3o da Banda Musical de [&hellip;]<\/p>\n","protected":false},"author":24,"featured_media":131652,"comment_status":"closed","ping_status":"closed","sticky":false,"template":"","format":"standard","meta":{"_exactmetrics_skip_tracking":false,"_exactmetrics_sitenote_active":false,"_exactmetrics_sitenote_note":"","_exactmetrics_sitenote_category":0,"footnotes":""},"categories":[9],"tags":[56326],"class_list":["post-131651","post","type-post","status-publish","format-standard","has-post-thumbnail","hentry","category-moncao","tag-politica"],"yoast_head":"<!-- This site is optimized with the Yoast SEO Premium plugin v27.4 (Yoast SEO v27.4) - https:\/\/yoast.com\/product\/yoast-seo-premium-wordpress\/ -->\n<title>Mon\u00e7\u00e3o assinala 25 de Abril com cerim\u00f3nias oficiais e homenagem a Jo\u00e3o Verde<\/title>\n<meta name=\"description\" content=\"O munic\u00edpio de Mon\u00e7\u00e3o assinalou ontem as comemora\u00e7\u00f5es da Revolu\u00e7\u00e3o dos Cravos com um conjunto de iniciativas institucionais e culturais que destacaram a import\u00e2ncia da mem\u00f3ria hist\u00f3rica e da identidade local.\" \/>\n<meta name=\"robots\" content=\"index, follow, max-snippet:-1, max-image-preview:large, max-video-preview:-1\" \/>\n<link rel=\"canonical\" href=\"https:\/\/www.altominho.tv\/site\/2026\/04\/26\/moncao-assinala-25-de-abril-com-cerimonias-oficiais-e-homenagem-a-joao-verde\/\" \/>\n<meta property=\"og:locale\" content=\"pt_PT\" \/>\n<meta property=\"og:type\" content=\"article\" \/>\n<meta property=\"og:title\" content=\"Mon\u00e7\u00e3o assinala 25 de Abril com cerim\u00f3nias oficiais e homenagem a Jo\u00e3o Verde\" \/>\n<meta property=\"og:description\" content=\"O munic\u00edpio de Mon\u00e7\u00e3o assinalou ontem as comemora\u00e7\u00f5es da Revolu\u00e7\u00e3o dos Cravos com um conjunto de iniciativas institucionais e culturais que destacaram a import\u00e2ncia da mem\u00f3ria hist\u00f3rica e da identidade local.\" \/>\n<meta property=\"og:url\" content=\"https:\/\/www.altominho.tv\/site\/2026\/04\/26\/moncao-assinala-25-de-abril-com-cerimonias-oficiais-e-homenagem-a-joao-verde\/\" \/>\n<meta property=\"og:site_name\" content=\"Altominho.tv\" \/>\n<meta property=\"article:publisher\" content=\"https:\/\/www.facebook.com\/altominhotv\" \/>\n<meta property=\"article:published_time\" content=\"2026-04-26T14:52:51+00:00\" \/>\n<meta property=\"article:modified_time\" content=\"2026-04-26T14:52:53+00:00\" \/>\n<meta property=\"og:image\" content=\"https:\/\/www.altominho.tv\/site\/wp-content\/uploads\/2026\/04\/25-abril-moncao.png\" \/>\n\t<meta property=\"og:image:width\" content=\"1200\" \/>\n\t<meta property=\"og:image:height\" content=\"630\" \/>\n\t<meta property=\"og:image:type\" content=\"image\/png\" \/>\n<meta name=\"author\" content=\"Cesar Lopes\" \/>\n<meta name=\"twitter:card\" content=\"summary_large_image\" \/>\n<meta name=\"twitter:creator\" content=\"@altominhoTV\" \/>\n<meta name=\"twitter:site\" content=\"@altominhoTV\" \/>\n<meta name=\"twitter:label1\" content=\"Escrito por\" \/>\n\t<meta name=\"twitter:data1\" content=\"Cesar Lopes\" \/>\n\t<meta name=\"twitter:label2\" content=\"Tempo estimado de leitura\" \/>\n\t<meta name=\"twitter:data2\" content=\"2 minutos\" \/>\n<script type=\"application\/ld+json\" class=\"yoast-schema-graph\">{\"@context\":\"https:\\\/\\\/schema.org\",\"@graph\":[{\"@type\":\"Article\",\"@id\":\"https:\\\/\\\/www.altominho.tv\\\/site\\\/2026\\\/04\\\/26\\\/moncao-assinala-25-de-abril-com-cerimonias-oficiais-e-homenagem-a-joao-verde\\\/#article\",\"isPartOf\":{\"@id\":\"https:\\\/\\\/www.altominho.tv\\\/site\\\/2026\\\/04\\\/26\\\/moncao-assinala-25-de-abril-com-cerimonias-oficiais-e-homenagem-a-joao-verde\\\/\"},\"author\":{\"name\":\"Cesar Lopes\",\"@id\":\"https:\\\/\\\/www.altominho.tv\\\/site\\\/#\\\/schema\\\/person\\\/c5570e5afb933b8d08c43373326ef1b1\"},\"headline\":\"Mon\u00e7\u00e3o assinala 25 de Abril com cerim\u00f3nias oficiais e homenagem a Jo\u00e3o Verde\",\"datePublished\":\"2026-04-26T14:52:51+00:00\",\"dateModified\":\"2026-04-26T14:52:53+00:00\",\"mainEntityOfPage\":{\"@id\":\"https:\\\/\\\/www.altominho.tv\\\/site\\\/2026\\\/04\\\/26\\\/moncao-assinala-25-de-abril-com-cerimonias-oficiais-e-homenagem-a-joao-verde\\\/\"},\"wordCount\":354,\"image\":{\"@id\":\"https:\\\/\\\/www.altominho.tv\\\/site\\\/2026\\\/04\\\/26\\\/moncao-assinala-25-de-abril-com-cerimonias-oficiais-e-homenagem-a-joao-verde\\\/#primaryimage\"},\"thumbnailUrl\":\"https:\\\/\\\/www.altominho.tv\\\/site\\\/wp-content\\\/uploads\\\/2026\\\/04\\\/25-abril-moncao.png\",\"keywords\":[\"Pol\u00edtica\"],\"articleSection\":[\"Mon\u00e7\u00e3o\"],\"inLanguage\":\"pt-PT\",\"copyrightYear\":\"2026\",\"copyrightHolder\":{\"@id\":\"https:\\\/\\\/www.altominho.tv\\\/site\\\/#organization\"}},{\"@type\":\"WebPage\",\"@id\":\"https:\\\/\\\/www.altominho.tv\\\/site\\\/2026\\\/04\\\/26\\\/moncao-assinala-25-de-abril-com-cerimonias-oficiais-e-homenagem-a-joao-verde\\\/\",\"url\":\"https:\\\/\\\/www.altominho.tv\\\/site\\\/2026\\\/04\\\/26\\\/moncao-assinala-25-de-abril-com-cerimonias-oficiais-e-homenagem-a-joao-verde\\\/\",\"name\":\"Mon\u00e7\u00e3o assinala 25 de Abril com cerim\u00f3nias oficiais e homenagem a Jo\u00e3o Verde\",\"isPartOf\":{\"@id\":\"https:\\\/\\\/www.altominho.tv\\\/site\\\/#website\"},\"primaryImageOfPage\":{\"@id\":\"https:\\\/\\\/www.altominho.tv\\\/site\\\/2026\\\/04\\\/26\\\/moncao-assinala-25-de-abril-com-cerimonias-oficiais-e-homenagem-a-joao-verde\\\/#primaryimage\"},\"image\":{\"@id\":\"https:\\\/\\\/www.altominho.tv\\\/site\\\/2026\\\/04\\\/26\\\/moncao-assinala-25-de-abril-com-cerimonias-oficiais-e-homenagem-a-joao-verde\\\/#primaryimage\"},\"thumbnailUrl\":\"https:\\\/\\\/www.altominho.tv\\\/site\\\/wp-content\\\/uploads\\\/2026\\\/04\\\/25-abril-moncao.png\",\"datePublished\":\"2026-04-26T14:52:51+00:00\",\"dateModified\":\"2026-04-26T14:52:53+00:00\",\"author\":{\"@id\":\"https:\\\/\\\/www.altominho.tv\\\/site\\\/#\\\/schema\\\/person\\\/c5570e5afb933b8d08c43373326ef1b1\"},\"description\":\"O munic\u00edpio de Mon\u00e7\u00e3o assinalou ontem as comemora\u00e7\u00f5es da Revolu\u00e7\u00e3o dos Cravos com um conjunto de iniciativas institucionais e culturais que destacaram a import\u00e2ncia da mem\u00f3ria hist\u00f3rica e da identidade local.\",\"breadcrumb\":{\"@id\":\"https:\\\/\\\/www.altominho.tv\\\/site\\\/2026\\\/04\\\/26\\\/moncao-assinala-25-de-abril-com-cerimonias-oficiais-e-homenagem-a-joao-verde\\\/#breadcrumb\"},\"inLanguage\":\"pt-PT\",\"potentialAction\":[{\"@type\":\"ReadAction\",\"target\":[\"https:\\\/\\\/www.altominho.tv\\\/site\\\/2026\\\/04\\\/26\\\/moncao-assinala-25-de-abril-com-cerimonias-oficiais-e-homenagem-a-joao-verde\\\/\"]}]},{\"@type\":\"ImageObject\",\"inLanguage\":\"pt-PT\",\"@id\":\"https:\\\/\\\/www.altominho.tv\\\/site\\\/2026\\\/04\\\/26\\\/moncao-assinala-25-de-abril-com-cerimonias-oficiais-e-homenagem-a-joao-verde\\\/#primaryimage\",\"url\":\"https:\\\/\\\/www.altominho.tv\\\/site\\\/wp-content\\\/uploads\\\/2026\\\/04\\\/25-abril-moncao.png\",\"contentUrl\":\"https:\\\/\\\/www.altominho.tv\\\/site\\\/wp-content\\\/uploads\\\/2026\\\/04\\\/25-abril-moncao.png\",\"width\":1200,\"height\":630},{\"@type\":\"BreadcrumbList\",\"@id\":\"https:\\\/\\\/www.altominho.tv\\\/site\\\/2026\\\/04\\\/26\\\/moncao-assinala-25-de-abril-com-cerimonias-oficiais-e-homenagem-a-joao-verde\\\/#breadcrumb\",\"itemListElement\":[{\"@type\":\"ListItem\",\"position\":1,\"name\":\"In\u00edcio\",\"item\":\"https:\\\/\\\/www.altominho.tv\\\/site\\\/\"},{\"@type\":\"ListItem\",\"position\":2,\"name\":\"Mon\u00e7\u00e3o assinala 25 de Abril com cerim\u00f3nias oficiais e homenagem a Jo\u00e3o Verde\"}]},{\"@type\":\"WebSite\",\"@id\":\"https:\\\/\\\/www.altominho.tv\\\/site\\\/#website\",\"url\":\"https:\\\/\\\/www.altominho.tv\\\/site\\\/\",\"name\":\"Altominho.tv\",\"description\":\"A sua regi\u00e3o \u00e0 dist\u00e2ncia de um clique...\",\"potentialAction\":[{\"@type\":\"SearchAction\",\"target\":{\"@type\":\"EntryPoint\",\"urlTemplate\":\"https:\\\/\\\/www.altominho.tv\\\/site\\\/?s={search_term_string}\"},\"query-input\":{\"@type\":\"PropertyValueSpecification\",\"valueRequired\":true,\"valueName\":\"search_term_string\"}}],\"inLanguage\":\"pt-PT\"},{\"@type\":\"Person\",\"@id\":\"https:\\\/\\\/www.altominho.tv\\\/site\\\/#\\\/schema\\\/person\\\/c5570e5afb933b8d08c43373326ef1b1\",\"name\":\"Cesar Lopes\",\"image\":{\"@type\":\"ImageObject\",\"inLanguage\":\"pt-PT\",\"@id\":\"https:\\\/\\\/www.altominho.tv\\\/site\\\/wp-content\\\/uploads\\\/2022\\\/10\\\/Sem-Titulo-150x150.jpg\",\"url\":\"https:\\\/\\\/www.altominho.tv\\\/site\\\/wp-content\\\/uploads\\\/2022\\\/10\\\/Sem-Titulo-150x150.jpg\",\"contentUrl\":\"https:\\\/\\\/www.altominho.tv\\\/site\\\/wp-content\\\/uploads\\\/2022\\\/10\\\/Sem-Titulo-150x150.jpg\",\"caption\":\"Cesar Lopes\"},\"url\":\"https:\\\/\\\/www.altominho.tv\\\/site\\\/author\\\/cesarlopes\\\/\"}]}<\/script>\n<!-- \/ Yoast SEO Premium plugin. -->","yoast_head_json":{"title":"Mon\u00e7\u00e3o assinala 25 de Abril com cerim\u00f3nias oficiais e homenagem a Jo\u00e3o Verde","description":"O munic\u00edpio de Mon\u00e7\u00e3o assinalou ontem as comemora\u00e7\u00f5es da Revolu\u00e7\u00e3o dos Cravos com um conjunto de iniciativas institucionais e culturais que destacaram a import\u00e2ncia da mem\u00f3ria hist\u00f3rica e da identidade local.","robots":{"index":"index","follow":"follow","max-snippet":"max-snippet:-1","max-image-preview":"max-image-preview:large","max-video-preview":"max-video-preview:-1"},"canonical":"https:\/\/www.altominho.tv\/site\/2026\/04\/26\/moncao-assinala-25-de-abril-com-cerimonias-oficiais-e-homenagem-a-joao-verde\/","og_locale":"pt_PT","og_type":"article","og_title":"Mon\u00e7\u00e3o assinala 25 de Abril com cerim\u00f3nias oficiais e homenagem a Jo\u00e3o Verde","og_description":"O munic\u00edpio de Mon\u00e7\u00e3o assinalou ontem as comemora\u00e7\u00f5es da Revolu\u00e7\u00e3o dos Cravos com um conjunto de iniciativas institucionais e culturais que destacaram a import\u00e2ncia da mem\u00f3ria hist\u00f3rica e da identidade local.","og_url":"https:\/\/www.altominho.tv\/site\/2026\/04\/26\/moncao-assinala-25-de-abril-com-cerimonias-oficiais-e-homenagem-a-joao-verde\/","og_site_name":"Altominho.tv","article_publisher":"https:\/\/www.facebook.com\/altominhotv","article_published_time":"2026-04-26T14:52:51+00:00","article_modified_time":"2026-04-26T14:52:53+00:00","og_image":[{"width":1200,"height":630,"url":"https:\/\/www.altominho.tv\/site\/wp-content\/uploads\/2026\/04\/25-abril-moncao.png","type":"image\/png"}],"author":"Cesar Lopes","twitter_card":"summary_large_image","twitter_creator":"@altominhoTV","twitter_site":"@altominhoTV","twitter_misc":{"Escrito por":"Cesar Lopes","Tempo estimado de leitura":"2 minutos"},"schema":{"@context":"https:\/\/schema.org","@graph":[{"@type":"Article","@id":"https:\/\/www.altominho.tv\/site\/2026\/04\/26\/moncao-assinala-25-de-abril-com-cerimonias-oficiais-e-homenagem-a-joao-verde\/#article","isPartOf":{"@id":"https:\/\/www.altominho.tv\/site\/2026\/04\/26\/moncao-assinala-25-de-abril-com-cerimonias-oficiais-e-homenagem-a-joao-verde\/"},"author":{"name":"Cesar Lopes","@id":"https:\/\/www.altominho.tv\/site\/#\/schema\/person\/c5570e5afb933b8d08c43373326ef1b1"},"headline":"Mon\u00e7\u00e3o assinala 25 de Abril com cerim\u00f3nias oficiais e homenagem a Jo\u00e3o Verde","datePublished":"2026-04-26T14:52:51+00:00","dateModified":"2026-04-26T14:52:53+00:00","mainEntityOfPage":{"@id":"https:\/\/www.altominho.tv\/site\/2026\/04\/26\/moncao-assinala-25-de-abril-com-cerimonias-oficiais-e-homenagem-a-joao-verde\/"},"wordCount":354,"image":{"@id":"https:\/\/www.altominho.tv\/site\/2026\/04\/26\/moncao-assinala-25-de-abril-com-cerimonias-oficiais-e-homenagem-a-joao-verde\/#primaryimage"},"thumbnailUrl":"https:\/\/www.altominho.tv\/site\/wp-content\/uploads\/2026\/04\/25-abril-moncao.png","keywords":["Pol\u00edtica"],"articleSection":["Mon\u00e7\u00e3o"],"inLanguage":"pt-PT","copyrightYear":"2026","copyrightHolder":{"@id":"https:\/\/www.altominho.tv\/site\/#organization"}},{"@type":"WebPage","@id":"https:\/\/www.altominho.tv\/site\/2026\/04\/26\/moncao-assinala-25-de-abril-com-cerimonias-oficiais-e-homenagem-a-joao-verde\/","url":"https:\/\/www.altominho.tv\/site\/2026\/04\/26\/moncao-assinala-25-de-abril-com-cerimonias-oficiais-e-homenagem-a-joao-verde\/","name":"Mon\u00e7\u00e3o assinala 25 de Abril com cerim\u00f3nias oficiais e homenagem a Jo\u00e3o Verde","isPartOf":{"@id":"https:\/\/www.altominho.tv\/site\/#website"},"primaryImageOfPage":{"@id":"https:\/\/www.altominho.tv\/site\/2026\/04\/26\/moncao-assinala-25-de-abril-com-cerimonias-oficiais-e-homenagem-a-joao-verde\/#primaryimage"},"image":{"@id":"https:\/\/www.altominho.tv\/site\/2026\/04\/26\/moncao-assinala-25-de-abril-com-cerimonias-oficiais-e-homenagem-a-joao-verde\/#primaryimage"},"thumbnailUrl":"https:\/\/www.altominho.tv\/site\/wp-content\/uploads\/2026\/04\/25-abril-moncao.png","datePublished":"2026-04-26T14:52:51+00:00","dateModified":"2026-04-26T14:52:53+00:00","author":{"@id":"https:\/\/www.altominho.tv\/site\/#\/schema\/person\/c5570e5afb933b8d08c43373326ef1b1"},"description":"O munic\u00edpio de Mon\u00e7\u00e3o assinalou ontem as comemora\u00e7\u00f5es da Revolu\u00e7\u00e3o dos Cravos com um conjunto de iniciativas institucionais e culturais que destacaram a import\u00e2ncia da mem\u00f3ria hist\u00f3rica e da identidade local.","breadcrumb":{"@id":"https:\/\/www.altominho.tv\/site\/2026\/04\/26\/moncao-assinala-25-de-abril-com-cerimonias-oficiais-e-homenagem-a-joao-verde\/#breadcrumb"},"inLanguage":"pt-PT","potentialAction":[{"@type":"ReadAction","target":["https:\/\/www.altominho.tv\/site\/2026\/04\/26\/moncao-assinala-25-de-abril-com-cerimonias-oficiais-e-homenagem-a-joao-verde\/"]}]},{"@type":"ImageObject","inLanguage":"pt-PT","@id":"https:\/\/www.altominho.tv\/site\/2026\/04\/26\/moncao-assinala-25-de-abril-com-cerimonias-oficiais-e-homenagem-a-joao-verde\/#primaryimage","url":"https:\/\/www.altominho.tv\/site\/wp-content\/uploads\/2026\/04\/25-abril-moncao.png","contentUrl":"https:\/\/www.altominho.tv\/site\/wp-content\/uploads\/2026\/04\/25-abril-moncao.png","width":1200,"height":630},{"@type":"BreadcrumbList","@id":"https:\/\/www.altominho.tv\/site\/2026\/04\/26\/moncao-assinala-25-de-abril-com-cerimonias-oficiais-e-homenagem-a-joao-verde\/#breadcrumb","itemListElement":[{"@type":"ListItem","position":1,"name":"In\u00edcio","item":"https:\/\/www.altominho.tv\/site\/"},{"@type":"ListItem","position":2,"name":"Mon\u00e7\u00e3o assinala 25 de Abril com cerim\u00f3nias oficiais e homenagem a Jo\u00e3o Verde"}]},{"@type":"WebSite","@id":"https:\/\/www.altominho.tv\/site\/#website","url":"https:\/\/www.altominho.tv\/site\/","name":"Altominho.tv","description":"A sua regi\u00e3o \u00e0 dist\u00e2ncia de um clique...","potentialAction":[{"@type":"SearchAction","target":{"@type":"EntryPoint","urlTemplate":"https:\/\/www.altominho.tv\/site\/?s={search_term_string}"},"query-input":{"@type":"PropertyValueSpecification","valueRequired":true,"valueName":"search_term_string"}}],"inLanguage":"pt-PT"},{"@type":"Person","@id":"https:\/\/www.altominho.tv\/site\/#\/schema\/person\/c5570e5afb933b8d08c43373326ef1b1","name":"Cesar Lopes","image":{"@type":"ImageObject","inLanguage":"pt-PT","@id":"https:\/\/www.altominho.tv\/site\/wp-content\/uploads\/2022\/10\/Sem-Titulo-150x150.jpg","url":"https:\/\/www.altominho.tv\/site\/wp-content\/uploads\/2022\/10\/Sem-Titulo-150x150.jpg","contentUrl":"https:\/\/www.altominho.tv\/site\/wp-content\/uploads\/2022\/10\/Sem-Titulo-150x150.jpg","caption":"Cesar Lopes"},"url":"https:\/\/www.altominho.tv\/site\/author\/cesarlopes\/"}]}},"_links":{"self":[{"href":"https:\/\/www.altominho.tv\/site\/wp-json\/wp\/v2\/posts\/131651","targetHints":{"allow":["GET"]}}],"collection":[{"href":"https:\/\/www.altominho.tv\/site\/wp-json\/wp\/v2\/posts"}],"about":[{"href":"https:\/\/www.altominho.tv\/site\/wp-json\/wp\/v2\/types\/post"}],"author":[{"embeddable":true,"href":"https:\/\/www.altominho.tv\/site\/wp-json\/wp\/v2\/users\/24"}],"replies":[{"embeddable":true,"href":"https:\/\/www.altominho.tv\/site\/wp-json\/wp\/v2\/comments?post=131651"}],"version-history":[{"count":1,"href":"https:\/\/www.altominho.tv\/site\/wp-json\/wp\/v2\/posts\/131651\/revisions"}],"predecessor-version":[{"id":131654,"href":"https:\/\/www.altominho.tv\/site\/wp-json\/wp\/v2\/posts\/131651\/revisions\/131654"}],"wp:featuredmedia":[{"embeddable":true,"href":"https:\/\/www.altominho.tv\/site\/wp-json\/wp\/v2\/media\/131652"}],"wp:attachment":[{"href":"https:\/\/www.altominho.tv\/site\/wp-json\/wp\/v2\/media?parent=131651"}],"wp:term":[{"taxonomy":"category","embeddable":true,"href":"https:\/\/www.altominho.tv\/site\/wp-json\/wp\/v2\/categories?post=131651"},{"taxonomy":"post_tag","embeddable":true,"href":"https:\/\/www.altominho.tv\/site\/wp-json\/wp\/v2\/tags?post=131651"}],"curies":[{"name":"wp","href":"https:\/\/api.w.org\/{rel}","templated":true}]}}