{"id":131648,"date":"2026-04-26T11:50:03","date_gmt":"2026-04-26T10:50:03","guid":{"rendered":"https:\/\/www.altominho.tv\/site\/?p=131648"},"modified":"2026-04-26T15:50:42","modified_gmt":"2026-04-26T14:50:42","slug":"caminha-assinala-52-o-aniversario-do-25-de-abril-com-cerimonias-e-cultura","status":"publish","type":"post","link":"https:\/\/www.altominho.tv\/site\/2026\/04\/26\/caminha-assinala-52-o-aniversario-do-25-de-abril-com-cerimonias-e-cultura\/","title":{"rendered":"Caminha assinala 52.\u00ba anivers\u00e1rio do 25 de Abril com cerim\u00f3nias e cultura"},"content":{"rendered":"<div class=\"text-base my-auto mx-auto [--thread-content-margin:var(--thread-content-margin-xs,calc(var(--spacing)*4))] @w-sm\/main:[--thread-content-margin:var(--thread-content-margin-sm,calc(var(--spacing)*6))] @w-lg\/main:[--thread-content-margin:var(--thread-content-margin-lg,calc(var(--spacing)*16))] px-(--thread-content-margin)\">\n<div class=\"[--thread-content-max-width:40rem] @w-lg\/main:[--thread-content-max-width:48rem] mx-auto max-w-(--thread-content-max-width) flex-1 group\/turn-messages focus-visible:outline-hidden relative flex w-full min-w-0 flex-col agent-turn\">\n<div class=\"flex max-w-full flex-col gap-4 grow\">\n<div class=\"min-h-8 text-message relative flex w-full flex-col items-end gap-2 text-start break-words whitespace-normal outline-none keyboard-focused:focus-ring [.text-message+&amp;]:mt-1\" dir=\"auto\" data-message-author-role=\"assistant\" data-message-id=\"c57304af-9c35-44be-8bf6-64a4391c6322\" data-message-model-slug=\"gpt-5-3\">\n<div class=\"flex w-full flex-col gap-1 empty:hidden\">\n<div class=\"markdown prose dark:prose-invert w-full wrap-break-word light markdown-new-styling\">\n<p data-start=\"79\" data-end=\"303\">O concelho de Caminha celebrou ontem o 52.\u00ba anivers\u00e1rio do 25 de Abril com um conjunto de iniciativas institucionais e culturais, realizadas em Vila Praia de \u00c2ncora e\u00a0 Caminha, envolvendo entidades locais e a comunidade.<\/p>\n<p data-start=\"305\" data-end=\"563\">As comemora\u00e7\u00f5es tiveram in\u00edcio durante a manh\u00e3, em Vila Praia de \u00c2ncora, com o hastear solene da Bandeira Nacional na Pra\u00e7a da Rep\u00fablica. A cerim\u00f3nia contou com a participa\u00e7\u00e3o da Guarda de Honra dos Bombeiros Volunt\u00e1rios locais e da Banda Musical Lanhelense.<\/p>\n<p data-start=\"565\" data-end=\"887\">Seguiu-se um momento semelhante na vila de Caminha, tamb\u00e9m com o hastear da bandeira, envolvendo os Bombeiros Volunt\u00e1rios de Caminha, a Academia S\u00e9nior e a Banda Musical Lanhelense. A manh\u00e3 terminou com a realiza\u00e7\u00e3o da cerim\u00f3nia protocolar da Assembleia Municipal evocativa da efem\u00e9ride, no edif\u00edcio dos Pa\u00e7os do Concelho.<\/p>\n<p data-start=\"889\" data-end=\"1177\">As comemora\u00e7\u00f5es prolongaram-se pela noite com o concerto \u201cSons da Liberdade\u201d, que decorreu no Teatro Municipal de Caminha. O espet\u00e1culo reuniu vozes e m\u00fasicos do concelho, num momento de celebra\u00e7\u00e3o cultural associado \u00e0 data, contando ainda com a presen\u00e7a de representantes institucionais.<\/p>\n<p data-start=\"1179\" data-end=\"1385\">Paralelamente, integrou o programa uma exposi\u00e7\u00e3o dedicada \u00e0 mem\u00f3ria hist\u00f3rica, intitulada \u201cAs Portas do Horror\u201d, centrada no campo de concentra\u00e7\u00e3o de Camposancos, patente na Biblioteca Municipal de Caminha.<\/p>\n<p data-start=\"1387\" data-end=\"1541\" data-is-last-node=\"\" data-is-only-node=\"\">As iniciativas assinalaram a import\u00e2ncia hist\u00f3rica do 25 de Abril, combinando momentos solenes com express\u00f5es culturais e de evoca\u00e7\u00e3o da mem\u00f3ria coletiva.<\/p>\n<p data-start=\"1387\" data-end=\"1541\" data-is-last-node=\"\" data-is-only-node=\"\">Foto:<strong> Munic\u00edpio de Caminha<\/strong><\/p>\n<\/div>\n<\/div>\n<\/div>\n<\/div>\n<div class=\"z-0 flex min-h-[46px] justify-start\"><\/div>\n<\/div>\n<\/div>\n","protected":false},"excerpt":{"rendered":"<p>O concelho de Caminha celebrou ontem o 52.\u00ba anivers\u00e1rio do 25 de Abril com um conjunto de iniciativas institucionais e culturais, realizadas em Vila Praia de \u00c2ncora e\u00a0 Caminha, envolvendo entidades locais e a comunidade. As comemora\u00e7\u00f5es tiveram in\u00edcio durante a manh\u00e3, em Vila Praia de \u00c2ncora, com o hastear solene da Bandeira Nacional na [&hellip;]<\/p>\n","protected":false},"author":24,"featured_media":131649,"comment_status":"closed","ping_status":"closed","sticky":false,"template":"","format":"standard","meta":{"_exactmetrics_skip_tracking":false,"_exactmetrics_sitenote_active":false,"_exactmetrics_sitenote_note":"","_exactmetrics_sitenote_category":0,"footnotes":""},"categories":[7],"tags":[56326],"class_list":["post-131648","post","type-post","status-publish","format-standard","has-post-thumbnail","hentry","category-caminha","tag-politica"],"yoast_head":"<!-- This site is optimized with the Yoast SEO Premium plugin v27.4 (Yoast SEO v27.4) - https:\/\/yoast.com\/product\/yoast-seo-premium-wordpress\/ -->\n<title>Caminha assinala 52.\u00ba anivers\u00e1rio do 25 de Abril com cerim\u00f3nias e cultura<\/title>\n<meta name=\"description\" content=\"O concelho de Caminha celebrou ontem o 52.\u00ba anivers\u00e1rio do 25 de Abril com um conjunto de iniciativas institucionais e culturais, realizadas em Vila Praia de \u00c2ncora e\u00a0 Caminha, envolvendo entidades locais e a comunidade.\" \/>\n<meta name=\"robots\" content=\"index, follow, max-snippet:-1, max-image-preview:large, max-video-preview:-1\" \/>\n<link rel=\"canonical\" href=\"https:\/\/www.altominho.tv\/site\/2026\/04\/26\/caminha-assinala-52-o-aniversario-do-25-de-abril-com-cerimonias-e-cultura\/\" \/>\n<meta property=\"og:locale\" content=\"pt_PT\" \/>\n<meta property=\"og:type\" content=\"article\" \/>\n<meta property=\"og:title\" content=\"Caminha assinala 52.\u00ba anivers\u00e1rio do 25 de Abril com cerim\u00f3nias e cultura\" \/>\n<meta property=\"og:description\" content=\"O concelho de Caminha celebrou ontem o 52.\u00ba anivers\u00e1rio do 25 de Abril com um conjunto de iniciativas institucionais e culturais, realizadas em Vila Praia de \u00c2ncora e\u00a0 Caminha, envolvendo entidades locais e a comunidade.\" \/>\n<meta property=\"og:url\" content=\"https:\/\/www.altominho.tv\/site\/2026\/04\/26\/caminha-assinala-52-o-aniversario-do-25-de-abril-com-cerimonias-e-cultura\/\" \/>\n<meta property=\"og:site_name\" content=\"Altominho.tv\" \/>\n<meta property=\"article:publisher\" content=\"https:\/\/www.facebook.com\/altominhotv\" \/>\n<meta property=\"article:published_time\" content=\"2026-04-26T10:50:03+00:00\" \/>\n<meta property=\"article:modified_time\" content=\"2026-04-26T14:50:42+00:00\" \/>\n<meta property=\"og:image\" content=\"https:\/\/www.altominho.tv\/site\/wp-content\/uploads\/2026\/04\/25-abril-caminha.png\" \/>\n\t<meta property=\"og:image:width\" content=\"1200\" \/>\n\t<meta property=\"og:image:height\" content=\"630\" \/>\n\t<meta property=\"og:image:type\" content=\"image\/png\" \/>\n<meta name=\"author\" content=\"Cesar Lopes\" \/>\n<meta name=\"twitter:card\" content=\"summary_large_image\" \/>\n<meta name=\"twitter:creator\" content=\"@altominhoTV\" \/>\n<meta name=\"twitter:site\" content=\"@altominhoTV\" \/>\n<meta name=\"twitter:label1\" content=\"Escrito por\" \/>\n\t<meta name=\"twitter:data1\" content=\"Cesar Lopes\" \/>\n\t<meta name=\"twitter:label2\" content=\"Tempo estimado de leitura\" \/>\n\t<meta name=\"twitter:data2\" content=\"2 minutos\" \/>\n<script type=\"application\/ld+json\" class=\"yoast-schema-graph\">{\"@context\":\"https:\\\/\\\/schema.org\",\"@graph\":[{\"@type\":\"Article\",\"@id\":\"https:\\\/\\\/www.altominho.tv\\\/site\\\/2026\\\/04\\\/26\\\/caminha-assinala-52-o-aniversario-do-25-de-abril-com-cerimonias-e-cultura\\\/#article\",\"isPartOf\":{\"@id\":\"https:\\\/\\\/www.altominho.tv\\\/site\\\/2026\\\/04\\\/26\\\/caminha-assinala-52-o-aniversario-do-25-de-abril-com-cerimonias-e-cultura\\\/\"},\"author\":{\"name\":\"Cesar Lopes\",\"@id\":\"https:\\\/\\\/www.altominho.tv\\\/site\\\/#\\\/schema\\\/person\\\/c5570e5afb933b8d08c43373326ef1b1\"},\"headline\":\"Caminha assinala 52.\u00ba anivers\u00e1rio do 25 de Abril com cerim\u00f3nias e cultura\",\"datePublished\":\"2026-04-26T10:50:03+00:00\",\"dateModified\":\"2026-04-26T14:50:42+00:00\",\"mainEntityOfPage\":{\"@id\":\"https:\\\/\\\/www.altominho.tv\\\/site\\\/2026\\\/04\\\/26\\\/caminha-assinala-52-o-aniversario-do-25-de-abril-com-cerimonias-e-cultura\\\/\"},\"wordCount\":260,\"image\":{\"@id\":\"https:\\\/\\\/www.altominho.tv\\\/site\\\/2026\\\/04\\\/26\\\/caminha-assinala-52-o-aniversario-do-25-de-abril-com-cerimonias-e-cultura\\\/#primaryimage\"},\"thumbnailUrl\":\"https:\\\/\\\/www.altominho.tv\\\/site\\\/wp-content\\\/uploads\\\/2026\\\/04\\\/25-abril-caminha.png\",\"keywords\":[\"Pol\u00edtica\"],\"articleSection\":[\"Caminha\"],\"inLanguage\":\"pt-PT\",\"copyrightYear\":\"2026\",\"copyrightHolder\":{\"@id\":\"https:\\\/\\\/www.altominho.tv\\\/site\\\/#organization\"}},{\"@type\":\"WebPage\",\"@id\":\"https:\\\/\\\/www.altominho.tv\\\/site\\\/2026\\\/04\\\/26\\\/caminha-assinala-52-o-aniversario-do-25-de-abril-com-cerimonias-e-cultura\\\/\",\"url\":\"https:\\\/\\\/www.altominho.tv\\\/site\\\/2026\\\/04\\\/26\\\/caminha-assinala-52-o-aniversario-do-25-de-abril-com-cerimonias-e-cultura\\\/\",\"name\":\"Caminha assinala 52.\u00ba anivers\u00e1rio do 25 de Abril com cerim\u00f3nias e cultura\",\"isPartOf\":{\"@id\":\"https:\\\/\\\/www.altominho.tv\\\/site\\\/#website\"},\"primaryImageOfPage\":{\"@id\":\"https:\\\/\\\/www.altominho.tv\\\/site\\\/2026\\\/04\\\/26\\\/caminha-assinala-52-o-aniversario-do-25-de-abril-com-cerimonias-e-cultura\\\/#primaryimage\"},\"image\":{\"@id\":\"https:\\\/\\\/www.altominho.tv\\\/site\\\/2026\\\/04\\\/26\\\/caminha-assinala-52-o-aniversario-do-25-de-abril-com-cerimonias-e-cultura\\\/#primaryimage\"},\"thumbnailUrl\":\"https:\\\/\\\/www.altominho.tv\\\/site\\\/wp-content\\\/uploads\\\/2026\\\/04\\\/25-abril-caminha.png\",\"datePublished\":\"2026-04-26T10:50:03+00:00\",\"dateModified\":\"2026-04-26T14:50:42+00:00\",\"author\":{\"@id\":\"https:\\\/\\\/www.altominho.tv\\\/site\\\/#\\\/schema\\\/person\\\/c5570e5afb933b8d08c43373326ef1b1\"},\"description\":\"O concelho de Caminha celebrou ontem o 52.\u00ba anivers\u00e1rio do 25 de Abril com um conjunto de iniciativas institucionais e culturais, realizadas em Vila Praia de \u00c2ncora e\u00a0 Caminha, envolvendo entidades locais e a comunidade.\",\"breadcrumb\":{\"@id\":\"https:\\\/\\\/www.altominho.tv\\\/site\\\/2026\\\/04\\\/26\\\/caminha-assinala-52-o-aniversario-do-25-de-abril-com-cerimonias-e-cultura\\\/#breadcrumb\"},\"inLanguage\":\"pt-PT\",\"potentialAction\":[{\"@type\":\"ReadAction\",\"target\":[\"https:\\\/\\\/www.altominho.tv\\\/site\\\/2026\\\/04\\\/26\\\/caminha-assinala-52-o-aniversario-do-25-de-abril-com-cerimonias-e-cultura\\\/\"]}]},{\"@type\":\"ImageObject\",\"inLanguage\":\"pt-PT\",\"@id\":\"https:\\\/\\\/www.altominho.tv\\\/site\\\/2026\\\/04\\\/26\\\/caminha-assinala-52-o-aniversario-do-25-de-abril-com-cerimonias-e-cultura\\\/#primaryimage\",\"url\":\"https:\\\/\\\/www.altominho.tv\\\/site\\\/wp-content\\\/uploads\\\/2026\\\/04\\\/25-abril-caminha.png\",\"contentUrl\":\"https:\\\/\\\/www.altominho.tv\\\/site\\\/wp-content\\\/uploads\\\/2026\\\/04\\\/25-abril-caminha.png\",\"width\":1200,\"height\":630},{\"@type\":\"BreadcrumbList\",\"@id\":\"https:\\\/\\\/www.altominho.tv\\\/site\\\/2026\\\/04\\\/26\\\/caminha-assinala-52-o-aniversario-do-25-de-abril-com-cerimonias-e-cultura\\\/#breadcrumb\",\"itemListElement\":[{\"@type\":\"ListItem\",\"position\":1,\"name\":\"In\u00edcio\",\"item\":\"https:\\\/\\\/www.altominho.tv\\\/site\\\/\"},{\"@type\":\"ListItem\",\"position\":2,\"name\":\"Caminha assinala 52.\u00ba anivers\u00e1rio do 25 de Abril com cerim\u00f3nias e cultura\"}]},{\"@type\":\"WebSite\",\"@id\":\"https:\\\/\\\/www.altominho.tv\\\/site\\\/#website\",\"url\":\"https:\\\/\\\/www.altominho.tv\\\/site\\\/\",\"name\":\"Altominho.tv\",\"description\":\"A sua regi\u00e3o \u00e0 dist\u00e2ncia de um clique...\",\"potentialAction\":[{\"@type\":\"SearchAction\",\"target\":{\"@type\":\"EntryPoint\",\"urlTemplate\":\"https:\\\/\\\/www.altominho.tv\\\/site\\\/?s={search_term_string}\"},\"query-input\":{\"@type\":\"PropertyValueSpecification\",\"valueRequired\":true,\"valueName\":\"search_term_string\"}}],\"inLanguage\":\"pt-PT\"},{\"@type\":\"Person\",\"@id\":\"https:\\\/\\\/www.altominho.tv\\\/site\\\/#\\\/schema\\\/person\\\/c5570e5afb933b8d08c43373326ef1b1\",\"name\":\"Cesar Lopes\",\"image\":{\"@type\":\"ImageObject\",\"inLanguage\":\"pt-PT\",\"@id\":\"https:\\\/\\\/www.altominho.tv\\\/site\\\/wp-content\\\/uploads\\\/2022\\\/10\\\/Sem-Titulo-150x150.jpg\",\"url\":\"https:\\\/\\\/www.altominho.tv\\\/site\\\/wp-content\\\/uploads\\\/2022\\\/10\\\/Sem-Titulo-150x150.jpg\",\"contentUrl\":\"https:\\\/\\\/www.altominho.tv\\\/site\\\/wp-content\\\/uploads\\\/2022\\\/10\\\/Sem-Titulo-150x150.jpg\",\"caption\":\"Cesar Lopes\"},\"url\":\"https:\\\/\\\/www.altominho.tv\\\/site\\\/author\\\/cesarlopes\\\/\"}]}<\/script>\n<!-- \/ Yoast SEO Premium plugin. -->","yoast_head_json":{"title":"Caminha assinala 52.\u00ba anivers\u00e1rio do 25 de Abril com cerim\u00f3nias e cultura","description":"O concelho de Caminha celebrou ontem o 52.\u00ba anivers\u00e1rio do 25 de Abril com um conjunto de iniciativas institucionais e culturais, realizadas em Vila Praia de \u00c2ncora e\u00a0 Caminha, envolvendo entidades locais e a comunidade.","robots":{"index":"index","follow":"follow","max-snippet":"max-snippet:-1","max-image-preview":"max-image-preview:large","max-video-preview":"max-video-preview:-1"},"canonical":"https:\/\/www.altominho.tv\/site\/2026\/04\/26\/caminha-assinala-52-o-aniversario-do-25-de-abril-com-cerimonias-e-cultura\/","og_locale":"pt_PT","og_type":"article","og_title":"Caminha assinala 52.\u00ba anivers\u00e1rio do 25 de Abril com cerim\u00f3nias e cultura","og_description":"O concelho de Caminha celebrou ontem o 52.\u00ba anivers\u00e1rio do 25 de Abril com um conjunto de iniciativas institucionais e culturais, realizadas em Vila Praia de \u00c2ncora e\u00a0 Caminha, envolvendo entidades locais e a comunidade.","og_url":"https:\/\/www.altominho.tv\/site\/2026\/04\/26\/caminha-assinala-52-o-aniversario-do-25-de-abril-com-cerimonias-e-cultura\/","og_site_name":"Altominho.tv","article_publisher":"https:\/\/www.facebook.com\/altominhotv","article_published_time":"2026-04-26T10:50:03+00:00","article_modified_time":"2026-04-26T14:50:42+00:00","og_image":[{"width":1200,"height":630,"url":"https:\/\/www.altominho.tv\/site\/wp-content\/uploads\/2026\/04\/25-abril-caminha.png","type":"image\/png"}],"author":"Cesar Lopes","twitter_card":"summary_large_image","twitter_creator":"@altominhoTV","twitter_site":"@altominhoTV","twitter_misc":{"Escrito por":"Cesar Lopes","Tempo estimado de leitura":"2 minutos"},"schema":{"@context":"https:\/\/schema.org","@graph":[{"@type":"Article","@id":"https:\/\/www.altominho.tv\/site\/2026\/04\/26\/caminha-assinala-52-o-aniversario-do-25-de-abril-com-cerimonias-e-cultura\/#article","isPartOf":{"@id":"https:\/\/www.altominho.tv\/site\/2026\/04\/26\/caminha-assinala-52-o-aniversario-do-25-de-abril-com-cerimonias-e-cultura\/"},"author":{"name":"Cesar Lopes","@id":"https:\/\/www.altominho.tv\/site\/#\/schema\/person\/c5570e5afb933b8d08c43373326ef1b1"},"headline":"Caminha assinala 52.\u00ba anivers\u00e1rio do 25 de Abril com cerim\u00f3nias e cultura","datePublished":"2026-04-26T10:50:03+00:00","dateModified":"2026-04-26T14:50:42+00:00","mainEntityOfPage":{"@id":"https:\/\/www.altominho.tv\/site\/2026\/04\/26\/caminha-assinala-52-o-aniversario-do-25-de-abril-com-cerimonias-e-cultura\/"},"wordCount":260,"image":{"@id":"https:\/\/www.altominho.tv\/site\/2026\/04\/26\/caminha-assinala-52-o-aniversario-do-25-de-abril-com-cerimonias-e-cultura\/#primaryimage"},"thumbnailUrl":"https:\/\/www.altominho.tv\/site\/wp-content\/uploads\/2026\/04\/25-abril-caminha.png","keywords":["Pol\u00edtica"],"articleSection":["Caminha"],"inLanguage":"pt-PT","copyrightYear":"2026","copyrightHolder":{"@id":"https:\/\/www.altominho.tv\/site\/#organization"}},{"@type":"WebPage","@id":"https:\/\/www.altominho.tv\/site\/2026\/04\/26\/caminha-assinala-52-o-aniversario-do-25-de-abril-com-cerimonias-e-cultura\/","url":"https:\/\/www.altominho.tv\/site\/2026\/04\/26\/caminha-assinala-52-o-aniversario-do-25-de-abril-com-cerimonias-e-cultura\/","name":"Caminha assinala 52.\u00ba anivers\u00e1rio do 25 de Abril com cerim\u00f3nias e cultura","isPartOf":{"@id":"https:\/\/www.altominho.tv\/site\/#website"},"primaryImageOfPage":{"@id":"https:\/\/www.altominho.tv\/site\/2026\/04\/26\/caminha-assinala-52-o-aniversario-do-25-de-abril-com-cerimonias-e-cultura\/#primaryimage"},"image":{"@id":"https:\/\/www.altominho.tv\/site\/2026\/04\/26\/caminha-assinala-52-o-aniversario-do-25-de-abril-com-cerimonias-e-cultura\/#primaryimage"},"thumbnailUrl":"https:\/\/www.altominho.tv\/site\/wp-content\/uploads\/2026\/04\/25-abril-caminha.png","datePublished":"2026-04-26T10:50:03+00:00","dateModified":"2026-04-26T14:50:42+00:00","author":{"@id":"https:\/\/www.altominho.tv\/site\/#\/schema\/person\/c5570e5afb933b8d08c43373326ef1b1"},"description":"O concelho de Caminha celebrou ontem o 52.\u00ba anivers\u00e1rio do 25 de Abril com um conjunto de iniciativas institucionais e culturais, realizadas em Vila Praia de \u00c2ncora e\u00a0 Caminha, envolvendo entidades locais e a comunidade.","breadcrumb":{"@id":"https:\/\/www.altominho.tv\/site\/2026\/04\/26\/caminha-assinala-52-o-aniversario-do-25-de-abril-com-cerimonias-e-cultura\/#breadcrumb"},"inLanguage":"pt-PT","potentialAction":[{"@type":"ReadAction","target":["https:\/\/www.altominho.tv\/site\/2026\/04\/26\/caminha-assinala-52-o-aniversario-do-25-de-abril-com-cerimonias-e-cultura\/"]}]},{"@type":"ImageObject","inLanguage":"pt-PT","@id":"https:\/\/www.altominho.tv\/site\/2026\/04\/26\/caminha-assinala-52-o-aniversario-do-25-de-abril-com-cerimonias-e-cultura\/#primaryimage","url":"https:\/\/www.altominho.tv\/site\/wp-content\/uploads\/2026\/04\/25-abril-caminha.png","contentUrl":"https:\/\/www.altominho.tv\/site\/wp-content\/uploads\/2026\/04\/25-abril-caminha.png","width":1200,"height":630},{"@type":"BreadcrumbList","@id":"https:\/\/www.altominho.tv\/site\/2026\/04\/26\/caminha-assinala-52-o-aniversario-do-25-de-abril-com-cerimonias-e-cultura\/#breadcrumb","itemListElement":[{"@type":"ListItem","position":1,"name":"In\u00edcio","item":"https:\/\/www.altominho.tv\/site\/"},{"@type":"ListItem","position":2,"name":"Caminha assinala 52.\u00ba anivers\u00e1rio do 25 de Abril com cerim\u00f3nias e cultura"}]},{"@type":"WebSite","@id":"https:\/\/www.altominho.tv\/site\/#website","url":"https:\/\/www.altominho.tv\/site\/","name":"Altominho.tv","description":"A sua regi\u00e3o \u00e0 dist\u00e2ncia de um clique...","potentialAction":[{"@type":"SearchAction","target":{"@type":"EntryPoint","urlTemplate":"https:\/\/www.altominho.tv\/site\/?s={search_term_string}"},"query-input":{"@type":"PropertyValueSpecification","valueRequired":true,"valueName":"search_term_string"}}],"inLanguage":"pt-PT"},{"@type":"Person","@id":"https:\/\/www.altominho.tv\/site\/#\/schema\/person\/c5570e5afb933b8d08c43373326ef1b1","name":"Cesar Lopes","image":{"@type":"ImageObject","inLanguage":"pt-PT","@id":"https:\/\/www.altominho.tv\/site\/wp-content\/uploads\/2022\/10\/Sem-Titulo-150x150.jpg","url":"https:\/\/www.altominho.tv\/site\/wp-content\/uploads\/2022\/10\/Sem-Titulo-150x150.jpg","contentUrl":"https:\/\/www.altominho.tv\/site\/wp-content\/uploads\/2022\/10\/Sem-Titulo-150x150.jpg","caption":"Cesar Lopes"},"url":"https:\/\/www.altominho.tv\/site\/author\/cesarlopes\/"}]}},"_links":{"self":[{"href":"https:\/\/www.altominho.tv\/site\/wp-json\/wp\/v2\/posts\/131648","targetHints":{"allow":["GET"]}}],"collection":[{"href":"https:\/\/www.altominho.tv\/site\/wp-json\/wp\/v2\/posts"}],"about":[{"href":"https:\/\/www.altominho.tv\/site\/wp-json\/wp\/v2\/types\/post"}],"author":[{"embeddable":true,"href":"https:\/\/www.altominho.tv\/site\/wp-json\/wp\/v2\/users\/24"}],"replies":[{"embeddable":true,"href":"https:\/\/www.altominho.tv\/site\/wp-json\/wp\/v2\/comments?post=131648"}],"version-history":[{"count":2,"href":"https:\/\/www.altominho.tv\/site\/wp-json\/wp\/v2\/posts\/131648\/revisions"}],"predecessor-version":[{"id":131653,"href":"https:\/\/www.altominho.tv\/site\/wp-json\/wp\/v2\/posts\/131648\/revisions\/131653"}],"wp:featuredmedia":[{"embeddable":true,"href":"https:\/\/www.altominho.tv\/site\/wp-json\/wp\/v2\/media\/131649"}],"wp:attachment":[{"href":"https:\/\/www.altominho.tv\/site\/wp-json\/wp\/v2\/media?parent=131648"}],"wp:term":[{"taxonomy":"category","embeddable":true,"href":"https:\/\/www.altominho.tv\/site\/wp-json\/wp\/v2\/categories?post=131648"},{"taxonomy":"post_tag","embeddable":true,"href":"https:\/\/www.altominho.tv\/site\/wp-json\/wp\/v2\/tags?post=131648"}],"curies":[{"name":"wp","href":"https:\/\/api.w.org\/{rel}","templated":true}]}}